{"id":10310,"date":"2011-02-26T12:09:54","date_gmt":"2011-02-26T09:09:54","guid":{"rendered":"http:\/\/www.waynakh.com\/tr\/?p=10310"},"modified":"2011-02-26T16:02:59","modified_gmt":"2011-02-26T13:02:59","slug":"fin-insan-haklari-savunucusu-aleyhindeki-yargilama-basladi","status":"publish","type":"post","link":"https:\/\/www.waynakh.com\/tr\/2011\/02\/fin-insan-haklari-savunucusu-aleyhindeki-yargilama-basladi\/","title":{"rendered":"Fin \u0130nsan Haklar\u0131 Savunucusu Aleyhindeki Yarg\u0131lama Ba\u015flad\u0131"},"content":{"rendered":"<p style=\"text-align: justify;\">\u00c7ok say\u0131da \u00c7e\u00e7en s\u0131\u011f\u0131nmac\u0131ya yard\u0131m eden ve bir k\u0131sm\u0131n\u0131n Finlandiya&#8217;ya gitmesini sa\u011flayan tan\u0131nm\u0131\u015f Fin insan haklar\u0131 savunucusu ve IT giri\u015fimcisi Mikael Storsj\u00f6 faaliyetlerinden \u00f6t\u00fcr\u00fc hapis cezas\u0131 alma tehlikesi alt\u0131nda.<!--more--><\/p>\n<p style=\"text-align: justify;\">Finlandiya medyas\u0131nda yer alan haberlere g\u00f6re, Mikael Storsj\u00f6 ve T\u00fcrk vatanda\u015f\u0131 Denis Berkat (Abdulhamid Mechiyev) aleyhinde a\u00e7\u0131lan bir davan\u0131n yarg\u0131lamas\u0131na Vantaa B\u00f6lge Mahkemesi&#8217;nde 24 \u015eubat g\u00fcn\u00fc ba\u015flan\u0131ld\u0131. Mikael Storsj\u00f6&#8217;n\u00fcn ana dili \u0130sve\u00e7ce oldu\u011fu i\u00e7in yarg\u0131lama Finlandiya\u2019n\u0131n ikinci resmi dili olan \u0130sve\u00e7ce\u2019de yap\u0131ld\u0131. Fin Savc\u0131 Mikko Sipil\u00e4, \u00c7e\u00e7en s\u0131\u011f\u0131nmac\u0131lar\u0131n \u00fc\u00e7 kez \u00fclkeye yasad\u0131\u015f\u0131 giri\u015flerini ayarlamakla itham etti\u011fi savunma taraf\u0131n\u0131n a\u011f\u0131rla\u015ft\u0131r\u0131lm\u0131\u015f hapis cezas\u0131na \u00e7arpt\u0131r\u0131lmas\u0131n\u0131 istedi. \u0130ddianameye g\u00f6re, Mikael Storsj\u00f6, 9&#8217;u re\u015fit olmayan toplamda 22 \u00c7e\u00e7en s\u0131\u011f\u0131nmac\u0131n\u0131n \u0130stanbul&#8217;dan Finlandiya&#8217;ya getirdi ya da getirme giri\u015fiminde bulundu. Bu \u00c7e\u00e7enlerin ge\u00e7erli seyahat belgeleri yoktu. Savc\u0131 ayr\u0131ca T\u00fcrkiye&#8217;de ve G\u00fcrcistan&#8217;da da baz\u0131 ki\u015filerin bu faaliyetlere kar\u0131\u015ft\u0131\u011f\u0131n\u0131 belirterek organize su\u00e7 \u00e7etesi olabilece\u011fi ihtimali \u00fczerinde durdu.<\/p>\n<p style=\"text-align: justify;\">Lakin ger\u00e7ekte Mikael Storsj\u00f6, bahsi ge\u00e7en \u00c7e\u00e7en s\u0131\u011f\u0131nmac\u0131lar\u0131n Helsinki aktarmal\u0131 \u0130stanbul-St Petersburg u\u00e7ak biletlerini insani kayg\u0131larla kendi cebinden \u00f6deyerek sat\u0131n ald\u0131. Nitekim Finlandiya&#8217;ya gelen \u00c7e\u00e7en s\u0131\u011f\u0131nmac\u0131lar\u0131n tamam\u0131 daha sonraki s\u00fcre\u00e7te burada siyasi m\u00fcltecilik hakk\u0131 elde etti.<\/p>\n<p style=\"text-align: justify;\">Duru\u015fma s\u0131ras\u0131nda, Mikael Storsj\u00f6 a\u00e7\u0131k ve net bir \u015fekilde tamamen insani nedenlerle hareket etti\u011fini, bu hareketlerinden \u00f6t\u00fcr\u00fc herhangi bir maddi kazanc\u0131 olmad\u0131\u011f\u0131n\u0131; herhangi bir su\u00e7 grubu ile ba\u011flant\u0131s\u0131 olmad\u0131\u011f\u0131n\u0131, tek ba\u011flant\u0131s\u0131n\u0131n Uluslararas\u0131 Af \u00d6rg\u00fct\u00fc oldu\u011funu ve onlar\u0131n da bir su\u00e7 grubu olmad\u0131\u011f\u0131n\u0131 ifade etti. Savc\u0131n\u0131n, Storsj\u00f6\u2019n\u00fcn bu faaliyetleri ile maddi kazan\u00e7 elde etti\u011fi y\u00f6n\u00fcndeki iddialar\u0131na kar\u015f\u0131l\u0131k olarak ise bir insan haklar\u0131 savunucusu olarak manevi huzur oldu\u011funu, manevi tazminat olarak ta \u015fimdi \u00f6l\u00fcm tehditleri ald\u0131\u011f\u0131n\u0131 vurgulad\u0131. Mikael Storsj\u00f6, &#8220;Bu insanlara yard\u0131m etmeye karar verdim ve bunu yaparken de kendimi riske att\u0131m&#8221; dedi.<\/p>\n<p style=\"text-align: justify;\">Mikael Storsj\u00f6, mahkemeye verdi\u011fi dilek\u00e7esinde savunmas\u0131n\u0131n bir par\u00e7as\u0131 olarak aralar\u0131nda Avrupa Parlamentosu \u0130nsan Haklar\u0131 Komisyonu Ba\u015fkan Yard\u0131mc\u0131s\u0131 Heidi Hautala&#8217;n\u0131n da yer ald\u0131\u011f\u0131 \u00e7ok say\u0131da \u015fahidin dinlenmesini talep etti. Yarg\u0131lamaya ili\u015fkin ikinci duru\u015fma 15 Nisan g\u00fcn\u00fc saat 9.00&#8217;da yap\u0131lacak.<\/p>\n<p style=\"text-align: justify;\">Bu arada, insan haklar\u0131 savunucusu Mikael Storsj\u00f6 duru\u015fman\u0131n ard\u0131ndan, gazetecilere verdi\u011fi deme\u00e7te yarg\u0131laman\u0131n ilk duru\u015fmas\u0131ndan memnun ayr\u0131ld\u0131\u011f\u0131n\u0131, dosyas\u0131n\u0131n son derece a\u00e7\u0131k oldu\u011funu ve yarg\u0131laman\u0131n g\u00fczel bir neticeyle sonlanaca\u011f\u0131n\u0131 \u00fcmit etti\u011fini ifade etti.<\/p>\n<p style=\"text-align: justify;\">\u00d6te yandan, FSB ajan\u0131 Fin Papaz Juha Molari\u2019de duru\u015fmay\u0131 izleyenler aras\u0131nda yer ald\u0131. Ancak, Molari&#8217;nin garip bir \u015fekilde a\u00e7\u0131kca duru\u015fmaya kat\u0131lanlar\u0131 foto\u011fraflad\u0131\u011f\u0131 ve video kayd\u0131 yapt\u0131\u011f\u0131 g\u00f6r\u00fcld\u00fc.<\/p>\n<p style=\"text-align: justify;\">Duru\u015fmadan bir \u00f6nce ise, Fin gazetesi <a href=\"http:\/\/www.verkkouutiset.fi\/index.php?option=com_content&amp;view=article&amp;id=49385:kaeraejaeoikeus-pohtii-oliko-tshetsheenien-maahantuonti-laillista&amp;catid=29:kotimaa&amp;Itemid=31\" target=\"_blank\">Verkkouutiset<\/a>, Mikael Storsj\u00f6 ile yapt\u0131\u011f\u0131 bir r\u00f6portaj\u0131 yay\u0131nlad\u0131.<\/p>\n<p style=\"text-align: justify;\">Gazetenin sorular\u0131n\u0131 yan\u0131tlayan Storsj\u00f6, &#8220;Fin h\u00fck\u00fcmetinin m\u00fclteciler konusunda uluslararas\u0131 s\u00f6zle\u015fmelerden do\u011fan sorumluluklar\u0131n\u0131 yerine getirmesine yard\u0131m etmekten ba\u015fka bir \u015fey yapmad\u0131\u011f\u0131m\u0131 d\u00fc\u015f\u00fcn\u00fcyorum. Dahas\u0131, yerel sakinlerden bir dan\u0131\u015fman\u0131n yard\u0131m etmesi halinde siyasi s\u0131\u011f\u0131nmac\u0131lar\u0131n \u00fclkeye adaptasyonlar\u0131 daha kolay olacakt\u0131r&#8221; dedi. Gazete de Fin hukukunun, tehlikede olmalar\u0131 halinde, herhangi bir \u00e7\u0131kar elde etmeden m\u00fcltecilere yard\u0131m etmenin bir su\u00e7 olmad\u0131\u011f\u0131n\u0131 vurgulad\u0131.<\/p>\n<p style=\"text-align: justify;\">Gazete Mikael Storsj\u00f6\u2019ye kinayeli bir soru y\u00f6nelterek, &#8220;\u00c7e\u00e7enlere yard\u0131m etme hobisi nedeniyle \u015fimdiye kadar 10.000-15.000 Euro harcad\u0131\u011f\u0131na dikkat \u00e7ekti&#8221;.<\/p>\n<p style=\"text-align: justify;\">Ancak Strosj\u00f6\u2019n\u00fcn verdi\u011fi yan\u0131t bir ders niteli\u011findeydi, &#8220;Evet, ama baz\u0131 insanlar golf hobileri i\u00e7in bundan \u00e7ok daha fazlas\u0131n\u0131 harc\u0131yor.&#8221;<\/p>\n","protected":false},"excerpt":{"rendered":"<p>\u00c7ok say\u0131da \u00c7e\u00e7en s\u0131\u011f\u0131nmac\u0131ya yard\u0131m eden ve bir k\u0131sm\u0131n\u0131n Finlandiya&#8217;ya gitmesini sa\u011flayan tan\u0131nm\u0131\u015f Fin insan haklar\u0131 savunucusu ve IT giri\u015fimcisi Mikael Storsj\u00f6 faaliyetlerinden \u00f6t\u00fcr\u00fc hapis cezas\u0131 alma tehlikesi alt\u0131nda.<\/p>\n","protected":false},"author":3,"featured_media":0,"comment_status":"open","ping_status":"open","sticky":false,"template":"","format":"standard","meta":{"ngg_post_thumbnail":0,"footnotes":""},"categories":[1],"tags":[2320,712,2319],"views":4108,"_links":{"self":[{"href":"https:\/\/www.waynakh.com\/tr\/wp-json\/wp\/v2\/posts\/10310"}],"collection":[{"href":"https:\/\/www.waynakh.com\/tr\/wp-json\/wp\/v2\/posts"}],"about":[{"href":"https:\/\/www.waynakh.com\/tr\/wp-json\/wp\/v2\/types\/post"}],"author":[{"embeddable":true,"href":"https:\/\/www.waynakh.com\/tr\/wp-json\/wp\/v2\/users\/3"}],"replies":[{"embeddable":true,"href":"https:\/\/www.waynakh.com\/tr\/wp-json\/wp\/v2\/comments?post=10310"}],"version-history":[{"count":4,"href":"https:\/\/www.waynakh.com\/tr\/wp-json\/wp\/v2\/posts\/10310\/revisions"}],"predecessor-version":[{"id":10314,"href":"https:\/\/www.waynakh.com\/tr\/wp-json\/wp\/v2\/posts\/10310\/revisions\/10314"}],"wp:attachment":[{"href":"https:\/\/www.waynakh.com\/tr\/wp-json\/wp\/v2\/media?parent=10310"}],"wp:term":[{"taxonomy":"category","embeddable":true,"href":"https:\/\/www.waynakh.com\/tr\/wp-json\/wp\/v2\/categories?post=10310"},{"taxonomy":"post_tag","embeddable":true,"href":"https:\/\/www.waynakh.com\/tr\/wp-json\/wp\/v2\/tags?post=10310"}],"curies":[{"name":"wp","href":"https:\/\/api.w.org\/{rel}","templated":true}]}}