{"id":10676,"date":"2011-03-20T11:42:14","date_gmt":"2011-03-20T08:42:14","guid":{"rendered":"http:\/\/www.waynakh.com\/tr\/?p=10676"},"modified":"2011-03-20T11:42:14","modified_gmt":"2011-03-20T08:42:14","slug":"vainakh-kulturunun-gurcistandaki-koruyuculari","status":"publish","type":"post","link":"https:\/\/www.waynakh.com\/tr\/2011\/03\/vainakh-kulturunun-gurcistandaki-koruyuculari\/","title":{"rendered":"Vainakh K\u00fclt\u00fcr\u00fc&#8217;n\u00fcn G\u00fcrcistan&#8217;daki Koruyucular\u0131"},"content":{"rendered":"<p style=\"text-align: justify;\">Rus\u00e7a yay\u0131n yapan G\u00fcrc\u00fc uydu kanal\u0131 <a href=\"http:\/\/pik.tv\/ru\/news\/story\/sintez-vaynaxskoy-i-gruzinskoy-kultur\" target=\"_blank\">&#8220;PIK Tv&#8221;<\/a>, G\u00fcrcistan\u2019\u0131n Pankisi Vadisi\u2019nde ya\u015fayan \u00c7e\u00e7en m\u00fczik grubu &#8220;Daymoxk&#8221; hakk\u0131nda bir haber yay\u0131nlad\u0131.<!--more--><\/p>\n<p style=\"text-align: justify;\">Habere g\u00f6re grup Vainakhlar\u0131n dini ayinlerini G\u00fcrc\u00fcceye \u00e7evirmeleri sayesinde \u00fcnlerini kazand\u0131. \u00c7e\u00e7ence dinsel rit\u00fcellerin G\u00fcrc\u00fcceye yap\u0131lan \u00e7evirisi tek olma \u00f6zelli\u011fini ta\u015f\u0131yor.<\/p>\n<p style=\"text-align: justify;\">&#8220;Anavatan&#8221; anlam\u0131na gelen &#8220;Daymoxk&#8221; grubu Pankisi Vadisi&#8217;nde \u00c7e\u00e7en halk\u0131n\u0131n geleneksel zikirlerini G\u00fcrc\u00fcce ve \u00c7e\u00e7ence icra ediyor. \u0130kinci Rus-\u00c7e\u00e7en Sava\u015f\u0131&#8217;n\u0131n ba\u015flamas\u0131nda \u00f6nce \u00c7e\u00e7en Cumhuriyeti \u0130\u00e7kerya Devlet Ba\u015fkan\u0131 Aslan Maskhadov&#8217;da onlar\u0131 dinlemeye gelmi\u015f ve performanslar\u0131ndan olduk\u00e7a ho\u015flanm\u0131\u015f. Grup \u00fcyeleri bu \u00f6nemli ziyareti hala hat\u0131rlad\u0131klar\u0131n\u0131 ifade ediyorlar.<\/p>\n<p style=\"text-align: justify;\">M\u00fczik grubu 1995 y\u0131l\u0131nda yani Birinci Rus-\u00c7e\u00e7en Sava\u015f\u0131&#8217;n\u0131n ortalar\u0131nda kurularak bir anlamda destek hareketi haline gelmi\u015f. &#8220;Daymoxk&#8221; grubu uluslararas\u0131 arenada da tan\u0131n\u0131yor, bug\u00fcne kadar \u00e7ok say\u0131da yar\u0131\u015fmaya ve k\u00fclt\u00fcr festivaline kat\u0131lm\u0131\u015flar. Grubun faaliyetlerinin bir b\u00f6l\u00fcm\u00fc bug\u00fcnlerde Avrupa K\u00fclt\u00fcr Vakf\u0131 taraf\u0131ndan finanse ediliyor.<\/p>\n<p style=\"text-align: justify;\">Kist \u00c7e\u00e7enlerinden olan Makvala Margoshvili, grubun kurucusu ve lideri. Margoshvili kendisini &#8220;Nakh&#8221; k\u00fclt\u00fcr\u00fcn\u00fcn koruyucusu olarak tan\u0131ml\u0131yor.<\/p>\n<p style=\"text-align: justify;\">Makvala Margoshvili, &#8220;\u0130lerde \u00d6zg\u00fcr Kafkasya i\u00e7in geleneksel hale getirilmi\u015f bir festival organize etmeyi arzuluyorum. G\u00fcrcistan\u2019\u0131n d\u00f6rt bir yan\u0131ndan ve e\u011fer m\u00fcmk\u00fcn olursa Kuzey Kafkasya cumhuriyetlerinden gen\u00e7lik dans gruplar\u0131n\u0131 davet edece\u011fiz. Festivali &#8216;Bar\u0131\u015f \u0130stiyoruz!&#8217; slogan\u0131 alt\u0131nda ger\u00e7ekle\u015ftirece\u011fiz. Ancak \u015fu an i\u00e7in bunlar\u0131n hepsi birer plan ve umuyoruz ki bu plan\u0131 ger\u00e7ekle\u015ftirebiliriz&#8221; diyor.<\/p>\n<p style=\"text-align: justify;\">Bir fondan yararland\u0131klar\u0131n\u0131, t\u00fcm deste\u011fine ra\u011fmen bu fonun yeterli olmad\u0131\u011f\u0131ndan \u015fikayet ediyor grubun lideri. \u015eark\u0131c\u0131lar\u0131n ve dans\u00e7\u0131lar\u0131n \u00e7al\u0131\u015fmalar\u0131 i\u00e7in herhangi bir \u00fccret \u00f6denmiyor, bu nedenle de gruplar\u0131na yeni ki\u015filerin kat\u0131lmas\u0131 son derece g\u00fc\u00e7 oluyor. Grubun \u00fcye say\u0131s\u0131 da her ge\u00e7en g\u00fcn azal\u0131yor. Grup birka\u00e7 y\u0131l \u00f6nce 30&#8217;un \u00fczerinde sanat\u00e7\u0131ya sahipken bug\u00fcn ancak 16 ki\u015fiden olu\u015fuyor.<\/p>\n<p style=\"text-align: justify;\"><strong>Haberin video g\u00f6r\u00fcnt\u00fcleri:<\/strong><\/p>\n<p><object width=\"640\" height=\"390\"><param name=\"movie\" value=\"http:\/\/www.youtube.com\/v\/rm9lZNF0yuo?fs=1&amp;hl=en_US&amp;rel=0\" \/><param name=\"allowFullScreen\" value=\"true\" \/><param name=\"allowscriptaccess\" value=\"always\" \/><embed type=\"application\/x-shockwave-flash\" width=\"460\" height=\"290\" src=\"http:\/\/www.youtube.com\/v\/rm9lZNF0yuo?fs=1&amp;hl=en_US&amp;rel=0\" allowscriptaccess=\"always\" allowfullscreen=\"true\"><\/embed><\/object><\/p>\n","protected":false},"excerpt":{"rendered":"<p>Rus\u00e7a yay\u0131n yapan G\u00fcrc\u00fc uydu kanal\u0131 &#8220;PIK Tv&#8221;, G\u00fcrcistan\u2019\u0131n Pankisi Vadisi\u2019nde ya\u015fayan \u00c7e\u00e7en m\u00fczik grubu &#8220;Daymoxk&#8221; hakk\u0131nda bir haber yay\u0131nlad\u0131.<\/p>\n","protected":false},"author":3,"featured_media":0,"comment_status":"open","ping_status":"open","sticky":false,"template":"","format":"standard","meta":{"ngg_post_thumbnail":0,"footnotes":""},"categories":[1],"tags":[606,2368,330,2214],"views":4524,"_links":{"self":[{"href":"https:\/\/www.waynakh.com\/tr\/wp-json\/wp\/v2\/posts\/10676"}],"collection":[{"href":"https:\/\/www.waynakh.com\/tr\/wp-json\/wp\/v2\/posts"}],"about":[{"href":"https:\/\/www.waynakh.com\/tr\/wp-json\/wp\/v2\/types\/post"}],"author":[{"embeddable":true,"href":"https:\/\/www.waynakh.com\/tr\/wp-json\/wp\/v2\/users\/3"}],"replies":[{"embeddable":true,"href":"https:\/\/www.waynakh.com\/tr\/wp-json\/wp\/v2\/comments?post=10676"}],"version-history":[{"count":4,"href":"https:\/\/www.waynakh.com\/tr\/wp-json\/wp\/v2\/posts\/10676\/revisions"}],"predecessor-version":[{"id":10681,"href":"https:\/\/www.waynakh.com\/tr\/wp-json\/wp\/v2\/posts\/10676\/revisions\/10681"}],"wp:attachment":[{"href":"https:\/\/www.waynakh.com\/tr\/wp-json\/wp\/v2\/media?parent=10676"}],"wp:term":[{"taxonomy":"category","embeddable":true,"href":"https:\/\/www.waynakh.com\/tr\/wp-json\/wp\/v2\/categories?post=10676"},{"taxonomy":"post_tag","embeddable":true,"href":"https:\/\/www.waynakh.com\/tr\/wp-json\/wp\/v2\/tags?post=10676"}],"curies":[{"name":"wp","href":"https:\/\/api.w.org\/{rel}","templated":true}]}}