{"id":10990,"date":"2011-04-29T11:47:57","date_gmt":"2011-04-29T08:47:57","guid":{"rendered":"http:\/\/www.waynakh.com\/tr\/?p=10990"},"modified":"2011-04-29T11:47:57","modified_gmt":"2011-04-29T08:47:57","slug":"hak-savunucusu-sinirdisi-tehdidi-altinda","status":"publish","type":"post","link":"https:\/\/www.waynakh.com\/tr\/2011\/04\/hak-savunucusu-sinirdisi-tehdidi-altinda\/","title":{"rendered":"Hak Savunucusu S\u0131n\u0131rd\u0131\u015f\u0131 Tehdidi Alt\u0131nda"},"content":{"rendered":"<p style=\"text-align: justify;\"><a href=\"http:\/\/www.ekhokavkaza.com\/content\/article\/16795934.html\" target=\"_blank\">Radyo Ekhokavkaza<\/a>, &#8220;Neslimizi Kurtaral\u0131m&#8221; isimli \u00c7e\u00e7en sivil toplum organizasyonunun eski koordinat\u00f6r\u00fc Solyakh \u0130sayev&#8217;in Norve\u00e7&#8217;te tutuklanarak s\u0131n\u0131rd\u0131\u015f\u0131 hapishanesine konuldu\u011funu duyurdu.<!--more--><\/p>\n<p style=\"text-align: justify;\">Radyoda yer alan habere g\u00f6re, Solyakh \u0130sayev, 2003 y\u0131l\u0131ndan itibaren &#8220;May\u0131n G\u00fcvenli\u011fi&#8221; organizasyonunda bir e\u011fitmen olarak \u00e7al\u0131\u015ft\u0131 ve ard\u0131ndan da 2001 y\u0131l\u0131nda Zarema Sadulayeva taraf\u0131ndan kurulan &#8220;Neslimizi Koruyal\u0131m (Spasem Pokolonie)&#8221; adl\u0131 organizasyonun &#8220;Kuzey Kafkasya&#8217;daki Engelli Gen\u00e7ler&#8221; projesinde koordinat\u00f6r olarak yer ald\u0131. Organizasyonun bir \u00e7al\u0131\u015fan\u0131 olarak \u00c7e\u00e7enya&#8217;n\u0131n pek \u00e7ok yerinde ve \u0130ngu\u015fetya&#8217;daki m\u00fclteci kamplar\u0131nda \u00e7al\u0131\u015ft\u0131. Projeleri D\u00fcnya Sa\u011fl\u0131k \u00d6rg\u00fct\u00fc (WHO) ve Birle\u015fmi\u015f Milletler \u00c7ocuk Fonu (UNHCR) taraf\u0131ndan da desteklendi. Ancak organizasyon 2000&#8217;li y\u0131llar\u0131n sonlar\u0131na do\u011fru baz\u0131 problemlerle kar\u015f\u0131la\u015fmaya ba\u015flad\u0131. Solyakh \u0130sayev 2007 y\u0131l\u0131nda Fransa&#8217;n\u0131n Lyon kentinde d\u00fczenlenen &#8220;Gen\u00e7lik i\u00e7in Demokrasi&#8221; isimli konferansa kat\u0131ld\u0131 ve Rus i\u015fgali alt\u0131nda bulunan \u00c7e\u00e7en Cumhuriyeti \u0130\u00e7kerya\u2019daki may\u0131n problemine ili\u015fkin bir raporun sunumunu yapt\u0131. Konferans\u0131n ard\u0131ndan Rusya&#8217;ya d\u00f6nd\u00fc\u011f\u00fcnde ise havaalan\u0131nda Rus g\u00fcvenlik servisi (FSB) ajanlar\u0131 taraf\u0131ndan tutukland\u0131. D\u00f6rt g\u00fcn boyunca FSB taraf\u0131ndan organizasyonlar\u0131n\u0131n faaliyetleri ve \u00e7al\u0131\u015fanlar\u0131 hakk\u0131nda sorguland\u0131. Aral\u0131k 2008&#8217;de \u00c7e\u00e7enya&#8217;da ka\u00e7\u0131r\u0131ld\u0131 ve d\u00f6v\u00fcld\u00fc. Bu \u015fekilde \u00c7e\u00e7enya&#8217;y\u0131 terk ederek Avrupa&#8217;da s\u0131\u011f\u0131nma aramaya zorland\u0131. Ayr\u0131ca, A\u011fustos 2010&#8217;da da g\u00f6rev ald\u0131\u011f\u0131 organizasyonun kurucusu Zarema Sadulayeva ile kocas\u0131n\u0131n ofislerinden ka\u00e7\u0131r\u0131larak gaddarca \u00f6ld\u00fcr\u00fcld\u00fcklerini de hat\u0131rlatmal\u0131y\u0131z.<\/p>\n<p style=\"text-align: justify;\">Solyakh \u0130sayev t\u00fcm hikayesini anlatmas\u0131na ve geri d\u00f6nmesi halinde can g\u00fcvenli\u011finin ciddi bi\u00e7imde tehlikede oldu\u011funu a\u00e7\u0131klamas\u0131na ra\u011fmen, Norve\u00e7 G\u00f6\u00e7 Ofisi (UDI) t\u00fcm bu ger\u00e7ekleri g\u00f6rmezden geldi ve \u0130sayev&#8217;in s\u0131\u011f\u0131nma talebini reddetti. Solyakh \u0130sayev \u015fimdi tutuldu\u011fu s\u0131n\u0131rd\u0131\u015f\u0131 hapishanesinde geri g\u00f6nderilme endi\u015fesi i\u00e7erisinde bekleyi\u015fini s\u00fcrd\u00fcr\u00fcyor.<\/p>\n","protected":false},"excerpt":{"rendered":"<p>Radyo Ekhokavkaza, &#8220;Neslimizi Kurtaral\u0131m&#8221; isimli \u00c7e\u00e7en sivil toplum organizasyonunun eski koordinat\u00f6r\u00fc Solyakh \u0130sayev&#8217;in Norve\u00e7&#8217;te tutuklanarak s\u0131n\u0131rd\u0131\u015f\u0131 hapishanesine konuldu\u011funu duyurdu.<\/p>\n","protected":false},"author":3,"featured_media":0,"comment_status":"open","ping_status":"open","sticky":false,"template":"","format":"standard","meta":{"ngg_post_thumbnail":0,"footnotes":""},"categories":[1],"tags":[2475],"views":3553,"_links":{"self":[{"href":"https:\/\/www.waynakh.com\/tr\/wp-json\/wp\/v2\/posts\/10990"}],"collection":[{"href":"https:\/\/www.waynakh.com\/tr\/wp-json\/wp\/v2\/posts"}],"about":[{"href":"https:\/\/www.waynakh.com\/tr\/wp-json\/wp\/v2\/types\/post"}],"author":[{"embeddable":true,"href":"https:\/\/www.waynakh.com\/tr\/wp-json\/wp\/v2\/users\/3"}],"replies":[{"embeddable":true,"href":"https:\/\/www.waynakh.com\/tr\/wp-json\/wp\/v2\/comments?post=10990"}],"version-history":[{"count":2,"href":"https:\/\/www.waynakh.com\/tr\/wp-json\/wp\/v2\/posts\/10990\/revisions"}],"predecessor-version":[{"id":10993,"href":"https:\/\/www.waynakh.com\/tr\/wp-json\/wp\/v2\/posts\/10990\/revisions\/10993"}],"wp:attachment":[{"href":"https:\/\/www.waynakh.com\/tr\/wp-json\/wp\/v2\/media?parent=10990"}],"wp:term":[{"taxonomy":"category","embeddable":true,"href":"https:\/\/www.waynakh.com\/tr\/wp-json\/wp\/v2\/categories?post=10990"},{"taxonomy":"post_tag","embeddable":true,"href":"https:\/\/www.waynakh.com\/tr\/wp-json\/wp\/v2\/tags?post=10990"}],"curies":[{"name":"wp","href":"https:\/\/api.w.org\/{rel}","templated":true}]}}