{"id":11128,"date":"2011-05-24T11:22:19","date_gmt":"2011-05-24T08:22:19","guid":{"rendered":"http:\/\/www.waynakh.com\/tr\/?p=11128"},"modified":"2011-05-24T11:22:19","modified_gmt":"2011-05-24T08:22:19","slug":"natalya-estemirova-anisina-adanmis-sunum","status":"publish","type":"post","link":"https:\/\/www.waynakh.com\/tr\/2011\/05\/natalya-estemirova-anisina-adanmis-sunum\/","title":{"rendered":"Natalya Estemirova An\u0131s\u0131na Adanm\u0131\u015f Sunum"},"content":{"rendered":"<p style=\"text-align: justify;\">\u0130talyan gazeteci Andrea Riscassi, \u0130talya&#8217;n\u0131n Milan kentinde \u00c7e\u00e7en insan haklar\u0131 savunucusu Natalya Estemirova&#8217;ya adanm\u0131\u015f \u00f6zel bir etkinli\u011fin ger\u00e7ekle\u015ftirildi\u011fini bildirdi.<!--more--><\/p>\n<p style=\"text-align: justify;\">Annaviva isimli \u0130talyan derne\u011fi 20 May\u0131s g\u00fcn\u00fc Milan\u2019daki Halk K\u00fct\u00fcphanesi&#8217;nde (Libreria Popolare) bir sunum organize etti. Etkinlik yerel saat ile 20.45&#8217;te ba\u015flad\u0131. Sunum ise Roma \u00dcniversitesi&#8217;nden Natalya Estemirova cinayetinin medyada ele al\u0131n\u0131\u015f\u0131n\u0131 i\u015fledi\u011fi tez ile mezun olan Fabrizio Ossino taraf\u0131ndan yap\u0131ld\u0131. Multimedya i\u00e7eri\u011finde kullan\u0131ld\u0131\u011f\u0131 &#8220;Natalya Estemirova: \u00d6l\u00fcm\u00fc \u00f6ld\u00fcrd\u00fcm\u2026&#8221; isimli sunumda Fabrizio Ossino cinyaetin genel olarak Rus medyas\u0131nda etkin bir bi\u00e7imde yer almad\u0131\u011f\u0131na de\u011findi. Ossino, \u0130talyan medyas\u0131n\u0131n da Rus medyas\u0131ndaki yetersiz bilgileri kopyalayarak s\u0131n\u0131fta kald\u0131\u011f\u0131n\u0131 ifade ederken, Alman medyas\u0131n\u0131n kesinlikle di\u011fer \u00fclkelerin medyalar\u0131nda daha kapsaml\u0131 ve nitelikli haberlere yer verdi\u011fini anlatt\u0131.<\/p>\n<p style=\"text-align: justify;\">Andrea Riscassi, &#8220;\u0130talya&#8217;da ya\u015fayanlar olarak, politikac\u0131lar\u0131m\u0131za ve meslekta\u015flar\u0131m\u0131za insan haklar\u0131n\u0131n birka\u00e7 milyon k\u00fcp gaz i\u00e7in de\u011fi\u015ftirilemeyece\u011fini hat\u0131rlatmaya devam etmeliyiz&#8221; dedi.<\/p>\n<p style=\"text-align: justify;\">Hat\u0131rlatal\u0131m, Natalya Estemirova 15 Temmuz 2009 tarihinde Grozny&#8217;de evinin \u00f6n\u00fcnden ka\u00e7\u0131r\u0131lm\u0131\u015f ve birka\u00e7 saat sonra da cans\u0131z bedeni kom\u015fu \u0130ngu\u015fetya&#8217;da bulunmu\u015ftu. Ge\u00e7ti\u011fimiz yaz d\u00f6neminde Rus Devlet Ba\u015fkan\u0131 Dmitry Medvedev, \u00c7e\u00e7en hak savunucusunun katillerinin tespit edildi\u011fine ili\u015fkin bir a\u00e7\u0131klama yapm\u0131\u015f ve bu propaganda kokan bilgi de d\u00fcnya medyas\u0131nda geni\u015f yank\u0131 bulmu\u015ftu. Ancak ne yaz\u0131k ki katil ya da katiller hakk\u0131nda herhangi tutuklama ya da yarg\u0131lama ger\u00e7ekle\u015ftirilmi\u015f durumda de\u011fil.<\/p>\n","protected":false},"excerpt":{"rendered":"<p>\u0130talyan gazeteci Andrea Riscassi, \u0130talya&#8217;n\u0131n Milan kentinde \u00c7e\u00e7en insan haklar\u0131 savunucusu Natalya Estemirova&#8217;ya adanm\u0131\u015f \u00f6zel bir etkinli\u011fin ger\u00e7ekle\u015ftirildi\u011fini bildirdi.<\/p>\n","protected":false},"author":3,"featured_media":0,"comment_status":"open","ping_status":"open","sticky":false,"template":"","format":"standard","meta":{"ngg_post_thumbnail":0,"footnotes":""},"categories":[1],"tags":[18,2508,1026],"views":3607,"_links":{"self":[{"href":"https:\/\/www.waynakh.com\/tr\/wp-json\/wp\/v2\/posts\/11128"}],"collection":[{"href":"https:\/\/www.waynakh.com\/tr\/wp-json\/wp\/v2\/posts"}],"about":[{"href":"https:\/\/www.waynakh.com\/tr\/wp-json\/wp\/v2\/types\/post"}],"author":[{"embeddable":true,"href":"https:\/\/www.waynakh.com\/tr\/wp-json\/wp\/v2\/users\/3"}],"replies":[{"embeddable":true,"href":"https:\/\/www.waynakh.com\/tr\/wp-json\/wp\/v2\/comments?post=11128"}],"version-history":[{"count":2,"href":"https:\/\/www.waynakh.com\/tr\/wp-json\/wp\/v2\/posts\/11128\/revisions"}],"predecessor-version":[{"id":11131,"href":"https:\/\/www.waynakh.com\/tr\/wp-json\/wp\/v2\/posts\/11128\/revisions\/11131"}],"wp:attachment":[{"href":"https:\/\/www.waynakh.com\/tr\/wp-json\/wp\/v2\/media?parent=11128"}],"wp:term":[{"taxonomy":"category","embeddable":true,"href":"https:\/\/www.waynakh.com\/tr\/wp-json\/wp\/v2\/categories?post=11128"},{"taxonomy":"post_tag","embeddable":true,"href":"https:\/\/www.waynakh.com\/tr\/wp-json\/wp\/v2\/tags?post=11128"}],"curies":[{"name":"wp","href":"https:\/\/api.w.org\/{rel}","templated":true}]}}