{"id":11398,"date":"2011-07-16T11:32:07","date_gmt":"2011-07-16T08:32:07","guid":{"rendered":"http:\/\/www.waynakh.com\/tr\/?p=11398"},"modified":"2011-07-16T11:32:47","modified_gmt":"2011-07-16T08:32:47","slug":"litvanyada-cecen-siginmacilar-tutuklandi","status":"publish","type":"post","link":"https:\/\/www.waynakh.com\/tr\/2011\/07\/litvanyada-cecen-siginmacilar-tutuklandi\/","title":{"rendered":"Litvanya&#8217;da \u00c7e\u00e7en S\u0131\u011f\u0131nmac\u0131lar Tutukland\u0131"},"content":{"rendered":"<p style=\"text-align: justify;\"><a href=\"http:\/\/www.pasienis.lt\/lit\/Pasienieciai_pazeidejus_sulaike_vos_tik_\/4479\" target=\"_blank\">Litvanya Devlet S\u0131n\u0131r Muhaf\u0131zlar\u0131 Servisi&#8217;nin (VSAT) internet sitesinde<\/a>, bir grup \u00c7e\u00e7en&#8217;in Belarus-Litvanya s\u0131n\u0131r\u0131n\u0131 ge\u00e7tikten hemen sonra tutukland\u0131\u011f\u0131 duyuruldu.<!--more--><\/p>\n<p style=\"text-align: justify;\">Habere g\u00f6re, VSAT subaylar\u0131, 14 Temmuz g\u00fcn\u00fc Belarus s\u0131n\u0131r\u0131ndaki \u0160al\u010dininkai kentinin Tabari\u0161k\u0117s K\u00f6y\u00fc s\u0131rtlar\u0131nda bekleyen bir taksiyi fark ettiler. 31 ya\u015f\u0131ndaki Vilnius sakini arabadan d\u0131\u015far\u0131 \u00e7\u0131kar\u0131ld\u0131\u011f\u0131nda \u00fc\u00e7 yeti\u015fkin ile \u00fc\u00e7 \u00e7ocu\u011fu almak i\u00e7in bekledi\u011fi \u00f6\u011frenildi. K\u0131sa bir s\u00fcre sonra da \u00c7e\u00e7en s\u0131\u011f\u0131nmac\u0131lar\u0131 s\u0131n\u0131r\u0131 ge\u00e7tiler ve hemen ard\u0131ndan da s\u0131n\u0131r muhaf\u0131zlar\u0131 taraf\u0131ndan tutukland\u0131lar.<\/p>\n<p style=\"text-align: justify;\">\u00c7e\u00e7en s\u0131\u011f\u0131nmac\u0131lar\u0131n kimlikleri hakk\u0131nda herhangi bir bilgi verilmezken, tutuklular\u0131n 39 ya\u015f\u0131ndaki bir erkek ile 31 ve 21 ya\u015flar\u0131nda iki kad\u0131n ile 2,8 ve 9 ya\u015flar\u0131nda \u00fc\u00e7 \u00e7ocuk oldu\u011fu belirtildi. Erkek sivil ile 21 ya\u015f\u0131ndaki kad\u0131n\u0131n kapal\u0131 g\u00f6zalt\u0131 merkezinde tutuldu\u011fu, 31 ya\u015f\u0131ndaki kad\u0131n ile \u00e7ocuklar\u0131n ise VSAT&#8217;\u0131n Vilnius kentindeki ge\u00e7ici s\u0131\u011f\u0131nma merkezine g\u00f6nderildi\u011fi \u00f6\u011frenildi.<\/p>\n","protected":false},"excerpt":{"rendered":"<p>Litvanya Devlet S\u0131n\u0131r Muhaf\u0131zlar\u0131 Servisi&#8217;nin (VSAT) internet sitesinde, bir grup \u00c7e\u00e7en&#8217;in Belarus-Litvanya s\u0131n\u0131r\u0131n\u0131 ge\u00e7tikten hemen sonra tutukland\u0131\u011f\u0131 duyuruldu.<\/p>\n","protected":false},"author":3,"featured_media":0,"comment_status":"open","ping_status":"open","sticky":false,"template":"","format":"standard","meta":{"ngg_post_thumbnail":0,"footnotes":""},"categories":[1],"tags":[],"views":3383,"_links":{"self":[{"href":"https:\/\/www.waynakh.com\/tr\/wp-json\/wp\/v2\/posts\/11398"}],"collection":[{"href":"https:\/\/www.waynakh.com\/tr\/wp-json\/wp\/v2\/posts"}],"about":[{"href":"https:\/\/www.waynakh.com\/tr\/wp-json\/wp\/v2\/types\/post"}],"author":[{"embeddable":true,"href":"https:\/\/www.waynakh.com\/tr\/wp-json\/wp\/v2\/users\/3"}],"replies":[{"embeddable":true,"href":"https:\/\/www.waynakh.com\/tr\/wp-json\/wp\/v2\/comments?post=11398"}],"version-history":[{"count":2,"href":"https:\/\/www.waynakh.com\/tr\/wp-json\/wp\/v2\/posts\/11398\/revisions"}],"predecessor-version":[{"id":11401,"href":"https:\/\/www.waynakh.com\/tr\/wp-json\/wp\/v2\/posts\/11398\/revisions\/11401"}],"wp:attachment":[{"href":"https:\/\/www.waynakh.com\/tr\/wp-json\/wp\/v2\/media?parent=11398"}],"wp:term":[{"taxonomy":"category","embeddable":true,"href":"https:\/\/www.waynakh.com\/tr\/wp-json\/wp\/v2\/categories?post=11398"},{"taxonomy":"post_tag","embeddable":true,"href":"https:\/\/www.waynakh.com\/tr\/wp-json\/wp\/v2\/tags?post=11398"}],"curies":[{"name":"wp","href":"https:\/\/api.w.org\/{rel}","templated":true}]}}