{"id":11437,"date":"2011-08-03T12:01:40","date_gmt":"2011-08-03T09:01:40","guid":{"rendered":"http:\/\/www.waynakh.com\/tr\/?p=11437"},"modified":"2011-08-03T12:01:40","modified_gmt":"2011-08-03T09:01:40","slug":"cecen-hak-savunucusu-tehdit-edildi","status":"publish","type":"post","link":"https:\/\/www.waynakh.com\/tr\/2011\/08\/cecen-hak-savunucusu-tehdit-edildi\/","title":{"rendered":"\u00c7e\u00e7en Hak Savunucusu Tehdit Edildi"},"content":{"rendered":"<p style=\"text-align: justify;\"><a href=\"http:\/\/www.pytkam.net\/web\/index.php?go=News&amp;in=view&amp;id=2076\" target=\"_blank\">\u0130\u015fkence Kar\u015f\u0131t\u0131 Komite yay\u0131nlad\u0131\u011f\u0131 bir bas\u0131n bildirisi<\/a> ile \u00c7e\u00e7en hak savunucusunu Supyan Baskhanov&#8217;a y\u00f6nelik yeni tehditler hakk\u0131nda bilgi verdi.<!--more--><\/p>\n<p style=\"text-align: justify;\">Bas\u0131n bildirisine g\u00f6re, Rus desteskli rejimin Vedeno b\u00f6lgesindeki silahl\u0131 haydutlar\u0131n\u0131n amir yard\u0131mc\u0131s\u0131 olan Yarbay Nabibula Shikhaliev, Supyan Baskhanov ile g\u00f6r\u00fc\u015ft\u00fc. Baskhanov&#8217;u tehdit eden yarbay, \u00c7e\u00e7en m\u00fccahitlerle i\u015fbirli\u011fi yapt\u0131\u011f\u0131n\u0131 dile getirdikleri bir \u015fikayet dosyas\u0131 haz\u0131rlad\u0131klar\u0131n\u0131 ve yak\u0131nda onu hapishaneye g\u00f6ndereceklerini s\u00f6yledi. Ayr\u0131ca, Supyan Baskhanov&#8217;un arkada\u015flar\u0131 da Grozny&#8217;deki silahl\u0131 Kadirovitslerin hakk\u0131nda bir dosya haz\u0131rlad\u0131\u011f\u0131n\u0131 s\u00f6yleyerek dikkatli olmas\u0131 i\u00e7in onu uyard\u0131.<\/p>\n<p style=\"text-align: justify;\">Hat\u0131rlatal\u0131m, Supyan Baskhanov, Haziran 2011\u2019in sonlar\u0131nda Grozny&#8217;de d\u00fczenlenen protesto g\u00f6sterilerinin ard\u0131ndan da <a href=\"http:\/\/www.waynakh.com\/tr\/2011\/06\/rus-destekli-rejim-hak-savunucularini-tehdit-ediyor\/\" target=\"_blank\">tehdit edilmi\u015fti<\/a>.<\/p>\n<p style=\"text-align: justify;\">Supyan Aslanbekovich Baskhanov, 2000 y\u0131l\u0131ndan  bu yana \u00e7al\u0131\u015fan \u00c7e\u00e7enya&#8217;daki en me\u015fhur avukatlardan birisi. Ayr\u0131ca B\u00f6lgeleraras\u0131 \u0130\u015fkence Kar\u015f\u0131t\u0131 Komite&#8217;nin (MKPP) \u00c7e\u00e7enya biriminin ba\u015fkan\u0131.<\/p>\n","protected":false},"excerpt":{"rendered":"<p>\u0130\u015fkence Kar\u015f\u0131t\u0131 Komite yay\u0131nlad\u0131\u011f\u0131 bir bas\u0131n bildirisi ile \u00c7e\u00e7en hak savunucusunu Supyan Baskhanov&#8217;a y\u00f6nelik yeni tehditler hakk\u0131nda bilgi verdi.<\/p>\n","protected":false},"author":3,"featured_media":0,"comment_status":"open","ping_status":"open","sticky":false,"template":"","format":"standard","meta":{"ngg_post_thumbnail":0,"footnotes":""},"categories":[1],"tags":[2600,2580],"views":3458,"_links":{"self":[{"href":"https:\/\/www.waynakh.com\/tr\/wp-json\/wp\/v2\/posts\/11437"}],"collection":[{"href":"https:\/\/www.waynakh.com\/tr\/wp-json\/wp\/v2\/posts"}],"about":[{"href":"https:\/\/www.waynakh.com\/tr\/wp-json\/wp\/v2\/types\/post"}],"author":[{"embeddable":true,"href":"https:\/\/www.waynakh.com\/tr\/wp-json\/wp\/v2\/users\/3"}],"replies":[{"embeddable":true,"href":"https:\/\/www.waynakh.com\/tr\/wp-json\/wp\/v2\/comments?post=11437"}],"version-history":[{"count":1,"href":"https:\/\/www.waynakh.com\/tr\/wp-json\/wp\/v2\/posts\/11437\/revisions"}],"predecessor-version":[{"id":11439,"href":"https:\/\/www.waynakh.com\/tr\/wp-json\/wp\/v2\/posts\/11437\/revisions\/11439"}],"wp:attachment":[{"href":"https:\/\/www.waynakh.com\/tr\/wp-json\/wp\/v2\/media?parent=11437"}],"wp:term":[{"taxonomy":"category","embeddable":true,"href":"https:\/\/www.waynakh.com\/tr\/wp-json\/wp\/v2\/categories?post=11437"},{"taxonomy":"post_tag","embeddable":true,"href":"https:\/\/www.waynakh.com\/tr\/wp-json\/wp\/v2\/tags?post=11437"}],"curies":[{"name":"wp","href":"https:\/\/api.w.org\/{rel}","templated":true}]}}