{"id":11594,"date":"2011-09-16T11:04:02","date_gmt":"2011-09-16T08:04:02","guid":{"rendered":"http:\/\/www.waynakh.com\/tr\/?p=11594"},"modified":"2011-09-16T11:04:02","modified_gmt":"2011-09-16T08:04:02","slug":"cecenyada-insanlarin-kacirilmasi-devam-ediyor","status":"publish","type":"post","link":"https:\/\/www.waynakh.com\/tr\/2011\/09\/cecenyada-insanlarin-kacirilmasi-devam-ediyor\/","title":{"rendered":"\u00c7e\u00e7enya&#8217;da \u0130nsanlar\u0131n Ka\u00e7\u0131r\u0131lmas\u0131 Devam Ediyor"},"content":{"rendered":"<p style=\"text-align: justify;\">Yerel kaynaklar ve \u0130nsan Haklar\u0131 Merkezi &#8220;Memorial&#8221;, Rus i\u015fgali alt\u0131ndaki \u00c7e\u00e7en Cumhuriyeti \u0130\u00e7kerya&#8217;da kurulan Rus destekli rejimin silahl\u0131 haydutlar\u0131n\u0131n iki erkek sivili ka\u00e7\u0131rd\u0131\u011f\u0131n\u0131 bildirdi.<!--more--><\/p>\n<p style=\"text-align: justify;\">Memorial taraf\u0131ndan yay\u0131nlanan bas\u0131n bildirisine g\u00f6re, 1983 do\u011fumlu Ruslan Magomedovich Abdurakhmanov, 2 Eyl\u00fcl g\u00fcn\u00fc ba\u015fkent Grozny\u2019deki Pervomayskaya Caddesi\u2019nde ka\u00e7\u0131r\u0131ld\u0131. Ruslan ve arkada\u015flar\u0131 63 numaral\u0131 binan\u0131n \u00f6n\u00fcnde sohbet ederken, onlara yakla\u015fan plakas\u0131z g\u00fcm\u00fc\u015f renkli bir &#8220;Lada Priora&#8221;dan inen maskeli ve silahl\u0131 Kadirovitsler, herhangi bir a\u00e7\u0131klama yapmadan Ruslan\u2019\u0131 geldikleri arabaya bindirdi ve bilinmeyen bir y\u00f6ne do\u011fru uzakla\u015ft\u0131. Ruslan&#8217;\u0131n erkek karde\u015fi Bulat, karde\u015finin 2010 y\u0131l\u0131nda da ka\u00e7\u0131r\u0131ld\u0131\u011f\u0131n\u0131 ve \u00c7e\u00e7en m\u00fccahitlerden birisi oldu\u011fu iddias\u0131yla hapse mahkum edildi\u011fini ancak Nisan 2011\u2019de erken tahliye edildi\u011fini belirtti. Akrabalar\u0131 Ruslan&#8217;\u0131 bulabilmek i\u00e7in yard\u0131m \u00e7a\u011fr\u0131s\u0131 yapt\u0131.<\/p>\n<p style=\"text-align: justify;\">Yerel kaynaklar, 13 Eyl\u00fcl g\u00fcn\u00fc i\u015fgalci Rus askerleri ile yerel i\u015fbirlik\u00e7ilerinin \u00fclkenin Sunja b\u00f6lgesinde ortakla\u015fa bir cezaland\u0131rma operasyonu d\u00fczenledi\u011fini ve bu operasyonda 1982 do\u011fumlu bir erkek sivilin ka\u00e7\u0131r\u0131ld\u0131\u011f\u0131n\u0131 bildirdi. Rus destekli rejimin temsilcileri ise, esirlerinin 2003 y\u0131l\u0131nda sava\u015fm\u0131\u015f eski bir \u00c7e\u00e7en m\u00fccahit oldu\u011funu iddia etti.<\/p>\n<p style=\"text-align: justify;\">16 Eyl\u00fcl 2011 tarihi itibariyle her iki esirin de ak\u0131betleri ve tutulduklar\u0131 yerler \u00f6\u011frenilememi\u015fti.<\/p>\n","protected":false},"excerpt":{"rendered":"<p>Yerel kaynaklar ve \u0130nsan Haklar\u0131 Merkezi &#8220;Memorial&#8221;, Rus i\u015fgali alt\u0131ndaki \u00c7e\u00e7en Cumhuriyeti \u0130\u00e7kerya&#8217;da kurulan Rus destekli rejimin silahl\u0131 haydutlar\u0131n\u0131n iki erkek sivili ka\u00e7\u0131rd\u0131\u011f\u0131n\u0131 bildirdi.<\/p>\n","protected":false},"author":3,"featured_media":0,"comment_status":"open","ping_status":"open","sticky":false,"template":"","format":"standard","meta":{"ngg_post_thumbnail":0,"footnotes":""},"categories":[1],"tags":[],"views":3428,"_links":{"self":[{"href":"https:\/\/www.waynakh.com\/tr\/wp-json\/wp\/v2\/posts\/11594"}],"collection":[{"href":"https:\/\/www.waynakh.com\/tr\/wp-json\/wp\/v2\/posts"}],"about":[{"href":"https:\/\/www.waynakh.com\/tr\/wp-json\/wp\/v2\/types\/post"}],"author":[{"embeddable":true,"href":"https:\/\/www.waynakh.com\/tr\/wp-json\/wp\/v2\/users\/3"}],"replies":[{"embeddable":true,"href":"https:\/\/www.waynakh.com\/tr\/wp-json\/wp\/v2\/comments?post=11594"}],"version-history":[{"count":1,"href":"https:\/\/www.waynakh.com\/tr\/wp-json\/wp\/v2\/posts\/11594\/revisions"}],"predecessor-version":[{"id":11596,"href":"https:\/\/www.waynakh.com\/tr\/wp-json\/wp\/v2\/posts\/11594\/revisions\/11596"}],"wp:attachment":[{"href":"https:\/\/www.waynakh.com\/tr\/wp-json\/wp\/v2\/media?parent=11594"}],"wp:term":[{"taxonomy":"category","embeddable":true,"href":"https:\/\/www.waynakh.com\/tr\/wp-json\/wp\/v2\/categories?post=11594"},{"taxonomy":"post_tag","embeddable":true,"href":"https:\/\/www.waynakh.com\/tr\/wp-json\/wp\/v2\/tags?post=11594"}],"curies":[{"name":"wp","href":"https:\/\/api.w.org\/{rel}","templated":true}]}}