{"id":11696,"date":"2011-09-30T10:59:48","date_gmt":"2011-09-30T07:59:48","guid":{"rendered":"http:\/\/www.waynakh.com\/tr\/?p=11696"},"modified":"2011-09-30T10:59:48","modified_gmt":"2011-09-30T07:59:48","slug":"aslan-kagermanov-icin-avusturyada-protesto-gosterisi","status":"publish","type":"post","link":"https:\/\/www.waynakh.com\/tr\/2011\/09\/aslan-kagermanov-icin-avusturyada-protesto-gosterisi\/","title":{"rendered":"Aslan Kagermanov i\u00e7in Avusturya&#8217;da Protesto G\u00f6sterisi"},"content":{"rendered":"<p style=\"text-align: justify;\"><a href=\"http:\/\/ichkeria.info\/content\/view\/9997\/48\/\" target=\"_blank\">Ichkeria.info<\/a> isimli internet sitesi, s\u0131n\u0131rd\u0131\u015f\u0131 tehlikesi alt\u0131nda bulunan \u00c7e\u00e7en m\u00fclteci <a href=\"http:\/\/www.waynakh.com\/tr\/2011\/09\/hirvatistanda-bir-cecen-multeci-tutuklandi\/\" target=\"_blank\">Aslan Kagermanov<\/a>&#8216;a destek vermek i\u00e7in Avusturya&#8217;daki H\u0131rvatistan B\u00fcy\u00fckel\u00e7ili\u011fi \u00f6n\u00fcnde bir protesto g\u00f6sterisi d\u00fczenlendi\u011fini duyurdu.<!--more--><\/p>\n<p style=\"text-align: justify;\">Habere g\u00f6re, 28 Eyl\u00fcl g\u00fcn\u00fc bir grup \u00c7e\u00e7en m\u00fclteci ile Avusturya vatanda\u015f\u0131, Avusturya&#8217;da m\u00fcltecilik stat\u00fcs\u00fc alm\u0131\u015f Aslan Kagermanov i\u00e7in protesto g\u00f6sterisi d\u00fczenledi. Protestocular okuduklar\u0131 bir bildiri ile 16 Eyl\u00fcl tarihinden bu yana H\u0131rvatistan&#8217;da tutuklu bulunan Aslan Kagermanov&#8217;un acilen serbest b\u0131rak\u0131lmas\u0131n\u0131 talep etti.<\/p>\n<p style=\"text-align: justify;\">Bildiride \u015fu ifadelere yer verildi, &#8220;Bizler, H\u0131rvatistan y\u00f6neticilerinden, bir Avrupa Birli\u011fi \u00fclkesi olan Avusturya Cumhuriyeti&#8217;nde siyasi s\u0131\u011f\u0131nma hakk\u0131 elde etmi\u015f Aslan Kagermanov&#8217;u iade etmemelerini talep ediyoruz.<\/p>\n<p style=\"text-align: justify;\">\u00c7e\u015fitli uluslararas\u0131 insan haklar\u0131 organizasyonlar\u0131n\u0131n, \u00c7e\u00e7en k\u00f6kenli Rus vatanda\u015flar\u0131n\u0131n Rusya&#8217;da siyasi ya da dini nedenlerle tutulduklar\u0131 ceza kamplar\u0131nda a\u015fa\u011f\u0131land\u0131klar\u0131n\u0131 ya da i\u015fkenceye maruz kald\u0131klar\u0131n\u0131 do\u011frulad\u0131\u011f\u0131n\u0131 hat\u0131rlatmak istiyoruz.<\/p>\n<p style=\"text-align: justify;\">Aslan Kagermanov&#8217;un durumunda da, t\u00fcm su\u00e7lamalar Rus kolluk g\u00fc\u00e7leri y\u00f6neticileri taraf\u0131ndan uydurulmu\u015ftur. Rusya&#8217;da Aslan&#8217;\u0131n hayat\u0131 tehlikede olacak ve e\u011fer orada hayat\u0131n\u0131 yitirirse, H\u0131rvatistan y\u00f6neticileri bundan sorumlu olacakt\u0131r.<\/p>\n<p style=\"text-align: justify;\">Biz g\u00f6stericiler, sizden bu su\u00e7un bir par\u00e7as\u0131 olmaman\u0131z\u0131 diliyoruz&#8221;.<\/p>\n<p style=\"text-align: justify;\">Okunan bildiri ayr\u0131ca &#8220;\u00c7e\u00e7en Cumhuriyeti \u0130\u00e7kerya&#8217;dan Rus Filtrasyon Kamplar\u0131n\u0131n Eski Mahkumlar\u0131 Organizasyonu&#8221;nun (OUFKL-ChRI) ba\u015fkan\u0131 Vakha Banzhaev ve &#8220;Asyl in Not&#8221; isimli organizasyonun ba\u015fkan\u0131 Michael Genner taraf\u0131ndan H\u0131rvatistan B\u00fcy\u00fckel\u00e7ili\u011fi \u00e7al\u0131\u015fanlar\u0131na iletildi.<\/p>\n","protected":false},"excerpt":{"rendered":"<p>Ichkeria.info isimli internet sitesi, s\u0131n\u0131rd\u0131\u015f\u0131 tehlikesi alt\u0131nda bulunan \u00c7e\u00e7en m\u00fclteci Aslan Kagermanov&#8216;a destek vermek i\u00e7in Avusturya&#8217;daki H\u0131rvatistan B\u00fcy\u00fckel\u00e7ili\u011fi \u00f6n\u00fcnde bir protesto g\u00f6sterisi d\u00fczenlendi\u011fini duyurdu.<\/p>\n","protected":false},"author":3,"featured_media":0,"comment_status":"open","ping_status":"open","sticky":false,"template":"","format":"standard","meta":{"ngg_post_thumbnail":0,"footnotes":""},"categories":[1],"tags":[],"views":3652,"_links":{"self":[{"href":"https:\/\/www.waynakh.com\/tr\/wp-json\/wp\/v2\/posts\/11696"}],"collection":[{"href":"https:\/\/www.waynakh.com\/tr\/wp-json\/wp\/v2\/posts"}],"about":[{"href":"https:\/\/www.waynakh.com\/tr\/wp-json\/wp\/v2\/types\/post"}],"author":[{"embeddable":true,"href":"https:\/\/www.waynakh.com\/tr\/wp-json\/wp\/v2\/users\/3"}],"replies":[{"embeddable":true,"href":"https:\/\/www.waynakh.com\/tr\/wp-json\/wp\/v2\/comments?post=11696"}],"version-history":[{"count":1,"href":"https:\/\/www.waynakh.com\/tr\/wp-json\/wp\/v2\/posts\/11696\/revisions"}],"predecessor-version":[{"id":11698,"href":"https:\/\/www.waynakh.com\/tr\/wp-json\/wp\/v2\/posts\/11696\/revisions\/11698"}],"wp:attachment":[{"href":"https:\/\/www.waynakh.com\/tr\/wp-json\/wp\/v2\/media?parent=11696"}],"wp:term":[{"taxonomy":"category","embeddable":true,"href":"https:\/\/www.waynakh.com\/tr\/wp-json\/wp\/v2\/categories?post=11696"},{"taxonomy":"post_tag","embeddable":true,"href":"https:\/\/www.waynakh.com\/tr\/wp-json\/wp\/v2\/tags?post=11696"}],"curies":[{"name":"wp","href":"https:\/\/api.w.org\/{rel}","templated":true}]}}