{"id":12231,"date":"2012-11-06T17:40:20","date_gmt":"2012-11-06T14:40:20","guid":{"rendered":"http:\/\/www.waynakh.com\/tr\/?p=12231"},"modified":"2012-11-06T17:48:27","modified_gmt":"2012-11-06T14:48:27","slug":"rus-destekli-rejim-cecen-mucahitlerin-defnedilmesini-engelliyor","status":"publish","type":"post","link":"https:\/\/www.waynakh.com\/tr\/2012\/11\/rus-destekli-rejim-cecen-mucahitlerin-defnedilmesini-engelliyor\/","title":{"rendered":"Rus Destekli Rejim \u00c7e\u00e7en M\u00fccahitlerin Defnedilmesini Engelliyor"},"content":{"rendered":"<p style=\"text-align: justify;\">&#8220;<a href=\"http:\/\/izvestia.ru\/news\/538979\" target=\"_blank\">Izvestia<\/a>&#8221; adl\u0131 Rus gazetesi, Rus i\u015fgali alt\u0131ndaki \u00c7e\u00e7en Cumhuriyeti \u0130\u00e7kerya\u2019da kurulan Kremlin destekli rejimin M\u00fcft\u00fcs\u00fc Sultan Mirzayev ile yapt\u0131\u011f\u0131 bir r\u00f6portajda \u00c7e\u00e7en m\u00fccahitlerin mezarl\u0131klara g\u00f6m\u00fclmesinin yasakland\u0131\u011f\u0131n\u0131 do\u011frulad\u0131.<!--more--><\/p>\n<p style=\"text-align: justify;\">Habere g\u00f6re, Rus destekli rejimin M\u00fcft\u00fcs\u00fc Sultan Mirzayev gazeteye verdi\u011fi r\u00f6portajda, Kremlin destekli rejimi i\u00e7in g\u00f6rev yapan &#8220;\u00c7e\u00e7enya M\u00fcsl\u00fcman Dini \u0130\u015fleri Birimi&#8221;nin \u00c7e\u00e7en m\u00fccahitlerin mezarl\u0131klara g\u00f6m\u00fclmesi ve onlar i\u00e7in dini rit\u00fcellerin yerine getirilmesini yasaklad\u0131\u011f\u0131n\u0131 kabul etti.<\/p>\n<p style=\"text-align: justify;\">Sultan Mirzayev, &#8220;Bunlar M\u00fcsl\u00fcmanlar\u0131n \u00f6lmesinden sorumlu su\u00e7lular ve bu vah\u015feti ger\u00e7ekle\u015ftirenler normal insanlarla birlikte mezarl\u0131klara g\u00f6m\u00fclemez. Hatta bu ki\u015filer i\u00e7in dini t\u00f6renlerin ya da geleneksel taziye rit\u00fcellerinin bile organize edilmemesi gerekir zira onlar Allah kar\u015f\u0131 gelmi\u015f ki\u015filer, k\u00f6pekler gibi basit\u00e7e \u00f6lm\u00fc\u015f bu su\u00e7lular elbette mezarl\u0131klar\u0131m\u0131za g\u00f6m\u00fclmeyi de hak etmiyorlar. Bu katiller ve ter\u00f6ristlerden arta kalanlar ancak dini merasim ger\u00e7ekle\u015ftirilmeden mezarl\u0131klar\u0131n d\u0131\u015f\u0131ndaki alanlara g\u00f6m\u00fclebilir. \u00dclkemizdeki mollalar\u0131n ve kad\u0131lar\u0131n, bu tip \u015fah\u0131slar i\u00e7in dini rit\u00fcelller organize etmemeleri veya olas\u0131 cenaze merasimlerine kat\u0131lmamalar\u0131 konusundaki kat&#8217;i yasak kendilerine bildirilmi\u015ftir&#8221; dedi.<\/p>\n<p style=\"text-align: justify;\">\u00d6te yandan Ramzan Kadirov\u2019un bas\u0131n sekreteri Alvi Karimov\u2019da r\u00f6portajda verilen bilgiyi yalanlamayarak, &#8220;Dini \u0130\u015fler Birimimiz&#8221; b\u00f6yle olmas\u0131 gerekti\u011fini s\u00f6yl\u00fcyorsa buna ekleyecek herhangi bir \u015fey bulam\u0131yorum ifadelerini kulland\u0131.<\/p>\n<p style=\"text-align: justify;\">Esas\u0131nda, Rus i\u015fgali alt\u0131ndaki \u00c7e\u00e7en Cumhuriyeti \u0130\u00e7kerya\u2019da bu tip uygulamalar\u0131n yayg\u0131n bi\u00e7imde ger\u00e7ekle\u015ftirildi\u011fi bilinse de bug\u00fcne kadar bu uygulaman\u0131n varl\u0131\u011f\u0131 Kremlin destekli rejimin temsilcileri taraf\u0131ndan kabul edilmiyordu. \u00d6rne\u011fin, A\u011fustos ay\u0131nda, \u00c7e\u00e7enya\u2019n\u0131n Vedeno b\u00f6lgesinde bulunan Elistanji K\u00f6y\u00fc\u2019n\u00fcn sakinlerinin Albert Osupov adl\u0131 \u00c7e\u00e7en m\u00fccahidin ailesine taziyeye gitmelerine izin verilmedi. Osupov ailesi, 18 A\u011fustos g\u00fcn\u00fc evlerinin kap\u0131lar\u0131n\u0131 bile a\u00e7malar\u0131na m\u00fcsaade edilmedi\u011fini aktard\u0131. Albert Osupov\u2019un naa\u015f\u0131 Rus i\u015fgalciler ve onlar\u0131n yerel i\u015fbirlik\u00e7ilerine kar\u015f\u0131 verdikleri denk olmayan m\u00fccadelede birlikte \u015fehit d\u00fc\u015ft\u00fc\u011f\u00fc (in\u015faAllah) di\u011fer sava\u015f\u00e7\u0131larla beraber bilinmeyen bir yere g\u00f6t\u00fcr\u00fcld\u00fc ve ailelerine teslim edilmedi.<\/p>\n<p style=\"text-align: justify;\">Salakh T adl\u0131 bir \u00c7e\u00e7en vatanda\u015f, &#8220;Mirzayev\u2019in bundan daha ilerisini istememesine sevindim. Rus i\u015fgalcilere kar\u015f\u0131 \u00fclkemizi savunan \u00c7e\u00e7en m\u00fccahitlerin ailelerine teslim edilmemesi ya da \u2018din i\u015flerinin\u2019 izni olmaks\u0131z\u0131n taziye verilememesi bir ger\u00e7ek ve bunu \u00e7ok uzun bir s\u00fcredir herkes biliyor&#8221; dedi.<\/p>\n<p style=\"text-align: justify;\">Bir ba\u015fka \u00c7e\u00e7en sivil, &#8220;Ya\u015fl\u0131lar\u0131m\u0131z, ger\u00e7ek bir \u00c7e\u00e7en\u2019in asla bir ba\u015fka \u00c7e\u00e7en\u2019e zarar vermeyece\u011fini ve as\u0131l cesaretin affedebilmek oldu\u011funu s\u00f6yler&#8221; diye bir yorumda bulundu.<\/p>\n<p style=\"text-align: justify;\">Ad\u0131n\u0131n gizli kalmas\u0131n\u0131 isteyen yerel bir insan haklar\u0131 savunucusu ise, &#8220;Bu yaz, Zaurbek ve \u0130bragim Avdorkhanov karde\u015fleri \u0130ngu\u015fetya\u2019da bir \u00e7at\u0131\u015fmada \u00f6ld\u00fcrd\u00fcler. Bedenleri \u00f6nce Kur\u00e7aloy b\u00f6lgesindeki Alleroy K\u00f6y\u00fc\u2019ne g\u00f6t\u00fcr\u00fcld\u00fc ve g\u00fcvenlik \u00e7emberine al\u0131nan halka g\u00f6sterildi, ard\u0131ndan da hemen g\u00f6t\u00fcr\u00fcld\u00fc. Ne k\u00f6y\u00fcn mezarl\u0131\u011f\u0131na ne de mezarl\u0131\u011f\u0131n d\u0131\u015f\u0131nda bir alana g\u00f6m\u00fclmelerine izin verilmedi. \u00d6\u011frenebildi\u011fim kadar\u0131yla ormana g\u00f6t\u00fcr\u00fclerek orada yak\u0131ld\u0131lar. T\u00fcm bu ve benzeri uygulamalardan sonra, bu insanlar\u0131n hala nas\u0131l olup ta din ad\u0131na b\u00f6yle konu\u015fmalar yapabildiklerini \u015fahit olmak garip&#8221; dedi.<\/p>\n<p style=\"text-align: justify;\">\u0130ngu\u015f insan haklar\u0131 avukat\u0131 Musa Pliyev\u2019de benzeri bir uygulaman\u0131n \u015fimdilik \u0130ngu\u015fetya\u2019da olmad\u0131\u011f\u0131n\u0131 ama birka\u00e7 kez bu uygulaman\u0131n ger\u00e7ekle\u015ftirildi\u011fini duydu\u011funu dile getirdi. Pliyev, &#8220;E\u011fer bu a\u00e7\u0131k bir \u015fekilde \u00c7e\u00e7enya\u2019da uygulanmaya ba\u015flad\u0131ysa, bu ayn\u0131 trendi k\u0131sa bir s\u00fcre i\u00e7erisinde b\u00f6lgedeki t\u00fcm cumhuriyetlerin izleyece\u011fi manas\u0131na gelir. B\u00f6ylesi bir metodu dini terimlerle a\u00e7\u0131klayamazs\u0131n\u0131z, bunun ne dinde ne de insani davran\u0131\u015f i\u00e7erisinde yeri yoktur. \u00d6l\u00fc bedenlerle sava\u015famazs\u0131n\u0131z&#8221; dedi.<\/p>\n<p><span style=\"color: #000000;\"><strong>\u00a9Waynakh Online<\/strong><\/span><\/p>\n<p style=\"text-align: justify;\"><span style=\"color: #ff0000;\">YASAL UYARI<\/span><br \/>\n<em>Sitede yer alan materyallerin t\u00fcm haklar\u0131 Waynakh Online\u2019a aittir.   Bu materyaller (haberden\/makaleden\/terc\u00fcme eserden sadece al\u0131nt\u0131 yap\u0131lsa   dahi) ancak kaynak g\u00f6sterilerek ve aktif link verilerek  kullan\u0131labilir.<\/em><\/p>\n","protected":false},"excerpt":{"rendered":"<p>&#8220;Izvestia&#8221; adl\u0131 Rus gazetesi, Rus i\u015fgali alt\u0131ndaki \u00c7e\u00e7en Cumhuriyeti \u0130\u00e7kerya\u2019da kurulan Kremlin destekli rejimin M\u00fcft\u00fcs\u00fc Sultan Mirzayev ile yapt\u0131\u011f\u0131 bir r\u00f6portajda \u00c7e\u00e7en m\u00fccahitlerin mezarl\u0131klara g\u00f6m\u00fclmesinin yasakland\u0131\u011f\u0131n\u0131 do\u011frulad\u0131.<\/p>\n","protected":false},"author":3,"featured_media":0,"comment_status":"open","ping_status":"open","sticky":false,"template":"","format":"standard","meta":{"ngg_post_thumbnail":0,"footnotes":""},"categories":[1],"tags":[],"views":3788,"_links":{"self":[{"href":"https:\/\/www.waynakh.com\/tr\/wp-json\/wp\/v2\/posts\/12231"}],"collection":[{"href":"https:\/\/www.waynakh.com\/tr\/wp-json\/wp\/v2\/posts"}],"about":[{"href":"https:\/\/www.waynakh.com\/tr\/wp-json\/wp\/v2\/types\/post"}],"author":[{"embeddable":true,"href":"https:\/\/www.waynakh.com\/tr\/wp-json\/wp\/v2\/users\/3"}],"replies":[{"embeddable":true,"href":"https:\/\/www.waynakh.com\/tr\/wp-json\/wp\/v2\/comments?post=12231"}],"version-history":[{"count":4,"href":"https:\/\/www.waynakh.com\/tr\/wp-json\/wp\/v2\/posts\/12231\/revisions"}],"predecessor-version":[{"id":12238,"href":"https:\/\/www.waynakh.com\/tr\/wp-json\/wp\/v2\/posts\/12231\/revisions\/12238"}],"wp:attachment":[{"href":"https:\/\/www.waynakh.com\/tr\/wp-json\/wp\/v2\/media?parent=12231"}],"wp:term":[{"taxonomy":"category","embeddable":true,"href":"https:\/\/www.waynakh.com\/tr\/wp-json\/wp\/v2\/categories?post=12231"},{"taxonomy":"post_tag","embeddable":true,"href":"https:\/\/www.waynakh.com\/tr\/wp-json\/wp\/v2\/tags?post=12231"}],"curies":[{"name":"wp","href":"https:\/\/api.w.org\/{rel}","templated":true}]}}