{"id":12343,"date":"2012-11-20T19:04:03","date_gmt":"2012-11-20T16:04:03","guid":{"rendered":"http:\/\/www.waynakh.com\/tr\/?p=12343"},"modified":"2012-11-20T19:11:14","modified_gmt":"2012-11-20T16:11:14","slug":"tbmm-mus-milletvekili-mumtaz-yavuzun-mavi-akim-sozlesmesi-ve-cecenya-uzerine-sozleri-2000","status":"publish","type":"post","link":"https:\/\/www.waynakh.com\/tr\/2012\/11\/tbmm-mus-milletvekili-mumtaz-yavuzun-mavi-akim-sozlesmesi-ve-cecenya-uzerine-sozleri-2000\/","title":{"rendered":"TBMM Mu\u015f Milletvekili M\u00fcmtaz Yavuz&#8217;un Mavi Ak\u0131m S\u00f6zle\u015fmesi ve \u00c7e\u00e7enya \u00dczerine S\u00f6zleri (2000)"},"content":{"rendered":"<p style=\"text-align: justify;\">T\u00fcrkiye B\u00fcy\u00fck Millet Meclisi 21.D\u00f6nem\u2019de (18 Nisan 1999 \u2013 14 Kas\u0131m 2002) g\u00f6rev yapm\u0131\u015f Do\u011fru Yol Partisi Mu\u015f Milletvekili M\u00fcmtaz Yavuz&#8217;un Mavi Ak\u0131m s\u00f6zle\u015fmesi olarak bilinen, Rusya ile T.C. aras\u0131nda do\u011falgaz sevk\u0131yat\u0131n\u0131 d\u00fczenleyen s\u00f6zle\u015fmenin onaylanmas\u0131na ili\u015fkin g\u00f6r\u00fc\u015fmeler s\u0131ras\u0131nda s\u00f6zle\u015fme ve \u00c7e\u00e7enya konusunda de\u011ferlendirmeleri.<!--more--><\/p>\n<p style=\"text-align: justify;\"><strong>DYP GRUBU ADINA M\u00dcMTAZ YAVUZ (Mu\u015f)<\/strong> &#8211; Say\u0131n Ba\u015fkan, de\u011ferli milletvekilleri; &#8220;Mavi Ak\u0131m&#8221; diye adland\u0131r\u0131lan, T\u00fcrkiye Cumhuriyeti H\u00fck\u00fcmeti ile Rusya Federasyonu H\u00fck\u00fcmeti Aras\u0131nda Rus Do\u011fal Gaz\u0131n\u0131n Karadeniz Alt\u0131ndan T\u00fcrkiye Cumhuriyetine Sevkiyat\u0131na \u0130li\u015fkin 15 Aral\u0131k 1997 Tarihli Anla\u015fmaya Ek Protokol\u00fcn Onaylanmas\u0131n\u0131n Uygun Bulundu\u011fu Hakk\u0131nda Kanun Tasar\u0131s\u0131n\u0131n 3 \u00fcnc\u00fc maddesi \u00fczerinde, Grubum ad\u0131na s\u00f6z alm\u0131\u015f bulunmaktay\u0131m. S\u00f6zlerime ba\u015flamadan \u00f6nce, Y\u00fcce Heyetinizi ve televizyonlar\u0131 ba\u015f\u0131nda bizleri izleyen de\u011ferli vatanda\u015flar\u0131m\u0131z\u0131, Grubum ve \u015fahs\u0131m ad\u0131na, sayg\u0131yla selamlar\u0131m.<\/p>\n<p style=\"text-align: justify;\">De\u011ferli milletvekilleri, Y\u00fcce T\u00fcrk Devleti, bug\u00fcne kadar, b\u00f6lgesinde, istikrar unsuru ve g\u00fcvenilir bir dost ve de bir m\u00fcttefik oldu\u011funu her zaman kan\u0131tlam\u0131\u015ft\u0131r. \u00c7ok \u015f\u00fck\u00fcr, bug\u00fcn, eskisinden farkl\u0131 bir\u00e7ok dost ve karde\u015f T\u00fcrk\u00ee cumhuriyeti mevcuttur. Y\u00fcce Atat\u00fcrk&#8217;\u00fcn kurmu\u015f oldu\u011fu T\u00fcrkiye Cumhuriyeti, bu karde\u015f \u00fclkelere g\u00f6re daha sanayile\u015fmi\u015f, cumhuriyet ve demokrasi tecr\u00fcbesi edinmi\u015f bir \u00fclke olarak, bu karde\u015f \u00fclkelere hem yol g\u00f6stermeli hem de \u00fcretece\u011fi fikir ve projelerle onlar\u0131n kalk\u0131nmalar\u0131n\u0131 ve bizimle daha fazla diyalog ve ticaret i\u00e7inde olmalar\u0131n\u0131 sa\u011flamal\u0131d\u0131r. Bu temel politika yerine bu projeyle, dost ve karde\u015f dedi\u011fimiz \u00fclkelerle yapaca\u011f\u0131m\u0131z cidd\u00ee projeleri sekteye u\u011frat\u0131p, ger\u00e7ekle\u015fip ger\u00e7ekle\u015fmeyece\u011fi tart\u0131\u015f\u0131lan ve ger\u00e7ekle\u015fse bile T\u00fcrkiye&#8217;yi her zor an\u0131nda s\u0131k\u0131nt\u0131ya sokup enerjisini sekteye u\u011fratacak bu projeyle, bug\u00fcn, karde\u015f dedi\u011fimiz, Azer\u00ee ve T\u00fcrkmenlerin gaz\u0131n\u0131 T\u00fcrkiye&#8217;ye nakledecek Trans-Hazar Projesinin ask\u0131ya al\u0131nmas\u0131na neden olunmu\u015ftur. Halen, T\u00fcrkiye d\u0131\u015f\u0131ndaki k\u0131sm\u0131na ba\u015flan\u0131lmam\u0131\u015f olan ve T\u00fcrkmenba\u015f\u0131n\u0131n dedi\u011fi gibi, alt\u0131 yedi y\u0131ldan \u00f6nce bitirilmesinin m\u00fcmk\u00fcn g\u00f6r\u00fclmeyen bu proje, ileride, T\u00fcrkiye&#8217;nin enerjisini \u00e7ok sekteye u\u011fratacakt\u0131r. Ama\u00e7, \u00fcz\u00fcm yemek mi ba\u011fc\u0131y\u0131 d\u00f6vmek mi? E\u011fer, ama\u00e7 \u00fcz\u00fcm yemekse, \u00e7ok daha ucuza mal olacak karde\u015f T\u00fcrkmen gaz\u0131 varken, bu projede \u0131srar etmenin anlam\u0131n\u0131 bir t\u00fcrl\u00fc \u00e7\u00f6zemiyorum. Israr ediliyorsa, bunun arkas\u0131nda da bir artniyet bulundu\u011funa inan\u0131yorum.<\/p>\n<p style=\"text-align: justify;\">Bu projeyi ihale edenler diyor ki, Rusya ile dost olmak i\u00e7in, gaz\u0131 bu \u015fartlar alt\u0131nda al\u0131yoruz. Onun i\u00e7in, i\u015fi, Rusya&#8217;n\u0131n RAO Gasprom \u015eirketine ve onun uygun g\u00f6rd\u00fc\u011f\u00fc firmalara ihalesiz veriyoruz. Ma\u015fallah, \u00e7ok iyi etmi\u015fiz(!) Ne diyelim&#8230; Anla\u015fman\u0131n faydalar\u0131 saymakla bitmiyor(!)<\/p>\n<p style=\"text-align: justify;\">Anla\u015fman\u0131n bir h\u00fckm\u00fcne g\u00f6re, T\u00fcrkiye, 2001 Nisan\u0131nda gaz alabilecek durumda olmas\u0131 gerekiyor. T\u00fcrkiye, bu tarihte gaz almazsa &#8220;take or pay&#8221; maddesine g\u00f6re, almad\u0131\u011f\u0131 gaz\u0131n paras\u0131n\u0131, al\u0131yormu\u015f gibi \u00f6demek zorunda kalacakt\u0131r. Peki, T\u00fcrkiye, taahh\u00fcd\u00fcn\u00fc yerine getirmezse, ceza\u00ee bir h\u00fck\u00fcm gere\u011fi, para \u00f6deme durumunda kalacak; ya Ruslar sorumluluklar\u0131n\u0131 yerine getirmezse, T\u00fcrkiye&#8217;nin kaybetti\u011fi zaman\u0131n bedelini ve masraflar\u0131n\u0131 kim \u00f6deyecektir?<\/p>\n<p style=\"text-align: justify;\">Say\u0131n milletvekilleri, do\u011fu-bat\u0131 enerji koridorunun a\u00e7\u0131lmas\u0131 i\u00e7in, T\u00fcrkiye&#8217;nin net tavr\u0131 ortaya koymas\u0131 gereken bir d\u00f6nemde, T\u00fcrkiye, Rusya&#8217;ya jest \u00fcst\u00fcne jest yapmaktad\u0131r; bunu anlamak da, ger\u00e7ekten imk\u00e2ns\u0131z. Binlerce \u00c7e\u00e7en&#8217;in, Rus bombard\u0131man\u0131ndan ka\u00e7mak i\u00e7in, Kafkasya&#8217;n\u0131n sarp da\u011flar\u0131nda \u00f6l\u00fcm kal\u0131m m\u00fccadelesi verdi\u011fi bir d\u00f6nemde, T\u00fcrkiye&#8217;nin, Mavi Ak\u0131m Projesi u\u011fruna, bu derece tavizk\u00e2r davranmas\u0131n\u0131 anlamak, hi\u00e7 de m\u00fcmk\u00fcn g\u00f6r\u00fcnmemektedir.<\/p>\n<p style=\"text-align: justify;\">Peki, dost ve karde\u015f T\u00fcrk\u00ee cumhuriyetleri, kendilerini de dar g\u00fcnlerinde yaln\u0131z b\u0131rakmayaca\u011f\u0131m\u0131z\u0131 d\u00fc\u015f\u00fcnmezler mi? Bunun yan\u0131nda, Rusya&#8217;ya satacaklar\u0131 gaz\u0131, Ruslar\u0131n, Ukrayna gibi, T\u00fcrkiye&#8217;ye birka\u00e7 katma sataca\u011f\u0131n\u0131 bilmiyorlar m\u0131? Halbuki, \u00c7e\u00e7enistan, 1996 y\u0131l\u0131 sonunda, Rusya ile imzalad\u0131\u011f\u0131 Kasavyur Anla\u015fmas\u0131nda, ba\u011f\u0131ms\u0131zl\u0131k kazanm\u0131\u015f, m\u00fcstakil bir \u00fclke olmu\u015ftu. Ruslar, ter\u00f6re kar\u015f\u0131 m\u00fccadele gerek\u00e7esiyle, \u00c7e\u00e7en halk\u0131n\u0131n, kazan\u0131lm\u0131\u015f haklar\u0131n\u0131 geri almak i\u00e7in, topyek\u00fbn sava\u015f a\u00e7malar\u0131n\u0131n anlam\u0131 nedir? T\u00fcrkiye, b\u00f6yle bir d\u00f6nemde, Rusya&#8217;ya destek mesajlar\u0131 i\u00e7eren bu projeyi ger\u00e7ekle\u015ftirmek bir yana \u00fcstelik ter\u00f6r anla\u015fmas\u0131 imzalam\u0131\u015ft\u0131r. Rusya ile ter\u00f6r anla\u015fmas\u0131 imzalanmas\u0131 tabi\u00ee ki \u00e7ok \u00f6nemli; ancak, diplomaside en \u00f6nemlisi zamanlamad\u0131r. Bu konuda say\u0131n h\u00fck\u00fcmet, ne yaz\u0131k ki, \u00e7ok b\u00fcy\u00fck bir yanl\u0131\u015f yapm\u0131\u015ft\u0131r. Birilerinin \u00e7\u0131kar ve menfat\u0131 u\u011fruna, \u00c7e\u00e7en karde\u015flerimizin yanlar\u0131nda olmad\u0131\u011f\u0131m\u0131z\u0131 ve hatta Ruslar\u0131n dostu oldu\u011fumuzu belirtmek i\u00e7in, \u00c7e\u00e7enlerin zor an\u0131nda bu projeyle Rusya&#8217;ya bir k\u0131yak \u00e7ekmekteyiz.<\/p>\n<p style=\"text-align: justify;\">Rusya&#8217;ya bir k\u0131yak da, karde\u015f T\u00fcrk\u00ee cumhuriyetlerinden alaca\u011f\u0131 do\u011falgaz\u0131 birka\u00e7 kat\u0131 fiyat\u0131na bu projeyle alacak olmam\u0131zd\u0131r. \u015eimdi Y\u00fcce T\u00fcrk Devleti \u00c7e\u00e7enleri yaln\u0131z b\u0131rakacak, T\u00fcrkmen gaz\u0131n\u0131 birka\u00e7 kat\u0131 fiyat\u0131na Rusya&#8217;dan sat\u0131n alacak; di\u011fer T\u00fcrk\u00ee cumhuriyetler de bu konuda ne d\u00fc\u015f\u00fcnecekler? D\u00f6n\u00fcp, aferin, \u00e7ok iyi ediyorsunuz mu diyecekler?!<\/p>\n<p style=\"text-align: justify;\">Say\u0131n Bakan, T\u00fcrkmen gaz\u0131n\u0131n kuyu ba\u015f\u0131nda 36 dolar oldu\u011funu s\u00f6yl\u00fcyor. Bu gaz, T\u00fcrkenistan&#8217;dan ba\u015flay\u0131p Rusya&#8217;n\u0131n bir ucundan \u00f6b\u00fcr ucuna, Ukrayna&#8217;ya, Ukrayna&#8217;dan da Bulgaristan ve Romanya \u00fczerinden T\u00fcrkiye&#8217;ye geliyor. Bu ekonomik oluyor da Hazar Denizini ge\u00e7ip Azerbaycan&#8217;dan G\u00fcrcistan&#8217;a gelecek olan ekonomik olmuyor mu? Oysa ki, bu iki boru hatt\u0131n\u0131n mukayesesini yaparsak, T\u00fcrkmenistan&#8217;dan gelecek boru hatt\u0131 Ukrayna \u00fczerinden gelen boru hatt\u0131n\u0131n yar\u0131s\u0131 kadard\u0131r.<\/p>\n<p style=\"text-align: justify;\">&#8230;<\/p>\n<p style=\"text-align: justify;\">Say\u0131n Ba\u015fkan, de\u011ferli milletvekilleri; teknik, ekonomik ve siyas\u00ee boyutlar\u0131yla bir yanl\u0131\u015f yuma\u011f\u0131 haline gelen bu i\u015fi d\u00fczeltmek zorunday\u0131z.<\/p>\n<p style=\"text-align: justify;\">Tekrar s\u00f6yl\u00fcyorum, zarar\u0131n neresinden d\u00f6nersek k\u00e2rd\u0131r. \u00dclke menfaatini birilerinin \u00e7\u0131kar\u0131ndan \u00fcst\u00fcn tutmak zorunday\u0131z ve de dost ve karde\u015f cumhuriyetleri k\u00fcst\u00fcrmemi\u015f olaca\u011f\u0131z. Bunu, bir muhalefet milletvekili olarak s\u00f6yledi\u011fim i\u00e7in kald\u0131r\u0131p bir kenara atmamam\u0131z gerekiyor. Bir yebal alt\u0131na girmemek i\u00e7in, Y\u00fcce Heyetinizi sa\u011fduyuya davet ediyor, hepinizi sayg\u0131yla selaml\u0131yorum. (DYP ve FP s\u0131ralar\u0131ndan alk\u0131\u015flar)<\/p>\n<p style=\"text-align: justify;\"><em>TBMM Tutanak Dergisi- 02.06.2000 \u2013 Birle\u015fim:104 \u2013 Cilt:34 \u2013 Sayfa: 295-296-297<\/em><\/p>\n<p style=\"text-align: justify;\"><span style=\"color: #000000;\"><strong>\u00a9Waynakh Online<\/strong><\/span><\/p>\n<p style=\"text-align: justify;\"><span style=\"color: #ff0000;\">YASAL UYARI<\/span><br \/>\n<em>Sitede yer alan materyallerin t\u00fcm haklar\u0131 Waynakh Online\u2019a aittir. Bu materyaller (haberden\/makaleden\/terc\u00fcme eserden sadece al\u0131nt\u0131 yap\u0131lsa dahi) ancak kaynak g\u00f6sterilerek ve aktif link verilerek kullan\u0131labilir.<\/em><\/p>\n","protected":false},"excerpt":{"rendered":"<p>T\u00fcrkiye B\u00fcy\u00fck Millet Meclisi 21.D\u00f6nem\u2019de (18 Nisan 1999 \u2013 14 Kas\u0131m 2002) g\u00f6rev yapm\u0131\u015f Do\u011fru Yol Partisi Mu\u015f Milletvekili M\u00fcmtaz Yavuz&#8217;un Mavi Ak\u0131m s\u00f6zle\u015fmesi olarak bilinen, Rusya ile T.C. aras\u0131nda do\u011falgaz sevk\u0131yat\u0131n\u0131 d\u00fczenleyen s\u00f6zle\u015fmenin onaylanmas\u0131na &#8230;<\/p>\n","protected":false},"author":3,"featured_media":0,"comment_status":"open","ping_status":"open","sticky":false,"template":"","format":"standard","meta":{"ngg_post_thumbnail":0,"footnotes":""},"categories":[2623],"tags":[],"views":4325,"_links":{"self":[{"href":"https:\/\/www.waynakh.com\/tr\/wp-json\/wp\/v2\/posts\/12343"}],"collection":[{"href":"https:\/\/www.waynakh.com\/tr\/wp-json\/wp\/v2\/posts"}],"about":[{"href":"https:\/\/www.waynakh.com\/tr\/wp-json\/wp\/v2\/types\/post"}],"author":[{"embeddable":true,"href":"https:\/\/www.waynakh.com\/tr\/wp-json\/wp\/v2\/users\/3"}],"replies":[{"embeddable":true,"href":"https:\/\/www.waynakh.com\/tr\/wp-json\/wp\/v2\/comments?post=12343"}],"version-history":[{"count":2,"href":"https:\/\/www.waynakh.com\/tr\/wp-json\/wp\/v2\/posts\/12343\/revisions"}],"predecessor-version":[{"id":12346,"href":"https:\/\/www.waynakh.com\/tr\/wp-json\/wp\/v2\/posts\/12343\/revisions\/12346"}],"wp:attachment":[{"href":"https:\/\/www.waynakh.com\/tr\/wp-json\/wp\/v2\/media?parent=12343"}],"wp:term":[{"taxonomy":"category","embeddable":true,"href":"https:\/\/www.waynakh.com\/tr\/wp-json\/wp\/v2\/categories?post=12343"},{"taxonomy":"post_tag","embeddable":true,"href":"https:\/\/www.waynakh.com\/tr\/wp-json\/wp\/v2\/tags?post=12343"}],"curies":[{"name":"wp","href":"https:\/\/api.w.org\/{rel}","templated":true}]}}