{"id":12412,"date":"2012-11-24T21:57:23","date_gmt":"2012-11-24T18:57:23","guid":{"rendered":"http:\/\/www.waynakh.com\/tr\/?p=12412"},"modified":"2012-11-24T22:00:44","modified_gmt":"2012-11-24T19:00:44","slug":"tbmm-sivas-milletvekili-abdullatif-sener-in-cecenya-konulu-genel-gorusme-talebi-ve-meclis-gorusmeleri-1999","status":"publish","type":"post","link":"https:\/\/www.waynakh.com\/tr\/2012\/11\/tbmm-sivas-milletvekili-abdullatif-sener-in-cecenya-konulu-genel-gorusme-talebi-ve-meclis-gorusmeleri-1999\/","title":{"rendered":"TBMM Sivas Milletvekili Abd\u00fcllatif \u015eener&#8217;in \u00c7e\u00e7enya Konulu Genel G\u00f6r\u00fc\u015fme Talebi ve Meclis G\u00f6r\u00fc\u015fmeleri (1999)"},"content":{"rendered":"<p style=\"text-align: justify;\">T\u00fcrkiye  B\u00fcy\u00fck Millet Meclisi 21.D\u00f6nem\u2019de (18 Nisan 1999 \u2013 14 Kas\u0131m 2002) g\u00f6rev  yapm\u0131\u015f Fazilet Partisi Grup Ba\u015fkanvekili ve Sivas Milletvekili  Abd\u00fcllatif \u015eener&#8217;in \u00c7e\u00e7enistan ve Kuzey Kafkasya&#8217;ya y\u00f6nelik izlenen  d\u0131\u015fpolitika konusunda bir genel g\u00f6r\u00fc\u015fme a\u00e7\u0131lmas\u0131na ili\u015fkin \u00f6nergesi ve  bu \u00f6nergeye ili\u015fkin meclis g\u00f6r\u00fc\u015fmesi.<img decoding=\"async\" title=\"Daha fazla...\" src=\"http:\/\/www.waynakh.com\/tr\/wp-includes\/js\/tinymce\/plugins\/wordpress\/img\/trans.gif\" alt=\"\" \/><!--more--><\/p>\n<p style=\"text-align: justify;\"><em><strong>BA\u015eKAN &#8211; <\/strong>H\u00fck\u00fcmet haz\u0131r m\u0131 efendim? H\u00fck\u00fcmet haz\u0131r.<\/em><\/p>\n<p style=\"text-align: justify;\"><em>\u0130\u00e7t\u00fcz\u00fc\u011f\u00fcm\u00fcze  g\u00f6re, genel g\u00f6r\u00fc\u015fme a\u00e7\u0131l\u0131p a\u00e7\u0131lmamas\u0131 hususunda, s\u0131ras\u0131yla h\u00fck\u00fcmete,  siyas\u00ee parti gruplar\u0131na ve \u00f6nergedeki birinci imza sahibine veya onun  g\u00f6sterece\u011fi bir di\u011fer imza sahibine s\u00f6z verilecektir.<\/em><\/p>\n<p style=\"text-align: justify;\"><em>Konu\u015fma s\u00fcreleri h\u00fck\u00fcmet ve gruplar i\u00e7in 20&#8217;\u015fer dakika, \u00f6nerge sahibi i\u00e7in 10 dakikad\u0131r.<\/em><\/p>\n<p style=\"text-align: justify;\"><em>\u0130lk s\u00f6z h\u00fck\u00fcmetindir.<\/em><\/p>\n<p style=\"text-align: justify;\"><em>H\u00fck\u00fcmet ad\u0131na konu\u015facak var m\u0131 efendim?<\/em><\/p>\n<p style=\"text-align: justify;\"><strong>\u00c7EVRE BAKANI FEVZ\u0130 AYKET\u0130N (Tekirda\u011f)<\/strong> &#8211; Konu\u015fmayaca\u011f\u0131m Say\u0131n Ba\u015fkan.<\/p>\n<p style=\"text-align: justify;\"><strong>BA\u015eKAN<\/strong> &#8211; <em>Peki efendim.<\/em><\/p>\n<p style=\"text-align: justify;\"><em>Gruplar ad\u0131na&#8230;<\/em><\/p>\n<p style=\"text-align: justify;\"><strong>ABD\u00dcLLAT\u0130F \u015eENER (Sivas) &#8211;<\/strong> Say\u0131n Ba\u015fkan, burada \u00f6nemli bir konuda, d\u00fcnyay\u0131 ve T\u00fcrkiye&#8217;yi \u00e7ok  yak\u0131ndan ilgilendiren bir konuda genel g\u00f6r\u00fc\u015fme \u00f6nergesinin  \u00f6ng\u00f6r\u00fc\u015fmelerini yap\u0131yoruz. Konu, topluma mal olmu\u015ftur, uluslararas\u0131  camiada tart\u0131\u015f\u0131lmaktad\u0131r. \u0130steriz ki, bu konuda, h\u00fck\u00fcmet s\u00f6z hakk\u0131n\u0131  kullans\u0131n, gelsin, bilgi versin. Yani, h\u00fck\u00fcmetin konu\u015fma s\u0131ras\u0131n\u0131  atlamas\u0131, benim bu konuda s\u00f6yleyecek hi\u00e7bir s\u00f6z\u00fcm yoktur demesi Meclisin  kabul edece\u011fi bir durum de\u011fildir efendim. (FP ve DYP s\u0131ralar\u0131ndan  alk\u0131\u015flar)<\/p>\n<p style=\"text-align: justify;\"><em><strong>BA\u015eKAN<\/strong> &#8211; Te\u015fekk\u00fcr ediyorum.<\/em><\/p>\n<p style=\"text-align: justify;\"><strong>\u00c7EVRE BAKANI FEVZ\u0130 AYTEK\u0130N (Tekirda\u011f)<\/strong> &#8211; Say\u0131n Ba\u015fkan, s\u00f6z istiyorum.<\/p>\n<p style=\"text-align: justify;\"><em><strong>BA\u015eKAN &#8211; <\/strong>H\u00fck\u00fcmet ad\u0131na, \u00c7evre Bakan\u0131 Say\u0131n Fevzi Aytekin Bey konu\u015facaklard\u0131r. Buyurun efendim. S\u00fcreniz 20 dakika.<\/em><\/p>\n<p style=\"text-align: justify;\"><strong>\u00c7EVRE BAKANI FEVZ\u0130 AYTEK\u0130N (Tekirda\u011f) &#8211;<\/strong> Say\u0131n Ba\u015fkan, de\u011ferli milletvekilleri; uzun zamandan beri, maalesef,  Rusya, \u00c7e\u00e7enistan \u00fczerindeki hegemonyas\u0131n\u0131 s\u00fcrd\u00fcrmeye devam etmektedir.<\/p>\n<p style=\"text-align: justify;\">Tabi\u00ee  ki, gerek televizyonlardan gerekse h\u00fck\u00fcmetimize bildirilen \u00c7e\u00e7enistan&#8217;la  ilgili \u00e7e\u015fitli olumsuz geli\u015fmeleri yak\u0131ndan takip etmekteyiz.  \u00d6zellikle, \u00e7oluk \u00e7ocu\u011fun, insanlar\u0131n peri\u015fan olmas\u0131, g\u00f6\u00e7e zorlanmas\u0131,  y\u0131llarca ya\u015fad\u0131klar\u0131 topraklardan s\u00fcr\u00fclmesi, bir insanl\u0131k ay\u0131b\u0131 olarak,  maalesef, bu \u00e7a\u011fda, bug\u00fcn, g\u00f6zler \u00f6n\u00fcne serilmektedir. \u00d6zellikle,  ya\u015fad\u0131klar\u0131 topraklardan s\u00f6k\u00fclerek ba\u015fka \u00fclkelere g\u00f6\u00e7 eden bu insanlar\u0131n  da\u011flarda, ta\u015flarda, olumsuz hava ko\u015fullar\u0131nda s\u00fcr\u00fcnmeleri, bir insanl\u0131k  ay\u0131b\u0131 olarak g\u00f6zler \u00f6n\u00fcne serilmektedir. Her zaman seyretti\u011fimiz gibi,  gerek d\u00fcnyadaki gerek \u00fclkemizdeki h\u00fck\u00fcmetimizdeki tepkileri yakinen  g\u00f6rmektesiniz.<\/p>\n<p style=\"text-align: justify;\">\u00c7e\u00e7enistan&#8217;daki  bu insanl\u0131k ay\u0131b\u0131n\u0131n g\u00fcndeme getirilmesi fevkalade iyi olmu\u015ftur.  Burada, h\u00fck\u00fcmetimiz ad\u0131na, \u00c7e\u00e7enistan&#8217;daki vah\u015fetin bir an \u00f6nce  durdurulmas\u0131n\u0131, Rusya&#8217;n\u0131n bu insanl\u0131k ay\u0131b\u0131n\u0131 bir an \u00f6nce durdurmas\u0131n\u0131,  \u00f6zellikle Rusya&#8217;n\u0131n yetkililerinden bekliyoruz. Bu, hepimiz biliyoruz  ki, Avrupa Birli\u011finde de g\u00fcndeme getirildi, k\u0131nand\u0131; ancak, T\u00fcrkiye  Cumhuriyeti h\u00fck\u00fcmetinin bir \u00fcyesi olarak, \u00fcz\u00fcnt\u00fclerimizi burada  belirtmek istiyorum. Gerek \u00c7e\u00e7enistan&#8217;daki insanl\u0131k d\u0131\u015f\u0131 olaylar\u0131 gerek  d\u00fcnyan\u0131n neresinde olursa olsun bu gibi olaylar\u0131 \u015fiddetle k\u0131n\u0131yoruz.<\/p>\n<p style=\"text-align: justify;\">Bu  vesileyle, bizlere, g\u00fcndem konusu blan bu olay hakk\u0131nda konu\u015fma  f\u0131rsat\u0131n\u0131 veren, g\u00fcndeme getiren de\u011ferli arkada\u015flar\u0131m\u0131za te\u015fekk\u00fcr  ediyor; hepinize sayg\u0131lar sunuyorum. (Alk\u0131\u015flar)<\/p>\n<p style=\"text-align: justify;\"><em><strong>BA\u015eKAN &#8211;<\/strong> \u00c7evre Bakan\u0131m\u0131z Say\u0131n Aytekin&#8217;e te\u015fekk\u00fcr ediyorum.<\/em><\/p>\n<p style=\"text-align: justify;\"><strong>ABD\u00dcLLAT\u0130F \u015eENER (Sivas) &#8211;<\/strong> Say\u0131n Ba\u015fkan, g\u00f6r\u00fc\u015fmelerin ak\u0131\u015f\u0131n\u0131 bozma niyetiyle yerimden m\u00fcdahele  etmiyorum. \u0130zniniz olursa, Say\u0131n Bakana -\u015fahs\u0131 ad\u0131na- te\u015fekk\u00fcr ediyorum.  \u00c7evre Bakan\u0131 Say\u0131n Fevzi Aytekin Bey \u015fahsen duyarl\u0131k g\u00f6stermi\u015ftir ve  konuyla ilgili \u00f6zet bir de\u011ferlendirme yapm\u0131\u015ft\u0131r; ama, konu, bir  d\u0131\u015fpolitika konusudur. B\u00f6ylesine \u00f6nemli bir d\u0131\u015fpolitika konusunda,  D\u0131\u015fi\u015fleri Bakanl\u0131\u011f\u0131n\u0131n konuya bak\u0131\u015f a\u00e7\u0131s\u0131n\u0131, perspektifini g\u00f6sterecek  -D\u0131\u015fi\u015fleri Bakanl\u0131\u011f\u0131n\u0131n elindeki envanterlerle birlikte- Genel Kurulda,  k\u00fcrs\u00fcden, milletvekillerine bilgi verilmesi laz\u0131md\u0131. Maalesef, D\u0131\u015fi\u015fleri  Bakan\u0131 yok ve bu konuda da, D\u0131\u015fi\u015fleri Bakanl\u0131\u011f\u0131n\u0131n konuya ilgi  duymad\u0131\u011f\u0131, b\u00f6yle bir haz\u0131rl\u0131\u011f\u0131, Meclisteki herhangi bir bakana, sunulmak  \u00fczere de g\u00f6ndermedi\u011fi anla\u015f\u0131lmaktad\u0131r. Ben, D\u0131\u015fi\u015flerinin, bu tutumunun  yanl\u0131\u015f oldu\u011funu, T\u00fcrkiye B\u00fcy\u00fck Millet Meclisine gereken sayg\u0131y\u0131  g\u00f6stermedi\u011fini ifade etmek istiyorum. Te\u015fekk\u00fcr ediyorum. (FP ve DYP  s\u0131ralar\u0131ndan alk\u0131\u015flar)<\/p>\n<p style=\"text-align: justify;\"><em><strong>BA\u015eKAN &#8211;<\/strong> Te\u015fekk\u00fcr ederim.<\/em><\/p>\n<p style=\"text-align: justify;\"><em>Her  ne kadar, \u0130\u00e7t\u00fcz\u00fc\u011f\u00fcm\u00fcz, H\u00fck\u00fcmetin ilk konu\u015fmay\u0131 yapaca\u011f\u0131n\u0131 s\u00f6yl\u00fcyorsa  da, belirtti\u011finiz anlamda yeniden bir konu\u015fma arzusu olursa, kendilerine  s\u00f6z verece\u011fim.<\/em><\/p>\n<p style=\"text-align: justify;\"><em>Do\u011fru Yol Partisi Grubu ad\u0131na, Mu\u015f Milletvekili Say\u0131n M\u00fcmtaz Yavuz; buyurun efendim. (DYP s\u0131ralar\u0131ndan alk\u0131\u015flar)<\/em><\/p>\n<p style=\"text-align: justify;\"><em>S\u00fcreniz 20 dakikad\u0131r.<\/em><\/p>\n<p style=\"text-align: justify;\"><strong>DYP GRUBU ADINA M\u00dcMTAZ YAVUZ (Mu\u015f) &#8211;<\/strong> Say\u0131n Ba\u015fkan, de\u011ferli milletvekilleri; \u00c7e\u00e7enistan&#8217;da ya\u015fanan olaylarla  ilgili olarak verilen genel g\u00f6r\u00fc\u015fme \u00f6nergesi \u00fczerinde, Do\u011fru Yol Partisi  Grubu ad\u0131na s\u00f6z alm\u0131\u015f bulunmaktay\u0131m.<\/p>\n<p style=\"text-align: justify;\">S\u00f6zlerime  ba\u015flarken, elim bir trafik kazas\u0131 sonucu kaybetti\u011fimiz de\u011ferli  milletvekili arkada\u015f\u0131m\u0131z S\u0131tk\u0131 Turan&#8217;a Cenab\u0131 Allah&#8217;tan rahmet dilerken,  kederli ailesine ve de\u011ferli partili arkada\u015flar\u0131na da taziyelerimi  sunar\u0131m. M\u00fcbarek Ramazan\u0131n hay\u0131rlara vesile olmas\u0131 dile\u011fiyle, Y\u00fcce  Heyetinizi sayg\u0131yla selamlar\u0131m.<\/p>\n<p style=\"text-align: justify;\">Say\u0131n  milletvekilleri, Ruslar, uluslararas\u0131 hukuktan kaynaklanan  y\u00fck\u00fcml\u00fcl\u00fckleri ve t\u00fcm ahlak\u00ee \u00f6l\u00e7\u00fcleri bir kenara b\u0131rakarak, 250 y\u0131ld\u0131r  Kafkaslarda yapt\u0131\u011f\u0131 mezalimi, \u00e7ok daha ac\u0131mas\u0131z bir \u015fekilde, \u00c7e\u00e7enlere  yeniden ya\u015fatmaktad\u0131r.<\/p>\n<p style=\"text-align: justify;\">Bir  avu\u00e7 M\u00fcsl\u00fcman \u00c7e\u00e7ene yap\u0131lan bu katliam ve soyk\u0131r\u0131m\u0131n\u0131 d\u00fcnya kay\u0131ts\u0131z  kalarak seyrederken, Y\u00fcce T\u00fcrk Devleti olarak bizler de d\u00fcnyaya uymu\u015f,  bu vah\u015feti, Ruslar\u0131n i\u00e7 meselesidir diye, sessiz sedas\u0131z seyretmekteyiz.  Asl\u0131nda, seyreden, sa\u011fduyu sahibi Y\u00fcce T\u00fcrk Milleti de\u011fil, sadece 57  nci cumhuriyet h\u00fck\u00fcmetidir. (DYP ve FP s\u0131ralar\u0131ndan &#8220;Bravo&#8221; sesleri,  alk\u0131\u015flar)<\/p>\n<p style=\"text-align: justify;\">D\u00fc\u015f\u00fcn\u00fcn  ki, d\u00fcnyada &#8220;benim i\u00e7 meselem&#8221; deyip de vatanda\u015flar\u0131n\u0131 katleden, k\u00f6y,  kasaba ve \u015fehirlerine kilometrelerce uzaktan bomba ya\u011fd\u0131r\u0131p sivil, asker  ay\u0131r\u0131m\u0131 yapmadan top at\u0131\u015f\u0131na tutan, ta\u015f \u00fcst\u00fcne ta\u015f koymayarak &#8220;ter\u00f6rle  m\u00fccadele ediyorum&#8221; diyen bir ba\u015fka \u00fclke daha var m\u0131?<\/p>\n<p style=\"text-align: justify;\">D\u00fcnya  g\u00f6recek; bu sava\u015f da 1994-1996 sava\u015f\u0131ndan farkl\u0131 olmayacak. Yine, bu  sava\u015f da, kahraman \u00c7e\u00e7enlerin zaferiyle sonu\u00e7lanacakt\u0131r; \u00e7\u00fcnk\u00fc, davalar\u0131  tarih\u00ee, hukuk\u00ee ve vicdan\u00ee a\u00e7\u0131dan hakl\u0131d\u0131r.<\/p>\n<p style=\"text-align: justify;\">Ruslar\u0131n,  \u00f6nce \u00c7arl\u0131k Rusya&#8217;s\u0131yla ba\u015flay\u0131p sonra sosyalist Rusya&#8217;yla devam eden  federasyonunun ise bir tek arzular\u0131 vard\u0131r; o da, \u00c7e\u00e7enistan&#8217;\u0131 \u00c7e\u00e7ensiz  yapmak.<\/p>\n<p style=\"text-align: justify;\">\u00c7e\u00e7enler,  \u00c7e\u00e7enistan i\u00e7in 250 y\u0131ldan bu yana Ruslarla sava\u015fmaktalar. Bu 250  y\u0131ll\u0131k sava\u015f s\u00fcreci i\u00e7erisinde 200 milyon n\u00fcfuslu Ruslar ne zaman ki 1  milyon n\u00fcfuslu \u00c7e\u00e7enlere kar\u015f\u0131 galip gelseler, mutlaka \u00c7e\u00e7enleri, ya  Sibirya&#8217;ya s\u00fcrm\u00fc\u015fler ya da m\u00fclteci durumuna d\u00fc\u015f\u00fcrm\u00fc\u015flerdir. Ruslar \u00e7ok  iyi biliyorlar ki, Kafkasya&#8217;ya kay\u0131ts\u0131z \u015farts\u0131z h\u00e2kim olabilmek i\u00e7in  \u00c7e\u00e7enlerin yok edilmesi \u015fartt\u0131r.<\/p>\n<p style=\"text-align: justify;\">\u0130\u015fte,  Ruslar, kafalar\u0131na koyduklar\u0131 bu ger\u00e7ekten hareket ederek her seferinde  \u00c7e\u00e7enlere kar\u015f\u0131 soyk\u0131r\u0131m\u0131n\u0131 uygulamaktalar. Bu nedenledir ki, \u00c7e\u00e7enlerin  n\u00fcfusu 250 y\u0131ldan bu yana hi\u00e7 artmay\u0131p 1 milyon olarak kalmaktad\u0131r.<\/p>\n<p style=\"text-align: justify;\">Ruslar,  1864 y\u0131l\u0131nda \u00c7e\u00e7en mill\u00ee m\u00fccadele hareketini kanl\u0131 bir \u015fekilde  bast\u0131rarak Kafkasya&#8217;y\u0131 tahakk\u00fcm\u00fc alt\u0131na alm\u0131\u015flard\u0131. Rus \u00c7ar\u0131 \u0130kinci  Aleksandr, bir ay i\u00e7inde Kafkasya terkedilmedi\u011fi takdirde, b\u00fct\u00fcn yerli  halk\u0131n harp esiri olarak Rusya&#8217;n\u0131n \u00e7e\u015fitli b\u00f6lgelerine s\u00fcr\u00fclece\u011fini ilan  eder. O tarihte milyonlarca insan a\u00e7, sefil halde yollara d\u00fc\u015ferler.  Ruslar, bir bayram bahanesiyle toplad\u0131klar\u0131 \u00c7e\u00e7enleri vagonlara  bindirerek Sibirya ve Kazakistan&#8217;a s\u00fcrm\u00fc\u015flerdir.<\/p>\n<p style=\"text-align: justify;\">Ruslar\u0131n  ister \u00c7arl\u0131k ister sosyalist ister federasyon d\u00f6nemlerinde fikirleri  hi\u00e7 de\u011fi\u015fmemi\u015f. Ruslara Kafkasya denince, ak\u0131llar\u0131na ilk olarak  \u00c7e\u00e7enleri yok etmek geliyor. Kahraman \u00c7e\u00e7enler de, Ruslar\u0131n bu  fikirlerini \u00e7ok iyi bildiklerinden dolay\u0131, tarihten silinmeyip  \u00c7e\u00e7enistan&#8217;\u0131 \u00c7e\u00e7ensiz b\u0131rakmamak i\u00e7in, \u0130mam Mansur&#8217;la ba\u015flay\u0131p Gazi  Muhammed, \u0130mam Hamzat, \u015eeyh \u015eamil ve Cahar Dudayev&#8217;le devam eden bu  m\u00fccadelede tek \u00c7e\u00e7en sava\u015f\u00e7\u0131 kal\u0131ncaya kadar vatanlar\u0131 i\u00e7in  sava\u015facaklar\u0131na ant i\u00e7mi\u015flerdir. Her milletin vatan\u0131n\u0131 savunma hakk\u0131  oldu\u011fu gibi, \u00c7e\u00e7enistan&#8217;\u0131 savunmakda \u00c7e\u00e7enlerin hakk\u0131d\u0131r.<\/p>\n<p style=\"text-align: justify;\">Sovyetler  Birli\u011fi d\u00f6neminde, 5 Aral\u0131k 1936 tarihinde \u00c7c\u00e7en-\u0130ngu\u015f otonom  cumhuriyeti olarak kurulan \u00c7e\u00e7enistan Cumhuriyeti, Sovyetler Birli\u011finin  da\u011f\u0131lma s\u00fcrecinde, 9 Kas\u0131m 1991 &#8216;de ba\u011f\u0131ms\u0131zl\u0131\u011f\u0131n\u0131 ilan etmi\u015ftir.<\/p>\n<p style=\"text-align: justify;\">Ba\u015fta  Amerika Birle\u015fik Devletleri olmak \u00fczere pek \u00e7ok devletin, \u00c7e\u00e7enistan&#8217;in  ba\u011f\u0131ms\u0131zl\u0131k ilan\u0131n\u0131 ve sonradan ya\u015fanan geli\u015fmeleri Rusya&#8217;n\u0131n i\u00e7 sorunu  olarak nitelendirmesi, \u00f6nemli bir soruyu g\u00fcndeme getirmektedir:  Ba\u011f\u0131ms\u0131zl\u0131k ilan\u0131n\u0131n hukuk\u00ee dayana\u011f\u0131 var m\u0131?<\/p>\n<p style=\"text-align: justify;\">Say\u0131n  milletvekilleri, Ba\u011f\u0131ms\u0131z Devletler Toplulu\u011funu olu\u015fturan antla\u015fmay\u0131, o  tarihte, Tataristan ve \u00c7e\u00e7en-\u0130ngu\u015f Cumhuriyetleri imzalamad\u0131lar ve yine  bu iki cumhuriyet, 12 Aral\u0131k 1993 tarihinde yap\u0131lan Rusya Federasyonunun  yeni anayasa oylamas\u0131na ve parlamento se\u00e7imlerine de kat\u0131lmad\u0131lar. Daha  sonra, Tataristan Cumhuriyeti anla\u015farak; \u0130ngu\u015flar ise, referanduma  gidip \u00c7e\u00e7enlerden ayr\u0131larak \u0130ngu\u015fistan Cumhuriyeti ad\u0131yla Rusya  Federasyonuna kat\u0131ld\u0131lar. 9 Kas\u0131m 1991&#8217;de ba\u011f\u0131ms\u0131zl\u0131\u011f\u0131n\u0131 ilan eden,  Federasyona kat\u0131lmayan tek cumhuriyet \u00c7e\u00e7enistan oldu. \u00c7e\u00e7enistan&#8217;in  Rusya Federasyonuna ba\u011fl\u0131 oldu\u011funu belirten, hi\u00e7bir antla\u015fma ve hukuk\u00ee  metin yoktur.<\/p>\n<p style=\"text-align: justify;\">\u00c7e\u00e7enler,  Ba\u011f\u0131ms\u0131z Devletler Toplulu\u011funun antla\u015fmas\u0131na kat\u0131lmamaya gerek\u00e7e olarak  1924 Anayasas\u0131n\u0131 g\u00f6stermi\u015flerdir. Bu Anayasaya g\u00f6re ba\u011f\u0131ms\u0131zl\u0131\u011f\u0131n\u0131 ilan  eden cumhuriyetler gibi, \u00c7e\u00e7enistan&#8217;da ba\u011f\u0131ms\u0131zl\u0131\u011f\u0131n\u0131 ilan etmi\u015ftir; bu  nedenle, \u00c7e\u00e7enistan sorununun Rusya&#8217;n\u0131n toprak b\u00fct\u00fcnl\u00fc\u011f\u00fc i\u00e7inde  \u00e7\u00f6z\u00fclmesi yolundaki \u00f6nerilerin hi\u00e7bir yasal dayana\u011f\u0131 yoktur. Bat\u0131  \u00fclkeleri, Sovyetler Birli\u011finden, eski Yugoslavya&#8217;dan ve eski  \u00c7ekoslovakya&#8217;dan ayr\u0131larak ba\u011f\u0131ms\u0131zl\u0131klar\u0131n\u0131 ilan eden \u00fclkeleri hemen  tan\u0131mad\u0131lar m\u0131?!<\/p>\n<p style=\"text-align: justify;\">Milletlerin  kaderlerini serbest\u00e7e tayin etme hakk\u0131, 20 nci Y\u00fczy\u0131l\u0131n ba\u015flar\u0131nda  yayg\u0131nla\u015farak kabul g\u00f6ren, 1945 Birle\u015fmi\u015f Milletler \u015eart\u0131, 1948 \u0130nsan  Haklar\u0131 Evrensel Bildirgesi, 1975 Helsinki Niha\u00ee Senedi, 1990 Paris  \u015eart\u0131 gibi uluslararas\u0131 s\u00f6zle\u015fmelerde a\u00e7\u0131k\u00e7a tan\u0131nan bir hakt\u0131r. Buna  ra\u011fmen, \u00c7e\u00e7enistan&#8217;in ba\u011f\u0131ms\u0131zl\u0131\u011f\u0131n\u0131 tan\u0131mayan Bat\u0131 \u00fclkelerinin \u00e7ifte  standart uygulad\u0131klar\u0131 da ac\u0131 bir ger\u00e7ektir.<\/p>\n<p style=\"text-align: justify;\">De\u011ferli  milletvekilleri, Ruslar her zaman yapt\u0131klar\u0131 gibi, 11 Aral\u0131k 1994  tarihinde Cahar Dudayev \u00f6nderli\u011finde kurulan \u00c7e\u00e7enistan Cumhuriyetini  yok etmek i\u00e7in \u00fc\u00e7 koldan \u00c7e\u00e7enistan&#8217;a sald\u0131rd\u0131lar. \u015eamil Basayev&#8217;den  Budenosk, Salman Radoyev&#8217;den K\u0131z\u0131lyar bask\u0131n\u0131n\u0131 yiyen Rus Ordusu, Grozni  kapan\u0131yla \u00e7ok b\u00fcy\u00fck kay\u0131plar verdi. 1 milyon n\u00fcfuslu minik \u00c7e\u00e7enistan&#8217;m  kahraman sava\u015f\u00e7\u0131lar\u0131 kar\u015f\u0131s\u0131nda neye u\u011frad\u0131\u011f\u0131n\u0131 \u015fa\u015f\u0131ran Rus Ordusu,  perperi\u015fan bir vaziyette \u00e7ekilmek zorunda kald\u0131. Yakla\u015f\u0131k iki y\u0131l s\u00fcren  bu sava\u015f, \u00c7e\u00e7enlerin zaferiyle sonu\u00e7lanm\u0131\u015ft\u0131r. Bu sava\u015f\u0131n sonunda, Rus  G\u00fcvenlik Konseyi Genel Sekreteri Lcbed, Ba\u015fbakan \u00c7ernomirdin, Devlet  Ba\u015fkam Yeltsin, \u00c7e\u00e7en Ba\u015fbakan\u0131 ve sonra Cumhurba\u015fkan\u0131 olan Aslan  Mashadov&#8217;la bir dizi antla\u015fma imzalam\u0131\u015flard\u0131r. 31 A\u011fustos 1996 tarihinde  Rusya Federasyonu ad\u0131na Lebed ile Aslan Mashadov aras\u0131nda imzalanan  m\u00fc\u015fterek beyanata g\u00f6re &#8220;biz bu belgeyi imzalayanlar, herkes\u00e7e tan\u0131nm\u0131\u015f  t\u00fcm milletlerin kendi mukadderat\u0131n\u0131 kendi tayin etme hakk\u0131n\u0131 g\u00f6z \u00f6n\u00fcnde  bulundurarak ve beraberlik, g\u00f6n\u00fcll\u00fcl\u00fck ve irade \u00f6zg\u00fcrl\u00fc\u011f\u00fc, uluslararas\u0131  bar\u0131\u015f\u0131n sa\u011flanmas\u0131 ve milletlerin g\u00fcvenli\u011fi prensiplerine g\u00f6re hareket  ederek, bu temeller esas\u0131nda sonraki g\u00f6r\u00fc\u015fmeler d\u00fczenlenecektir&#8221; diye,  AG\u0130T Yard\u0131m Grubu Ba\u015fkan\u0131n\u0131n huzurunda ortaya koymu\u015flard\u0131r.<\/p>\n<p style=\"text-align: justify;\">12  Temmuz 1997 tarihinde Rusya Ba\u015fbakan\u0131 \u00c7ernomirdin ile \u00c7e\u00e7enistan  Ba\u015fbakan\u0131 Aslan Mashadov aras\u0131nda g\u00fcmr\u00fck, havayollar\u0131 ve petrol boru  hatlar\u0131yla ilgili bir dizi anla\u015fma yap\u0131lm\u0131\u015ft\u0131r.<\/p>\n<p style=\"text-align: justify;\">Yine,  Yeltsin ile Aslan Mashadov aras\u0131nda imzalanan, bar\u0131\u015f ve karde\u015flik  ili\u015fkileri hakk\u0131ndaki antla\u015fmaya g\u00f6re &#8220;ihtilaflar\u0131n \u00e7\u00f6z\u00fclmesinde kuvvet  ve kuvvet kullanma tehdidinden ebed\u00ee olarak vazge\u00e7ilecektir; taraflar,  kendi aralar\u0131ndaki ili\u015fkileri herkes\u00e7e tan\u0131nm\u0131\u015f uluslararas\u0131 normlara  uygun olarak kurmay\u0131 kabul ve taahh\u00fct etmektedir&#8230;&#8221;<\/p>\n<p style=\"text-align: justify;\">Ruslar  bu antla\u015fmalar\u0131 uymak i\u00e7in de\u011fil, zorunda olduklar\u0131 i\u00e7in imzalad\u0131lar;  hi\u00e7bir zaman da, imzalad\u0131klar\u0131 bu antla\u015fmalara sad\u0131k kalmad\u0131lar. Bunlar,  Ruslar\u0131n s\u00f6zlerine ne kadar g\u00fcvenilebilirli\u011fin en somut \u00f6rnekleridir.<\/p>\n<p style=\"text-align: justify;\">De\u011ferli  milletvekilleri, bir avu\u00e7 \u00c7e\u00e7en kar\u015f\u0131s\u0131nda d\u00fcnyaya rezil r\u00fcsva olan  Ruslar, bu antla\u015fmalar\u0131 yapt\u0131klar\u0131 g\u00fcnden itibaren, \u00c7e\u00e7enistan&#8217;dan  intikam almak i\u00e7in ve her zaman oldu\u011fu gibi, \u00c7e\u00e7enistan&#8217;\u0131 \u00c7e\u00e7ensiz  yapmak i\u00e7in yeniden kollar\u0131 s\u0131vad\u0131; bir s\u00fcr\u00fc entrikayla d\u00fcnya kamuoyunda  \u00c7e\u00e7enleri, mafya, adam ka\u00e7\u0131ran, ter\u00f6rist, fundamentalist ve Vahabi diye  g\u00f6stermeye ba\u015flad\u0131lar. Sava\u015ftan \u00e7\u0131kan \u00c7e\u00e7enlerin d\u00fcnya kamuoyunda  bunlar\u0131 yalanlamak i\u00e7in hi\u00e7bir imk\u00e2n\u0131 yoktu.<\/p>\n<p style=\"text-align: justify;\">Ruslar,  bir yandan \u00c7e\u00e7enleri d\u00fcnya kamuoyuna yanl\u0131\u015f tan\u0131t\u0131rken, bir yandan da  \u00c7e\u00e7enistan&#8217;a s\u0131n\u0131r olan Da\u011f\u0131stan b\u00f6lgesine asker, silah ve m\u00fchimmat  y\u0131\u011fmaya ba\u015flad\u0131; kendi ajanlanna bir\u00e7ok de\u011fi\u015fik yerde bombalama  eylemleri yapt\u0131r\u0131p, d\u00fcnya kamuoyunu yan\u0131ltarak, bu ter\u00f6rist eylemleri  \u00c7e\u00e7enlerin yapt\u0131\u011f\u0131n\u0131 g\u00f6stermeye \u00e7al\u0131\u015ft\u0131lar. Bir eylemde yakalanan Ruslar  &#8220;\u00c7e\u00e7enlere kar\u015f\u0131 g\u00fcvenlik \u00f6nlemi al\u0131yoruz&#8221; diye d\u00fcnyay\u0131 yan\u0131ltmaya  kalkm\u0131\u015flard\u0131r.<\/p>\n<p style=\"text-align: justify;\">Ruslar\u0131n bu sava\u015f\u0131 ba\u015flatmalar\u0131n\u0131n as\u0131l sebepleri :<\/p>\n<p style=\"text-align: justify;\"><strong>1-<\/strong> Rus y\u00f6neticileri, 19 Aral\u0131k 1999&#8217;da yap\u0131lacak olan Parlamento ve Duma se\u00e7imlerine yakla\u015f\u0131l\u0131rken, siyas\u00ee prim sa\u011flamak,<br \/>\n<strong>2- <\/strong>Parlamento ve Duma se\u00e7imlerinden sonra yap\u0131lacak  olan Devlet Ba\u015fkanl\u0131\u011f\u0131 se\u00e7iminde, Boris Yeltsin&#8217;in veliaht\u0131 olan bug\u00fcnk\u00fc  Ba\u015fbakan \u00c7ernomirdin&#8217;in de prim sa\u011flamas\u0131,<br \/>\n<strong>3- <\/strong>IMF ve Avrupa Birli\u011finin Rusya Federasyonunun  ekonomik s\u0131k\u0131nt\u0131s\u0131n\u0131 gidermesi i\u00e7in a\u00e7m\u0131\u015f oldu\u011fu yard\u0131m ve kredilerin  Yeltsin ve yak\u0131nlar\u0131nca ya\u011fmaland\u0131\u011f\u0131n\u0131n d\u00fcnya ve Rus kamuoyunda ayyuka  \u00e7\u0131kmas\u0131n\u0131 \u00f6rtbas etmek i\u00e7in,<br \/>\n<strong>4-<\/strong> \u00c7e\u00e7enlerle yapm\u0131\u015f olduklar\u0131 antla\u015fmalara g\u00f6re  taahh\u00fct ettikleri sava\u015f tazminat\u0131, birk\u0131s\u0131m sosyal haklar ile  Bak\u00fc-Novorosky petrol boru hatt\u0131n\u0131n \u00c7e\u00e7enistan&#8217;dan ge\u00e7en 150  kilometrelik k\u0131sm\u0131 i\u00e7in ton ba\u015f\u0131na \u00f6demeleri gereken 6 dolar\u0131  \u00f6demediklerinden, \u00c7e\u00e7enlerin petrol vanalar\u0131n\u0131 kapatmas\u0131ndan dolay\u0131,<br \/>\n<strong>5-<\/strong> Ruslar, \u00c7e\u00e7enlere bu paralar\u0131 \u00f6dememek i\u00e7in, petrol  boru hatt\u0131n\u0131 kendilerince daha g\u00fcvenli olan Da\u011f\u0131stan&#8217;\u0131n Botlik  b\u00f6lgesinden ge\u00e7irmeye karar vermeleri \u00fczerine; 94-96 sava\u015f\u0131nda \u00c7e\u00e7enleri  destekleyen Da\u011f\u0131stan&#8217;\u0131n Botlik b\u00f6lgesindeki \u00c7oban Mahi, Kara Mahi,  Gunip ve Gimri k\u00f6ylerinde ya\u015fayan Avarlara sald\u0131rarak sava\u015f\u0131  ba\u015flatm\u0131\u015flard\u0131r.<\/p>\n<p style=\"text-align: justify;\">7  A\u011fustos 1999&#8217;da ba\u015flat\u0131lan bu sava\u015f\u0131n ger\u00e7ek nedeni, \u00c7e\u00e7enistan&#8217;da  olmayan ter\u00f6ristleri yok etmek de\u011fil, her zaman kafalanna koymu\u015f  olduklar\u0131 \u00c7e\u00e7en Halk\u0131n\u0131 yok etme plan\u0131m uygulamaya koymakt\u0131r.<\/p>\n<p style=\"text-align: justify;\">De\u011ferli  milletvekilleri, bizler, di\u011fer \u00fclkeler gibi, Ruslar\u0131n bu vah\u015fetine  seyirci kalamay\u0131z. \u00c7e\u00e7enler, bizlerin \u0131rkda\u015f\u0131, dinda\u015f\u0131 ve \u00e7ok k\u00f6kl\u00fc  tarih ba\u011flar\u0131m\u0131z olan karde\u015flerimizdir. Tarih boyunca, zalime ve zulme  kar\u015f\u0131 olan \u015fanl\u0131 T\u00fcrk Devleti, Kosova&#8217;da, Bosna-Hersek&#8217;te,  Afganistan&#8217;da, d\u00fcnya kamuoyunu olu\u015fturarak, vah\u015fetlere &#8220;dur&#8221; demesini  bilmi\u015f ve bu vah\u015fetlerin durmas\u0131 i\u00e7in, gerekti\u011finde Birle\u015fmi\u015f  Milletlerden karar \u00e7\u0131kararak, bilfiil T\u00fcrk Ordusunun da i\u00e7inde bulund\u011fu  NATO m\u00fcdahalelerini sa\u011flam\u0131\u015ft\u0131r.<\/p>\n<p style=\"text-align: justify;\">Soruyorum  size: \u00c7e\u00e7enler, Kosoval\u0131lardan, Bosna-Herseklilerden,  Afganistanl\u0131lardan bize daha m\u0131 uzak? Bunlar bizim karde\u015flerimiz  de\u011filler mi? Ruslar, tankla, topla, u\u00e7ak ve helikopterle, \u00c7e\u00e7en k\u00f6y ve  kasabalar\u0131n\u0131 bombalarken, \u015fehirlerine att\u0131\u011f\u0131 bombalar topra\u011f\u0131n 8 metre  alt\u0131nda patlayarak, bodrum ve s\u0131\u011f\u0131naklar\u0131 da yerle bir etmektedir.<\/p>\n<p style=\"text-align: justify;\">Kahraman  \u00c7e\u00e7enler, yurtlar\u0131n\u0131, m\u00fcnferiden kullan\u0131lan kala\u015fnikofla korumaya  \u00e7al\u0131\u015f\u0131rken, Rusya, \u00c7e\u00e7enistan&#8217;da yapt\u0131\u011f\u0131 insanl\u0131kd\u0131\u015f\u0131 uygulamalar\u0131na bir  yenisi daha eklemi\u015ftir; o da, 6 Aral\u0131k sabah\u0131, Grozni&#8217;de kimyasal silah  kullanarak, bu insanl\u0131kd\u0131\u015f\u0131 vah\u015feti doru\u011fa \u00e7\u0131karm\u0131\u015ft\u0131r. At\u0131lan kimyasal  bomba sonucu y\u00fczlerce sivilin \u00f6ld\u00fc\u011f\u00fc, ba\u011f\u0131ms\u0131z kaynaklarca d\u00fcnyaya  duyurulmu\u015ftur. Ruslar\u0131n, Ba\u015fkent Grozni&#8217;de kalan \u00e7o\u011fu ya\u015fl\u0131, hasta,  \u00e7ocuk olmak \u00fczere, yakla\u015f\u0131k 30 000 ki\u015finin, \u015fehri terk etmedikleri  takdirde ter\u00f6rist muamelesine tabi tutulacaklar\u0131n\u0131 ilan etmeleri, ger\u00e7ek  niyetlerini ortaya koymaktad\u0131r.<\/p>\n<p style=\"text-align: justify;\">De\u011ferli  milletvekilleri, hep beraber, elli y\u0131ldan bu yana &#8220;\u015eamil, Kafkaslar\u0131n  kartal\u0131; \u015eamil, \u00f6zg\u00fcrl\u00fck g\u00fcne\u015fi; \u015eamil, Atat\u00fcrk&#8217;\u00fcn \u00f6zbe\u00f6z karde\u015fi;  \u015eamil&#8217;i tan\u0131mayan atas\u0131n\u0131 tan\u0131maz&#8221; demedik mi?! (Alk\u0131\u015flar) Nerede kald\u0131  bu s\u00f6zlerimiz?! \u00c7e\u00e7enler, \u015eeyh \u015eamil&#8217;in torunlar\u0131, bizlerin de  karde\u015fleri de\u011filler mi?!<\/p>\n<p style=\"text-align: justify;\">Kafkaslar\u0131n  omurgas\u0131n\u0131 olu\u015fturan \u00c7e\u00e7enler, tarih boyunca Ruslarla sava\u015fm\u0131\u015flard\u0131r.  Ruslar\u0131n iddialar\u0131n\u0131n aksine, Vahabili\u011fin d\u00fcnyada en son girebilece\u011fi  yer \u00c7e\u00e7enistan&#8217;d\u0131r; \u00e7\u00fcnk\u00fc, Vahabilik, tarikatlara, Sufili\u011fe ve tasavvufa  \u015fiddetle kar\u015f\u0131d\u0131r. \u00c7e\u00e7enler, \u0130mam Mansur&#8217;la ba\u015flay\u0131p, Gazi Muhammet,  \u0130mam Hamzat ve \u015eeyh \u015eamil ile devam eden, din\u00ee d\u00fc\u015f\u00fcnce ile vatan fikrini  birle\u015ftiren miiridizm hareketini g\u00fcn\u00fcm\u00fcze kadar ta\u015f\u0131m\u0131\u015flard\u0131r.<\/p>\n<p style=\"text-align: justify;\">Kafkaslar\u0131n  efsanev\u00ee lideri \u015eeyh \u015eamil 1870 y\u0131l\u0131nda Hacca giderken \u0130stanbul&#8217;a  u\u011frad\u0131\u011f\u0131nda, \u0130stanbul tarih\u00ee bir g\u00fcn ya\u015fam\u0131\u015ft\u0131r. Padi\u015fah AbdUlaziz Han  Dolmabah\u00e7e Saray\u0131n\u0131n kap\u0131s\u0131nda \u015eeyh \u015eamil&#8217;i kar\u015f\u0131lay\u0131p kucaklarken  duygular\u0131n\u0131 &#8220;Babam kabirden kalksayd\u0131 ancak bu kadar sevinebilirdim&#8221;  diye ifade etmi\u015ftir. (Alk\u0131\u015flar) \u015eeyh \u015eamil ise, Sultan Abd\u00fclaziz Han&#8217;a  &#8220;Cihan Padi\u015fah\u0131m, bu karde\u015f elini uzatmakta \u00e7ok ge\u00e7 kald\u0131n\u0131z&#8221; demi\u015ftir.<\/p>\n<p style=\"text-align: justify;\">De\u011ferli  milletvekilleri, yak\u0131n tarihte Moskova&#8217;y\u0131 ziyaret eden Say\u0131n  Ba\u015fbakan\u0131m\u0131z\u0131, Rusya Federasyonu bir Ba\u015fbakan Yard\u0131mc\u0131s\u0131yla  kar\u015f\u0131lam\u0131\u015ft\u0131r. Ba\u015fbakan\u0131m\u0131z\u0131n g\u00f6r\u00fc\u015fme talep etti\u011fi Devlet Ba\u015fkan\u0131  Yeltsin, ayn\u0131 saatte Ermenistan Devlet Ba\u015fkan\u0131 Petrosyan ile g\u00f6r\u00fc\u015f\u00fcrken,  Ba\u015fbakan\u0131m\u0131za randevu vermeyi\u015fine neden olarak sa\u011fl\u0131k durumunu  g\u00f6stermesi ne kadar d\u00fc\u015f\u00fcnd\u00fcr\u00fcc\u00fcd\u00fcr!<\/p>\n<p style=\"text-align: justify;\">Bu  kadar ac\u0131 tarih\u00ee ger\u00e7eklere ra\u011fmen, birtak\u0131m ki\u015filerin \u00e7\u0131kar ve  menfaatlar\u0131 u\u011fruna, ger\u00e7ekle\u015fmesi hayal olan projelerde Rusya ile ortak  olmak i\u00e7in \u00c7e\u00e7enistan meselesine &#8220;Rusya&#8217;n\u0131n i\u00e7 meselesi&#8221; dememiz ne  kadar do\u011fru olur?!<\/p>\n<p style=\"text-align: justify;\">Say\u0131n  milletvekilleri, T\u00fcrk insan\u0131 sava\u015fa giderken &#8220;Ya Allah Bismillah&#8221; der;  radyolar kahramanl\u0131k t\u00fcrk\u00fcleri ve mar\u015flar \u00e7alar; analar babalar,  o\u011fullar\u0131na &#8220;git Allah i\u00e7in, vatan i\u00e7in \u015fehit&#8221; ol demez mi?! \u00c7e\u00e7enler  bunlardan farkl\u0131 bir \u015fey mi s\u00f6ylediler?!<\/p>\n<p style=\"text-align: justify;\">Ulu  \u00d6nder, Kurtulu\u015f Sava\u015f\u0131n\u0131 19 May\u0131s 1919&#8217;da ba\u015flatm\u0131\u015ft\u0131. T\u00fcrkiye  Cumhuriyeti 29 Ekim 1923 tarihinde kuruldu. Halifelik 1 Kas\u0131m 1924&#8217;te  kald\u0131r\u0131ld\u0131. Laiklik anayasaya uzun y\u0131llar sonra girdi. \u00c7e\u00e7enlerden, iki  y\u0131l gibi k\u0131sa bir s\u00fcrede, hem devlet olmalar\u0131n\u0131 hem de bunlar\u0131n hepsini  ba\u015farmalar\u0131n\u0131 istemek, haks\u0131zl\u0131k olmaz m\u0131?!<\/p>\n<p style=\"text-align: justify;\">Bak\u0131n, 1996 \u00c7e\u00e7en zaferinden sonra yap\u0131lan \u00c7e\u00e7en Anayasas\u0131na g\u00f6re :<\/p>\n<p style=\"text-align: justify;\">&#8220;<em><strong>Madde 21.<\/strong> &#8211; \u00c7e\u00e7en Cumhuriyeti vatanda\u015ftan kanun ve mahkeme kar\u015f\u0131s\u0131nda e\u015fittir.  Milletinden, \u0131rk\u0131ndan, sosyal men\u015feinden, cinsiyetinden, dilinden, dine  bak\u0131\u015f\u0131ndan, ikamet etti\u011fi yerden, me\u015fguliyetinden, mal varl\u0131\u011f\u0131ndan,  siyas\u00ee ve di\u011fer g\u00f6r\u00fc\u015flerinden ve di\u011fer durumlardan ba\u011f\u0131ms\u0131z olarak e\u015fit  derecede korunma hakk\u0131na sahiptir.<\/em>&#8220;<\/p>\n<p style=\"text-align: justify;\">&#8220;<em><strong>Madde 43.<\/strong> &#8211; Vicdan \u00f6zg\u00fcrl\u00fc\u011f\u00fc teminat alt\u0131ndad\u0131r. \u00c7e\u00e7en Cumhuriyeti vatanda\u015f\u0131,  herhangi bir dine inanmak veya hi\u00e7bir dine inanmamak, din\u00ee ibadetlerini  yerine getirmek veya yasalara ters d\u00fc\u015fmeyen herhangi di\u011fer bir din\u00ee  faaliyette bulunma hakk\u0131na sahiptir.<\/em>&#8220;<\/p>\n<p style=\"text-align: justify;\">Say\u0131n  milletvekilleri, 94-96 sava\u015f\u0131nda \u00c7e\u00e7enlere yenilen Ruslar, o g\u00fcn,  \u00c7e\u00e7enlerin her iste\u011fini kabul edip bir\u00e7ok antla\u015fma yapt\u0131lar. D\u00fcnya  kamuoyunun g\u00f6z\u00fc \u00f6n\u00fcnde imzalad\u0131klar\u0131 antla\u015fmalar\u0131, iki y\u0131l gibi k\u0131sa  s\u00fcre sonra hi\u00e7e say\u0131p, \u00c7e\u00e7enlere sava\u015f a\u00e7t\u0131lar.<\/p>\n<p style=\"text-align: justify;\">\u015eimdi, biz, Rusya&#8217;dan gaz alaca\u011f\u0131z. Kritik zamanda gaz\u0131 kesmeyeceklerine nas\u0131l g\u00fcvenebiliriz!<\/p>\n<p style=\"text-align: justify;\">Say\u0131n  milletvekilleri, \u00c7e\u00e7enistan, f\u00fczeyle, tankla, topla, u\u00e7ak ve  helikopterle yerle bir edildi. \u00c7e\u00e7enlerin ya\u015fl\u0131, \u00e7ocuk ve kad\u0131nlar\u0131  topyek\u00fbn m\u00fclteci durumuna d\u00fc\u015f\u00fcr\u00fcld\u00fc. Bu m\u00fclteciler yollarda top at\u0131\u015f\u0131na  tutuluyor. Bu insanlar\u0131 m\u00fclteci olarak sadece \u0130ngu\u015fistan kabul  etmektedir. Bu minik \u00fclkenin, 300 binden fazla m\u00fclteciye, sadece ekmek  bulmas\u0131 m\u00fcmk\u00fcn de\u011fil. (Mikrofon otomatik cihaz taraf\u0131ndan kapat\u0131ld\u0131)<\/p>\n<p style=\"text-align: justify;\"><em><strong>BA\u015eKAN<\/strong> &#8211; Say\u0131n Yavuz, l\u00fctfen, 2 dakika i\u00e7erisinde toparlay\u0131n\u0131z.<\/em><\/p>\n<p style=\"text-align: justify;\"><strong>M\u00dcMTAZ YAVUZ (Devamla)<\/strong> &#8211; Bu insanlar, bu a\u011f\u0131r k\u0131\u015f ko\u015fullar\u0131nda b\u0131rak\u0131n bar\u0131nmay\u0131, bir lokma ekmek bulamamaktad\u0131r; hepsi a\u00e7, sefil ve hastad\u0131r.<\/p>\n<p style=\"text-align: justify;\">D\u00fcnya,  g\u00f6z\u00fcn\u00fc a\u00e7\u0131p bu ac\u0131 ger\u00e7e\u011fi g\u00f6rm\u00fcyorsa, biz de mi g\u00f6zlerimizi kapat\u0131p bu  insanl\u0131k d\u0131\u015f\u0131 vah\u015feti g\u00f6rmeyece\u011fiz! Bu insanlar karde\u015fimiz, bunlar  dinda\u015f\u0131m\u0131z de\u011filler mi?!<\/p>\n<p style=\"text-align: justify;\">T\u0131pk\u0131, Necip Faz\u0131l&#8217;\u0131n dedi\u011fi gibi:<\/p>\n<p style=\"text-align: justify;\">&#8220;Vicdan azab\u0131na e\u015f kayna kayna Sakarya,<br \/>\n\u00d6z yurdunda garipsin, \u00f6z vatan\u0131nda parya&#8221; (DYP ve FP s\u0131ralar\u0131ndan alk\u0131\u015flar)<\/p>\n<p style=\"text-align: justify;\">\u0130\u015fte,  say\u0131n milletvekilleri, Ruslar, \u00c7e\u00e7enlere &#8220;11 Aral\u0131\u011fa kadar Grozni&#8217;yi  bo\u015falt\u0131n&#8221; diyorlard\u0131; \u00c7e\u00e7enlere bir kez daha &#8220;yurdunuzu yuvan\u0131z\u0131 terk  edin&#8221; bir kez daha &#8220;yurtsuz yuvas\u0131z kal\u0131n&#8221; diyorlar. \u00c7\u00fcnk\u00fc, Ruslar \u015funu  \u00e7ok iyi biliyorlar: E\u011fer \u00c7e\u00e7enistan&#8217;daki sava\u015f\u0131 kaybederlerse,  federasyon tekrar bir da\u011f\u0131lma s\u00fcrecine girecek, ayr\u0131ca, kaybettikleri  bir sava\u015f\u0131n sonunda yapt\u0131klar\u0131 insanl\u0131k d\u0131\u015f\u0131 uygulamalar i\u00e7in sava\u015f  su\u00e7lusu olarak yarg\u0131lanmaktan korkmaktad\u0131rlar.<\/p>\n<p style=\"text-align: justify;\">De\u011ferli  milletvekilleri, T\u00fcrk Milleti, ayn\u0131 k\u00f6kten gelen, ayn\u0131 de\u011ferlerle  beslenen, tasada, k\u0131van\u00e7ta ortak, b\u00fcy\u00fck bir \u00e7\u0131nard\u0131r. Bizim kolumuzu  kanad\u0131m\u0131z\u0131 kesmeye \u00e7al\u0131\u015f\u0131rlarken, Y\u00fcce Meclisin konuyu bu hassasiyetle  de\u011ferlendirece\u011fine olan inanc\u0131m tamd\u0131r. 57 nci h\u00fck\u00fcmetin de bu  hassasiyeti dikkate alarak, \u00c7e\u00e7enistan&#8217;da ya\u015fanan soyk\u0131r\u0131m\u0131n bu aziz  ramazan g\u00fcn\u00fcnde durdurulmas\u0131 i\u00e7in \u00fczerine d\u00fc\u015feni yapmas\u0131 dile\u011fiyle, Y\u00fcce  Heyetinizi sayg\u0131yla selamlar\u0131m. (Alk\u0131\u015flar)<\/p>\n<p style=\"text-align: justify;\"><em><strong>BA\u015eKAN<\/strong> &#8211; Te\u015fekk\u00fcr ederim Say\u0131n Yavuz.<\/em><\/p>\n<p style=\"text-align: justify;\">Gruplar  ad\u0131na ikinci konu\u015fma, Anavatan Partisi Grubu ad\u0131na istanbul  Milletvekili Say\u0131n Ahat Andican&#8217;a ait (ANAP s\u0131ralar\u0131ndan alk\u0131\u015flar)<\/p>\n<p style=\"text-align: justify;\">Say\u0131n Andican, s\u00fcreniz 20 dakikad\u0131r. Buyurun efendim.<\/p>\n<p style=\"text-align: justify;\"><strong>ANAP GRUBU ADINA A. AHAT AND\u00ceCAN (\u0130stanbul)<\/strong> &#8211; Say\u0131n Ba\u015fkan, de\u011ferli milletvekilleri; T\u00fcrkiye&#8217;ye, her y\u00f6n\u00fcyle, \u00e7ok  uzak olmayan Kafkasya&#8217;da yakla\u015f\u0131k d\u00f6rt ayd\u0131r, ger\u00e7ekten, b\u00fcy\u00fck bir  insanl\u0131k dram\u0131 ya\u015fan\u0131yor. Bunu &#8220;insanl\u0131k dram\u0131&#8221; olarak tan\u0131mlamak,  asl\u0131nda, biraz hafifletmek. Orada bir jenosit, bir soyk\u0131r\u0131m ya\u015fan\u0131yor ve  b\u00fct\u00fcn d\u00fcnyan\u0131n g\u00f6zleri \u00f6n\u00fcnde. \u00eensan haklan, AGlT, Paris \u015eart\u0131, ne  derseniz deyin, bug\u00fcne kadar yaz\u0131lm\u0131\u015f \u00e7izilmi\u015f t\u00fcm hukuk kurallar\u0131n\u0131n  d\u0131\u015f\u0131nda bir uygulama, kanl\u0131 bir \u015fekilde devam ediyor. Hatta o kadar ki,  son d\u00f6nemde, bu b\u00f6lgede vakum bombalar\u0131n\u0131n kullan\u0131ld\u0131\u011f\u0131, yani, kimi  \u00f6ld\u00fcrd\u00fc\u011f\u00fc kesinlikle ayr\u0131lamayacak, geni\u015f bir b\u00f6lgeyi tamamen mahvedecek  bomba tipi kullan\u0131ld\u0131\u011f\u0131 noktas\u0131nda iddialar var ve Rus Genelkurmay\u0131ndan  yay\u0131mlanan bir bildiride de, bunun, b\u00f6yle bir patlaman\u0131n oldu\u011fu  \u015feklinde, ay\u0131n 10&#8217;unda Anadolu Ajans\u0131&#8217;n\u0131n Intertass&#8217;a ba\u011fl\u0131 olarak  ge\u00e7ti\u011fi haberler var.<\/p>\n<p style=\"text-align: justify;\">Tabi\u00ee,  bu olay, aysberkin su \u00fczerinde kalan y\u00fcz\u00fc; derine bakmam\u0131z laz\u0131m ve  T\u00fcrkiye, maalesef, bu olay\u0131, kendi g\u00f6zleriyle de\u011fil, kitlesel medyam\u0131z\u0131n  Bat\u0131 kaynakl\u0131 yakla\u015f\u0131m\u0131yla g\u00f6zledi\u011fi i\u00e7in, onlara da b\u00fcy\u00fck \u00f6l\u00e7\u00fcde,  haberler, Rus merkezli olarak gitti\u011fi i\u00e7in, mesele, bir \u00c7e\u00e7en-Rus  \u00e7at\u0131\u015fmas\u0131 olarak de\u011fil -alt\u0131n\u0131 \u00e7izerek vurguluyorum- k\u00f6kten dinci  ter\u00f6rist ve modern, \u00e7a\u011fda\u015f Rus \u00e7at\u0131\u015fmas\u0131 \u015feklinde anlat\u0131lmaktad\u0131r.  T\u00fcrkiye&#8217;de de kamuoyunun b\u00fcy\u00fck bir k\u0131sm\u0131 -ne yaz\u0131k ki, buna, biricisini  entelekt\u00fcellerimiz, siyaset\u00e7ilerimiz de dahildir- olay\u0131 bu \u015fekilde  alg\u0131lamakta ve g\u00f6sterdikleri refleksi de ideolojik yakla\u015f\u0131mlar\u0131n\u0131n \u0131\u015f\u0131\u011f\u0131  i\u00e7erisinde yapmaktad\u0131rlar; yanl\u0131\u015f buradad\u0131r. (ANAP s\u0131ralar\u0131ndan  alk\u0131\u015flar)<\/p>\n<p style=\"text-align: justify;\">Meseleyi  netle\u015ftirmek bak\u0131m\u0131ndan, izin verirseniz, biraz geriye gitmemiz  gerekir. Biliyorum, t\u00fcm arkada\u015flar\u0131m gelecekler, \u015eeyh Mahsur&#8217;dan  ba\u015flayan ikiy\u00fczelli y\u0131ll\u0131k \u00c7e\u00e7enistan-Rus m\u00fccadelesini burada g\u00fcndeme  getirecekler. Yaln\u0131z burada \u00e7ok \u00f6nemli bir nokta var, bunu ortaya  koymam\u0131z laz\u0131m; tarih, tarihtir; de\u011fi\u015ftiremeyiz.<\/p>\n<p style=\"text-align: justify;\">Evet,  \u015eeyh Mansur, bir Nak\u015fibendi \u015feyhi; onunla ba\u015fl\u0131yor i\u015f ve bu Nak\u015fibendi  \u015feyhinin \u00f6nderli\u011finde \u00c7e\u00e7enler yirmi otuz y\u0131l s\u00fcren bir m\u00fccadele  veriyorlar; sonra, onun sonu geliyor.<\/p>\n<p style=\"text-align: justify;\">Aradan  k\u0131sa bir s\u00fcre ge\u00e7tikten sonra, hepimizin T\u00fcrkiye&#8217;de \u00e7ok yak\u0131ndan  tan\u0131d\u0131\u011f\u0131 \u015eeyh \u015eamil geliyor; o da bir Nak\u015fibendi \u015feyhi. Onun da  sonucu&#8230;<\/p>\n<p style=\"text-align: justify;\">Tabi\u00ee,  burada sadece &#8220;Nak\u015fibendi \u015feyhi&#8221; diyerek ge\u00e7iyorum; temelde onlar\u0131n  olu\u015fturdu\u011fu organizasyon, bir suf\u0131 dayan\u0131\u015fmas\u0131. \u00c7e\u00e7enistan&#8217;daki durumu  iyi anlamam\u0131z laz\u0131m; k\u00f6kten dincilik ba\u011flam\u0131nda olup olmad\u0131\u011f\u0131n\u0131 iyi  de\u011ferlendirmemiz laz\u0131m; yoksa, yanl\u0131\u015f \u015fablonlara oturtmu\u015f oluruz, onun  i\u00e7in anlat\u0131yorum bunlar\u0131; yoksa, size tarihi tekrar nakletmek i\u00e7in  de\u011fil.<\/p>\n<p style=\"text-align: justify;\">Sonra,  Nak\u015fibcnd\u00eelerin sonu geliyor. Hac\u0131 Kuntay&#8217;la beraber -1850&#8217;lerdir  bunlar- Kadiri tarikat\u0131 \u00f6nderleri hadiseye sahip \u00e7\u0131k\u0131yor ve yine suf\u00ee  dayan\u0131\u015fmas\u0131 i\u00e7erisinde &#8220;imamlar d\u00f6nemi&#8221; denilen -elli y\u0131l neredeyse- bir  m\u00fccadele s\u00fcrd\u00fcr\u00fcl\u00fcyor. Her on y\u0131lda bir isyan, bu \u015fekilde  tan\u0131mlayabiliriz.<\/p>\n<p style=\"text-align: justify;\">Birinci  D\u00fcnya Sava\u015f\u0131n\u0131n hemen akabinde, devrim y\u0131llar\u0131na geldi\u011fimizde, bu kez  bir ba\u015fka Kadiri \u015feyhi, \u015eeyh Uzun&#8217;un \u00f6nderli\u011finde, sekiz y\u0131l s\u00fcren  -1925&#8217;e kadar- bir m\u00fccadele var.<\/p>\n<p style=\"text-align: justify;\">Bunlar,  hep tarihsel ger\u00e7ekler; fakat, bir \u015feyi aktaraca\u011f\u0131m ve onu  yorumlayaca\u011f\u0131z beraberce, o da \u015fudur: Daha sonraki d\u00f6nemde, 1944&#8217;te  -biliyorsunuz, bu tarih de her yerde yaz\u0131l\u0131r- Stalin, Nazilerle  i\u015fbirli\u011fi yapt\u0131klar\u0131 gerek\u00e7esiyle, 5 ulusu yerlerinden s\u00f6ker, bir ki\u015fi  kalmamacas\u0131na b\u00f6lgelerini bo\u015falt\u0131r. Bunlardan bir tanesi, Volga  Almanlar\u0131; H\u0131ristiyand\u0131r, kalanlar ise, T\u00fcrk, M\u00fcsl\u00fcman ve o tip  gruplard\u0131r; Kara\u00e7aylar, Balkarlar, \u00c7e\u00e7enler ve K\u0131r\u0131ml\u0131lar.<\/p>\n<p style=\"text-align: justify;\">Aradan  bir s\u00fcre daha ge\u00e7er, 1957&#8217;de, Stalin&#8217;in \u00f6l\u00fcm\u00fcnden sonraki Kremlin  m\u00fccadelesinden ba\u015far\u0131yla \u00e7\u0131kan Kru\u015f\u00e7ev, deStalinizasyon s\u00fcrecinin bir  gere\u011fi olarak da, bu uluslar\u0131n, K\u0131r\u0131ml\u0131lar hari\u00e7, yurtlar\u0131na d\u00f6nmesine  izin verir ve i\u015fte bug\u00fcn tarih sahnesinde cidd\u00ee bir m\u00fccadele veren  \u00c7e\u00e7en-\u0130ngu\u015f Cumhuriyeti, daha do\u011frusu \u00c7e\u00e7en yap\u0131lanmas\u0131, bu \u015fekilde  ortaya \u00e7\u0131kar.<\/p>\n<p style=\"text-align: justify;\">\u015eimdi,  burada bir \u015feyin alt\u0131n\u0131 \u00e7izmek istiyorum. Bu Stalin taraf\u0131ndan  \u00fclkelerinden \u00e7\u0131kar\u0131l\u0131p s\u00fcr\u00fcld\u00fckleri d\u00f6nemde, yar\u0131ya yak\u0131n n\u00fcfuslar\u0131n\u0131  kaybederler, bu, tarihsel ac\u0131 bir ger\u00e7ek; ama; bir \u015fey daha var:  S\u00fcr\u00fcld\u00fckleri b\u00f6lgelerde varl\u0131klar\u0131n\u0131 ve devamlar\u0131m, o m\u00fccadele  azimlerini sa\u011flamak bak\u0131m\u0131ndan bir ba\u015fka \u00d6nder ortaya \u00e7\u0131kar; Hac\u0131 \u00dcveys;  o da bir tarikat \u015feyhidir -Vis Hac\u0131; \u00f6yle derler onlar- bu Vis Hac\u0131n\u0131n  \u00f6rg\u00fctledi\u011fi model, \u00c7e\u00e7enlerin s\u00fcrg\u00fcnde varl\u0131klar\u0131n\u0131 s\u00fcrd\u00fcrmelerini  sa\u011flar, d\u00f6nd\u00fckten sonra da, \u00fclkelerinde h\u0131zla organize olmalar\u0131n\u0131  sa\u011flar.<\/p>\n<p style=\"text-align: justify;\">\u015eimdi,  de\u011ferli arkada\u015flar\u0131m, bu kadar \u015feyi niye anlat\u0131m; \u015funun i\u00e7in:  T\u00fcrkiye&#8217;nin ger\u00e7e\u011fiyle, T\u00fcrkiye&#8217;nin dinsel ger\u00e7e\u011fiyle \u00c7e\u00e7enistan&#8217;\u0131n  ger\u00e7e\u011fi farkl\u0131. Bir anlamda, T\u00fcrkiye&#8217;de tarihsel s\u00fcre\u00e7, belki, \u00e7e\u015fitli  odaklar\u0131n \u00fczerine \u015fekillenerek geli\u015fti; ama, \u00c7e\u00e7enistan&#8217;da tarihsel,  toplumsal s\u00fcre\u00e7te, i\u015fte biraz \u00f6nce s\u00f6yledi\u011fim suf\u00ee dayan\u0131\u015fmas\u0131 ve  tarikat liderleri \u00e7ok \u00f6nemli rol oynad\u0131lar, h\u00e2l\u00e2 oynamaya devam  ediyorlar. Ayr\u0131\u015fma noktam\u0131z, i\u015fte burada ortaya \u00e7\u0131k\u0131yor. Bu insanlar,  normal ya\u015fam\u0131 alg\u0131lad\u0131klar\u0131, kendi inan\u00e7lar\u0131n\u0131 alg\u0131lad\u0131klar\u0131 bi\u00e7imde  ya\u015fad\u0131lar ve \u015fimdi de ya\u015famaya devam ediyorlar; ama, bunu, medeniyetler  \u00e7at\u0131\u015fmas\u0131 mant\u0131\u011f\u0131 i\u00e7erisinde, yani, O Huntington&#8217;un me\u015fhur teorisi  i\u00e7erisinde, bir k\u00f6kten dincilik anlay\u0131\u015f\u0131 olarak al\u0131rsan\u0131z, onlar\u0131 yanl\u0131\u015f  yarg\u0131lam\u0131\u015f olursunuz, yanl\u0131\u015f de\u011ferlendirmi\u015f olursunuz. Bunun i\u00e7in bu  kadar anlatt\u0131m. Bunda, kendi d\u00fc\u015f\u00fcncemizi, kendi projeksiyonumuzu, bak\u0131\u015f  a\u00e7\u0131m\u0131z\u0131 do\u011fru oturtmam\u0131z laz\u0131m.<\/p>\n<p style=\"text-align: justify;\">\u015eimdi,  geliyorum bug\u00fcne: Bilinen \u00f6yk\u00fc; 1990 Sovyetler&#8217;in dezentegrasyonu,  ard\u0131ndan cumhuriyetlerin ortaya \u00e7\u0131k\u0131\u015f\u0131 ve Sovyet Anayasas\u0131 ortadan  kalkt\u0131\u011f\u0131 i\u00e7in, \u00c7e\u00e7enlerin de bir anayasal ba\u011f\u0131ml\u0131l\u0131k hissetmeyerek  ba\u011f\u0131ms\u0131zhklann\u0131 ilan edi\u015fleri; i\u015fte, kimilerinin Cahar, kimilerinin  Cevher dedi\u011fi me\u015fhur Cahar Dudayev olay\u0131; ondan sonra; 1994&#8217;te bir  \u00c7e\u00e7en-Rus Sava\u015f\u0131n\u0131n ba\u015flamas\u0131; onun \u015fehit olmas\u0131, ondan sonra da,  bug\u00fcnk\u00fc liderin, Aslan Mashadov&#8217;un se\u00e7ilmesi&#8230;<\/p>\n<p style=\"text-align: justify;\">\u015eimdi,  burada, bu m\u00fccadelenin sonu&#8230; Ki, o d\u00f6nemde \u00e7e\u015fitli fakt\u00f6rler var,  bunlara da de\u011finece\u011fim k\u0131saca; \u00e7\u00fcnk\u00fc, olay\u0131 alg\u0131lamak i\u00e7in, olaya,  sadece \u00c7e\u00e7enler a\u00e7\u0131s\u0131ndan bakmak yeterli de\u011fil. Bu m\u00fccadelenin sonunda  &#8220;Khasavyurt Anla\u015fmas\u0131&#8221; ad\u0131 alt\u0131nda bir anla\u015fma yap\u0131l\u0131yor; benden \u00f6nce  konu\u015fan arkada\u015f\u0131m da s\u00f6yledi. Bu anla\u015fmada \u00f6ng\u00f6r\u00fclen \u015fey \u015fuydu -bunu  anlamam\u0131z laz\u0131m, hat\u0131rlamam\u0131z laz\u0131m- deniliyordu ki: &#8220;2001 y\u0131lma kadar  \u00c7e\u00e7enistan&#8217;\u0131n hukuk\u00ee stat\u00fcs\u00fc ask\u0131da kalacakt\u0131r; 2001 y\u0131l\u0131nda, Rusya ve  \u00c7e\u00e7enistan, kar\u015f\u0131l\u0131kl\u0131 oturarak, \u00c7e\u00e7enistan&#8217;\u0131n hukuk\u00ee stat\u00fcs\u00fcn\u00fc niha\u00ee  olarak belirleyeceklerdir.&#8221; Khasavyurt Anla\u015fmas\u0131n\u0131n -sayfalarca yaz\u0131lan  anla\u015fman\u0131n- \u00f6zeti bu.<\/p>\n<p style=\"text-align: justify;\">\u0130\u015fte  bu noktada, \u00c7e\u00e7enistan&#8217;daki, maalesef, \u00c7e\u00e7enistan a\u00e7\u0131s\u0131ndan yap\u0131lan bir  yanl\u0131\u015f ortaya \u00e7\u0131kt\u0131; o da \u015fudur: Mashadov&#8217;un \u00f6nderli\u011finde \u00c7e\u00e7enistan&#8230;<\/p>\n<p style=\"text-align: justify;\">Biz  n\u00f6tr bakmal\u0131y\u0131z, ger\u00e7ekleri buraya yat\u0131rmal\u0131y\u0131z; yoksa, yaln\u0131zca edeb\u00ee  olmak u\u011fruna, yaln\u0131zca duygusal olmak u\u011fruna ger\u00e7ekleri g\u00f6zard\u0131 edersek,  meseleyi analiz etmek, meseleye y\u00f6nelik yakla\u015f\u0131mlar\u0131m\u0131z\u0131, do\u011fru  yakla\u015f\u0131mlar\u0131 ortaya koymaktan uzakla\u015f\u0131r\u0131z diye d\u00fc\u015f\u00fcn\u00fcyorum. Onun i\u00e7in,  n\u00f6tr kalmaya ve meseleyi oldu\u011fu gibi masaya yat\u0131rmaya \u00f6zen g\u00f6sterelim  diyorum.<\/p>\n<p style=\"text-align: justify;\">\u0130\u015fte  bu noktada, Mashadov, kendisinden beklenen \u015feyi ger\u00e7ekle\u015ftiremedi; yani,  \u00c7e\u00e7enistan&#8217;da bir homojenizasyonu ve \u00c7e\u00e7enistan&#8217;\u0131n kendi i\u00e7erisinde,  kendi ayaklar\u0131 \u00fczerinde durabilen bir \u00c7e\u00e7enistan i\u00e7in, asl\u0131nda, \u00c7e\u00e7en  karde\u015flerimizin \u00f6nlerinde be\u015f y\u0131l vard\u0131.<\/p>\n<p style=\"text-align: justify;\">Ne  oldu; T\u00fcrkiye&#8217;de \u00e7ok iyi tan\u0131nan bir ba\u015fka fig\u00fcr, \u015eamil Basayev ve  Salman Raduyev, bu arkada\u015flar\u0131m\u0131z -sak\u0131n kimse yanl\u0131\u015f anlamas\u0131n, sadece  tan\u0131mlama yap\u0131yorum- sava\u015f lordlar\u0131 gibi, olay\u0131 b\u00fct\u00fcn Kuzey Kafkasya&#8217;ya  yayma amac\u0131yla, \u00c7e\u00e7enistan&#8217;\u0131n kom\u015fusu olan Da\u011f\u0131stan&#8217;da bir \u0130slam\u00ee devlet  kurma anlay\u0131\u015f\u0131 i\u00e7erisinde, Rus kontrol\u00fc alt\u0131nda olan bu b\u00f6lgede bir  harek\u00e2t ba\u015flatt\u0131lar ve bir devlet ilan ettiler. \u00c7e\u00e7en dostlar\u0131m\u0131z\u0131n  yanl\u0131\u015f\u0131 da burada ba\u015fl\u0131yor. Bu, Rusya&#8217;n\u0131n eline \u00e7ok cidd\u00ee bir koz verdi.  Nedir o; i\u00e7g\u00fcvenlik kozu, kendisinden par\u00e7alanma s\u00fcrecini ba\u015flatt\u0131klar\u0131  kozu ve i\u015fte, biraz \u00f6nce s\u00f6yledi\u011fimiz, ter\u00f6rizmle su\u00e7lama kozu.<\/p>\n<p style=\"text-align: justify;\">Tam bu  s\u0131rada da, Rusya&#8217;n\u0131n \u00e7e\u015fitli yerlerinde bombalama olaylar\u0131 -ki, KGB  taraf\u0131ndan yap\u0131lm\u0131\u015f olma ihtimali \u00e7ok kuvvetlidir -bunlar da \u00c7e\u00e7enlerin  s\u0131rt\u0131na y\u00fcklendi. Sonu\u00e7; Putin&#8217;in verdi\u011fi emir, Rus Genelkurmay\u0131n\u0131n da  b\u00fcy\u00fck bir azmiyle -\u00f6yle demek laz\u0131m- Da\u011f\u0131stan&#8217;daki bu g\u00fc\u00e7ler  geriletildi, daha sonra da olay orada durmad\u0131; \u00e7\u00fcnk\u00fc, harek\u00e2t  ba\u015flad\u0131\u011f\u0131nda, Rusya yakalad\u0131\u011f\u0131 f\u0131rsat\u0131 anlam\u0131\u015ft\u0131. Putin&#8217;in a\u011fz\u0131ndan  ifade edeyim -s\u00f6zleri, kelimeleri tam olmayabilir- &#8220;Evet, bu olay,  \u00c7e\u00e7enistan&#8217;daki sorun \u00e7\u00f6z\u00fcmleninceye kadar devam edecektir.&#8221; Putin&#8217;in  a\u011fz\u0131ndan ifade edilen \u015feydir bu.<\/p>\n<p style=\"text-align: justify;\">Sonu\u00e7:  Bug\u00fcn Grozni sar\u0131lm\u0131\u015f durumda, binlerce m\u00fclteci, yan \u00fclkelerde ya da  \u00f6ld\u00fc; kad\u0131n, \u00e7oluk \u00e7ocuk demeden, bu katliam devam ediyor ve \u00f6n\u00fcm\u00fczdeki  d\u00f6nemde de muhtemelen bu s\u00fcre\u00e7 devam edecek. Bu da meselenin \u00c7e\u00e7en  taraf\u0131.<\/p>\n<p style=\"text-align: justify;\">Rus taraf\u0131n\u0131 ise, birka\u00e7 noktada \u00f6zetlemek m\u00fcmk\u00fcn :<\/p>\n<p style=\"text-align: justify;\">Birincisi,  bunu bilmek i\u00e7in \u00e2lim olmaya falan gerek yok; ama, milliyetler problemi  a\u00e7\u0131s\u0131ndan Sovyetler Birli\u011finde ge\u00e7erli olan i\u00e7 dinamikler, Rusya i\u00e7in  de ge\u00e7erli olmaya devam ediyor ve \u00f6zellikle o co\u011frafyaya bakarsan\u0131z,  Karadeniz&#8217;den ba\u015flay\u0131p Hazar&#8217;a kadar devam eden bir boyun g\u00f6r\u00fcrs\u00fcn\u00fcz; o  boyun, Adige&#8217;den ba\u015flar, Kara\u00e7ay, Balkar, \u00c7e\u00e7en, \u0130ngu\u015f, Osetya, Da\u011f\u0131stan  gibi, devam eder gider&#8230; Bu boyun, eskiden nas\u0131l &#8220;Sovyet Ortaasyas\u0131&#8221;  diye tan\u0131mlanan b\u00f6lge, Sovyetlerin yumu\u015fak karn\u0131 olarak tan\u0131mlan\u0131yor  idiyse, bug\u00fcn de bu boyun, Ruslar\u0131n, Rus Federasyonunun Kafkasya&#8217;daki  yumu\u015fak boynu olarak tan\u0131mlanabilir.<\/p>\n<p style=\"text-align: justify;\">\u0130\u015fte  bu noktada, Rusya, bu refleksi, ikinci bir dezentegrasyona gitmemek ve  b\u00f6lgedeki emperyal emellerini, o yak\u0131n \u00e7evre veya &#8220;Near Abroad&#8221; diye  bilinen doktrini s\u00fcrd\u00fcrebilmek amac\u0131yla, bu hadiseyi sfonland\u0131rmakla  kendisini muhakkak y\u00fck\u00fcml\u00fc hissetmi\u015ftir.<\/p>\n<p style=\"text-align: justify;\">Bir  ba\u015fka boyutu, pisikolojik boyutudur. 1994-1996 Sava\u015f\u0131nda ba\u015far\u0131l\u0131  olamayan Rus asker\u00ee y\u00f6neticileri- ki, bunlardan, \u015fu anda Genelkurmay  Ba\u015fkan\u0131 olan Anatoli Kva\u015fnin, o harek\u00e2tta da y\u00f6neticiydi; \u015fu anda  Kafkasya&#8217;daki 58 inci Ordunun Komutan\u0131 olan Vladimir Semyonov, yine o  harekatta komutand\u0131- onlar, bu meseleyi, bir onur meselesi haline  d\u00f6n\u00fc\u015ft\u00fcrm\u00fc\u015flerdir. Semyonov &#8220;e\u011fer \u00c7enenistan harekat\u0131 sonland\u0131r\u0131l\u0131rsa,  i\u00e7sava\u015f \u00e7\u0131kar&#8221; diyebilecek kadar meseleyi ciddiye almaktad\u0131r, Kva\u015fnin de  istifa edece\u011fini s\u00f6ylemektedir ve i\u015fin bu boyutu, bilmemiz gereken  pisikolojik ve asker\u00ee boyutu tabi\u00ee.<\/p>\n<p style=\"text-align: justify;\">Bir  ba\u015fka boyutu da, art\u0131k, \u00c7e\u00e7enistan meselesi, Rusya&#8217;n\u0131n i\u00e7 siyaset  malzemesi haline d\u00f6n\u00fc\u015fm\u00fc\u015ft\u00fcr. Vladimir Putin, \u00f6n\u00fcm\u00fczdeki y\u0131l yap\u0131lacak  olan cumhurba\u015fkanl\u0131\u011f\u0131 se\u00e7imlerinde, art\u0131k gelece\u011fi olmad\u0131\u011f\u0131 belli olan  Rus liderinin yerine adayd\u0131r ve \u00c7e\u00e7enistan sorununu \u00e7\u00f6z\u00fcmledi\u011fi  takdirde, ki, \u015fu ana kadar geldi\u011fi nokta bile, ona, pop\u00fclaritede y\u00fczde  46 civar\u0131nda bir taban sa\u011flam\u0131\u015ft\u0131r. Dolay\u0131s\u0131yla, o da, bunu, bu noktada  kullanmak istemektedir.<\/p>\n<p style=\"text-align: justify;\">B\u00fct\u00fcn  bunlara ek olarak, Rusya a\u00e7\u0131s\u0131ndan ve \u00c7e\u00e7enistan a\u00e7\u0131s\u0131ndan bir \u015feyi daha  s\u00f6ylememiz gerekiyor. Biliyorsunuz, Bak\u00fc-Novorosiisk hatt\u0131, Da\u011f\u0131stan ve  \u00c7e\u00e7enistan \u00fczerinden ge\u00e7er. Bu hat, erken petrol\u00fcn ge\u00e7ece\u011fi hat olarak  tan\u0131mlanm\u0131\u015ft\u0131r ve g\u00fcnde yakla\u015f\u0131k 80 bin varil civar\u0131nda petrol, bu  hattan pompalanmaktayd\u0131. Ne zamana kadar; bu y\u0131l\u0131n nisan ay\u0131na kadar.  Fakat, burada, o Hasavyurt Anla\u015fmas\u0131na g\u00f6re, o b\u00f6lge i\u00e7in, Ruslar\u0131n,  \u00c7e\u00e7enlere g\u00fcmr\u00fck vergisi \u00f6demeleri gerekiyordu; bunu \u00f6demediler. Bunun  \u00fczerine, \u00c7e\u00e7enler, nisan ay\u0131nda vanay\u0131 kapatt\u0131 ve b\u00f6ylece, Rusya&#8217;n\u0131n  Azerbaycan&#8217;dan Novorosiisk&#8217;e nakletti\u011fi erken petrol t\u0131kanm\u0131\u015f oldu. Buna  \u00e7\u00f6z\u00fcm olarak, Rus Transneft \u015eirketi, petrol\u00fc, Da\u011f\u0131stan&#8217;\u0131n ba\u015fkenti olan  Maha\u00e7kale&#8217;ye getirip, oradan tren yoluyla Tihoretsk \u015fehrine ta\u015f\u0131y\u0131p,  oradan yine boruyla pompalama yolunu denedi; ama, bu, kapasiteyi d\u00f6rtte  1&#8217;e d\u00fc\u015f\u00fcrd\u00fc\u011f\u00fc gibi, maliyeti de \u00e7ok y\u00fckseltmekteydi. Ayr\u0131ca, b\u00fct\u00fcn  bunlara bir de \u00c7e\u00e7enistan&#8217;daki sorunun, \u00f6zellikle, Bak\u00fc-Ceyhan gibi,  Rusya&#8217;y\u0131, T\u00fcrk cumhuriyetlerinin ve Hazar havzas\u0131 kaynaklar\u0131n\u0131n kendi  i\u00e7erisinden d\u0131\u015f d\u00fcnyaya a\u00e7\u0131lmas\u0131n\u0131 ama\u00e7layan politikas\u0131n\u0131 devred\u0131\u015f\u0131  b\u0131rakacak bir zemin yaratt\u0131\u011f\u0131n\u0131 da g\u00f6r\u00fcnce -AG\u0130T Zirvesiyle beraber  imzalanan Bak\u00fc-Ceyhan anla\u015fmas\u0131n\u0131 da g\u00f6z\u00fcn\u00fcz\u00fcn \u00f6n\u00fcne getirirseniz-  Rusya&#8217;n\u0131n kendi a\u00e7\u0131s\u0131ndan, bu konuda neden bu denli, neredeyse canavarca  davran\u0131yor oldu\u011funu daha do\u011fru, daha yerinde anlam\u0131\u015f olma imk\u00e2n\u0131n\u0131  yakalar\u0131z diye d\u00fc\u015f\u00fcn\u00fcyorum.<\/p>\n<p style=\"text-align: justify;\">D\u0131\u015f  d\u00fcnya boyutunu da de\u011ferlendirmemiz laz\u0131m. De\u011ferli arkada\u015flar, ne yaz\u0131k  ki, 1994&#8217;te, Birinci \u00c7e\u00e7en-Rus Sava\u015f\u0131 diyebilece\u011fimiz s\u00fcre\u00e7te,  \u00c7e\u00e7enistan harek\u00e2t\u0131, d\u0131\u015f d\u00fcnya taraf\u0131ndan bir ba\u011f\u0131ms\u0131zl\u0131k harek\u00e2t\u0131  olarak g\u00f6r\u00fcld\u00fc; ama, daha sonraki y\u0131llar i\u00e7erisinde, Ruslar\u0131n k\u00f6kten  dincilik meselesini \u00f6nplana \u00e7\u0131kararak, ter\u00f6rizm ve k\u00f6kten dincili\u011fi \u00e7ok  iyi i\u015flemeleri sonucunda, bu ikinci sava\u015fta, Bat\u0131 d\u00fcnyas\u0131 da -ki,  konu\u015fmam\u0131n ba\u015flang\u0131c\u0131nda vurgulad\u0131m, maalesef, T\u00fcrkiye de buna k\u0131smen  dahil oldu- bunu, bir k\u00f6kten dinci ve Rusya sava\u015f\u0131 olarak alg\u0131lad\u0131;  fakat, zaman i\u00e7erisinde geli\u015fen olaylar o noktaya getirdi ki, Bat\u0131  d\u00fcnyas\u0131 da, meselenin art\u0131k bir jenosit meselesi oldu\u011funu g\u00f6rmeye  ba\u015flam\u0131\u015ft\u0131r. Neler yapt\u0131lar; i\u015fte, \u015fu anda AG\u0130T&#8217;in Ba\u015fkan\u0131 Knut  Volebaek, zannediyorum, bug\u00fcn veya yar\u0131n \u00c7e\u00e7enistan&#8217;da olacak. Bizden  -de\u011ferli arkada\u015f\u0131m\u0131za te\u015fekk\u00fcr ediyorum ger\u00e7ekten- bizim Meclisimizden  \u0130nsan Haklar\u0131 Komisyonu da oraya bir ziyaret yapm\u0131\u015flar -\u00c7e\u00e7enistan&#8217;in  i\u00e7erisine de\u011filse de G\u00fcrcistan&#8217;a en az\u0131ndan- bu da \u00e7ok \u00f6nemli bir \u015feydir  diye d\u00fc\u015f\u00fcn\u00fcyorum; sa\u011folsunlar.<\/p>\n<p style=\"text-align: justify;\">Ayr\u0131ca  IMF, Rusya&#8217;ya verdi\u011fi kredinin bu taksidini -640 milyon dolar-  dondurdu\u011funu s\u00f6yledi. Bir ba\u015fka geli\u015fme, biliyorsunuz Clinton ile  Yeltsin aras\u0131nda ya\u015fand\u0131; Clinton &#8220;bunu pahal\u0131ya \u00f6deyecekler&#8221; dedi ve  Yeltsin &#8220;n\u00fckleer bombalar\u0131n\u0131&#8221; hat\u0131rlatt\u0131; ama bu s\u00f6z d\u00fcellosunun pozitif  bir sonucu olma \u015fans\u0131 yok. \u00c7\u00fcnk\u00fc, Amerika Birle\u015fik Devletleri D\u0131\u015f  \u0130li\u015fkiler Komisyonu Ba\u015fkan\u0131n\u0131n verdi\u011fi bir deme\u00e7 \u00e7ok a\u00e7\u0131k ve net ortaya  \u00e7\u0131kar\u0131yor &#8220;bizim Rusya&#8217;ya yard\u0131m\u0131m\u0131z devam edecektir; \u00e7\u00fcnk\u00fc bu yard\u0131m  n\u00fckleer potansiyelin durdurulmas\u0131yla ilgili bir yard\u0131md\u0131r, Rusya&#8217;n\u0131n  demokratikle\u015ftirilmesiyle ilgili bir yard\u0131md\u0131r, \u00c7e\u00e7enistan meselesiyle  ilgili de\u011fildir&#8221; diyerek olay\u0131n devam edece\u011fini s\u00f6ylemi\u015ftir; ama alt\u0131n\u0131  \u00e7izece\u011fim bir \u015fey daha var, en az\u0131ndan bir \u015feydir. Yine Clinton&#8217;un  direktifiyle K\u0131z\u0131lha\u00e7a 3 milyon dolar \u00c7e\u00e7enistan&#8217;a harcanmak \u00fczere ve  yine Birle\u015fmi\u015f Milletlere de 3.3 milyon dolar Clinton para aktar\u0131lmas\u0131  sa\u011flanm\u0131\u015ft\u0131r.<\/p>\n<p style=\"text-align: justify;\">B\u00fct\u00fcn  bunlarda, Bat\u0131 d\u00fcnyas\u0131n\u0131n, tabi\u00ee \u0130ngiliz Ba\u015fbakan\u0131n\u0131n s\u00f6yledi\u011fi \u015feyler  var, \u0130sve\u00e7 Ba\u015fbakan\u0131n\u0131n s\u00f6yledi\u011fi \u015feyler var, bunlar\u0131n hepsini burada  s\u00f6ylemenin anlam\u0131 yok; ama sonu\u00e7ta onlar bir refleks vermi\u015flerdir.<\/p>\n<p style=\"text-align: justify;\">\u015eimdi,  geliyorum bir de T\u00fcrkiye boyutuna. T\u00fcrkiye boyutunu bu de\u011ferlendirmenin  d\u0131\u015f\u0131nda b\u0131rakamay\u0131z ku\u015fkusuz, bizim i\u00e7in en \u00f6nemli boyut bu.<\/p>\n<p style=\"text-align: justify;\">De\u011ferli  arkada\u015flar\u0131m, gerek biraz \u00f6nce s\u00f6yledi\u011fim 250 y\u0131ll\u0131k tarih boyunca ve  gerekse bir\u00e7ok d\u00f6nemlerde, T\u00fcrkiye&#8217;de, bir diaspora, Kuzey Kafkasya  diasporas\u0131 var. Bunlar\u0131n bu konuya koyduklar\u0131 cidd\u00ee tepkiler var ve  meselenin bir vahabilik meselesi olmad\u0131\u011f\u0131n\u0131 anlatmaya \u00e7al\u0131\u015ft\u0131lar ise de  maalesef ba\u015far\u0131l\u0131 olamad\u0131lar; ama, bug\u00fcn, bu \u00f6nergeyi veren  arkada\u015flar\u0131ma te\u015fekk\u00fcr ediyorum, Meclisten, bunun ne oldu\u011funu anlatma  imk\u00e2n\u0131n\u0131 bulabildik; bu \u00e7ok \u00f6nemli, toplumumuzun bunu alg\u0131lamas\u0131 laz\u0131m.<\/p>\n<p style=\"text-align: justify;\">Siyas\u00ee  a\u00e7\u0131dan T\u00fcrkiye&#8217;nin bu konuda \u00e7ok \u00f6zenli davrand\u0131\u011f\u0131n\u0131 s\u00f6yleyemeyiz,  maalesef s\u00f6yleyemeyece\u011fiz. \u00c7\u00fcnk\u00fc, AG\u0130T&#8217;e \u00fcye olan her \u00fclkenin, insan  haklar\u0131yla ilgili konularda, imza koyan \u00fclkelerin i\u00e7 sorunu olmayaca\u011f\u0131n\u0131  kabul ettikleri ger\u00e7e\u011fini hat\u0131rlarsak, bu meselenin Rusya&#8217;n\u0131n i\u00e7  meselesi oldu\u011funu s\u00f6ylemek, \u00f6zenli bir siyas\u00ee yakla\u015f\u0131m de\u011fildir diye  d\u00fc\u015f\u00fcn\u00fcyorum. (ANAP, MHP, FP ve DYP s\u0131ralar\u0131ndan alk\u0131\u015flar) Bunu  s\u00f6yleyecek en son \u00fclkenin de T\u00fcrkiye olmas\u0131 gerekti\u011fini d\u00fc\u015f\u00fcn\u00fcyorum  (ANAP, MHP, FP ve DYP s\u0131ralar\u0131ndan alk\u0131\u015flar) ve maalesef, bir ba\u015fka  \u00f6zensiz yakla\u015f\u0131m -bunu da burada ifade etmemiz gerekir biz  milletvekilleri olarak- Moskova&#8217;n\u0131n, neredeyse t\u00fcm \u00c7e\u00e7en halk\u0131n\u0131  ter\u00f6rist ilan etti\u011fi bir noktada, bir ortamda&#8230; Asl\u0131nda \u00e7ok teknik olan  bir konu, Ter\u00f6rizme Kar\u015f\u0131 \u0130\u015fbirli\u011fi Anla\u015fmas\u0131, T\u00fcrkiye bir\u00e7ok \u00fclkeyle  imzal\u0131yor bunu, hi\u00e7bir anlam\u0131 da yok asl\u0131nda, prensip olarak, neredeyse  rutin bir i\u015flem; ama, bunu, \u00c7e\u00e7enistan&#8217;da katliam\u0131n devam etti\u011fi bir  d\u00f6nemde imzalamak, sanki, T\u00fcrkiye, Kafkasya&#8217;daki geli\u015fmelerde Rusya&#8217;y\u0131  hakl\u0131 g\u00f6r\u00fcyormu\u015f gibi bir izlenim ortaya \u00e7\u0131kmas\u0131n\u0131 sa\u011flam\u0131\u015ft\u0131r maalesef  (ANAP, MHP, FP ve DYP s\u0131ralar\u0131ndan alk\u0131\u015flar) ve bu izlenim, tamamen  teknik bir konu olan bir olay, zamanlama hatas\u0131 nedeniyle ve \u00fcst d\u00fczey  bir ziyaret s\u0131ras\u0131nda imzaland\u0131\u011f\u0131 i\u00e7in, maalesef, olmamas\u0131 gereken yere  gelmi\u015ftir, siyasal bir anlam y\u00fcklenmi\u015ftir ve b\u00fct\u00fcn bunlar\u0131n \u00f6tesinde,  yavuz h\u0131rs\u0131z evsahibini bast\u0131r\u0131r misali&#8230;<\/p>\n<p style=\"text-align: justify;\">(Mikrofon otomatik cihaz taraf\u0131ndan kapat\u0131ld\u0131)<\/p>\n<p style=\"text-align: justify;\"><em><strong>BA\u015eKAN<\/strong> &#8211; L\u00fctfen tamamlay\u0131n\u0131z efendim.<\/em><\/p>\n<p style=\"text-align: justify;\"><strong>A. AHAT AND\u0130CAN (Devamla)<\/strong> &#8211; Tamaml\u0131yorum Say\u0131n Ba\u015fkan&#8230; Rusya, T\u00fcrkiye&#8217;de \u00c7e\u00e7en kamplar\u0131  oldu\u011funu iddia etmi\u015ftir, b\u00f6yle bir \u015fey olmad\u0131\u011f\u0131 halde ve daha da ac\u0131s\u0131,  b\u00fct\u00fcn bunlardan bir hafta sonra, Rusya&#8217;da, Konsomolskaya tesislerinde,  PKK&#8217;n\u0131n -dikkatinizi \u00e7ekiyorum, iki hafta olmad\u0131, birbu\u00e7uk hafta-  kurulu\u015f y\u0131ld\u00f6n\u00fcmleri kutlanm\u0131\u015ft\u0131r.<\/p>\n<p style=\"text-align: justify;\">B\u00fct\u00fcn bunlar bize, neyi, nas\u0131l d\u00fc\u015f\u00fcnmemiz gerekti\u011fini umar\u0131m d\u00fc\u015f\u00fcnd\u00fcr\u00fcr.<\/p>\n<p style=\"text-align: justify;\">Ne  yapmal\u0131 sorusu?.. Tabi\u00ee, T\u00fcrkiye fizik\u00ee olarak bir \u015feyler yaps\u0131n  demiyoruz; ama, biraz \u00f6nce s\u00f6yledi\u011fimiz yanl\u0131\u015flar\u0131 yapmamal\u0131. Ba\u015fka;  Kosova&#8217;da, Bosna&#8217;da ne yapt\u0131ysa; yani, bug\u00fcn G\u00fcrcistan&#8217;da ya da \u00e7evre  \u00fclkelerde m\u00fclteci olarak bulunan \u00c7e\u00e7enler i\u00e7in, bana g\u00f6re, ya K\u0131z\u0131lay\u0131  oraya g\u00f6ndererek bir kamp kurup do\u011frudan katk\u0131da bulunmas\u0131 gerekiyor ya  da oradan, sembolik de olsa, birk\u0131s\u0131m m\u00fclteciyi getirip burada onlara  yard\u0131m etmek zorundad\u0131r diye d\u00fc\u015f\u00fcn\u00fcyorum. (DYP s\u0131ralar\u0131ndan<br \/>\nalk\u0131\u015flar)<\/p>\n<p style=\"text-align: justify;\">Diyeceksiniz  ki, &#8220;deprem ge\u00e7irmi\u015f bir \u00fclke, y\u00fczbinlerce insan a\u00e7\u0131kta, can\u0131m, \u015fimdi  de bu olur mu!&#8221; Belki b\u00f6yle d\u00fc\u015f\u00fcnceler de akla gelebilir; ama, b\u00fcy\u00fck  devlet olman\u0131n bir fiyat\u0131 vard\u0131r; b\u00fcy\u00fck devlet olmak da b\u00f6yle zamanlarda  belli olur diye d\u00fc\u015f\u00fcn\u00fcyorum. (Alk\u0131\u015flar)<\/p>\n<p style=\"text-align: justify;\">Gelecekte  ne olur, sorusunun iki boyutu var. Tabi\u00ee, iyimser boyut, Ruslar bu  katliam\u0131 durdururlar ve konu bar\u0131\u015f\u00e7\u0131l yollarla \u00e7\u00f6z\u00fcmlenir; ama, izin  verirseniz ve e\u011fer Say\u0131n Ba\u015fkan da izin verirse, ikinci boyuta da  de\u011finmek zorunday\u0131z diye d\u00fc\u015f\u00fcn\u00fcyorum; Grozni ku\u015fatmas\u0131 devam eder, vakum  bombalan kullan\u0131l\u0131r, Grozni, i\u00e7erisinde 50 000-60 000 insanla birlikte  veya \u00e7\u0131kar\u0131larak yerle bir edilir. Sonra, Da\u011f\u0131stan&#8217;a yak\u0131n Gudermes  \u015fehri ba\u015fkent ilan edilir. Niye; Grozni, b\u00fct\u00fcn petrol rafinerilerinin,  petrol hatlar\u0131n\u0131n, tren yolunun ge\u00e7ti\u011fi bir b\u00f6lgedir ve Grozni, \u00c7e\u00e7en  ba\u015fkenti oldu\u011fu s\u00fcrece de, ne olursa olsun, \u00c7e\u00e7enler bu b\u00f6lgeye h\u00e2kim  olacak demektir.<\/p>\n<p style=\"text-align: justify;\">\u00c7e\u00e7enistan&#8217;\u0131n,  ortaya koymam\u0131z gereken bir negatif taraf\u0131 da, maalesef, Rus Federal  g\u00fc\u00e7leriyle beraber, \u00c7e\u00e7en paramiliter g\u00fc\u00e7leri de sava\u015fmaktad\u0131r. B\u00fct\u00fcn bu  geli\u015fmelerden sonra, Bislan Gantemirov isimli bir anti-\u00c7e\u00e7en, o  kurulacak kukla h\u00fck\u00fcmetin ba\u015f\u0131na ge\u00e7irilecektir. Tabi\u00ee, Kuzey Kafkasya  da\u011flar\u0131na \u00e7\u0131kan \u00c7e\u00e7en g\u00fc\u00e7leri, ikiy\u00fczelli y\u0131ld\u0131r s\u00fcren -biraz \u00f6nce  arkada\u015f\u0131m\u0131n da \u00f6zetledi\u011fi s\u00fcreci devam ettirecek ve bu m\u00fccadeleyi 21  inci Y\u00fczy\u0131la ta\u015f\u0131yacaklard\u0131r. Ama, daha \u00f6nemli bir \u015fey daha olacakt\u0131r;  e\u011fer, bu s\u00fcre\u00e7 bu \u015fekilde devam ederse, Rusya, G\u00fcrcistan&#8217;\u0131, \u00c7e\u00e7en  ter\u00f6ristlere destek vermekle ve onlar\u0131 muhafaza etmekle su\u00e7lar -nitekim  su\u00e7lam\u0131\u015ft\u0131r- ve b\u00f6ylece G\u00fcrcistan, Ter\u00f6rle M\u00fccadele Genel Ba\u015fkan\u0131 veya  Genel M\u00fcd\u00fcr\u00fc Mandaria&#8217;n\u0131n s\u00f6yledi\u011fi gibi, &#8220;Rusya, bizi, d\u00fcnya kamuoyuna,  ter\u00f6ristlere s\u0131\u011f\u0131nma hakk\u0131 tan\u0131yan bir \u00fclke gibi g\u00f6stermeye \u00e7al\u0131\u015f\u0131yor&#8221;  s\u00f6zleri hakl\u0131l\u0131k kazan\u0131r. G\u00fcrcistan&#8217;\u0131n i\u00e7erisinde -Sema Pi\u015fkins\u00fct  arkada\u015f\u0131m\u0131n, giderek, yerinde g\u00f6rd\u00fc\u011f\u00fc gibi- Oset problemi vard\u0131r, Acara  problemi vard\u0131r, Abaza problemi vard\u0131r; bu problemlerde e\u011fer,  k\u00f6r\u00fcklenirse, bug\u00fcn, orada denge unsuru olan Shevardnadze&#8217;nin yeri  ba\u015fka&#8230; \u0130n\u015fallah, b\u00f6yle olmaz; ama, e\u011fer b\u00f6yle bir \u015fey olursa da  G\u00fcrcistan bir ge\u00e7i\u015f \u00fclkesi olma \u015fans\u0131n\u0131 kaybeder. \u0130n\u015fallah, b\u00f6yle olmaz.<\/p>\n<p style=\"text-align: justify;\">\u0130n\u015fallah,  Ruslar, akl\u0131 ba\u015f\u0131nda bir yakla\u015f\u0131mla, modern \u00e7a\u011fda, art\u0131k insan  haklar\u0131n\u0131n \u00f6nplana \u00e7\u0131kt\u0131\u011f\u0131 \u00e7a\u011fda, \u00c7e\u00e7en halk\u0131n\u0131 yok etmeyi de\u011fil, kendi  i\u00e7erisinde, kendisine gelecekte yeni zorlama s\u00fcre\u00e7lerini ortaya  \u00e7\u0131karacak olan bu siyasetin yerine, kar\u015f\u0131l\u0131kl\u0131 uzla\u015fma siyasetini  \u00f6nplana \u00e7\u0131kanr ve -T\u00fcrkiye&#8217;de tabi\u00ee, bunun b\u00f6yle olmas\u0131 i\u00e7in \u00e7aba sarf  etmelidir- sonu\u00e7ta, bu s\u00f6yledi\u011fimiz s\u00fcre\u00e7, iyi y\u00f6nde sonlan\u0131r ve katliam  biter.<\/p>\n<p style=\"text-align: justify;\">De\u011ferli  milletvekilleri, konu\u015fmam\u0131n sonunda, ben de bir iki g\u00fcn \u00f6nce  kaybetti\u011fimiz MHP&#8217;li de\u011ferli arkada\u015f\u0131m\u0131za Tann&#8217;dan rahmet diliyor,  ailesine ve t\u00fcm sevenlerine de ba\u015fsa\u011fl\u0131\u011f\u0131 diliyorum.<\/p>\n<p style=\"text-align: justify;\">Bu  konu\u015fmay\u0131 sab\u0131rla dinlediniz; Say\u0131n Ba\u015fkan\u0131m\u0131z da -g\u00f6r\u00fcyorum buradan-  bana epey tolerans g\u00f6sterdi; kendisine de sayg\u0131lar\u0131m\u0131 sunuyor; hepinize  te\u015fekk\u00fcr ediyorum. (Alk\u0131\u015flar)<\/p>\n<p style=\"text-align: justify;\"><em><strong>BA\u015eKAN<\/strong> &#8211; Te\u015fekk\u00fcr ediyorum Say\u0131n Andican.<\/em><\/p>\n<p style=\"text-align: justify;\"><em>Demokratik Sol Parti Grubu ad\u0131na, Adana Milletvekili Say\u0131n Ali Tekin; buyurun efendim. (DSP s\u0131ralar\u0131ndan alk\u0131\u015flar)<\/em><\/p>\n<p style=\"text-align: justify;\"><em>S\u00fcreniz 20 dakikad\u0131r.<\/em><\/p>\n<p style=\"text-align: justify;\"><strong>DSP GRUBU ADINA AL\u0130 TEK\u0130N (Adana) <\/strong>&#8211;  Say\u0131n Ba\u015fkan, de\u011ferli milletvekilleri; \u00c7e\u00e7enistan ve Kafkasya&#8217;da ortaya  \u00e7\u0131kan son olaylar \u00fczerinde Demokratik Sol Partinin g\u00f6r\u00fc\u015flerini  a\u00e7\u0131klamak i\u00e7in s\u00f6z alm\u0131\u015f bulunuyorum; hepinizi sayg\u0131yla selamlar\u0131m.<\/p>\n<p style=\"text-align: justify;\">\u00d6ncelikle,  aram\u0131zdan ayr\u0131lan MHP \u00c7anakkale Milletvekili Say\u0131n S\u0131tk\u0131 Turan ve  dan\u0131\u015fman\u0131na Tanr\u0131&#8217;dan rahmet, \u00c7ak\u0131nlar\u0131na ve arkada\u015flar\u0131na ba\u015fsa\u011fl\u0131\u011f\u0131  dileriz.<\/p>\n<p style=\"text-align: justify;\">Say\u0131n  Ba\u015fkan, de\u011ferli milletvekilleri; 1980 y\u0131l\u0131ndan beri d\u00fcnyay\u0131 sarsan  global r\u00fczg\u00e2rlar, bir taraftan demokrasi ve piyasa ekonomisini \u00f6nplana  \u00e7\u0131kar\u0131rken, di\u011fer yandan da, yerel ve b\u00f6lgesel at\u0131\u015fmalara zemin  haz\u0131rlad\u0131.<\/p>\n<p style=\"text-align: justify;\">Bilindi\u011fi  gibi, 1917 y\u0131l\u0131nda kurulan Sovyetler Birli\u011fi 1989 y\u0131l\u0131nda \u00e7\u00f6kt\u00fc.  B\u00f6ylece, \u0130kinci D\u00fcnya Sava\u015f\u0131n\u0131 izleyen y\u0131llarda ortaya \u00e7\u0131kan iki kutuplu  d\u00fcnya d\u00fczeni son bulmu\u015f oldu. Bu, NATO Pakt\u0131n\u0131n, Var\u015fova Pakt\u0131n\u0131 a\u011f\u0131r  bir yenilgiye u\u011fratmas\u0131 anlam\u0131na geliyordu. B\u00f6ylece, \u00fclkemizi de  derinden etkileyen olumlu baz\u0131 geli\u015fmeler oldu. T\u00fcrkiye&#8217;nin, kuzeyden  hissetti\u011fi asker\u00ee tehdit \u00f6nemli \u00f6l\u00e7\u00fcde azald\u0131. Ony\u0131llard\u0131r ve hatta  y\u00fczy\u0131llard\u0131r \u00f6zlemini \u00e7ekti\u011fimiz T\u00fcrk\u00ee cumhuriyetler, birbiri arkas\u0131na  ba\u011f\u0131ms\u0131zl\u0131klar\u0131na kavu\u015ftular. Azerbaycan&#8217;da oldu\u011fu gibi, baz\u0131 ac\u0131  olaylar da olmad\u0131 de\u011fil; ama, Rusya, ortaya \u00e7\u0131kan yeni durumu  kabullenmek zorunda kald\u0131. Ancak, bu ba\u011f\u0131ms\u0131zla\u015ft\u0131r\u0131c\u0131 ve \u00f6zg\u00fcrle\u015ftirici  geli\u015fmelerin yan\u0131nda, Do\u011fu Blokunun \u00e7\u00f6k\u00fc\u015f\u00fcnden bu yana on y\u0131l ge\u00e7mesine  ra\u011fmen, h\u00e2l\u00e2 ortada pek \u00e7ok sorunun oldu\u011funu da biliyoruz. Ger\u00e7ekten  de, Sovyetler&#8217;in \u00e7\u00f6k\u00fc\u015f s\u00fcreci, \u00f6zellikle Kafkasya&#8217;da \u00e7ok sanc\u0131l\u0131 oldu.<\/p>\n<p style=\"text-align: justify;\">Sovyetlerin  yerini alan yeni rejim, yani Rusya Federasyonu, Ba\u011f\u0131ms\u0131z Devletler  Toplulu\u011fu form\u00fcl\u00fcyle, Kafkaslar&#8217;\u0131 ve Orta Asya&#8217;daki T\u00fcrk\u00ee cumhuriyetleri  yeniden denetimi alt\u0131na almak istedi; ama, bu konuda b\u00fcy\u00fck g\u00fc\u00e7l\u00fcklerle  kar\u015f\u0131la\u015ft\u0131. Do\u011fal kaynaklar bak\u0131m\u0131ndan zengin olan bu topraklan elinden  \u00e7\u0131karmak istemeyen Rusya, eski Sovyet cumhuriyetleri bir bir  ba\u011f\u0131ms\u0131zl\u0131klar\u0131n\u0131 ilan ettik\u00e7e, \u015fiddete ba\u015fvurarak, bu kopmalar\u0131  \u00f6nlemeye \u00e7al\u0131\u015ft\u0131.<\/p>\n<p style=\"text-align: justify;\">Say\u0131n  Ba\u015fkan, de\u011ferli milletvekilleri; bildi\u011finiz gibi, ba\u011f\u0131ms\u0131zl\u0131k ilan eden  cumhuriyetlere, son olarak, 1991 Kas\u0131m\u0131nda \u00c7e\u00e7enistan Cumhuriyeti de  eklendi. \u00c7e\u00e7enler, G\u00fcney Kafkasya gibi, Kuzey Kafkasya&#8217;n\u0131n da ba\u011f\u0131ms\u0131z  olmas\u0131 gerekti\u011fini savundular. \u00c7e\u00e7enistan, 1991 Kas\u0131m ay\u0131 ile 1994  Aral\u0131k ay\u0131 aras\u0131nda, Rusya Federasyonu i\u00e7erisinde, ancak de facto  olarak, ba\u011f\u0131ms\u0131z bir devlet gibi hareket etti. 1994 y\u0131l\u0131 aral\u0131k ay\u0131nda,  \u00c7e\u00e7enistan&#8217;a, Rus asker\u00ee m\u00fcdahalesi ba\u015flad\u0131. Rus h\u00fck\u00fcmeti, m\u00fcdahalenin  nedeni olarak, \u00c7e\u00e7enistan&#8217;daki y\u00f6netimin \u00c7e\u00e7en Halk\u0131n\u0131 temsil etmemesini  ileri s\u00fcrd\u00fc. Rus asker\u00ee birlikleri, \u00f6nemli bir direni\u015fle kar\u015f\u0131la\u015fmadan  Grozni&#8217;ye kadar ilerlediler; fakat, Grozni&#8217;deki \u00c7e\u00e7en direni\u015f\u00e7iler,  Ruslara a\u011f\u0131r kay\u0131plar verdirdiler. Bu sava\u015f, 1996 May\u0131s\u0131na kadar s\u00fcrd\u00fc.  Rakamlar de\u011fi\u015fmekle birlikte, a\u015fa\u011f\u0131 yukar\u0131 100 000 insan\u0131n hayat\u0131n\u0131  kaybetti\u011fi bir insanl\u0131k dram\u0131 ya\u015fand\u0131. \u0130ki y\u0131l s\u00fcren Rus-\u00c7e\u00e7en  Sava\u015f\u0131ndan sonra taraflar masa ba\u015f\u0131na oturarak bir bar\u0131\u015f anla\u015fmas\u0131  imzalad\u0131lar; tarih, may\u0131s 1996. Rus-\u00c7e\u00e7en Bar\u0131\u015f Anla\u015fmas\u0131na g\u00f6re  taraflar sava\u015fa son verdiler ve de aralar\u0131ndaki ili\u015fkilerin d\u00fczenli bir  \u015fekilde tart\u0131\u015f\u0131l\u0131p sonu\u00e7land\u0131r\u0131labilmesi i\u00e7in iki taraf\u0131n  temsilcilerinden olu\u015facak bir karma komisyonun kurulmas\u0131na da karar  verdiler. Ayr\u0131ca, fiilen ba\u011f\u0131ms\u0131z olan \u00c7e\u00e7enistan&#8217;\u0131n resm\u00ee stat\u00fcs\u00fcn\u00fcn  belirlenmesi i\u00e7in de, be\u015f y\u0131ll\u0131k bir s\u00fcre\u00e7 \u00f6ng\u00f6r\u00fcld\u00fc.<\/p>\n<p style=\"text-align: justify;\">Say\u0131n  Ba\u015fkan, de\u011ferli milletvekilleri; ne yaz\u0131k ki, 1996 Anla\u015fmas\u0131 ve onu  izleyen 1997 Temel \u0130lkeler Anla\u015fmas\u0131 taraflarca farkl\u0131 bi\u00e7imlerde  yorumland\u0131. \u00c7e\u00e7en taraf\u0131, kendilerinin bir hukuk s\u00fcjesi oldu\u011funun may\u0131s  1997 Anla\u015fmas\u0131nda kabul edildi\u011fini, nitekim, anla\u015fman\u0131n \u00c7e\u00e7en \u0130\u00c7kerya  Cumhuriyeti ile Rusya Federasyonu aras\u0131nda imzalanm\u0131\u015f oldu\u011funu, art\u0131k  \u00c7e\u00e7enistan&#8217;\u0131n stat\u00fcs\u00fcn\u00fcn bu parametreler i\u00e7erisinde \u00e7\u00f6z\u00fcme  kavu\u015fturulmas\u0131 gerekti\u011fini ileri s\u00fcrd\u00fcler. Rus taraf\u0131 ise, bunun,  stat\u00fcde herhangi bir de\u011fi\u015fikli\u011fi gerektirmeyece\u011fini, ancak, daha ileri  derecede, \u00f6rne\u011fin, Tatar Yetki B\u00f6l\u00fc\u015f\u00fcm\u00fc Anla\u015fmas\u0131ndaki gibi bir  \u00f6zerkli\u011fi kabul edebilece\u011finin i\u015faretlerini verdi. Ruslar\u0131n bu yakla\u015f\u0131m\u0131  \u00c7e\u00e7en taraf\u0131n\u0131 tatmin etmedi. 1 \u015eubat 1999&#8217;a kadar yap\u0131lan g\u00f6r\u00fc\u015fmeler,  ne yaz\u0131k ki, \u00fcst d\u00fczeyde; yani, Yeltsin ve Mashadov aras\u0131nda bir  g\u00f6r\u00fc\u015fmeyi sa\u011flayamad\u0131.<\/p>\n<p style=\"text-align: justify;\">Bu  arada 1997&#8217;deki anla\u015fmalarla Rusya&#8217;n\u0131n \u00c7e\u00e7enistan&#8217;a baz\u0131 ekonomik ve  sosyal yard\u0131mlarda bulunmas\u0131 da \u00f6ng\u00f6r\u00fclm\u00fc\u015ft\u00fc. Federal makamlar, bu  s\u00f6zlerini yerine getirmediler ve buna neden olarak mal\u00ee  olanaks\u0131zl\u0131klar\u0131, \u00f6zellikle de Rusya&#8217;da a\u011fustos 1998&#8217;de g\u00f6r\u00fclen krizi  ileri s\u00fcrd\u00fcler. Bununla birlikte, do\u011fal olarak bu \u00e7apta bir asker\u00ee  m\u00fcdahaleyi Rusya&#8217;n\u0131n nas\u0131l finanse edebildi\u011fi gibi bir soru da hemen  akl\u0131m\u0131za geliyor.<\/p>\n<p style=\"text-align: justify;\">Asl\u0131nda,  Rusya&#8217;n\u0131n son m\u00fcdahale nedenlerinden biri olarak \u00f6ne s\u00fcrd\u00fc\u011f\u00fc  \u00c7e\u00e7enistan&#8217;da kriminal ve ter\u00f6rist gruplar\u0131n h\u00fck\u00fcm s\u00fcrmesi olay\u0131, bir  \u00f6l\u00e7\u00fcde bu sosyal ve ekonomik zorluklardan kaynakland\u0131; ancak, Rus-\u00c7e\u00e7en  \u00e7at\u0131\u015fmas\u0131n\u0131n bug\u00fcnk\u00fc noktaya gelmesinin as\u0131l nedeni olarak Cumhurba\u015fkan\u0131  Mashadov&#8217;a muhalif olan \u015eamil Basayev&#8217;in, ge\u00e7ti\u011fimiz a\u011fustos ay\u0131  ba\u015f\u0131nda, Kuzey Kafkasya&#8217;n\u0131n t\u00fcm\u00fcn\u00fc kapsayacak bir devlet kurmak amac\u0131yla  Da\u011f\u0131stan&#8217;a ge\u00e7mesi oldu.<\/p>\n<p style=\"text-align: justify;\">Say\u0131n  Ba\u015fkan, de\u011ferli milletvekilleri; ger\u00e7ekte ise, bunlar\u0131n d\u0131\u015f\u0131nda  Rusya&#8217;n\u0131n \u00c7e\u00e7enistan&#8217;a m\u00fcdahalesinin baz\u0131 i\u00e7 ve d\u0131\u015fpolitika boyutlar\u0131  var. Bilindi\u011fi gibi, Rusya, 1999 Haziran\u0131nda ba\u015fkanl\u0131k se\u00e7imlerinin ve  Parlamento se\u00e7imlerinin arifesinde oluyor. 19 Aral\u0131k 1999&#8217;da, yani  \u00f6n\u00fcm\u00fczdeki hafta sonu Parlamento se\u00e7imleri yap\u0131lacak. Ayr\u0131ca, Rusya  Yeltsin d\u00f6nemini kapatmak \u00fczere; \u00e7\u00fcnk\u00fc, Yeltsin Haziran 2000&#8217;de ikinci  d\u00f6nemini tamaml\u0131yor. Bilindi\u011fi gibi, Rusya&#8217;da bir ba\u015fkan iki kere  se\u00e7ilebiliyor. Bu genel tablo i\u00e7erisinde -Moskova&#8217;daki bombalamalar\u0131n,  Vikans&#8217;taki asker\u00ee lojmanlar\u0131n bombalanmas\u0131n\u0131n- ve Da\u011f\u0131stan topraklar\u0131na  ge\u00e7en \u00c7e\u00e7en sava\u015f\u00e7\u0131lar\u0131n\u0131n yaratt\u0131\u011f\u0131 atmosfer i\u00e7inde \u00c7e\u00e7enistan&#8217;a  asker\u00ee m\u00fcdahale, Rus kamuoyunda geni\u015f destek buldu. Yani, Rusya&#8217;da  yakla\u015fan se\u00e7imler, Yeltsin-Putin y\u00f6netimini, \u00c7e\u00e7enlere kar\u015f\u0131 sertle\u015fmeye  ve katliam pahas\u0131na sivil halka da y\u00f6nelen asker\u00ee operasyonlarla sonu\u00e7  almaya itiyor.<\/p>\n<p style=\"text-align: justify;\">\u00d6te  yandan, d\u0131\u015fpolitika ba\u011flam\u0131nda bakt\u0131\u011f\u0131m\u0131z zaman, Kosova ile ba\u015flayan bir  psikozdan bahsetmemiz gerekiyor. Ruslar, Bat\u0131&#8217;n\u0131n Kosova&#8217;ya ve hatta  Bosna-Hersek&#8217;e yapt\u0131\u011f\u0131 asker\u00ee m\u00fcdahaleleri, Rusya&#8217;y\u0131 zaaf i\u00e7erisinde  g\u00f6steren geli\u015fmeler olarak alg\u0131lad\u0131lar. Ayr\u0131ca, 1994-1996 y\u0131llar\u0131  aras\u0131ndaki i\u00e7 sava\u015fta \u00c7e\u00e7enlere kar\u015f\u0131 yenilgiye u\u011frad\u0131klar\u0131n\u0131 da  an\u0131msamak gerekir. Ger\u00e7ekten de, Ruslar\u0131n s\u00fcper g\u00fc\u00e7 olduklar\u0131 d\u00f6neme  duyduklar\u0131 nostaljiyi a\u00e7\u0131k\u00e7a g\u00f6rmek olas\u0131.<\/p>\n<p style=\"text-align: justify;\">Rus  m\u00fcdahalesinin bir ikinci nedeni, b\u00f6lgedeki enerji konusunda g\u00f6r\u00fclen baz\u0131  geli\u015fmeler olarak ele al\u0131nabilir. Bilindi\u011fi gibi, Kafkasya, b\u00fct\u00fcn  d\u00fcnyan\u0131n yak\u0131ndan ilgilendi\u011fi petrol ve gaz yolunun kilit noktas\u0131  durumunda. Petrol boru hatlar\u0131n\u0131n kuzeyden ya da g\u00fcneyden ge\u00e7mesi  konusunda bir rekabetin oldu\u011fu da ink\u00e2r edilemez.<\/p>\n<p style=\"text-align: justify;\">Rus  m\u00fcdahalesinin \u00fc\u00e7\u00fcnc\u00fc nedeni ise, Rus kamuoyunda s\u0131k s\u0131k dile getirilen,  Rusya&#8217;n\u0131n Kafkasya b\u00f6lgesinden tecrit edilmek, d\u0131\u015flanmak istendi\u011fi  bi\u00e7imindeki psikoz. Bu psikoz, Rusya&#8217;y\u0131, geleneksel olarak kendi arka  bah\u00e7esi olarak g\u00f6rd\u00fc\u011f\u00fc Kafkasya&#8217;da bir \u015feyler yapmaya; \u00f6zellikle de,  \u00f6nce kendi evini temizleme bi\u00e7iminde tan\u0131mlanabilecek bir politika  izlemeye y\u00f6neltiyor. Bunu, yap\u0131lan a\u00e7\u0131klamalarda kolayca g\u00f6rebiliyoruz.<\/p>\n<p style=\"text-align: justify;\">B\u00f6lgedeki  etnik \u00f6zelliklerin, Moskova&#8217;n\u0131n yumu\u015fak karn\u0131n\u0131 olu\u015fturdu\u011fu bir ger\u00e7ek.  An\u0131msarsan\u0131z, Sovyetler da\u011f\u0131ld\u0131ktan sonra, Yak\u0131n \u00c7evre Doktrini ad\u0131yla,  Rusya&#8217;n\u0131n silahs\u0131zlanma konusunda \u00f6d\u00fcn vermekten ka\u00e7\u0131nd\u0131\u011f\u0131 alanlar\u0131n  ba\u015f\u0131nda tabi\u00ee ki, Kafkasya geliyordu. Bu \u00fc\u00e7 neden ba\u011flam\u0131nda Rusya&#8217;n\u0131n,  Da\u011f\u0131stan ve \u00c7e\u00e7enistan&#8217;a \u00f6zel bir \u00f6nem vermeye ba\u015flad\u0131\u011f\u0131n\u0131 g\u00f6r\u00fcyoruz.  Rusya&#8217;n\u0131n Hazar Denizi k\u0131y\u0131lar\u0131ndaki topraklar\u0131n\u0131n \u00fc\u00e7te 2&#8217;si Da\u011f\u0131stan  s\u0131n\u0131rlar\u0131 i\u00e7erisinde bulunuyor; dolay\u0131s\u0131yla bu durum, Rusya a\u00e7\u0131s\u0131ndan  Da\u011f\u0131stan&#8217;a stratejik bir \u00f6nem kazand\u0131r\u0131yor. Daha \u00f6nce de s\u00f6yledi\u011fimiz  gibi, zaten, Rus-\u00c7e\u00e7en sava\u015f\u0131n\u0131n bu boyutlara ula\u015fmas\u0131n\u0131n ba\u015flang\u0131\u00e7  noktas\u0131 da \u015eamil Basayev&#8217;in a\u011fustos ay\u0131 ba\u015f\u0131nda Kuzey Kafkasya&#8217;da bir  devlet kurmak amac\u0131yla Da\u011f\u0131stan&#8217;a girmesi.<\/p>\n<p style=\"text-align: justify;\">Say\u0131n  Ba\u015fkan, de\u011ferli milletvekilleri; izin verirseniz konuya Amerika Birle\u015fik  Devletleri&#8217;nin nas\u0131l yakla\u015ft\u0131\u011f\u0131na bir g\u00f6z atal\u0131m. Amerika Birle\u015fik  Devletleri i\u00e7in iki stratejik hedef \u00f6nplana \u00e7\u0131k\u0131yor. Birincisi, Orta  Asya ve Kafkaslar&#8217;in b\u00fct\u00fcn\u00fcyle Rus egemenli\u011fine b\u0131rak\u0131lmamas\u0131. \u0130kincisi  ise, Avrasya&#8217;n\u0131n enerji yollar\u0131n\u0131n Amerika Birle\u015fik Devletleri ile di\u011fer  Bat\u0131l\u0131 devletlere kapat\u0131lmas\u0131n\u0131n \u00f6nlenmesi. Bu a\u00e7\u0131dan  de\u011ferlendirildi\u011finde, T\u00fcrkiye ile Amerika Birle\u015fik Devletlerinin  \u00e7\u0131karlar\u0131 \u00f6nemli \u00f6l\u00e7\u00fcde \u00f6rt\u00fc\u015f\u00fcyor. Bak\u00fc-Ceyhan boru hatt\u0131 ve Hazar  ge\u00e7i\u015fli T\u00fcrkmen do\u011falgaz\u0131 boru hatt\u0131 projeleri T\u00fcrk-Amerikan  i\u015fbirli\u011finin gerekleri ve \u00fcr\u00fcnleri olarak ortaya \u00e7\u0131k\u0131yor. AG\u0130T Zirvesi  s\u0131ras\u0131nda imzalanan enerji hatlar\u0131 anla\u015fmalar\u0131 ya\u015fama ge\u00e7irildi\u011finde,  T\u00fcrkiye&#8217;nin, 21 inci Y\u00fczy\u0131lda, Avrasya platformunda jeostratejik ve  ekonomik \u00f6nemi h\u0131zla artacak. Hatta, birka\u00e7 g\u00fcn \u00f6nce, Avrupa Birli\u011fi ile  T\u00fcrkiye&#8217;nin aras\u0131nda imzalam\u0131\u015f oldu\u011fu, T\u00fcrkiye&#8217;nin adayl\u0131\u011f\u0131n\u0131 resmen  tan\u0131yan Anla\u015fma da, T\u00fcrkiye&#8217;nin Avrasya&#8217;da y\u00fckselen \u00f6nemi ve  sayg\u0131nl\u0131\u011f\u0131n\u0131n bir i\u015fareti olsa gerektir.<\/p>\n<p style=\"text-align: justify;\">Say\u0131n  Ba\u015fkan, de\u011ferli milletvekilleri; peki, T\u00fcrkiye&#8217;nin \u00c7e\u00e7cnistan ve  Kafkasya politikas\u0131 nedir; T\u00fcrkiye, bu sorunun, Rusya Federasyonunun  me\u015fru olarak niteledi\u011fimiz toprak b\u00fct\u00fcnl\u00fc\u011f\u00fc anlay\u0131\u015f\u0131 i\u00e7erisinde; ancak,  Avrupa Konseyi, Avrupa G\u00fcvenlik ve \u0130\u015fbirli\u011fi Te\u015fkilat\u0131 ve Birle\u015fmi\u015f  Milletler taraf\u0131ndan kabul edilmi\u015f ve Rusya&#8217;n\u0131n da y\u00fck\u00fcml\u00fcl\u00fck alt\u0131na  girdi\u011fi hukuk\u00ee \u00e7er\u00e7evede, yani, insan haklar\u0131na uyarak, bar\u0131\u015f\u00e7\u0131 ve de  \u00c7e\u00e7en toplumunun arzular\u0131n\u0131 yans\u0131tan bir bi\u00e7imde \u00e7\u00f6z\u00fcm\u00fcn\u00fc savunuyor.<\/p>\n<p style=\"text-align: justify;\">T\u00fcrkiye,  1994-1996 d\u00f6neminde oldu\u011fu gibi, bug\u00fcn de, Rusya Federasyonu nezdinde  bu \u00f6l\u00e7\u00fcs\u00fcz \u015fiddet kullan\u0131m\u0131n\u0131n gerek yol a\u00e7t\u0131\u011f\u0131 insan\u00ee sorunlar gerekse  bu sorunun ileride \u00e7\u00f6z\u00fcmlenmesi i\u00e7in yap\u0131lacak olan birtak\u0131m giri\u015fimler  \u00fczerinde getirdi\u011fi k\u0131s\u0131tlamalar sebebiyle, bu durumdan b\u00fcy\u00fck endi\u015fe  duyuyor. T\u00fcrkiye, \u00c7e\u00e7enistan&#8217;da ya\u015fayan herkesin ter\u00f6rist muamelesi  g\u00f6rerek, bombard\u0131mana tutularak bir k\u0131r\u0131ma u\u011frat\u0131lmas\u0131m derin \u00fcz\u00fcnt\u00fcyle  izliyor.<\/p>\n<p style=\"text-align: justify;\">Ger\u00e7ekten  de, Rus asker\u00ee harek\u00e2t\u0131, \u00c7e\u00e7enistan&#8217;da b\u00fcy\u00fck \u00f6l\u00e7\u00fcde sivillerin zarar  g\u00f6rmesine, kad\u0131nlar\u0131n ve \u00e7ocuklar\u0131n \u00f6lmesine ve onbinlerce ki\u015finin  yurtlar\u0131ndan olmas\u0131na neden oluyor. Bu nedenle, T\u00fcrkiye, \u00c7e\u00e7enistan&#8217;da  zarar g\u00f6ren sivil halka elini uzat\u0131yor, insan\u00ee yard\u0131m yap\u0131yor.  \u00c7e\u00e7enistan&#8217;\u0131 terk etmek zorunda kalan sivil halk\u0131n acil ihtiya\u00e7lar\u0131n\u0131  kar\u015f\u0131lamak \u00fczere, yiyecek, giyecek ve t\u0131bb\u00ee malzemelerden olu\u015fan 15  tonluk bir insan\u00ee yard\u0131m paketini Kuzey Osedya B\u00f6lgesine g\u00f6ndererek, zor  durumdaki insanlara yard\u0131m elini uzat\u0131yor. Elbette, bu yard\u0131mlar\u0131n  yeterli oldu\u011funu iddia etmiyoruz.<\/p>\n<p style=\"text-align: justify;\">Say\u0131n  Ba\u015fkan, de\u011ferli milletvekilleri; Rus yetkililer zaman zaman &#8220;T\u00fcrkiye,  \u00c7c\u00e7enistan&#8217;daki ayr\u0131l\u0131k\u00e7\u0131lar\u0131 desteklemeye devam ederse, biz de PKK&#8217;yi  destekleriz&#8221; y\u00f6n\u00fcnde deme\u00e7ler veriyorlar. Ancak, T\u00fcrk Halk\u0131 ter\u00f6rizmden  \u00e7ok b\u00fcy\u00fck ac\u0131lar \u00e7ekmi\u015ftir, bu nedenle, T\u00fcrkiye&#8217;nin ne Rusya&#8217;da ne de  ba\u015fka bir \u00fclkede, herhangi bir ter\u00f6rist eylemi desteklemesi s\u00f6z konusu  olamaz.<\/p>\n<p style=\"text-align: justify;\">Say\u0131n  Ba\u015fkan, de\u011ferli milletvekilleri; k\u0131sa bir s\u00fcre \u00f6nce yap\u0131lan AG\u0130T  \u0130stanbul Zirvesinin sonucunda ortaya \u00e7\u0131kan 3 belge var; bunlar: \u0130stanbul  Deklarasyonu, Avrupa G\u00fcvenlik \u015eart\u0131 ve Avrupa Konvansiyonel Kuvvetler  Anla\u015fmas\u0131. Bu 3 belgenin de ortaya koydu\u011fu 3 temel hedef var: Daha  g\u00fcvenli bir d\u00fcnya, daha uyumlu bir uluslararas\u0131 i\u015fbirli\u011fi ve herkes i\u00e7in  daha \u00f6zg\u00fcr ve huzurlu bir ya\u015fam.<\/p>\n<p style=\"text-align: justify;\">\u0130stanbul  Deklarasyonu, \u00fclkelerin toprak b\u00fct\u00fcnl\u00fc\u011f\u00fcne sayg\u0131y\u0131 ve ter\u00f6rizmle  m\u00fccadeleyi benimserken, sorunlar\u0131n kaba kuvvet yoluyla \u00e7\u00f6z\u00fcmlenmesine  kar\u015f\u0131 \u00e7\u0131k\u0131yor. Ayr\u0131ca, AG\u0130T Zirvesinden sonra, yeni bir egemenlik  anlay\u0131\u015f\u0131 \u00e7ok g\u00fc\u00e7l\u00fc bir bi\u00e7imde benimsenmeye ba\u015fland\u0131; art\u0131k, hi\u00e7bir \u00fclke  &#8220;bu benim i\u00e7 isimdir, istedi\u011fimi yapar\u0131m&#8221; deme hakk\u0131na sahip  olamayacak. Dolay\u0131s\u0131yla, \u0130stanbul \u015eart\u0131, uluslara yeni sorumluluklar  y\u00fckl\u00fcyor ve \u00fcye \u00fclkelerin ba\u015fka \u00fclkelerdeki sorunlarla da  ilgilenebilecekleri mesaj\u0131n\u0131 veriyor. Rus-\u00c7e\u00e7en anla\u015fmazl\u0131\u011f\u0131na kar\u015f\u0131  T\u00fcrkiye&#8217;nin de izledi\u011fi politikan\u0131n anlat\u0131lan bu \u00e7er\u00e7evede oldu\u011funu  kolayca g\u00f6rebiliriz.<\/p>\n<p style=\"text-align: justify;\">Say\u0131n  Ba\u015fkan, de\u011ferli milletvekilleri; ekonomik alanda T\u00fcrkiye-Rusya  ili\u015fkilerinin potansiyeli ger\u00e7ekten b\u00fcy\u00fckt\u00fcr. T\u00fcrkiye&#8217;ye gelen Rus  turistler, y\u0131lda 2 milyar dolar b\u0131rak\u0131yorlar. Ekonomik kriz \u00f6ncesinde,  bavul ticareti T\u00fcrkiye&#8217;ye yakla\u015f\u0131k olarak 3,5 milyar dolar  kazand\u0131r\u0131yordu. T\u00fcrkiye ve Rusya aras\u0131ndaki resm\u00ee ticaret de 3 milyar  dolar\u0131 buluyor ve bu ticaretten T\u00fcrkiye daha fazla kazan\u0131yor. T\u00fcrkiye,  ayr\u0131ca, \u00e7ok \u00e7e\u015fitli ortak projelerle, Rusya ile y\u0131k\u0131c\u0131 bir rekabetten  de\u011fil, yap\u0131c\u0131 bir i\u015fbirli\u011finden yana oldu\u011funu g\u00f6stermi\u015ftir; Mavi Ak\u0131m  projesi, bu projelerden bir tanesi olarak, \u00f6rnek olarak verilebilir.<\/p>\n<p style=\"text-align: justify;\">B\u00fct\u00fcn  bunlar g\u00f6steriyor ki, T\u00fcrkiye ile Rusya&#8217;y\u0131 yak\u0131nla\u015ft\u0131racak pek \u00e7ok  fakt\u00f6rler de vard\u0131r; ancak, Kafkasya, Balkanlar gibi T\u00fcrkiye&#8217;nin ya\u015fam  alan\u0131 i\u00e7erisine giren bir co\u011frafyad\u0131r ve Kafkaslardaki geli\u015fmeler,  T\u00fcrkiye&#8217;yi gelece\u011fi a\u00e7\u0131s\u0131ndan \u00e7ok yak\u0131ndan ilgilendirmektedir. Bu  nedenle, T\u00fcrkiye&#8217;nin Kafkaslara y\u00f6nelik d\u0131\u015fpolitikas\u0131, bu b\u00f6lgenin  bar\u0131\u015f, huzur ve istikrar b\u00f6lgesi haline gelmesini ama\u00e7l\u0131yor. B\u00f6lge  \u00fclkeleri aras\u0131nda, kar\u015f\u0131l\u0131kl\u0131 sayg\u0131 zemininde, ortak \u00e7\u0131kar ve yararlara  dayal\u0131 bir i\u015fbirli\u011finin geli\u015ftirilmesi hedefleniyor.<\/p>\n<p style=\"text-align: justify;\">Sonu\u00e7  olarak, T\u00fcrkiye, Kafkasya&#8217;da b\u00fct\u00fcn sorunlar\u0131n bar\u0131\u015f\u00e7\u0131 yollardan  \u00e7\u00f6z\u00fcm\u00fcnden ve i\u015fbirli\u011finden yanad\u0131r. B\u00f6lgede bar\u0131\u015f\u0131n ve istikran\u0131n  sa\u011flanmas\u0131, sadece T\u00fcrkiye&#8217;nin de\u011fil, di\u011fer b\u00f6lge \u00fclkelerinin de  yarar\u0131na olacakt\u0131r. Dileriz ki, bu kutsal ramazan ay\u0131nda, Ruslar,  sorunu, sivil \u00c7e\u00e7enleri k\u0131r\u0131ma u\u011fratan asker\u00ee operasyonlarla de\u011fil,  siyas\u00ee diyalog yoluyla \u00e7\u00f6zmeye yana\u015f\u0131rlar; aksinin, b\u00f6lgede onulmaz  yaralar a\u00e7an bir trajedi olaca\u011f\u0131 kesindir.<\/p>\n<p style=\"text-align: justify;\">Say\u0131n  Ba\u015fkan, de\u011ferli milletvekilleri; Do\u011fru Yol Partisinin s\u00f6zc\u00fcs\u00fc Say\u0131n  Yavuz, Say\u0131n Ecevit&#8217;in Rusya ziyareti s\u0131ras\u0131nda Ba\u015fbakan Yard\u0131mc\u0131s\u0131  taraf\u0131ndan kar\u015f\u0131land\u0131\u011f\u0131n\u0131 s\u00f6ylediler; bu, gayet normal diplomatik  prosed\u00fcrd\u00fcr, uygulamad\u0131r, bunun i\u00e7in al\u0131nganl\u0131k g\u00f6stermeye hi\u00e7 de gerek  yoktur.<\/p>\n<p style=\"text-align: justify;\">Ayn\u0131  zamanda, Say\u0131n Yavuz, Say\u0131n Ba\u015fbakan\u0131n Say\u0131n Yeksin taraf\u0131ndan kabul  edilmedi\u011fini s\u00f6yledi. Say\u0131n Ba\u015fbakana iletilen, Say\u0131n Yeltsin&#8217;in hasta  oldu\u011fu, rahats\u0131z oldu\u011fudur. Ayn\u0131 zamanda hat\u0131rlatmak isterim ki, Say\u0131n  Ecevit, Say\u0131n Yeltsin&#8217;in telefonla g\u00f6r\u00fc\u015fme talebini de reddetmi\u015ftir.<\/p>\n<p style=\"text-align: justify;\">Ayr\u0131ca  hat\u0131rlatmak isterim ki, T\u00fcrk Halk\u0131n\u0131n tamam\u0131 \u00e7ok iyi bilir, Say\u0131n  Ecevit, T\u00fcrkiye&#8217;nin itibar\u0131na, sayg\u0131nl\u0131\u011f\u0131na en fazla derecede hassasiyet  g\u00f6steren bir liderdir. (DSP s\u0131ralar\u0131ndan alk\u0131\u015flar)<\/p>\n<p style=\"text-align: justify;\">Ayn\u0131  zamanda yine hat\u0131rlatmak isterim ki &#8220;masaya yumruk vurdum&#8221; diye \u00f6v\u00fcnen  bir ba\u015fka liderin, masan\u0131n \u00fcst\u00fcne mi -\u00e7\u00fcnk\u00fc, \u00fcst\u00fcne yumruk vurdu\u011funu  ba\u015fka g\u00f6ren yok- yoksa masan\u0131n alt\u0131na m\u0131 yumruk vurdu\u011funu da ayr\u0131ca  merak ediyoruz. (DSP s\u0131ralar\u0131ndan alk\u0131\u015flar)<\/p>\n<p style=\"text-align: justify;\"><em><strong>HASAN EK\u0130NC\u0130 (Artvin) <\/strong>&#8211; Senin akl\u0131n ermez o i\u015flere.<\/em><\/p>\n<p style=\"text-align: justify;\"><strong>AL\u0130 TEK\u0130N (Devamla) <\/strong>&#8211;  Son olarak, iyi diplomasi masaya yumruk vurmakla kesinlikle olmaz. \u0130yi  diplomasinin nas\u0131l olmas\u0131 gerekti\u011fini, Avrupa Birli\u011finin son zamanlarda  T\u00fcrkiye hakk\u0131nda vermi\u015f oldu\u011fu son karardan dolay\u0131, T\u00fcrkiye&#8217;ye kadar,  Ankara&#8217;ya kadar gelip, bizi bir g\u00fcn sonraki yeme\u011fe davet eden  diplomatlar da gayet g\u00fczel \u015fekilde ortaya koymu\u015flard\u0131r.<\/p>\n<p style=\"text-align: justify;\"><em><strong>MUSTAFA \u00d6RS (Burdur) <\/strong>&#8211; Ba\u015fbakan Yard\u0131mc\u0131s\u0131 kar\u015f\u0131lam\u0131\u015f, ke\u015fke Ba\u015fbakan kar\u015f\u0131lasayd\u0131; daha iyi olurdu, daha itibarl\u0131 olurdu.<\/em><\/p>\n<p style=\"text-align: justify;\"><em><strong>BA\u015eKAN &#8211;<\/strong> Kar\u015f\u0131l\u0131kl\u0131 konu\u015fmayal\u0131m efendim.<\/em><\/p>\n<p style=\"text-align: justify;\"><strong>AL\u0130 TEK\u0130N (Devamla)<\/strong> &#8211; \u0130yi diplomasinin b\u00fct\u00fcn inceliklerinin nas\u0131l olmas\u0131 gerekti\u011fini, Say\u0131n  Ba\u015fbakan\u0131m\u0131z\u0131n ve D\u0131\u015fi\u015fleri Bakanl\u0131\u011f\u0131n\u0131n ve t\u00fcm h\u00fck\u00fcmetimizin, Avrupa  Birli\u011finin vermi\u015f oldu\u011fu son karar dolay\u0131s\u0131yla b\u00fct\u00fcn T\u00fcrkiye&#8217;ye herhalde  anlatm\u0131\u015f olmas\u0131 gerekir. Onun i\u00e7in, masaya yumruk vurmak o kadar \u00e7ok  b\u00fcy\u00fck bir olay da de\u011fil; ama, masan\u0131n altina yumruk vurman\u0131n hi\u00e7bir  ehemmiyeti yok, bunu da sizlere bildirmek istiyorum. Hepinize sayg\u0131lar  sunar\u0131m. (DSP s\u0131ralar\u0131ndan alk\u0131\u015flar)<\/p>\n<p style=\"text-align: justify;\"><em><strong>MUSTAFA \u00d6RS (Burdur) &#8211;<\/strong> Sen anlamazs\u0131n masaya yumruk vurman\u0131n ne oldu\u011funu.<\/em><\/p>\n<p style=\"text-align: justify;\"><em><strong>BA\u015eKAN<\/strong> &#8211; Say\u0131n Tekin&#8217;e te\u015fekk\u00fcr ediyorum.<\/em><\/p>\n<p style=\"text-align: justify;\"><em>Gruplar  ad\u0131na, d\u00f6rd\u00fcnc\u00fc olarak, Ankara Milletvekili Say\u0131n \u015eevket B\u00fclend  Yahnici, Milliyet\u00e7i Hareket Partisi Grubunun g\u00f6r\u00fc\u015flerini dile  getireceklerdir. (MHP s\u0131ralar\u0131ndan alk\u0131\u015flar)<\/em><\/p>\n<p style=\"text-align: justify;\"><em>Say\u0131n Yahnici, s\u00fcreniz 20 dakika efendim. Buyurun.<\/em><\/p>\n<p style=\"text-align: justify;\"><strong>MHP GRUBU ADINA \u015eEVKET B\u00dcLEND YAHN\u0130C\u0130 (Ankara) &#8211;<\/strong> Say\u0131n Ba\u015fkan, muhterem milltvekilleri; ben de, Parlamentomuza, Kadir  G\u00f6rmez, Avni Akyol, Bedri \u0130ncetahtac\u0131 ile ba\u015flay\u0131p, S\u0131tk\u0131 Turan&#8217;la devam  eden talihsizlikler zincirini, ac\u0131 kay\u0131plar\u0131m\u0131z\u0131 bir kere daha  hat\u0131rlat\u0131p, rahmetlileri bu m\u00fcbarek g\u00fcnde bir kere daha rahmetle anarak  s\u00f6zlerime ba\u015fl\u0131yorum. Cenab\u0131 Allah, bu m\u00fcbarek g\u00fcnler y\u00fcz\u00fc suyu  h\u00fcrmetine, b\u00f6yle ac\u0131lar\u0131 bir daha bize tatt\u0131rmas\u0131n. Gerek kaybetti\u011fimiz  arkada\u015flarla ilgili ac\u0131lar\u0131, gerekse, millet olarak, pe\u015fpe\u015fe deprem  felakatleri sebebiyle ya\u015famakta oldu\u011fumuz ac\u0131lar\u0131 in\u015fallah bir daha  tatmay\u0131z.<\/p>\n<p style=\"text-align: justify;\">De\u011ferli  arkada\u015flar, konumuz Kafkasya. Kafkasya, Rusya i\u00e7in, Avrupa ile Orta  Asya aras\u0131nda bir ge\u00e7i\u015f k\u00f6pr\u00fcs\u00fc olmas\u0131n\u0131n yan\u0131 s\u0131ra, Karadeniz ve Hazar  Denizine k\u0131y\u0131s\u0131n\u0131n olmas\u0131 sebebiyle, Rusya&#8217;n\u0131n,  Karadeniz-Bo\u011fazlar-Akdeniz yoluyla S\u00fcvey\u015f Kanal\u0131na inebilmesine imk\u00e2n  sa\u011flamas\u0131 y\u00f6n\u00fcnden de Rusya&#8217;n\u0131n stratejik menfaatlar\u0131 a\u00e7\u0131s\u0131ndan son  derece \u00f6nemli bir jeopolitik b\u00f6lgedir.<\/p>\n<p style=\"text-align: justify;\">Kafkaslar\u0131n da\u011fl\u0131k co\u011fraf\u00ee yap\u0131s\u0131,  b\u00f6lgede, \u00e7ok az alternatif yolun ve ula\u015f\u0131m a\u011f\u0131n\u0131n bulunmas\u0131na imk\u00e2n  sa\u011flamaktad\u0131r. Kafkas s\u0131rada\u011flar\u0131, Kafkasya ile Kafkas \u00f6tesini,  dolay\u0131s\u0131yla Rusya Federasyonu ile G\u00fcrcistan ve Azerbaycan&#8217;\u0131 birbirinden  ay\u0131r\u0131rken, birbiriyle ili\u015fkili b\u00f6lgeler aras\u0131nda direkt ula\u015f\u0131ma imk\u00e2n  vermemektedir. Mesala, birbirine kom\u015fu olan G\u00fcrcistan&#8217;a ba\u011fl\u0131 Abhazya  Cumhuriyeti ile Rusya Federasyonuna ba\u011fl\u0131 Kara\u00e7ay \u00c7erkez Cumhuriyeti  aras\u0131nda do\u011frudan ula\u015f\u0131m\u0131 sa\u011flayacak bir karayolu bile yoktur.  Kafkasya&#8217;dan Kafkas \u00f6tesine s\u0131rada\u011flar\u0131n \u00fczerinden a\u015farak ge\u00e7ebilen 2  karayolundan biri Kuzey Osetya&#8217;dan G\u00fcney Osetya&#8217;ya ula\u015f\u0131m\u0131 sa\u011flayan  Daryal Ge\u00e7ididir. Bu yol, Rusya Federasyonundan G\u00fcrcistan&#8217;\u0131n Ba\u015fkenti  Tiflis&#8217;e ula\u015f\u0131m\u0131 sa\u011flamaktad\u0131r. Da\u011f\u0131stan&#8217;dan Azerbaycan&#8217;a ula\u015f\u0131m\u0131  sa\u011flayan Derbent Ge\u00e7idi ile de Rusya ve Kafkasya&#8217;dan Azerbaycan&#8217;\u0131n  Ba\u015fkenti Bak\u00fb&#8217;ye ula\u015fmak m\u00fcmk\u00fcn. Bu durumda, Rusya a\u00e7\u0131s\u0131ndan,  Kafkasya&#8217;da deniz ta\u015f\u0131mac\u0131l\u0131\u011f\u0131n\u0131n stratejik \u00f6nemi art\u0131yor ve Karadeniz  sahilindeki Abhazya ile Hazar Denizi aras\u0131ndaki Da\u011f\u0131stan \u00f6nem kazan\u0131yor.  Rusya&#8217;n\u0131n, halihaz\u0131rda Karadeniz k\u0131y\u0131s\u0131nda k\u00fc\u00e7\u00fck bir \u00e7\u0131k\u0131\u015f nokta-   s\u0131n\u0131n bulunmas\u0131 sebebiyle Kafkasya&#8217;da etnik Rus n\u00fcfusunun \u00e7o\u011funlukta  oldu\u011fu Krasnodar, Rostov ve Stavropol b\u00f6lgelerinde istikrarl\u0131 yap\u0131n\u0131n  korunmas\u0131 Rusya&#8217;n\u0131n menfaatlar\u0131 a\u00e7\u0131s\u0131ndan \u00f6nem ta\u015f\u0131maktad\u0131r.<\/p>\n<p style=\"text-align: justify;\">Kafkaslarda meydana gelebilecek b\u00fcy\u00fck  bir etnik \u00e7at\u0131\u015fma ve sava\u015f halinde, Rusya&#8217;n\u0131n, Karadenize \u00e7\u0131k\u0131\u015f  noktas\u0131n\u0131 kaybetmesi durumunda, Karadeniz-Bo\u011fazlar-Akdeniz-S\u00fcvey\u015f Kanal\u0131  yoluyla s\u0131cak denizlere \u00e7\u0131kma imk\u00e2n\u0131 ortadan kalkacak ve Rusya, d\u00fcnya  pazarlar\u0131na \u00fcr\u00fcn ihrac\u0131nda b\u00fcy\u00fck zararlara ve kay\u0131plara u\u011frayacakt\u0131r.<\/p>\n<p style=\"text-align: justify;\">Karadeniz ve Kafkaslar\u0131n \u00f6zel  jeostratejik konumu sebebiyle, Rusya&#8217;n\u0131n, Kafkasya&#8217;y\u0131 ve dolay\u0131s\u0131yla  Karadenize \u00e7\u0131k\u0131\u015f noktas\u0131n\u0131 elinde bulundurmas\u0131 ona b\u00fcy\u00fck kolayl\u0131k ve  imk\u00e2n sa\u011flamaktad\u0131r.<\/p>\n<p style=\"text-align: justify;\">Karadenizden Hint Okyanusuna ula\u015fmak,  Rusya&#8217;n\u0131n kuzeybat\u0131s\u0131ndaki St. Petersburg limanlar\u0131ndan ula\u015fmaktan 6 000  kilometre, Uzakdo\u011fu&#8217;daki Nahodka Liman\u0131ndan ise 8 000 kilometre daha  yak\u0131nd\u0131r. Rusya&#8217;n\u0131n, Karadenizde, Kafkasya k\u0131y\u0131lar\u0131nda ancak iki liman\u0131  mevcut. Her iki limanda da petrol tesisleri var. Eski Sovyetler Birli\u011fi  d\u00f6neminin en \u00f6nemli \u00fc\u00e7 liman\u0131ndan biri olan Novorossisk Liman\u0131,  Ukrayna&#8217;n\u0131n Odessa Liman\u0131ndan veya Balt\u0131k Liman\u0131ndan daha derindir. Daha  da \u00f6nemlisi, bu liman, Bakii&#8217;den ve Kazakistan&#8217;dan gelen petrol boru  hatlar\u0131n\u0131n Karadenize a\u00e7\u0131lma noktas\u0131nda yer almaktad\u0131r.<\/p>\n<p style=\"text-align: justify;\">\u00c7e\u00e7enistan meselesi dedi\u011fimiz anda ve  \u00c7e\u00e7enistan&#8217;daki olaylar\u0131 irdelemeye ba\u015flad\u0131\u011f\u0131m\u0131zda, i\u015fte bu Bak\u00fb&#8217;den bu  limana giden petrol boru hatt\u0131 meselesi b\u00fcy\u00fck \u00f6nem kazanmaktad\u0131r.  Rusya&#8217;n\u0131n, Kafkasya&#8217;daki petrol rezervlerinin y\u00fczde 34&#8217;\u00fc Stavropol  b\u00f6lgesinde, y\u00fczde 33&#8217;\u00fc \u00c7e\u00e7enistan ve \u0130ngu\u015f Cumhuriyetinde, y\u00fczde 27&#8217;si  Krasnodar b\u00f6lgesinde, y\u00fczde 5&#8217;i Da\u011f\u0131stan&#8217;da ve y\u00fczde 1&#8217;i Kabarda-Balkar  Cumhuriyetinde yer almaktad\u0131r.<\/p>\n<p style=\"text-align: justify;\">Bunlar\u0131 niye s\u00f6yl\u00fcyorum; 1980&#8217;lere kadar  Grozni, petrol bak\u0131m\u0131ndan ve Kafkas petrolleri itibariyle, Sovyetler  Birli\u011finin petrol rezervi \u00e7ok b\u00fcy\u00fck bir \u00f6nem ta\u015f\u0131maktayd\u0131.<\/p>\n<p style=\"text-align: justify;\">1980&#8217;de Grozni petrol\u00fc, Kafkasya&#8217;da  \u00fcretilen petrol\u00fcn y\u00fczde 40&#8217;\u0131n\u0131 olu\u015fturmaktayd\u0131. Kuban ve Stavropol  b\u00f6lgelerindeki \u00fcretimin azalmas\u0131yla, 1992&#8217;de Grozni petrol\u00fc, Kafkasya&#8217;da  \u00fcretilen petrol\u00fcn y\u00fczde 50&#8217;sini kar\u015f\u0131lar hale geldi ve b\u00fct\u00fcn bu i\u015fler  devam ederken, 1991&#8217;de \u00c7e\u00e7enistan&#8217;\u0131n Rusya&#8217;dan ba\u011f\u0131ms\u0131zl\u0131\u011f\u0131n\u0131 ilan  etmesiyle birlikte ortaya \u00e7\u0131kan yap\u0131 i\u00e7erisinde, \u00c7e\u00e7en i\u015f\u00e7ilerin b\u00fcy\u00fck  \u00e7o\u011funlu\u011funun Rusya&#8217;ya kar\u015f\u0131 sava\u015fa kat\u0131lmas\u0131yla, \u00fcretim, g\u00fcnde 6 500  varilin alt\u0131na d\u00fc\u015ft\u00fc ve \u00c7e\u00e7enistan&#8217;\u0131n sahip oldu\u011fu 1 500 petrol  kuyusundan ancak 100 kadar\u0131 petrol \u00fcretebilir hale geldi.<\/p>\n<p style=\"text-align: justify;\">B\u00fct\u00fcn bunlar ne demek; b\u00fct\u00fcn bunlar,  Kafkas \u00f6tesinde yer alan Azerbaycan&#8217;\u0131n b\u00fcy\u00fck petrol potansiyeli ve y\u0131lda  4,2 milyar dolara ula\u015fan petrol geliri, Kafkas \u00f6tesini ve Kafkaslar\u0131  petrol ve do\u011falgaz\u0131n boru hatlar\u0131yla d\u00fcnya pazarlar\u0131na ula\u015ft\u0131r\u0131lmas\u0131nda  son derece \u00d6nemli ve vazge\u00e7ilmez bir b\u00f6lge haline getirmi\u015ftir.  Rusya&#8217;n\u0131n, Hazar b\u00f6lgesi petrol ve do\u011fal gaz kaynaklar\u0131n\u0131, Kafkasya&#8217;dan  ge\u00e7ecek bir boru hatt\u0131yla, Karadeniz k\u0131y\u0131s\u0131ndaki an\u0131lan limana ta\u015f\u0131mas\u0131  ve buradan d\u00fcnya pazarlar\u0131na a\u00e7\u0131lmas\u0131 teklifi, Kafkasya&#8217;daki etnik  yap\u0131n\u0131n bir barut f\u0131\u00e7\u0131s\u0131n\u0131 and\u0131rmas\u0131 sebebiyle tehlikeye d\u00fc\u015fm\u00fc\u015ft\u00fcr.  Rusya&#8217;n\u0131n, Kafkasya b\u00f6lgesinden ge\u00e7mesi planlanan Bak\u00fb-Novorossisk hatt\u0131  \u00fczerinde cidd\u00ee etnik \u00e7at\u0131\u015fma ve sava\u015f ihtimalleri vard\u0131r. Baku&#8217;den  kuzeye y\u00f6nelen boru hatt\u0131, Azerbaycan&#8217;\u0131n kuzeyinde ba\u011f\u0131ms\u0131zl\u0131k pe\u015finde  olan Lezgi b\u00f6lgesinden ge\u00e7tikten sonra Da\u011f\u0131stan&#8217;a, Rusya Federasyonuna  girmektedir. Boru hatt\u0131, buradan sava\u015f b\u00f6lgesi olan \u00c7e\u00e7enistan&#8217;a  ge\u00e7mektedir. Grozni&#8217;den \u0130ngu\u015f Cumhuriyetine y\u00f6nelen boru hatt\u0131n\u0131n bu  noktas\u0131nda \u0130ngu\u015f-Oset etnik \u00e7at\u0131\u015fma tehlikesi mevcuttur; demin  arkada\u015flar beyan ettiler. Kabarda-Balkar Cumhuriyetinin kuzeyinden  ge\u00e7erek Kara\u00e7ay- \u00c7erkez Cumhuriyetinin Ba\u015fkenti \u00c7erkessk \u015eehrine ula\u015fan  boru hatt\u0131n\u0131n bu noktas\u0131nda Kara\u00e7aylar ile \u00c7erkezler aras\u0131nda etnik  \u00e7at\u0131\u015fma ihtimali vard\u0131r.<\/p>\n<p style=\"text-align: justify;\">Yani, 1994 y\u0131l\u0131 aral\u0131k ay\u0131nda ba\u015flayan  Rus-\u00c7e\u00e7en sava\u015f\u0131n\u0131n Ruslar taraf\u0131ndan kaybedilmesi, uluslararas\u0131 petrol  diplomasisinde Rusya&#8217;n\u0131n g\u00fcc\u00fcn\u00fc ve g\u00fcvenilirli\u011fini zay\u0131flatm\u0131\u015ft\u0131r ve \u00f6te  yandan, Rusya, Kafkas \u00f6tesinde, Ermenistan d\u0131\u015f\u0131nda, Azerbaycan ve  G\u00fcrcistan \u00fczerinden h\u00e2kimiyetini de kaybetmi\u015ftir. Bu bak\u0131mdan, Rusya,  kendi s\u0131n\u0131rlar\u0131 i\u00e7inde yer alan Kafkasya&#8217;daki her t\u00fcrl\u00fc ba\u011f\u0131ms\u0131zl\u0131k  hareketini, ne pahas\u0131na olursa olsun bast\u0131rarak h\u00e2kimiyet kurma  gayretine girmi\u015ftir. Bu sebeple, Rusya, ba\u011f\u0131ms\u0131zl\u0131k pe\u015findeki  \u00c7e\u00e7enistan&#8217;da, ayr\u0131l\u0131k\u00e7\u0131 ve direni\u015f\u00e7i g\u00fc\u00e7leri yok ederek, b\u00f6lgede,  kendine ba\u011fl\u0131 bir kukla rejim kurma pe\u015findedir. \u00c7e\u00e7cnistan olay\u0131n\u0131n  temeli, \u00c7e\u00e7enistan olay\u0131n\u0131n \u00f6z\u00fc, \u00f6zeti burada yatmaktad\u0131r.<\/p>\n<p style=\"text-align: justify;\">Aziz arkada\u015flar\u0131m, 1994-1996 y\u0131llar\u0131  aras\u0131ndaki Rus-\u00c7e\u00e7en sava\u015f\u0131ndan yenilgiyle \u00e7\u0131kan Rusya, bu sava\u015ftan ders  alarak, bu kez, \u00c7e\u00e7enistan&#8217;a do\u011frudan kara harek\u00e2t\u0131 uygulamak yerine,  \u00f6nce, a\u011f\u0131r hava bombard\u0131manlar\u0131, \u00c7e\u00e7en g\u00fc\u00e7lerini zay\u0131flatma takti\u011fi  uygulamaya ba\u015flad\u0131. 25 Eyl\u00fcl 1999&#8217;da bir a\u00e7\u0131klama yapan Rusya Hava  Kuvvetleri Komutan\u0131 Anatoli Kornikov, yumu\u015fatma bombard\u0131man\u0131yla ilgili 1  700 sorti yap\u0131ld\u0131\u011f\u0131n\u0131 -dikkatinizi \u00e7ekiyorum- bu sald\u0131r\u0131larla, 2 000  \u00c7e\u00e7en milisin \u00f6ld\u00fcr\u00fcld\u00fc\u011f\u00fcn\u00fc, 250 mevzi ile 150&#8217;nin \u00fczerinde e\u011fitim kamp\u0131  ve \u00fcss\u00fcn vuruldu\u011funu, 60 kamyon, 20 u\u00e7aksavar, 30 k\u00f6pr\u00fc, 4 radar  istasyonu, 250 kilometrelik da\u011f yolunun, stratejik sanayi tesislerinin  yok edildi\u011fini s\u00f6yl\u00fcyor.<\/p>\n<p style=\"text-align: justify;\">B\u00fct\u00fcn bunlar, \u00c7e\u00e7enistan dram\u0131n\u0131n perde  arkas\u0131 ve ba\u015flang\u0131\u00e7 noktas\u0131. A\u011f\u0131r hava bombard\u0131man\u0131n\u0131n ard\u0131ndan Rus  birlikleri 30 Eyl\u00fcl 1999&#8217;da \u00c7e\u00e7enistan&#8217;\u0131 karadan i\u015fgale ba\u015flad\u0131lar.  Da\u011f\u0131stan&#8217;da mevzilenen Rus asker\u00ee birlikleri, \u00c7e\u00e7enistan s\u0131n\u0131r\u0131ndan  ge\u00e7erek stratejik b\u00f6lgelere do\u011fru y\u00f6neldiler. Rusya&#8217;n\u0131n Ba\u015fayev ve ona  ba\u011fl\u0131 \u0130slamc\u0131 ter\u00f6rist militanlar\u0131 yok etmek bahanesiyle sald\u0131rd\u0131\u011f\u0131  \u00c7e\u00e7enistan&#8217;\u0131n Devlet Ba\u015fkan\u0131 Mashadov, Ba\u015fayev&#8217;in, \u00c7e\u00e7enistan&#8217;\u0131 savunma  operasyonuna ba\u015fkanl\u0131k edece\u011fini a\u00e7\u0131klayarak, Ba\u015fayev&#8217;i \u00fc\u00e7 savunma  hatt\u0131ndan birine komutan tayin etti. Ama, bu arada maalesef, demin  konu\u015fmac\u0131 arkada\u015flar\u0131m\u0131n da beyan ettikleri tarzda, \u00c7e\u00e7enistan  i\u00e7politikas\u0131nda \u00c7e\u00e7enistan liderlerinin kendi aras\u0131ndaki anla\u015fmazl\u0131klar  ya\u015fanmaya ba\u015flad\u0131.<\/p>\n<p style=\"text-align: justify;\">Sovyetler Birli\u011finin da\u011f\u0131lmas\u0131yla,  Kafkasya ve Kafkas \u00f6tesinin jeopolitik konumu b\u00f6ylece de\u011fi\u015fmi\u015f, Rusya,  Hazar Denizi havzas\u0131ndaki hakimiyetini kaybetmi\u015f olmaktad\u0131r. Kafkas  \u00f6tesinde ba\u011f\u0131ms\u0131zl\u0131klar\u0131n\u0131 kazanan G\u00fcrcistan, Azerbaycan ve Ermenistan,  y\u00f6nlerini Rusya&#8217;ya de\u011fil, Bat\u0131&#8217;ya \u00e7evirmi\u015flerdir. ABD&#8217;nin rol\u00fc  sebebiyle, Kafkasya ve Kafkas \u00f6tesinde, T\u00fcrkiye&#8217;nin ve \u0130ran&#8217;\u0131n pozisyonu  g\u00fc\u00e7lenmi\u015ftir. Ermenistan, G\u00fcrcistan ve Azerbaycan ise bir ba\u015fka \u00e2lemi  yans\u0131tmaktad\u0131r. Azerbaycan&#8217;da, Da\u011fl\u0131k Karaba\u011f b\u00f6lgesinde 350 000,  Azerbaycan&#8217;\u0131n i\u015fgale u\u011fram\u0131\u015f 1\/5 topra\u011f\u0131nda -yani, y\u00fczde 20&#8217;si i\u015fgal  alt\u0131ndad\u0131r Azerbaycan&#8217;\u0131n bug\u00fcn- 650 000, yani, toplam 1 000 000  Azerbaycan T\u00fcrk\u00fc, g\u00f6\u00e7men durumuna d\u00fc\u015fm\u00fc\u015ft\u00fcr. Yani, d\u00fcnyada 1 000 000  insan\u0131n g\u00f6\u00e7men konumuna d\u00fc\u015ft\u00fc\u011f\u00fc ba\u015fka bir devlet, ba\u015fka bir topluluk,  belki, g\u00f6r\u00fclmemi\u015ftir; ama, Azerbaycan, bu kaderi senelerdir ya\u015f\u0131yor.<\/p>\n<p style=\"text-align: justify;\">G\u00fcrcistan ekonomisi belli, Ermenistan  ekonomisi belli; her biri, \u00e7\u0131k\u0131\u015f kap\u0131lar\u0131 olmayan devletler konumunda ve  peri\u015fanl\u0131\u011f\u0131 ya\u015f\u0131yorlar, ekonomik peri\u015fanl\u0131\u011f\u0131 ya\u015f\u0131yorlar, T\u00fcrkiye&#8217;nin  Coca Colas\u0131, Ermenistan&#8217;da 600 000 liraya sat\u0131l\u0131yor arkada\u015flar, 200 000  liral\u0131k Coca Cola, kim sat\u0131yor; \u0130ranl\u0131lar sat\u0131yor.<\/p>\n<p style=\"text-align: justify;\">Yani, b\u00fct\u00fcn bunlar\u0131 bir \u015fey i\u00e7in  s\u00f6yl\u00fcyorum, b\u00fct\u00fcn bunlardan maksat \u015fu: E\u011fer ki, Kafkasya&#8217;y\u0131 bir b\u00fct\u00fcn  olarak d\u00fc\u015f\u00fcnecek olursak, Kafkaslar\u0131n kuzeyini ve g\u00fcneyini bir b\u00fct\u00fcn  halinde d\u00fc\u015f\u00fcnecek olursak, Kafkaslarda, \u00f6ncelikle g\u00fcneyde Azerbaycan,  G\u00fcrcistan ve Ermenistan aras\u0131nda, mutlaka bir dostluk ve i\u015fbirli\u011fi  anla\u015fmas\u0131n\u0131n yap\u0131lmas\u0131 ve bu \u00fclkelerle T\u00fcrkiye&#8217;nin, mutlaka ve mutlaka  dostluk ve i\u015fbirli\u011fi i\u00e7erisinde, kap\u0131lar\u0131 da a\u00e7mak suretiyle, i\u015fbirli\u011fi  yollar\u0131n\u0131 aramas\u0131 \u015fartt\u0131r. Bu anlamda, T\u00fcrkiye, kendisine vizyon  \u00fcstlenmek zorunda olan bir \u00fclkedir.<\/p>\n<p style=\"text-align: justify;\">Rusya&#8217;n\u0131n, halihaz\u0131rda Ermenistan&#8217;da bir  asker\u00ee \u00fcss\u00fc, G\u00fcrcistan&#8217;da ise \u00fc\u00e7 asker\u00ee \u00fcss\u00fc bulunmaktad\u0131r. Rus  birlikleri, ayr\u0131ca Abhazya ve G\u00fcney Osetya&#8217;da da mevzilendirilmi\u015ftir.  Azerbaycan ise topraklar\u0131nda, Rusya&#8217;n\u0131n asker\u00ee \u00fcslerine, Bar\u0131\u015f G\u00fcc\u00fc  birliklerine bile izin vermemektedir. Kafkas \u00f6tesindeki Rus asker\u00ee  g\u00fcc\u00fcn\u00fcn say\u0131s\u0131 20 000 asker ile 5 500 s\u0131n\u0131r muhaf\u0131z\u0131ndan ibaret. Yani,  Rusya&#8217;n\u0131n Kafkasya ve Kafkas \u00f6tesinde etkinli\u011fi ve h\u00e2kimiyetini  kaybetmesi, bu jeostratejik bo\u015flu\u011fun T\u00fcrkiye ya da ba\u015fka bir Bat\u0131l\u0131 \u00fclke  taraf\u0131ndan doldurulmas\u0131na yol a\u00e7aca\u011f\u0131 tehlikesini ve endi\u015fesini  do\u011furmaktad\u0131r. Rusya&#8217;n\u0131n Kafkas \u00f6tesindeki stratejik etkisinin  zay\u0131flamas\u0131, Kafkasya&#8217;da ba\u011f\u0131ms\u0131zl\u0131k pe\u015finde olan \u00f6zerk cumhuriyetleri  g\u00fc\u00e7lendirecek ve Rusya bu stratejik b\u00f6lgede cidd\u00ee ve uzun s\u00fcrecek  problemlerle kar\u015f\u0131 kar\u015f\u0131ya kalacakt\u0131r.<\/p>\n<p style=\"text-align: justify;\">Aziz arkada\u015flar\u0131m, b\u00fct\u00fcn bunlar\u0131  anlatt\u0131ktan sonra, \u00c7e\u00e7enistan olay\u0131yla ilgili bir iki konuyu, bir ba\u015fka  boyuttan dile getirmek istiyorum. \u015eu, elimde g\u00f6rd\u00fc\u011f\u00fcn\u00fcz belgelerden  birisi -hepsini imzalar\u0131yla okumak istiyorum- &#8220;Aslan Mashadov \u00c7e\u00e7en  \u0130\u00e7kerya Cumhuriyeti Ba\u015fbakan\u0131, -o zaman Ba\u015fbakan-\u00c7ernomirdin Rusya  Federasyonu H\u00fck\u00fcmeti Ba\u015fbakan\u0131&#8221; tarih 13 Haziran. 1997. Belgenin  fotokopisidir, imzalanm\u0131\u015f anla\u015fma fotokopileri bunlar. &#8220;\u00c7e\u00e7en \u0130\u00e7kerya  Cumhuriyeti ile Rusya Federasyonu, Aslan Mashadov, \u00c7ernomirdin&#8221; bir  ba\u015fka anla\u015fma. &#8220;Aleksandr Lebed, Aslan Mashadov&#8221; bir ba\u015fka anla\u015fma. Bir  anla\u015fma var, \u00fcst\u00fcnde, Yeltsin, elzay\u0131s\u0131yla \u00e7izgi \u00e7ekmi\u015f, Boris  Yeltsin&#8217;in elyaz\u0131s\u0131 olan fotokopidir. Bu anla\u015fma da 12 May\u0131s tarihli,  me\u015fhur 1997 anla\u015fmas\u0131.<\/p>\n<p style=\"text-align: justify;\">Arkada\u015flar, burada \u015funu s\u00f6ylemek  istiyorum : Rusya, \u00c7e\u00e7enistan&#8217;\u0131, bir yabanc\u0131 devleti i\u015fgal ediyor gibi  i\u015fgal etmi\u015ftir; yani, Rusya Federe Devleti, kendi federe b\u00fcnyesi  i\u00e7erisinde olan bir devlete kar\u015f\u0131 bir sald\u0131r\u0131yla hareket etmi\u015f de\u011fildir.  Niye; Rusya Federasyonu ve \u00c7e\u00e7en \u0130\u00e7kerya Cumhuriyeti aras\u0131nda bar\u0131\u015f ve  kar\u015f\u0131l\u0131kl\u0131 ili\u015fkilere dair anla\u015fma, uluslararas\u0131 hukukun ba\u015fl\u0131ca  ilkelerine g\u00f6re ve iki ba\u011f\u0131ms\u0131z mill\u00ee devlet aras\u0131nda yap\u0131lm\u0131\u015ft\u0131r. Di\u011fer  bir deyi\u015fle, Rusya Federasyonu, \u00c7e\u00e7en (\u0130\u00e7kerya) Cumhuriyetini,  uluslararas\u0131 hukuk ve uygulamalar do\u011frultusunda mill\u00ee bir devlet olarak  g\u00f6rm\u00fc\u015ft\u00fcr.<\/p>\n<p style=\"text-align: justify;\">Bir kar\u015f\u0131la\u015ft\u0131rmayla s\u00f6yleyecek olursak  &#8220;Dogovoryonnost Compact&#8221; veya &#8220;Sogla\u015fennie Accort&#8221; tan\u0131m\u0131, Rusya  Federasyonu gibi bir federe devlet ile onun bir par\u00e7as\u0131 aras\u0131nda yap\u0131lan  anla\u015fmalarda kullan\u0131lmaktad\u0131r. Rusya, kendisine ba\u011fl\u0131 bir \u00f6zerk  b\u00f6lgeyle veya \u00f6zerk cumhuriyetle bir anla\u015fma yaparsa bu deyimi  kullan\u0131yor; ama, burada &#8220;Dogovor&#8221; kelimesinin kullan\u0131lmas\u0131, Rusya&#8217;n\u0131n,  \u00c7e\u00e7enistan&#8217;la yapt\u0131\u011f\u0131 anla\u015fmada, o \u00fclkeyi kendisinin bir par\u00e7as\u0131 olarak  g\u00f6rmesini de\u011fil, mill\u00ee bir devlet olarak hadiseye yakla\u015ft\u0131\u011f\u0131n\u0131 ispat  etmektedir.<\/p>\n<p style=\"text-align: justify;\">O zaman, bu, Birle\u015fmi\u015f Milletler  T\u00fcz\u00fc\u011f\u00fcn\u00fcn 2\/4 \u00fcnc\u00fc maddesi ve ayn\u0131 T\u00fcz\u00fc\u011f\u00fcn 2\/3 \u00fcnc\u00fc maddesine g\u00f6re  Birle\u015fmi\u015f Milletler \u00fcyesi olan devletlerin aralar\u0131ndaki anla\u015fmazl\u0131klar\u0131n  ne \u015fekilde d\u00fczenlenece\u011fine dair ne gerekiyorsa o yap\u0131labilir; yani,  uluslararas\u0131 camia -o camia kimse, Birle\u015fmi\u015f Milletler, o camia kimse,  AG\u0130T, o camia kimse NATO veya Avrupa Konseyi- bu anlamda, Rusya  Federasyonu&#8217;na &#8220;arkada\u015f, sen, \u00c7e\u00e7enistan&#8217;\u0131 b\u00f6ylesine i\u015fgal etme hakk\u0131na  sahip de\u011filsin&#8221; deme hakk\u0131na sahiptir.<\/p>\n<p style=\"text-align: justify;\">Bu noktada, kanaatimizce, birka\u00e7 konuyu net olarak madde madde ifade etmek istiyorum.<\/p>\n<p style=\"text-align: justify;\">\u00c7e\u00e7enistan&#8217;daki direni\u015f mill\u00ee bir  direni\u015ftir. Rus propagandas\u0131n\u0131n iddia etti\u011fi gibi Vahhab\u00ee hareketi,  k\u00f6ktendinci veya ayr\u0131l\u0131k\u00e7\u0131 bir hareket veya \u00fc\u00e7 be\u015f ter\u00f6rist hareketi  de\u011fildir. (Alk\u0131\u015flar)<\/p>\n<p style=\"text-align: justify;\">H\u00e2l\u00e2 Rusya&#8217;ya ait a\u00e7\u0131klamalarda  &#8220;ter\u00f6rist hareket&#8221; kelimeleri kullan\u0131lmaktad\u0131r. Da\u011f\u0131stan&#8217;a 2 000 vehhab\u00ee  ter\u00f6rist gelmi\u015f, Rusya, Da\u011f\u0131stan&#8217;daki 2 000 vehhab\u00ee ter\u00f6risti e\u011fer  temizleyecekse, bunun yolu \u00c7e\u00e7enistan&#8217;da yap\u0131lan bu harek\u00e2t, hi\u00e7bir  zaman i\u00e7in olamaz, olmamal\u0131yd\u0131. \u00c7e\u00e7enistan, b\u00fct\u00fcn Kafkasya&#8217;n\u0131n d\u00fc\u011f\u00fcm  noktas\u0131d\u0131r. B\u00f6lgedeki \u00e7at\u0131\u015fman\u0131n arkas\u0131nda, Rusya&#8217;n\u0131n, Kafkasya&#8217;da  ekonomik ye politik y\u00f6nden tekrar h\u00e2kim olma planlar\u0131 yatmaktad\u0131r.  Rusya&#8217;n\u0131n Azerbaycan ve G\u00fcrcistan \u00fczerinde k\u0131r\u0131lan h\u00e2kimiyetini yeniden  kurma amac\u0131n\u0131n ilk basama\u011f\u0131, \u00c7e\u00e7ensiz \u00c7e\u00e7enistan gibi g\u00f6r\u00fcnmektedir.<\/p>\n<p style=\"text-align: justify;\">Helsinki toplant\u0131s\u0131nda, Avrupa Birli\u011fi,  Rusya&#8217;y\u0131, b\u00fct\u00fcn \u00c7e\u00e7en Halk\u0131na ter\u00f6rist muamelesi yapmamas\u0131 konusunda, 11  Aral\u0131k 1999&#8217;da, sert bir \u015fekilde uyarm\u0131\u015f bulunmaktad\u0131r. Rusya,  \u00c7e\u00e7enistan&#8217;da, b\u00fct\u00fcn yeni model sava\u015f u\u00e7aklar\u0131n\u0131, helikopterlerini,  hatta kimsayal silahlar\u0131n\u0131 kullanarak, tam bir soyk\u0131r\u0131m, jenosit  uygulamaktad\u0131r. G\u00fcrcistan&#8217;dan d\u00f6nen arkada\u015flar\u0131m\u0131z anlat\u0131yorlar;  insanlar\u0131 yere yat\u0131rm\u0131\u015flar, e\u011fer, tanklar ba\u015flar\u0131n\u0131n bulundu\u011fu yerden  ge\u00e7irilirse \u00f6lecekler; ama, tanklar\u0131n ayaklar\u0131n\u0131n bulundu\u011fu yerden  ge\u00e7irildi\u011fini s\u00f6ylediler; giden arkada\u015flar\u0131m\u0131z anlatt\u0131, \u015eimdi, bu nas\u0131l  bir soyk\u0131r\u0131md\u0131r, bu nas\u0131l bir jenosittir?! i\u00e7eride veya d\u0131\u015far\u0131da,  T\u00fcrkiye&#8217;de onbinlerce insan\u0131n, onbinlerce T\u00fcrk&#8217;\u00fcn, T\u00fcrk evlad\u0131n\u0131n kan\u0131na  giren insanlar i\u00e7in ya\u015fama hakk\u0131 pe\u015finde ko\u015fanlar, milyonlarca,  y\u00fczbinlerce \u00c7e\u00e7en&#8217;in dram\u0131n\u0131 g\u00f6rmemekle \u00e7ok yaz\u0131k ediyorlar. (Alk\u0131\u015flar)<\/p>\n<p style=\"text-align: justify;\">Rusya, Bat\u0131 d\u00fcnyas\u0131n\u0131n insan haklan  konusundaki hassasiyetine, \u00c7in&#8217;le ili\u015fki kurmak suretiyle cevap verme  \u00e7abas\u0131na girmi\u015ftir. Bu ama\u00e7la, Yeltsin, 10 Aral\u0131k g\u00fcn\u00fc, \u00c7in Devlet  Ba\u015fkan\u0131 Zemin&#8217;le iki g\u00fcnl\u00fck bir g\u00f6r\u00fc\u015fme yapm\u0131\u015ft\u0131r ve Moskova&#8217;ya  d\u00f6nm\u00fc\u015ft\u00fcr. Bu zirvedeki hesap \u015fudur:<\/p>\n<p style=\"text-align: justify;\">Rusya, problemi olan \u00c7e\u00e7enistan  konusunda, \u00c7in ise problemi olan Tayvan konusunda birbirini  destekleyecek. \u0130\u015fte b\u00fct\u00fcn bu noktalarda, bize d\u00fc\u015fen, T\u00fcrkiye ve  T\u00fcrkiye&#8217;de benim d\u00fc\u015f\u00fcncem, Milliyet\u00e7i Hareket Partisi ve benim insan\u0131m  neyi d\u00fc\u015f\u00fcn\u00fcyor?<\/p>\n<p style=\"text-align: justify;\">(Mikrofon otomatik cihaz taraf\u0131ndan kapat\u0131ld\u0131)<\/p>\n<p style=\"text-align: justify;\"><em><strong>BA\u015eKAN<\/strong> &#8211; L\u00fctfen toparlay\u0131n\u0131z efendim.<\/em><\/p>\n<p style=\"text-align: justify;\"><strong>\u015eEVKET B\u00dcLEND YAHN\u00ceC\u0130 (Devamla)<\/strong> &#8211; Meseleye, hi\u00e7bir zaman i\u00e7in, M\u00fcsl\u00fcmanlar\u0131n, dinda\u015flar\u0131m\u0131z\u0131n,  soyda\u015flar\u0131m\u0131z\u0131n ezilmesi diye bakm\u0131yoruz, bakamay\u0131z. Mesele, bir  insanl\u0131k ay\u0131b\u0131d\u0131r, bir insanl\u0131k dram\u0131d\u0131r. Meseleyi o a\u00e7\u0131dan g\u00f6rmek  laz\u0131m. \u00c7e\u00e7enlerin insan olduklar\u0131n\u0131, b\u00f6l\u00fcc\u00fc, ayr\u0131l\u0131k\u00e7\u0131 bir ama\u00e7  ta\u015f\u0131mad\u0131klar\u0131n\u0131, T\u00fcrkiye, gerekirse, b\u00fct\u00fcn d\u00fcnyaya anlatma yolunda  yard\u0131mc\u0131 olmak zorundad\u0131r.<\/p>\n<p style=\"text-align: justify;\">Burada, s\u00f6z\u00fcm\u00fcn bitiminde, e\u011fer  dinliyorlarsa, e\u011fer bir faydas\u0131 olacaksa, Rusya i\u00e7in, Rus yetkililer  i\u00e7in birka\u00e7 s\u00f6z\u00fcm var. Rusya, b\u00fcy\u00fck ve tarih\u00ee bir devlettir. E\u011fer,  meselesi, Da\u011f\u0131stan&#8217;\u0131n \u00c7e\u00e7enistan s\u0131n\u0131r\u0131nda, Batlih B\u00f6lgesinde bulundu\u011fu,  iki k\u00f6yde yerle\u015fti\u011fi s\u00f6ylenilen \u00dcrd\u00fcnl\u00fc gerilla Hattab&#8217;\u0131n komutas\u0131ndaki  2 000 ki\u015filik vehhabist grubu yok etmek idiyse, bunu pekala  ba\u015farabilecek g\u00fcc\u00fc vard\u0131. Bu i\u015fi ger\u00e7ekle\u015ftirmek i\u00e7in, y\u00fczbinlerce  insan\u0131 yersiz yurtsuz etmek, y\u00fczlerce k\u00f6y\u00fc, onlarca \u015fehri ve Grozni&#8217;nin  sivil halk\u0131n\u0131 bombalamak gerekmezdi.<\/p>\n<p style=\"text-align: justify;\">Rusya, b\u00fcy\u00fckl\u00fc\u011f\u00fcn\u00fc, tarih\u00ee bir devlet  oldu\u011funu g\u00f6stermek ve bunu d\u00fcnyaya ispat etmek ad\u0131na, bu anlams\u0131z  gayretten vazge\u00e7melidir ve d\u00fcnya kamuoyu ve uluslararas\u0131 camiada iyice  zedelenmeye ba\u015flayan itibar\u0131n\u0131 bir an \u00f6nce kurtarmaya \u00e7al\u0131\u015fmal\u0131d\u0131r. Bu  anlamda at\u0131lacak bir ad\u0131m, Rusya i\u00e7in asla ge\u00e7 de\u011fildir. \u0130\u015f d\u00fcnyas\u0131nda  b\u00fcy\u00fck problemlerle kar\u015f\u0131 kar\u015f\u0131ya bulunan Rusya Federasyonu Devleti i\u00e7in  bu ad\u0131m, belki de, her \u015feye ra\u011fmen, ge\u00e7 kalmam\u0131\u015f bir ad\u0131m olarak, bir  ferahlamay\u0131, kendileri a\u00e7\u0131s\u0131ndan bir ferahlamay\u0131 da beraberinde  getirecektir. Aksi halde, \u00c7e\u00e7enistan, belki Grozni, belki \u00c7e\u00e7en Halk\u0131  yok olacakt\u0131r; ama, d\u00fcnya uluslararas\u0131 camias\u0131nda Rusya&#8217;n\u0131n da sonu  olacakt\u0131r bu. (Alk\u0131\u015flar)<\/p>\n<p style=\"text-align: justify;\">Te\u015fekk\u00fcr ediyor, sayg\u0131lar sunuyorum. (Alk\u0131\u015flar)<\/p>\n<p style=\"text-align: justify;\"><em><strong>BA\u015eKAN<\/strong> &#8211; Say\u0131n Yahnici&#8217;ye te\u015fekk\u00fcr ediyorum.<\/em><\/p>\n<p style=\"text-align: justify;\"><em>Gruplar ad\u0131na son konu\u015fma, Fazilet  Partisi Grubu ad\u0131na, Sivas Milletvekili Say\u0131n Abd\u00fcllatif \u015eener&#8217;e aittir.  (FP s\u0131ralar\u0131ndan alk\u0131\u015flar)<\/em><\/p>\n<p style=\"text-align: justify;\"><em>Say\u0131n \u015eener, ayn\u0131 zamanda \u00f6nerge sahibi olarak da konu\u015facaklard\u0131r. Buyurun efendim.<\/em><\/p>\n<p style=\"text-align: justify;\"><strong>KAD\u0130R BOZKURT (Sinop)<\/strong> &#8211; Say\u0131n Ba\u015fkan, \u0130\u00e7i\u015fleri Bakan\u0131 nerede?!<\/p>\n<p style=\"text-align: justify;\"><strong>M\u00dcMTAZ YAVUZ (Mu\u015f)<\/strong> -D\u0131\u015fi\u015fleri Bakan\u0131 nerede?!<\/p>\n<p style=\"text-align: justify;\"><strong>FP GRUBU ADINA ABD\u00dcLLAT\u0130F \u015eENER (Sivas)<\/strong> &#8211; Say\u0131n Ba\u015fkan, say\u0131n milletvekilleri; \u00c7anakkale Milletvekili S\u0131tk\u0131  Turan karde\u015fime Allah&#8217;tan rahmet dileyerek s\u00f6zlerime ba\u015fl\u0131yorum ve  hepinizi sayg\u0131yla selaml\u0131yorum.<\/p>\n<p style=\"text-align: justify;\">De\u011ferli milletvekilleri, hemen konuya  giriyorum. \u00c7e\u00e7enistan meselesi, Rusya&#8217;n\u0131n bir i\u00e7 meselesi de\u011fildir. (FP,  MHP ve DYP s\u0131ralar\u0131ndan alk\u0131\u015flar) Bu oturumda, alt\u0131n\u0131 \u00e7izmemiz gereken  temel c\u00fcmle budur. Bu konuda izlenen T\u00fcrk d\u0131\u015f politikas\u0131 yanl\u0131\u015ft\u0131r. Bu  anlay\u0131\u015f, uluslararas\u0131 hukuka ayk\u0131r\u0131d\u0131r, d\u00fcnyan\u0131n yakla\u015f\u0131m\u0131yla terstir,  ba\u011fda\u015fmaz, T\u00fcrk Halk\u0131n\u0131n duygular\u0131na hakarettir ve T\u00fcrkiye&#8217;nin  \u00e7\u0131karlar\u0131na yabanc\u0131d\u0131r. (FP, MHP ve DYP s\u0131ralar\u0131ndan alk\u0131\u015flar)<\/p>\n<p style=\"text-align: justify;\">\u00d6nce, insan haklar\u0131 ihlalleri, art\u0131k,  hi\u00e7bir \u00fclkenin i\u00e7 meselesi olarak alg\u0131lanmamaktad\u0131r. \u00c7e\u00e7enistan&#8217;da Rus  katliam\u0131 var, jenosit uygulamalar var, soyk\u0131r\u0131m var. \u00c7e\u00e7enistan&#8217;da  ya\u015fanan insan haklar\u0131 ihlalleri, Rusya&#8217;n\u0131n alt\u0131na imza att\u0131\u011f\u0131  uluslararas\u0131 pek \u00e7ok anla\u015fmaya da ayk\u0131r\u0131d\u0131r; \u0130nsan Haklar\u0131 Evrensel  Bildirgesine ayk\u0131r\u0131d\u0131r, AG\u0130T ilkelerine ayk\u0131r\u0131d\u0131r, Birle\u015fmi\u015f Milletler  \u015eart\u0131na ayk\u0131r\u0131d\u0131r, 1948 tarihli Birle\u015fmi\u015f Milletler Soyk\u0131r\u0131m Su\u00e7unun  \u00d6nlenmesi ve Cezaland\u0131r\u0131lmas\u0131 Konvansiyonuna ayk\u0131r\u0131d\u0131r; m\u00fcltecilerin  hukuk\u00ee stat\u00fcs\u00fcn\u00fcn belirlenmesine ili\u015fkin Birle\u015fmi\u015f Milletler  s\u00f6zle\u015fmesine ayk\u0131r\u0131d\u0131r. Bundan dolay\u0131d\u0131r ki, uluslararas\u0131 camia,  \u00c7e\u00e7enistan meselesinde, insan haklar\u0131na vurgu yapmaktad\u0131r ve Rus  y\u00f6netimini, \u00c7e\u00e7enlerle sorunlar\u0131 g\u00f6r\u00fc\u015fmeler yoluyla halletmeleri  konusunda uyarmaktad\u0131r. Bu talepler kar\u015f\u0131s\u0131nda, Rusya&#8217;n\u0131n duyars\u0131z  oldu\u011fu, hissiz oldu\u011fu herkes taraf\u0131ndan izlenmektedir. Rusya, bu konuda  da haince bir yola ba\u015fvurmu\u015ftur ve \u00c7e\u00e7enlerin se\u00e7imle i\u015fba\u015f\u0131na gelmi\u015f  resm\u00ee Devlet Ba\u015fkan\u0131 Aslan Mashadov&#8217;la g\u00f6r\u00fc\u015fmek yerine, bir ay \u00f6ncesine  kadar, hapiste tuttuklan Bislan Gantemirov&#8217;la g\u00f6r\u00fc\u015ft\u00fckleri iddias\u0131n\u0131  s\u00fcrekli dile getirmi\u015ftir. E\u011fer, Rus yetkililer g\u00f6r\u00fc\u015fme yapacaklarsa,  \u00c7e\u00e7enistan&#8217;in resm\u00ee, \u00c7e\u00e7en Halk\u0131n\u0131n da se\u00e7ilmi\u015f, yetkili ba\u015fkan\u0131 Aslan  Mashadov&#8217;dur ve onunla g\u00f6r\u00fc\u015fmelidirler.<\/p>\n<p style=\"text-align: justify;\">\u0130kincisi, Rusya, \u00c7e\u00e7enistan&#8217;da, AKKA&#8217;y\u0131  (Avrupa Konvansiyonel Kuvvetler Anla\u015fmas\u0131) hi\u00e7e saymaktad\u0131r;  bulundurabilece\u011fi silah s\u0131n\u0131r\u0131n\u0131n \u00e7ok \u00fczerinde bir g\u00fcc\u00fc Kuzey  Kafkasya&#8217;ya y\u0131\u011fm\u0131\u015ft\u0131r. Konu, bu boyutuyla da T\u00fcrkiye&#8217;yi ve b\u00fct\u00fcn b\u00f6lgeyi  tehdit eden bir hadise haline gelmi\u015ftir ve Rusya&#8217;n\u0131n i\u00e7 i\u015fi olmaktan,  tamam\u0131yla \u00e7\u0131km\u0131\u015ft\u0131r.<\/p>\n<p style=\"text-align: justify;\">\u00dc\u00e7\u00fcnc\u00fc bir nokta, konuyu d\u00fcnyadaki  mevcut dengeler ba\u011flam\u0131na hapsetmeden, uluslararas\u0131 hukukun objektif  \u00f6l\u00e7\u00fclerine g\u00f6re de\u011ferlendirecek olursak, uluslararas\u0131 camian\u0131n kabul  etmesi gereken en \u00f6nemli ger\u00e7ek, ba\u011f\u0131ms\u0131z \u00c7e\u00e7enistan ger\u00e7e\u011fidir.  Birle\u015fmi\u015f Milletler \u015eart\u0131, uluslar\u0131n kendi kaderini tayin hakk\u0131ndan  (\u015felf determinasyon) s\u00f6z etmektedir; bunu, \u00c7e\u00e7enler kadar hak etmi\u015f,  yery\u00fcz\u00fcnde hi\u00e7bir ulus yoktur. (FP, MHP ve DYP s\u0131ralar\u0131ndan alk\u0131\u015flar)<\/p>\n<p style=\"text-align: justify;\">Uluslar\u0131n kendi kaderini tayin etme  hakk\u0131, \u0130kinci D\u00fcnya Sava\u015f\u0131 sonras\u0131nda s\u00f6m\u00fcrgeler i\u00e7in kullan\u0131lm\u0131\u015f bir  hakt\u0131r; ama, 1990&#8217;dan sonra ise, bu hak, s\u00fcrekli olarak federasyonlar  i\u00e7erisindeki federe yap\u0131lar i\u00e7in kullan\u0131labilecek bir hak olarak  uluslararas\u0131 camia taraf\u0131ndan kabul edilmi\u015ftir. Nitekim, Yugoslavya  da\u011f\u0131l\u0131rken, federe yap\u0131lar -Slovenya, H\u0131rvastistan ve Bosna &#8211; Hersek-  ba\u011f\u0131ms\u0131zl\u0131klar\u0131n\u0131 ilan etmi\u015flerdir ve uluslararas\u0131 camia da bunu kabul  etmi\u015ftir; \u00c7e\u00e7enistan&#8217;\u0131n konumu ve durumu da ayn\u0131d\u0131r.<\/p>\n<p style=\"text-align: justify;\">D\u00f6rd\u00fcnc\u00fc bir nokta: Rusya Federasyonu i\u00e7  hukukuna g\u00f6re, \u00c7e\u00e7enistan, ba\u011f\u0131ms\u0131z bir \u00fclkedir. Sovyet Sosyalist  Cumhuriyetler Birli\u011fini olu\u015fturan cumhuriyetlerin 1990&#8217;da birlikten  ayr\u0131lmas\u0131yla Sovyet Sosyalist Cumhuriyetler Birli\u011fi ve Anayasas\u0131 de  facto ve de jure olarak, fiilen ve hukuken ortadan tamam\u0131yla kalkm\u0131\u015ft\u0131r;  Rusya Parlamentosu kapat\u0131lm\u0131\u015ft\u0131r; Boris Yeltsin Parlamentoyu  bombalam\u0131\u015ft\u0131r, devlet yeniden \u00f6rg\u00fctlenmi\u015ftir, Sovyet Sosyalist  Cumhuriyetler Birli\u011finden kalma kanunlar y\u00fcr\u00fcrl\u00fckten kald\u0131r\u0131lm\u0131\u015ft\u0131r ve  1992&#8217;de Rusya Federasyonunu olu\u015fturan \u00f6zerk cumhuriyetler, iradeleriyle,  kendi istekleriyle Rusya Federasyonu Anla\u015fmas\u0131n\u0131 yapm\u0131\u015flard\u0131r ve Rusya  Federasyonu da, bu anla\u015fmaya g\u00f6re \u015fekillenmi\u015ftir. Bu anla\u015fmaya,  Tataristan imza atmam\u0131\u015ft\u0131r. O d\u00f6nemde, Yeltsin, Tataristan&#8217;a &#8220;ne kadar  istiyorsan\u0131z o kadar egemensiniz&#8221; demi\u015ftir; fakat, daha sonra,  Tataristan, kendi iradesiyle bu anla\u015fmay\u0131 imzalayarak, Rusya  Federasyonunun i\u00e7erisinde yer alm\u0131\u015ft\u0131r. Ama, \u00c7e\u00e7enistan, hi\u00e7bir zaman,  Rusya Federasyonu Anla\u015fmas\u0131na imza atmam\u0131\u015ft\u0131r, Rusya Parlamentosu  se\u00e7imlerinden hi\u00e7birine kat\u0131lmam\u0131\u015ft\u0131r; \u00fcstelik, kendi devlet ba\u015fkan\u0131n\u0131  se\u00e7mi\u015ftir, kendi parlamentosunu se\u00e7mi\u015ftir ve \u00c7e\u00e7enistan, kendi  anayasas\u0131n\u0131 haz\u0131rlam\u0131\u015ft\u0131r. Bu durumda, Rusya Federasyonu i\u00e7 hukukuna  g\u00f6re, \u00c7e\u00e7enistan, tamam\u0131yla ba\u011f\u0131ms\u0131z bir devlettir.<\/p>\n<p style=\"text-align: justify;\">\u0130\u015fte, 1994 sava\u015f\u0131ndan sonra yap\u0131lan  anla\u015fmalar, biraz \u00f6nce, de\u011ferli milletvekilleri, bu anla\u015fmalara vurgu  yapt\u0131lar. Bu anla\u015fmalar 1996 y\u0131l\u0131n\u0131n 31 A\u011fustosunda Aleksandr Lebcd ve  Aslan Mashadov aras\u0131nda yap\u0131lan anla\u015fma; 1997 y\u0131l\u0131n\u0131n 12 May\u0131s\u0131nda Boris  Yeltsin ile Aslan Mashadov aras\u0131nda yap\u0131lan anla\u015fmalar. Bu anla\u015fmalarla  taraflar\u0131n e\u015fit d\u00fczeyde \u00fcst y\u00f6neticiler oldu\u011fu vurgulanm\u0131\u015ft\u0131r. Masan\u0131n  bir taraf\u0131nda Yeltsin, \u00f6b\u00fcr taraf\u0131nda Mashadov oturmu\u015ftur ve e\u015fit  d\u00fczeyde y\u00f6neticiler olduklar\u0131n\u0131 bu anla\u015fma metnine ge\u00e7irmi\u015fler;  aralar\u0131ndaki ihtilaflar\u0131 gidermek i\u00e7in g\u00fc\u00e7 kullanmayacaklar\u0131n\u0131 ifade  etmi\u015fler ve 2001 y\u0131l\u0131 sonuna kadar kar\u015f\u0131l\u0131kl\u0131 ili\u015fkileri, uluslararas\u0131  prensiplere g\u00f6re \u00e7\u00f6zeceklerini de h\u00fckme ba\u011flam\u0131\u015flard\u0131r. Daha sonra, 12  Temmuz 1997 g\u00fcn\u00fc Rusya Federasyonu H\u00fck\u00fcmeti ile \u00c7e\u00e7enistan \u0130ckerya  Cumhuriyeti H\u00fck\u00fcmeti aras\u0131nda g\u00fcmr\u00fck alan\u0131nda kar\u015f\u0131l\u0131kl\u0131 i\u015fbirli\u011fi  anla\u015fmas\u0131 yapm\u0131\u015flard\u0131r. Rusya ve \u00c7e\u00e7enistan g\u00fcmr\u00fck konusunda kar\u015f\u0131l\u0131kl\u0131  anla\u015fma yap\u0131yorlar, bir tarafta Rusya Federasyonu H\u00fck\u00fcmeti Ba\u015fkan\u0131  \u00c7ernomirdin, di\u011fer tarafta \u00c7e\u00e7enistan \u0130\u00e7kerya Cumhuriyeti Ba\u015fbakan\u0131 bu  anla\u015fmaya imza at\u0131yor.<\/p>\n<p style=\"text-align: justify;\">Bunun anlam\u0131 de\u011ferli milletvekilleri,  Rusya Federasyonu, \u00c7e\u00e7enistan&#8217;\u0131n ba\u011f\u0131ms\u0131zl\u0131\u011f\u0131n\u0131 a\u00e7\u0131k\u00e7a kabul etmi\u015ftir.  Nitekim, bu anla\u015fmalar\u0131 yorumlayan uluslararas\u0131 hukuk profes\u00f6r\u00fc \u0130llinois  \u00dcniversitesi Hukuk Fak\u00fcltesinden Francis Boyl a\u00e7\u0131k\u00e7a \u015funu ifade  etmektedir: Bu anla\u015fmalar, Rusya Federasyonunun \u00c7e\u00e7enistan \u0130ckerya  Cumhuriyetinin ba\u011f\u0131ms\u0131zl\u0131\u011f\u0131n\u0131 kabul etti\u011fini ifade etmektedir. Rusya  Federasyonunun ba\u011f\u0131ms\u0131zl\u0131\u011f\u0131n\u0131 kabul etti\u011fi bir \u00fclkeyi b\u00fct\u00fcn d\u00fcnyan\u0131n  ba\u011f\u0131ms\u0131z olarak tan\u0131mas\u0131, elbette ki, gereklidir ve bu  ger\u00e7ekle\u015ftirilmelidir demektedir bu raporda.<\/p>\n<p style=\"text-align: justify;\">De\u011ferli milletvekilleri, bunun d\u0131\u015f\u0131nda,  a\u00e7\u0131k\u00e7a ifade etmek gerekirse, \u00c7e\u00e7enler, ba\u011f\u0131ms\u0131zl\u0131\u011f\u0131 hak etmi\u015f bir  ulustur; hi\u00e7bir zaman Rus egemenli\u011fini kabul etmemi\u015flerdir. 18 inci ve  19 uncu Y\u00fczy\u0131llarda \u00c7e\u00e7enistan&#8217;\u0131n ba\u011f\u0131ms\u0131zl\u0131\u011f\u0131 i\u00e7in, 200 000&#8217;i bulan \u00c7ar  ordular\u0131na kar\u015f\u0131 amans\u0131zca m\u00fccadele etmi\u015flerdir ve asl\u0131na bakarsan\u0131z,  Osmanl\u0131 topraklar\u0131n\u0131n g\u00fcvenli\u011fi i\u00e7in, Kuzey Kafkasya&#8217;da y\u0131lmadan,  usanmadan Ruslara kar\u015f\u0131 m\u00fccadele etmi\u015flerdir. Nitekim, 1782 y\u0131l\u0131nda  ba\u011f\u0131ms\u0131zl\u0131k bayra\u011f\u0131n\u0131 a\u00e7an \u0130mam Mansur, Karadeniz Kafkas k\u0131y\u0131s\u0131ndaki son  Osmanl\u0131 kalesi Anapa Ruslar taraf\u0131ndan ku\u015fat\u0131ld\u0131\u011f\u0131 zaman, burada  bulunan Osmanl\u0131 g\u00fc\u00e7lerine destek olmak i\u00e7in kaleye gelmi\u015ftir; Osmanl\u0131  g\u00fc\u00e7leriyle birlikte Ruslarla \u00e7arp\u0131\u015fm\u0131\u015ft\u0131r; sonunda kale d\u00fc\u015fm\u00fc\u015ft\u00fcr ve  \u0130mam Mansur esir edilmi\u015ftir ve Rus zindanlar\u0131nda, maalesef i\u015fkenceler  alt\u0131nda \u015fehit edilmi\u015ftir.<\/p>\n<p style=\"text-align: justify;\">\u0130mam\u0131 \u015eamil&#8217;den sonra da, Baysongur ve  Alibek Hac\u0131 \u00d6nderli\u011finde Kafkasya&#8217;da, \u00c7e\u00e7enistan&#8217;da ba\u011f\u0131ms\u0131zl\u0131k  m\u00fccadelesi hi\u00e7bir zaman durmam\u0131\u015ft\u0131r. 1918&#8217;de \u00c7e\u00e7en Lider Tapa  \u00c7ermpiyev&#8217;in ba\u015fkanl\u0131\u011f\u0131nda Kuzey Karkas Birli\u011fi Devleti kurulmu\u015ftur. Bu  devleti, Almanya ve T\u00fcrkiye tan\u0131m\u0131\u015ft\u0131r; ama, Bol\u015fevik ordular\u0131 bu  devleti i\u015fgal etmi\u015flerdir. Ertesi sene 1919&#8217;da, Uzun Hac\u0131 tekrar  ayaklanarak Kuzey Kafkas Emirli\u011fini kurmu\u015ftur. Bol\u015fevikler, yine i\u015fgal  etmi\u015flerdir; ama, da\u011flarda gerilla sava\u015f\u0131 1942&#8217;ye kadar Bol\u015feviklere  kar\u015f\u0131 devam etmi\u015ftir ve s\u00fcrm\u00fc\u015ft\u00fcr. 1942&#8217;de ise, Hasan \u0130srailov&#8217;\u00fcn  ba\u015fkanl\u0131\u011f\u0131nda \u00c7e\u00e7en Devleti tekrar ilan edilmi\u015ftir ve 1944 y\u0131l\u0131nda,  n\u00fcfusu 780 000 olan t\u00fcm \u00c7e\u00e7enler Sibirya&#8217;ya s\u00fcr\u00fclm\u00fc\u015flerdir. D\u00fcnya, bu  s\u00fcrg\u00fcn\u00fc 5 y\u0131l sonra \u00f6\u011frenmi\u015ftir. Topraklar\u0131na Ruslar\u0131  yerle\u015ftirmi\u015flerdir. \u00c7e\u00e7enistan topraklar\u0131nda tek tek gerilla gruplar\u0131,  s\u00fcrg\u00fcnden kurtulan gruplar, yine Bol\u015fevik ordular\u0131na kar\u015f\u0131 m\u00fccadele  etmi\u015flerdir &#8220;\u00c7e\u00e7enistan&#8217;\u0131 teslim etmeyiz&#8221; demi\u015flerdir ve bu gerilla  hareketleri 1976 y\u0131l\u0131na kadar s\u00fcrm\u00fc\u015ft\u00fcr. Maalesef, n\u00fcfusun hemen tamam\u0131  1947&#8217;de Sibirya&#8217;ya s\u00fcr\u00fclm\u00fc\u015ft\u00fcr. Sibirya s\u00fcrg\u00fcn\u00fcnde n\u00fcfusun \u00fc\u00e7te 2&#8217;si  hayat\u0131n\u0131 kaybetmi\u015ftir.<\/p>\n<p style=\"text-align: justify;\">1957&#8217;den itibaren \u00c7e\u00e7enler kendi  ba\u015flar\u0131na Sibirya&#8217;dan Kafkasya&#8217;ya geri d\u00f6nm\u00fc\u015flerdir. D\u00f6nerlerken,  Sibirya&#8217;da kaybettileri yak\u0131nlar\u0131n\u0131n kemiklerini dahi, tekrar,  \u00c7e\u00e7enistan&#8217;a ta\u015f\u0131m\u0131\u015flard\u0131r ve bug\u00fcn, 42 ile 55 ya\u015flar aras\u0131ndaki  \u00c7e\u00e7enlerin y\u00fczde 90&#8217;m\u0131n do\u011fum yeri \u00c7e\u00e7enistan&#8217;d\u0131r. 1976-1990 y\u0131llan  aras\u0131nda \u00c7e\u00e7enistan Da\u011flar\u0131nda Sovyet Rusya kar\u015f\u0131t\u0131 silahl\u0131 birlikler  faaliyetlerine devam etmi\u015flerdir. 1990&#8217;da \u00c7e\u00e7en Halk Kongresi,  ba\u011f\u0131ms\u0131zl\u0131k deklarasyonunu ilan etmi\u015ftir. 1991 y\u0131l\u0131nda ise, 23 \u00fclke ve  uluslararas\u0131 kurulu\u015fun g\u00f6zetiminde parlamento ve devlet ba\u015fkanl\u0131\u011f\u0131  se\u00e7imleri yap\u0131lm\u0131\u015f, Cahar Dudayev, Ba\u011f\u0131ms\u0131z \u00c7e\u00e7en Devletinin ba\u015fkam  se\u00e7ilmi\u015ftir. 1992&#8217;de parlamento, Ba\u011f\u0131ms\u0131z \u00c7e\u00e7en Anayasas\u0131n\u0131 kabul  etmi\u015ftir. Nisan 1992&#8217;de Rus Ordular\u0131, \u00c7e\u00e7enistan topraklar\u0131ndan  tamamiyle \u00e7\u0131kar\u0131lm\u0131\u015ft\u0131r ve 1992 y\u0131l\u0131nda \u00c7e\u00e7cnistan&#8217;da bir tek Rus askeri  kalmam\u0131\u015ft\u0131r. Nihayet, 11 Aral\u0131k 1994&#8217;te Rus Ordusu Ba\u011f\u0131ms\u0131z \u00c7e\u00e7en  Devleti topraklar\u0131na girmi\u015ftir. Sava\u015f, iki y\u0131l s\u00fcrm\u00fc\u015ft\u00fcr. Ruslar  onbinlerce \u00f6l\u00fc b\u0131rakarak \u00c7e\u00e7enistan topraklar\u0131ndan tamamiyle  koyulmu\u015ftur. \u0130\u015fte, bu m\u00fccadele sebebiyledir ki, Soljcnistin &#8220;asla boyun  e\u011fmemi\u015f bir halk vard\u0131, biri ikisi de\u011fil, tamam\u0131, bunlar \u00c7e\u00e7enlerdi&#8221;  demektedir. (Alk\u0131\u015flar) 27 Ocak 1997&#8217;de Aslan Mashadov Devlet Ba\u015fkan\u0131  se\u00e7ilmi\u015ftir. Demin s\u00f6yledi\u011fim ve g\u00f6sterdi\u011fim anla\u015fmalar ise, 1996 ve  1997 y\u0131llar\u0131nda Rusya ile \u00c7e\u00e7enistan aras\u0131nda imzalanm\u0131\u015ft\u0131r ve 2 Ekim  1999 g\u00fcn\u00fc, bundan \u00fc\u00e7 ay \u00f6nce, Rus Ordusu, \u00c7e\u00e7en \u0130\u00e7kerya Cumhuriyetine  tekrar girmi\u015ftir. \u00c7e\u00e7en-Sivilya yerle\u015fim yerlerini \u00fc\u00e7 ayd\u0131r s\u00fcrekli  bombalamakta ve yak\u0131n \u00e7at\u0131\u015fmaya girmeksizin t\u00fcm \u00c7e\u00e7enleri yok etmeye  \u00e7al\u0131\u015fmaktad\u0131r. Katliamlar, i\u00e7inde bulundu\u011fumuz ramazan ay\u0131n\u0131n bu ilk  g\u00fcnlerinde de devam etmektedir.<\/p>\n<p style=\"text-align: justify;\">De\u011ferli milletvekilleri, bu tarihi s\u00fcre\u00e7  ve bu uluslararas\u0131 hukuk, a\u00e7\u0131k\u00e7a g\u00f6stermektedir ki, \u00c7e\u00e7enistan&#8217;dan  ba\u011f\u0131ms\u0131zl\u0131\u011f\u0131n\u0131n tan\u0131nmas\u0131n\u0131 hak eden yery\u00fcz\u00fcnde ba\u015fka hi\u00e7bir ulus  yoktur; bunu, Rusya Federasyonu dahi kabul etmi\u015ftir; ama, maalesef,  ba\u011f\u0131ms\u0131zl\u0131\u011f\u0131n uluslararas\u0131 arenada tan\u0131nanabilmesi i\u00e7in bir \u00f6nc\u00fcl\u00fc\u011fe  ihtiya\u00e7 vard\u0131r, gayrete ihtiya\u00e7 vard\u0131r, \u00e7abaya ihtiya\u00e7 vard\u0131r; bu g\u00f6rev,  T\u00fcrkiye&#8217;ye d\u00fc\u015fmektedir. (FP, DYP ve MHP s\u0131ralar\u0131ndan alk\u0131\u015flar)<\/p>\n<p style=\"text-align: justify;\">\u00dc\u00e7 ay \u00f6nceki i\u015fgalden \u00f6nce de, 1991  ba\u011f\u0131ms\u0131zl\u0131\u011f\u0131ndan sonra Rusya Federasyonu \u00c7e\u00e7enistan&#8217;\u0131 d\u00f6rd\u00fcnc\u00fc kez i\u015fgal  etmi\u015ftir ve bir \u00f6nceki sald\u0131r\u0131 hepinizin hat\u0131rlar\u0131ndad\u0131r; 2 y\u0131l s\u00fcrm\u00fc\u015f,  bir \u00c7e\u00e7en-Rus sava\u015fma d\u00f6n\u00fc\u015fm\u00fc\u015ft\u00fc. Bu sava\u015fta Ruslar, tarihlerinde  ya\u015fad\u0131klar\u0131 en korkun\u00e7 hezimetlerden birini ya\u015fam\u0131\u015flard\u0131, y\u00fczlerce  tankla Grozni&#8217;ye sald\u0131rm\u0131\u015flard\u0131. K\u0131z\u0131l Ordu, \u0130kinci D\u00fcnya Sava\u015f\u0131nda  Hitler ordular\u0131na boyun e\u011fdirmenin, iki y\u0131l \u00f6nce Baku&#8217;yu teslim  almas\u0131n\u0131n azameti i\u00e7erisinde girdi\u011fi Grozni&#8217;de peri\u015fan olmu\u015ftu. Grozni,  Rus z\u0131rhl\u0131 ara\u00e7lar\u0131n\u0131n \u00e2deta bir mezarl\u0131\u011f\u0131na d\u00f6nm\u00fc\u015ft\u00fc, binlerce Rus  askeri \u00f6lm\u00fc\u015f, binlercesi esir d\u00fc\u015fm\u00fc\u015ft\u00fc, g\u00f6z\u00fc ya\u015fl\u0131 Rus analar\u0131  Moskova&#8217;dan yola \u00e7\u0131km\u0131\u015f ve \u00e7ocuklar\u0131n\u0131 \u00c7e\u00e7enistan Devlet Ba\u015fkan\u0131 Cahar  Dudayev&#8217;in kendilerine teslim etmesiyle minnet duygular\u0131 i\u00e7erisinde,  yanlar\u0131nda \u00e7ocuklar\u0131yla geri d\u00f6nm\u00fc\u015flerdi. \u0130ki y\u0131l s\u00fcren sava\u015fta,  \u00c7e\u00e7enistan&#8217;\u0131n her ta\u015f\u0131na bir destan yaz\u0131lm\u0131\u015ft\u0131 ve \u00c7e\u00e7enistan&#8217;\u0131 terk  ederek gitmi\u015flerdi.<\/p>\n<p style=\"text-align: justify;\">\u00dcstelik bu sava\u015f, e\u015fit g\u00fc\u00e7ler aras\u0131nda  vuku bulmu\u015f bir sava\u015f de\u011fildir; \u00e7\u00fcnk\u00fc, \u00c7e\u00e7enlerin n\u00fcfusu 1 milyondur,  Ruslar 200 milyondur; yani, \u00c7e\u00e7enlerin tam 200 kat\u0131d\u0131r. \u00c7e\u00e7enistan 17  000 kilometrekaredir, se\u00e7im b\u00f6lgem olan Sivas&#8217;\u0131n sadece \u00fc\u00e7te 2&#8217;si  kadard\u0131r, Kayseri \u0130li kadar bir \u00fclkedir, Rusya Federasyonu ise, 17  milyon kilometrekaredir; Rusya, \u00c7e\u00e7enya&#8217;n\u0131n tam 1 000 kat\u0131d\u0131r.<\/p>\n<p style=\"text-align: justify;\">\u00c7e\u00e7enlerin ellerinde kamalar var,  tabanca ve t\u00fcfekler var, yeri gelirse yabalar ve dirgenler var; ama, top  yok, tank yok, sava\u015f u\u00e7a\u011f\u0131 yok, helikopter yok, Ruslarda var olan  kimyasal silahlar ve atom bombas\u0131 yok; on milyonlarca katla ifade  edilebilecek bir silah dengesizli\u011fi var ortada. \u00c7e\u00e7enlerin, sava\u015f\u0131  finanse edecek milyon dolarlar\u0131 yok; bunun da \u00f6tesinde, ila\u00e7 yok,  yiyecek-i\u00e7ecek yok, yeterli erzak yok&#8230; D\u00fcnya ise Rus k\u00fcstahl\u0131\u011f\u0131n\u0131n  yan\u0131nda, \u00c7e\u00e7enler halk\u0131; ama, maalesef, yaln\u0131zd\u0131r.<\/p>\n<p style=\"text-align: justify;\">Hepsinden \u00f6nemlisi, 1 milyon  n\u00fcfusuyla, soylar\u0131n\u0131 yok olmaktan kurtaracak, \u00e7ocuklar\u0131n\u0131, kad\u0131n ve  ya\u015fl\u0131lar\u0131n\u0131 koruyabilecek s\u0131\u011fmaklar\u0131 yok, s\u0131\u011f\u0131nacak yerleri yok;  d\u00fcnyadan tecrit olmu\u015f, 17 000 kilometrekarelik alanda, a\u011f\u0131r Rus  bombard\u0131man\u0131 alt\u0131nda, bir halk, var olma, sa\u011f kalma, survival m\u00fccadelesi  vermektedir. \u00c7ocuklar ve kad\u0131nlar; 1 milyon n\u00fcfusu yok olmaktan  kurtarmak&#8230; \u0130\u015fte, \u00c7e\u00e7enlerin, \u00c7e\u00e7en g\u00fc\u00e7lerin en hassas ve zay\u0131f oldu\u011fu  nokta buras\u0131d\u0131r ve Ruslar\u0131n da en iyi g\u00f6rd\u00fc\u011f\u00fc nokta buras\u0131d\u0131r. \u015eu anda,  Ruslar, \u00c7e\u00e7enleri pes ettirmek i\u00e7in, kafda\u011f\u0131 masallar\u0131na konu olan \u00c7e\u00e7en  g\u00fc\u00e7leriyle yak\u0131n \u00e7at\u0131\u015fmaya girmiyor; gece-g\u00fcnd\u00fcz demeden, ramazan-oru\u00e7  demeden, sivilleri, uzaktan a\u011f\u0131r silahlarla bombalamaya devam ediyorlar.  Ruslar, \u00c7e\u00e7enistan&#8217;da, tam anlam\u0131yla genosit bir ter\u00f6r estiriyor,  soyk\u0131r\u0131m yap\u0131yor, d\u00f6rt y\u0131l \u00f6nceki hezimetin intikam\u0131n\u0131 almak i\u00e7in,  g\u00f6zleri d\u00f6nm\u00fc\u015f bir \u015fekilde, vah\u015fice sald\u0131r\u0131yorlar. Rusya y\u00f6netimi, bu  vah\u015fi sald\u0131r\u0131lar\u0131yla, bir yandan Rusya&#8217;n\u0131n i\u00e7 siyasetine \u015fekil vermeye  \u00e7al\u0131\u015f\u0131yor, di\u011fer yandan, Balkanlar ve Kafkaslardan Ortaasya&#8217;ya uzanan  Rus stratejisine hayat kazand\u0131rmaya \u00e7al\u0131\u015f\u0131yor. Yani, olay, b\u00f6lgesel  de\u011fildir; t\u00fcm d\u00fcnyay\u0131 ve T\u00fcrkiye&#8217;nin \u00e7\u0131karlar\u0131n\u0131 do\u011frudan etkileyen bir  hadisedir; siyas\u00ee, ekonomik, diplomatik ve sosyolojik sonu\u00e7lar\u0131 vard\u0131r.  \u0130\u015fte, bu noktada dikkatlerinizi \u00e7ekmek istiyorum: \u00c7e\u00e7enistan, Rusya&#8217;n\u0131n  i\u00e7 i\u015fidir diyebilmek i\u00e7in, kulaklar\u0131n sa\u011f\u0131r, g\u00f6zlerin k\u00f6r, dillerin  peltek, anlay\u0131\u015flar\u0131n k\u0131t, idraklerin meflu\u00e7 olmas\u0131 gerekir, meflu\u00e7&#8230;  (FP s\u0131ralar\u0131ndan &#8220;Bravo&#8221; sesleri, alk\u0131\u015flar; DYP s\u0131ralar\u0131ndan alk\u0131\u015flar)<\/p>\n<p style=\"text-align: justify;\">Size soruyorum ey iktidar partileri,  DSP, MHP ve Anavatan Partisine soruyorum: Bunlardan hangisi var bu  iktidarda, bu h\u00fck\u00fcmette bunlardan hangisi var? (MHP s\u0131ralar\u0131ndan &#8220;Hepsi  var&#8221; sesleri) O el kadar \u00e7ocuklar, kundaktaki bebekler, g\u00fcl\u00fcp oymas\u0131  gereken o k\u00f6rpecik \u00e7ocuklar, s\u00fcrekli, uzaktan a\u011f\u0131r silahlarla  bombalan\u0131rken, katledilirken &#8220;\u00c7e\u00e7enistan, T\u00fcrkiye&#8217;nin de\u011fil -ilgisi  de\u011fil. \u00c7e\u00e7enistan, Rusya&#8217;n\u0131n bir i\u00e7 meselesidir&#8221; diyecek bir Ba\u015fbakan,  bu halk\u0131, bu milleti, bu Meclisi temsil ediyor mu?! (FP s\u0131ralar\u0131ndan  &#8220;Hay\u0131r&#8221; sesleri, alk\u0131\u015flar; DYP s\u0131ralar\u0131ndan alk\u0131\u015flar)<\/p>\n<p style=\"text-align: justify;\"><em><strong>BA\u015eKAN<\/strong> &#8211; Say\u0131n \u015eener, \u00f6nerge sahibi olarak konu\u015fma hakk\u0131n\u0131z\u0131 da kullanacak m\u0131s\u0131n\u0131z?<\/em><\/p>\n<p style=\"text-align: justify;\"><strong>ABD\u00dcLLAT\u0130F \u015eENER (Devamla)<\/strong> &#8211; Evet.<\/p>\n<p style=\"text-align: justify;\"><em><strong>BA\u015eKAN<\/strong> &#8211; Peki, buyurun efendim.<\/em><\/p>\n<p style=\"text-align: justify;\"><strong>ABD\u00dcLLAT\u0130F \u015eENER (Devamla)<\/strong> &#8211; Evet, onlar\u0131n hepsi sakat b\u0131rak\u0131l\u0131yor, o \u00e7ocuklar katlediliyor.  Ni\u00e7in; Rusya Parlamentosu se\u00e7imlerine yeni \u015fekil vermek i\u00e7in; Boris  Yeltsin&#8217;in veliaht\u0131n\u0131 cumhurba\u015fkan\u0131 yapmak i\u00e7in; ba\u015fka, onca ekonomik  s\u0131k\u0131nt\u0131 aras\u0131nda, IMF&#8217;den al\u0131nan kredileri, ba\u015fta k\u0131z\u0131 ve damad\u0131 olmak  \u00fczere yak\u0131nlar\u0131na aktaran Yeltsin&#8217;in yolsuzluklar\u0131n\u0131 kapatmak ve  unutturmak i\u00e7in; sonra, Hazar petrollerini ve do\u011fal gaz yollar\u0131n\u0131  kontrol alt\u0131na almak i\u00e7in; Rusya&#8217;n\u0131n, kuzey ve g\u00fcney Kafkasya ve  Ortaasya cumhuriyetleri \u00fczerinde n\u00fcfuzunu sa\u011flamak i\u00e7in. Yani, ba\u015fka bir  boyuttan yorumlarsak hadiseyi, T\u00fcrkiye&#8217;nin, Hazar petrolleri,  T\u00fcrkmenistan do\u011falgaz\u0131 ve Ortaasya T\u00fcrk cumhuriyetleriyle ilgili  \u00e7\u0131karlar\u0131n\u0131, ba\u011flar\u0131n\u0131 tasfiye etmek i\u00e7in. \u0130\u015fte, bu noktada T\u00fcrkiye&#8217;nin  durmas\u0131 laz\u0131md\u0131r de\u011ferli milletvekilleri ve bu iktidar partileri -DSP,  MHP ve Anavatan Partisi- nas\u0131l bir araya geldi anlayabilmek m\u00fcmk\u00fcn  de\u011fil. Rusya&#8217;n\u0131n, petrol, do\u011fal gaz \u00e7\u0131karlar\u0131n\u0131 g\u00f6zetiyorsunuz da, ni\u00e7in  T\u00fcrkiye&#8217;nin \u00e7\u0131karlar\u0131 konusunda ayn\u0131 hassasiyeti g\u00f6stermiyorsunuz?! (FP  ve DYP s\u0131ralar\u0131ndan alk\u0131\u015flar)<\/p>\n<p style=\"text-align: justify;\">Say\u0131n Ecevit, yan\u0131ndaki bakanlarla  birlikte, \u00c7e\u00e7en katliam\u0131 devam ederken, Rusya&#8217;ya gitti, Moskova&#8217;y\u0131  ziyaret etti. Bunu T\u00fcrk Milletine izah edebilir mi? Kas\u0131m ay\u0131 ba\u015f\u0131ndaki  bu ziyaretin zamanlamas\u0131n\u0131 i\u00e7inizde be\u011fenen var m\u0131?.. Hi\u00e7 kimsenin bu  zamanlamay\u0131 be\u011fendi\u011fini zannetmiyorum.<\/p>\n<p style=\"text-align: justify;\">Uzatmaya hi\u00e7 gerek yok. \u00c7e\u00e7enistan  hadisesiyle ilgili T\u00fcrk d\u0131\u015f politikas\u0131n\u0131 tek bir kelimeyle  \u00f6zetleyebiliriz: \u00dcrkeklik ve tam anlam\u0131yla d\u00fc\u015f\u00fck profilli bir d\u0131\u015f  politikad\u0131r bu. (FP ve DYP s\u0131ralar\u0131ndan alk\u0131\u015flar)<\/p>\n<p style=\"text-align: justify;\">Say\u0131n Ba\u015fbakan, Moskova gezisi \u00f6ncesinde  &#8220;\u00c7e\u00e7enistan Rusya&#8217;n\u0131n i\u00e7 i\u015fidir&#8221; dedi; yetmedi, ayn\u0131 c\u00fcmleyi Moskova&#8217;da  tekrar etti. Bu c\u00fcmle \u00c7e\u00e7en halk\u0131na kar\u015f\u0131 bir ihanettir; T\u00fcrk halk\u0131n\u0131n  duygular\u0131na kar\u015f\u0131 da, tam anlam\u0131yla, bir sayg\u0131s\u0131zl\u0131kt\u0131r. \u00c7e\u00e7enistan&#8217;in,  Rusya&#8217;n\u0131n i\u00e7 i\u015fi oldu\u011funu sizden ba\u015fka, bu iktidardan ba\u015fka d\u00fcnyada  s\u00f6yleyen kim var? Var m\u0131 sizden ba\u015fka bunu s\u00f6yleyen? Meden\u00ee d\u00fcnyan\u0131n  kulland\u0131\u011f\u0131 dili, siz, kullanmaktan ni\u00e7in korkuyorsunuz; ni\u00e7in  \u00fcrk\u00fcyorsunuz; hem de T\u00fcrkiye&#8217;nin menfaatlar\u0131n\u0131 bir kenara iterek?..  Avrupa &#8220;Rusya&#8217;n\u0131n i\u00e7 i\u015fi&#8221; demiyor; Amerika Birle\u015fik Devletleri demiyor.  Helsinki zirvesi \u00f6ncesinde beraber olmak istedi\u011finiz d\u00fcnya ile ayn\u0131 dili  konu\u015fmak, maalesef, bu iktidara zor gelmi\u015ftir. Bu \u00fcrkeklik sebebiyledir  ki, Rusya, T\u00fcrkiye&#8217;nin bu sessizli\u011fi sebebiyledir ki, \u00c7e\u00e7enistan&#8217;daki  katliamlar\u0131n\u0131 ve bombard\u0131man\u0131n\u0131 art\u0131rm\u0131\u015ft\u0131r. Hem de bu gezi, yani, Say\u0131n  Ba\u015fbakan\u0131n Moskova gezisi \u00f6yle bir gezidir ki, e\u011frilerini, yanl\u0131\u015flar\u0131n\u0131  saymakla bitiremeyiz. Her ne kadar say\u0131n DSP milletvekili cevap vermeye  \u00e7al\u0131\u015ft\u0131ysa da cevap verilecek taraf\u0131 yok. Evet, maalesef, Say\u0131n  Ba\u015fbakan\u0131, Rusya Ba\u015fbakan\u0131 kar\u015f\u0131lamam\u0131\u015ft\u0131r, Ba\u015fbakan Yard\u0131mc\u0131s\u0131n\u0131  g\u00f6ndermi\u015ftir. Bu duydu\u011fu sayg\u0131n\u0131n ifadesidir (!.)<\/p>\n<p style=\"text-align: justify;\">Di\u011fer taraftan, Yeltsin randevu  vermemi\u015ftir, istedi\u011fi halde, talep etti\u011fi halde. Bu da yetmemi\u015ftir;  Say\u0131n Ecevit ile say\u0131n bakanlar, Ba\u015fbakan Putin&#8217;in \u00c7e\u00e7en kan\u0131 bula\u015fm\u0131\u015f  elini s\u0131km\u0131\u015flard\u0131r ve b\u00f6ylece, Rusya&#8217;n\u0131n, sivillere y\u00f6nelik, adeta,  katliam\u0131n\u0131 me\u015frula\u015ft\u0131rm\u0131\u015flard\u0131r. Bu da yetmemi\u015ftir; bas\u0131n\u0131n \u00f6n\u00fcnde,  Say\u0131n Ecevit ve bakanlar\u0131n yan\u0131nda oldu\u011fu halde, Putin demi\u015ftir ki;  &#8220;\u00c7e\u00e7enistan topra\u011f\u0131nda yuvalanm\u0131\u015f haydutlar, Rusya Federasyonuna, onlar\u0131  yok etmekten ba\u015fka se\u00e7enek b\u0131rakmad\u0131&#8221; demi\u015ftir. Say\u0131n Ba\u015fbakan,  onaylarcas\u0131na, mahcup bir eda i\u00e7erisinde susmu\u015ftur, sesini  \u00e7\u0131karamam\u0131\u015ft\u0131r.<\/p>\n<p style=\"text-align: justify;\">De\u011ferli milletvekilleri, yanl\u0131\u015flar bir  de\u011fildir; d\u00fcnya liderleri, \u00c7e\u00e7enistan meselesini, insan haklan  g\u00f6zl\u00fc\u011f\u00fcyle izlerken, maalesef, h\u00fck\u00fcmet, Rusya&#8217;yla ili\u015fkileri, ter\u00f6rle  m\u00fccadele anla\u015fmas\u0131 \u00e7er\u00e7evesinde y\u00fcr\u00fctm\u00fc\u015ft\u00fcr; topu taca atm\u0131\u015ft\u0131r;  uluslararas\u0131 toplulukla birlikte hareket etmesini becerememi\u015ftir.<\/p>\n<p style=\"text-align: justify;\">T\u00fcm bu olup bitenler yetmezmi\u015f gibi,  \u00c7e\u00e7en siviller katledilirken, insanl\u0131k tarihinin en korkun\u00e7  soyk\u0131r\u0131mlar\u0131ndan biri \u00c7e\u00e7enistan&#8217;da ya\u015fan\u0131rken, Rus Ordu Korosunu  T\u00fcrkiye&#8217;ye getirdiniz; \u00c7e\u00e7en katliam\u0131n\u0131 kutlarcas\u0131na -televizyon  ekranlar\u0131nda izledik- \u015f\u0131k\u0131d\u0131m \u015fark\u0131s\u0131n\u0131, olup bitenden habersiz,  seyircilerle birlikte s\u00f6ylettiniz. Anadolu&#8217;nun g\u00fcvenlik \u015feridi Kuzey  Kafkasya&#8217;da bu soyk\u0131r\u0131m ya\u015fan\u0131rken, Anadolu&#8217;nun g\u00f6be\u011finde Rus Ordu  Korosu, Anadolu insan\u0131yla birlikte \u015f\u0131k\u0131rdayamaz. Bu Rus Ordu Korosunu,  T\u00fcrkiye&#8217;ye kim, nas\u0131l getirdiyse hemen soru\u015fturma a\u00e7mak bu iktidar\u0131n  g\u00f6revi olmal\u0131d\u0131r. \u0130lgililerden hesap sormal\u0131d\u0131rlar. (FP ve DYP  s\u0131ralar\u0131ndan &#8220;Bravo&#8221; sesleri, alk\u0131\u015flar)<\/p>\n<p style=\"text-align: justify;\">Maalesef, maalesef, Cengiz \u00c7andar&#8217;\u0131n  ifadesiyle, olaylardan a\u00e7\u0131k\u00e7a anla\u015f\u0131l\u0131yor ki, devlet sistemi i\u00e7erisinde  \u00e2deta bir Rus lobisi yerle\u015fmi\u015ftir; bunu a\u00e7\u0131k\u00e7a ifade ediyorum; devlet  sistemi i\u00e7erisine \u00e2deta bir Rus lobisi yerle\u015fmi\u015ftir. (FP ve DYP  s\u0131ralar\u0131ndan alk\u0131\u015flar)<\/p>\n<p style=\"text-align: justify;\"><strong>\u0130SMA\u0130L K\u00d6SE (Erzurum)<\/strong> &#8211; Yanl\u0131\u015f konu\u015fuyorsun; devlette Rus lobisi olu\u015fmaz.<\/p>\n<p style=\"text-align: justify;\"><strong>ABD\u00dcLLAT\u0130F \u015eENER (Devamla) <\/strong>&#8211;  Bu lobi h\u00fck\u00fcmeti yanl\u0131\u015f y\u00f6nlendirmektedir. Bu lobinin ayaklar\u0131 nerelere  kadar uzan\u0131yorsa, en k\u0131sa zamanda tespit edilmelidir. T\u00fcrkiye&#8217;nin  menfaatlar\u0131 bu lobinin y\u00f6nlendirmelerine kurban edilmemelidir.<\/p>\n<p style=\"text-align: justify;\">Ge\u00e7en y\u00fczy\u0131lda, koyu Rus yanl\u0131s\u0131 Mahmut  Nedim Pa\u015fa adl\u0131 bir sadrazam vard\u0131; ama, anla\u015f\u0131lan o dur ki, cumhuriyet  d\u00f6neminde Mahmut Nedim Pa\u015fa&#8217;lar\u0131n say\u0131s\u0131 artm\u0131\u015fa benziyor. (MHP  s\u0131ralar\u0131ndan g\u00fcr\u00fclt\u00fcler)<\/p>\n<p style=\"text-align: justify;\"><strong>HASARI G\u00dcLER (Ad\u0131yaman) <\/strong>&#8211; Ne bi\u00e7im konu\u015fuyorsun!..<\/p>\n<p style=\"text-align: justify;\"><strong>ABD\u00dcLLAT\u0130F \u015eENER (Devamla) &#8211;<\/strong> Mavi Ak\u0131m Projesi kapsam\u0131nda Rus Gasprom ve \u0130talya&#8217;n\u0131n EN\u0130 \u015eirketiyle  Rusya&#8217;yla i\u015fbirli\u011fine hevesli baz\u0131 T\u00fcrk i\u015fadamlar\u0131 ve siyaset\u00e7ileri&#8230;  Burada say\u0131p d\u00f6kmeyi gerekli g\u00f6rm\u00fcyorum; ama, h\u00fck\u00fcmeti uyar\u0131yorum:  Siyaset, bunu ay\u0131klamal\u0131d\u0131r; Rus Ordu Korosu, \u00c7e\u00e7en katliam\u0131n\u0131 &#8220;\u015f\u0131k\u0131d\u0131m&#8221;  \u015fark\u0131s\u0131yla kutlamak i\u00e7in elini, kolunu sallayarak T\u00fcrkiye&#8217;ye geliyor,  can\u0131n\u0131 kurtarmak i\u00e7in T\u00fcrkiye&#8217;ye gelmek isteyen \u00c7e\u00e7enlere ise bin t\u00fcrl\u00fc  g\u00fc\u00e7l\u00fck \u00e7\u0131kar\u0131yorsunuz. Daha \u00fc\u00e7 g\u00fcn \u00f6nce, G\u00fcrcistan&#8217;dan T\u00fcrkiye&#8217;ye ge\u00e7mek  isteyen 17 \u00c7e\u00e7ene akla, hayale gelmeyecek engeller \u00e7\u0131kard\u0131n\u0131z. Bizzat,  iki g\u00fcn u\u011fra\u015ft\u0131m. Hepsinin ellerinde pasaportlar\u0131 var; Rus pasaportu  temin etmeyenlere s\u0131n\u0131r kap\u0131s\u0131n\u0131 kapatm\u0131\u015fs\u0131n\u0131z. \u0130\u00e7lerinde bir \u00c7e\u00e7en  kad\u0131n var, elinde pasaportu, kuca\u011f\u0131nda yolda do\u011fmu\u015f bebe\u011fi var. Posof  Kaymakaml\u0131\u011f\u0131, Ardahan Valili\u011fi tutturmu\u015f &#8220;bebe\u011fi s\u0131n\u0131rdan i\u00e7eri almay\u0131z&#8221;  Ni\u00e7in; &#8220;pasaportu yok veya annesinin pasaportunda kayd\u0131 yok, alamay\u0131z  i\u00e7eri; \u00e7\u00fcnk\u00fc, D\u0131\u015fi\u015fleri Bakanl\u0131\u011f\u0131 bu konuda hassas&#8221; Tiflis&#8217;e do\u011fum  belgesi almak i\u00e7in g\u00f6nderilmeye kalk\u0131\u015f\u0131l\u0131yor.<\/p>\n<p style=\"text-align: justify;\">Burada Say\u0131n \u0130\u00e7i\u015fleri Bakan\u0131na te\u015fekk\u00fcr  ediyorum; gereken ilgiyi g\u00f6stermi\u015ftir; ama, \u015fu D\u0131\u015fi\u015fleri Bakanl\u0131\u011f\u0131n\u0131n ne  yapmak istedi\u011fini, T\u00fcrk Devleti ad\u0131na, anlayabilmek imk\u00e2ns\u0131z. Bak\u0131n,  burada, T\u00fcrkiye&#8217;nin her taraf\u0131ndan \u00c7e\u00e7en-Kafkas komiteleri yard\u0131m  toplama m\u00fccadelesi i\u00e7in ba\u015fvuruyor valiliklere, \u0130\u00e7i\u015flerine geliyor,  s\u00fcrekli D\u0131\u015fi\u015flerine tak\u0131ld\u0131\u011f\u0131 i\u00e7in yard\u0131m toplamalara dahi izin  vermiyorsunuz. Bunu izah edebilmek m\u00fcmk\u00fcn de\u011fildir. \u015eu ana kadar bir tek  komiteye yard\u0131m toplama ve g\u00f6nderme imk\u00e2n\u0131 sa\u011flanmam\u0131\u015ft\u0131r. K\u0131z\u0131lay da  ortada yoktur.<\/p>\n<p style=\"text-align: justify;\">Bug\u00fcn, bak\u0131n, \u00f6nemli bir d\u0131\u015fpolitika  konusu g\u00f6r\u00fc\u015f\u00fclmektedir; T\u00fcrk d\u0131\u015fpolitikas\u0131yla ilgili \u00f6nemli bir konu  g\u00f6r\u00fc\u015f\u00fcl\u00fcyor, m\u00fczakere ediliyor, D\u0131\u015fi\u015fleri Bakan\u0131 yok. Nerede, D\u0131\u015fi\u015fleri  Bakanl\u0131\u011f\u0131 b\u00fcrokratlar\u0131, nerede?! Meclise duyulan sayg\u0131, burada D\u0131\u015fi\u015fleri  b\u00fcrokratlar\u0131n\u0131n bulunmas\u0131n\u0131 gerektirir. (FP ve DYP s\u0131ralar\u0131ndan  alk\u0131\u015flar) Bu, a\u00e7\u0131ktan a\u00e7\u0131\u011fa D\u0131\u015fi\u015fleri b\u00fcrokrasisinin, Meclise duydu\u011fu  sayg\u0131y\u0131 g\u00f6steren bir ifadedir. E\u011fer, h\u00fck\u00fcmet ortada varsa, h\u00fck\u00fcmet o  b\u00fcrokratlar\u0131 tutar, getirir, \u015fu koltuklara, \u015fu sandalyelere oturtur ve  burada s\u00f6yledi\u011fim her s\u00f6z\u00fcn, her c\u00fcmlenin, kalkar burada cevab\u0131n verir.  K\u0131z\u0131yorsunuz, &#8220;bunlar\u0131 niye s\u00f6yl\u00fcyorsunuz? Bu s\u00f6yledi\u011fin, bu k\u00fcrs\u00fcden  ifade ettiklerin, s\u00f6ylenecek s\u00f6z m\u00fc?&#8221;diyorsunuz; ama, de\u011ferli  milletvekilleri, siz h\u00fck\u00fcmetsiniz, siz iktidars\u0131n\u0131z; ben, burada yanl\u0131\u015f  s\u00f6yl\u00fcyorsam, bu h\u00fck\u00fcmet, d\u0131\u015fi\u015flerini ni\u00e7in buraya getirmiyor? Ni\u00e7in  s\u00f6yledi\u011fim her c\u00fcmleye cevap vermiyor? Cevap vermiyor; \u00e7\u00fcnk\u00fc, cevap  verecek hali yok, vaziyeti yok, hakl\u0131 tek bir gerek\u00e7esi yoktur. (FP  s\u0131ralard\u0131ndan &#8220;Bravo&#8221;sesleri; FP ve DYP s\u0131ralar\u0131ndan alk\u0131\u015flar)<\/p>\n<p style=\"text-align: justify;\">Anlat\u0131lacak \u00e7ok konu var; ama, T\u00fcrkiye  ne yapmal\u0131d\u0131r; T\u00fcrk siyaseti, mill\u00ee iradeyi ifade eden bu siyaset, bu  lobiyi temizlemelidir; T\u00fcrkiye&#8217;nin yapaca\u011f\u0131 birinci i\u015f budur.<\/p>\n<p style=\"text-align: justify;\">\u0130kincisi, T\u00fcrkiye, \u00c7ecenistan&#8217;\u0131n  ba\u011f\u0131ms\u0131zl\u0131\u011f\u0131n\u0131n tan\u0131nmas\u0131 i\u00e7in uluslararas\u0131 t\u00fcm kurulu\u015flar nezdinde  harekete ge\u00e7melidir; y\u00fczy\u0131llard\u0131r s\u00fcren bu soyk\u0131r\u0131m\u0131 \u00f6nlemenin tek  \u00e7aresi budur. Rusya Federasyonu, i\u015fte, anla\u015fmalar &#8220;\u00c7e\u00e7enistan  ba\u011f\u0131ms\u0131zd\u0131r&#8221; derken, cumhurba\u015fkanlar\u0131 imza atarken, ba\u015fbakanlar\u0131 imza  atarken, bakanlar\u0131 imza at\u0131p &#8220;\u00c7e\u00e7enistan ba\u011f\u0131ms\u0131zd\u0131r&#8221; derken, T\u00fcrkiye  i\u00e7in zor mu geliyor bu \u00fclkenin ba\u011f\u0131ms\u0131zl\u0131\u011f\u0131n\u0131 uluslararas\u0131 camiaya kabul  ettirme i\u00e7in giri\u015fimlerde bulunmak?<\/p>\n<p style=\"text-align: justify;\">(Mikrofon otomatik cihaz taraf\u0131ndan kapat\u0131ld\u0131)<\/p>\n<p style=\"text-align: justify;\"><em><strong>BA\u015eKAN<\/strong> &#8211; Say\u0131n \u015eener, l\u00fctfen toparlay\u0131n\u0131z.<\/em><\/p>\n<p style=\"text-align: justify;\"><strong>ABD\u00dcLLAT\u0130F \u015eENER (Devamla) <\/strong>&#8211; Yar\u0131m saate g\u00f6re bir tolerans tan\u0131rsan\u0131z, tamamlayaca\u011f\u0131m Say\u0131n Ba\u015fkan\u0131m.<\/p>\n<p style=\"text-align: justify;\"><em><strong>BA\u015eKAN<\/strong> &#8211; Normal uzatman\u0131z\u0131 veriyorum efendim.<\/em><\/p>\n<p style=\"text-align: justify;\"><strong>ABD\u00dcLLAT\u0130F \u015eENER (Devamla)<\/strong> &#8211; \u00dc\u00e7\u00fcnc\u00fcs\u00fc; d\u00fcnyan\u0131n Rusya&#8217;y\u0131 k\u0131namas\u0131 yetmiyor, uluslararas\u0131 her t\u00fcrl\u00fc  yapt\u0131r\u0131m\u0131n devreye sokulmas\u0131 laz\u0131md\u0131r. D\u0131\u015fi\u015fleri bir envanter  \u00e7\u0131karmal\u0131d\u0131r; hangi uluslararas\u0131 kurulu\u015f nezdinde, hangi giri\u015fimlerin  ba\u015flat\u0131lmas\u0131 gerekti\u011fini tespit etmelidir; \u00e7evre kurulu\u015flar\u0131ndan,  hayvanlar\u0131 koruma kurulu\u015flar\u0131na var\u0131ncaya kadar t\u00fcm d\u00fcnya aya\u011f\u0131  kald\u0131r\u0131lmal\u0131d\u0131r. Ba\u011f\u0131ms\u0131z \u00c7e\u00e7en \u0130\u00e7kerya topraklar\u0131ndan Rus ordusunun  hemen \u00e7ekilmesi i\u00e7in Birle\u015fmi\u015f Milletler nezdinde T\u00fcrkiye giri\u015fimde  bulunmal\u0131d\u0131r; Rusya ve \u00c7e\u00e7enlere ate\u015fkes \u00e7a\u011fr\u0131s\u0131nda bulunmal\u0131d\u0131r.  Uluslararas\u0131 g\u00f6zlemcilerin ve bas\u0131n mensuplar\u0131n\u0131n b\u00f6lgeye girmesinin  sa\u011flanmas\u0131 i\u00e7in m\u00fcltecilerin s\u0131\u011f\u0131nd\u0131klar\u0131 \u00fclkelerde uluslararas\u0131  \u00f6rg\u00fctlerden yard\u0131m alabilmesini sa\u011flamak i\u00e7in Rusya \u00fczerinde her t\u00fcrl\u00fc  yapt\u0131r\u0131m\u0131n ger\u00e7ekle\u015ftirilmesi en acil konular aras\u0131ndad\u0131r, T\u00fcrkiye aktif  rol almal\u0131d\u0131r.<\/p>\n<p style=\"text-align: justify;\">Di\u011fer taraftan, Rusya, \u00c7e\u00e7enistan&#8217;da  soyk\u0131r\u0131m yapmaktad\u0131r. 1948 tarihli konvansiyona bu ayk\u0131r\u0131d\u0131r;  konvansiyonun 35 inci maddesinin birinci bendi uyar\u0131nca, konvansiyona  taraf olan T\u00fcrkiye Cumhuriyeti, davac\u0131 s\u0131fat\u0131yla, Rusya Federasyonu  aleyhine, Lahey Adalet Divan\u0131nda dava a\u00e7abilir; T\u00fcrkiye, bu hakk\u0131n\u0131  kullanmal\u0131d\u0131r.<\/p>\n<p style=\"text-align: justify;\">Di\u011fer taraftan, yetkisini Birle\u015fmi\u015f  Milletlerden alan Lahey Sava\u015f Su\u00e7lan Mahkemesi \u015fu anda faaldir, Bosna  i\u00e7in kuruldu, Ruanda, Kosova i\u00e7in yetkiler geni\u015fletildi, \u00c7e\u00e7enistan i\u00e7in  de geni\u015fletilmesi i\u00e7in, T\u00fcrkiye gayret sarf etmelidir.<\/p>\n<p style=\"text-align: justify;\">Di\u011fer taraftan, uluslararas\u0131 g\u00f6zlemciler  nezdinde, Rusya ve \u00c7e\u00e7enler aras\u0131nda diplomatik ve siyas\u00ee m\u00fczakerelerin  ba\u015flamas\u0131 i\u00e7in T\u00fcrkiye \u00e7aba sarfetmelidir.<\/p>\n<p style=\"text-align: justify;\">Bunlardan \u00f6nemlisi; ama, T\u00fcrkiye&#8217;nin ilk  yapmas\u0131 gereken \u015fey, Rusya&#8217;n\u0131n k\u0131nanmas\u0131d\u0131r, sivil kitle \u00f6rg\u00fctlerinin  faaliyetlerinin serbest b\u0131rak\u0131lmas\u0131d\u0131r, frene basmaktan iktidar\u0131n  vazge\u00e7mesidir, Uluslararas\u0131 Af \u00d6rg\u00fct\u00fc Rusya \u015fubesi dahi, T\u00fcrkiye&#8217;nin, bu  denli ni\u00e7in sessiz kald\u0131\u011f\u0131n\u0131 anlayamad\u0131\u011f\u0131n\u0131 a\u00e7\u0131k\u00e7a ifade etmektedir ve  K\u0131z\u0131lay ortada yoktur, sivil kitle \u00f6rg\u00fctlerinin yard\u0131m toplamalar\u0131  engellenmektedir, bundan vazge\u00e7ilmelidir&#8230;<\/p>\n<p style=\"text-align: justify;\">(Mikrofon otomatik cihaz taraf\u0131ndan kapat\u0131ld\u0131)<\/p>\n<p style=\"text-align: justify;\"><em><strong>BA\u015eKAN<\/strong> &#8211; L\u00fctfen tamamlay\u0131n\u0131z Say\u0131n \u015eener.<\/em><\/p>\n<p style=\"text-align: justify;\"><strong>ABD\u00dcLLAT\u0130F \u015eENER (Devamla) &#8211;<\/strong> . . . ve T\u00fcrkiye s\u0131n\u0131r\u0131ndan ge\u00e7i\u015flere kolayl\u0131k sa\u011flanmal\u0131d\u0131r diyorum.<\/p>\n<p style=\"text-align: justify;\">\u0130ktidar\u0131n, bu \u00f6nerileri dikkatlice  g\u00f6zden ge\u00e7irece\u011fini umuyorum ve hepinize sayg\u0131lar sunuyorum. (FP  s\u0131ralar\u0131ndan &#8220;Bravo&#8221; sesleri, ayakta alk\u0131\u015flar, DYP s\u0131ralar\u0131ndan  alk\u0131\u015flar)<\/p>\n<p style=\"text-align: justify;\"><em><strong>BA\u015eKAN <\/strong>&#8211; Say\u0131n \u015eener&#8217;e te\u015fekk\u00fcr ediyorum.<\/em><\/p>\n<p style=\"text-align: justify;\"><strong>\u0130SMA\u0130L K\u00d6SE (Erzurum) <\/strong>&#8211; Say\u0131n Ba\u015fkan&#8230;<\/p>\n<p style=\"text-align: justify;\"><em><strong>BA\u015eKAN<\/strong> &#8211; Buyurun Say\u0131n K\u00f6se, bir \u015fey mi diyecektiniz.<\/em><\/p>\n<p style=\"text-align: justify;\"><strong>\u0130SMA\u0130L K\u00d6SE (Erzurum)<\/strong> &#8211;  Say\u0131n Ba\u015fkan\u0131m, konu\u015fmac\u0131, konu\u015fmas\u0131 s\u0131ras\u0131nda, yaln\u0131z h\u00fck\u00fcmetle ilgili  de\u011fil, Milliyet\u00e7i Hareket Partisinin de isminden bahsetmi\u015ftir. \u0130zin  verirseniz, 69 uncu maddeye g\u00f6re&#8230;<\/p>\n<p style=\"text-align: justify;\"><em><strong>BA\u015eKAN<\/strong> &#8211; \u00c7ok k\u0131sa olmak \u00fczere&#8230;<\/em><\/p>\n<p style=\"text-align: justify;\"><strong>ABD\u00dcLLAT\u0130F \u015eENER (Sivas)<\/strong> &#8211; Say\u0131n Ba\u015fkan&#8230; (FP s\u0131ralar\u0131ndan g\u00fcr\u00fclt\u00fcler)<\/p>\n<p style=\"text-align: justify;\"><em><strong>BA\u015eKAN<\/strong> &#8211; Yaln\u0131z, temas edilen konuyla ilgili olarak; buyurun efendim. (MHP s\u0131ralar\u0131ndan alk\u0131\u015flar)<\/em><\/p>\n<p style=\"text-align: justify;\"><strong>\u0130SMA\u0130L K\u00d6SE (Erzurum)<\/strong> &#8211;  Say\u0131n Ba\u015fkan, say\u0131n milletvekilleri; Say\u0131n Abd\u00fcllatif \u015eener bir \u00e7uval  inciri zayi etmi\u015ftir. (MHP s\u0131ralar\u0131ndan alk\u0131\u015flar) 5 grup s\u00f6zc\u00fcs\u00fc  arkada\u015f\u0131m\u0131z\u0131n konu\u015fmalan i\u00e7erisinde, son paragraf\u0131n\u0131z hari\u00e7, hi\u00e7bir  farkl\u0131l\u0131k yoktur. Siz, her zaman mill\u00ee meseleleri dejenere eden ve  olaylar\u0131 siyasetinize alet eden bir d\u00fc\u015f\u00fcnce sahibi olman\u0131z dolay\u0131s\u0131yla,  her zaman olay\u0131, maalesef bu noktaya getirmi\u015fsinizdir. (MHP s\u0131ralar\u0131ndan  &#8220;bravo&#8221; sesleri alk\u0131\u015flar, DSP s\u0131ralar\u0131ndan alk\u0131\u015flar)<\/p>\n<p style=\"text-align: justify;\"><strong>ABD\u00dcLLAT\u0130F \u015eENER (Sivas)<\/strong> &#8211; Bunlar\u0131 h\u00fck\u00fcmete s\u00f6yle.<\/p>\n<p style=\"text-align: justify;\"><strong>\u0130SMA\u0130L K\u00d6SE (Devamla) <\/strong>&#8211; Bir dakika&#8230; Siz, siz, Milliyet\u00e7i Hareket Partisinin&#8230; (MHP ve FP s\u0131ralar\u0131 aras\u0131nda kar\u015f\u0131l\u0131kl\u0131 laf atmalar, g\u00fcr\u00fclt\u00fcler)<\/p>\n<p style=\"text-align: justify;\"><strong>BA\u015eKAN &#8211;<\/strong> Say\u0131n K\u00f6se, \u015fahsiyat yapmay\u0131n l\u00fctfen&#8230;<\/p>\n<p style=\"text-align: justify;\"><strong>MUSA UZUNKAYA (Samsun)<\/strong> &#8211; Say\u0131n Ba\u015fkan, bu tav\u0131r uygun bir tav\u0131r de\u011fil. (MHP VE FP s\u0131ralanndan g\u00fcr\u00fclt\u00fcler, FP s\u0131ralar\u0131ndan &#8220;tahrik ediyor&#8221; sesleri)<\/p>\n<p style=\"text-align: justify;\"><strong>BA\u015eKAN <\/strong>&#8211; Sakin olal\u0131m l\u00fctfen. Sakin olal\u0131m. Say\u0131n K\u00f6se, siz de \u015fahsiyat yapmay\u0131n l\u00fctfen.<\/p>\n<p style=\"text-align: justify;\"><strong>\u0130SMA\u0130L K\u00d6SE (Devamla) <\/strong>&#8211;  De\u011ferli Ba\u015fkan\u0131m, ben, Milliyet\u00e7i Hareket Partisini ilgilendiren konuya  cevap vermek mecburiyetindeyim. Zat\u0131\u00e2liniz izin verirseniz o konuyu arz  edece\u011fim.<\/p>\n<p style=\"text-align: justify;\"><strong>BA\u015eKAN<\/strong> &#8211; Buyurun efendim.<\/p>\n<p style=\"text-align: justify;\"><strong>\u0130SMA\u0130L K\u00d6SE (Devamla) <\/strong>&#8211;  T\u00fcrkiye Cumhuriyeti Devletinin Ba\u015fbakan\u0131n\u0131 istiskal etmek; T\u00fcrkiye  Cumhuriyeti Devletinin Ba\u015fbakan\u0131na kar\u015f\u0131 s\u00f6ylemi\u015f oldu\u011funuz s\u00f6zleri  okudu\u011funuzda, sizin de y\u00fcz\u00fcn\u00fcz k\u0131zaracak. (MHP, DSP ve ANAP s\u0131ralar\u0131ndan  alk\u0131\u015flar) Evet, sizin de y\u00fcz\u00fcn\u00fcz k\u0131zaracakt\u0131r.<\/p>\n<p style=\"text-align: justify;\"><strong>ABD\u00dcLLAT\u0130F \u015eENER (Sivas)<\/strong> &#8211; O s\u00f6zleri dinledi\u011finiz i\u00e7in sizin y\u00fcz\u00fcn\u00fcz k\u0131zaracakt\u0131r. (MHP ve FP s\u0131ralar\u0131ndan g\u00fcr\u00fclt\u00fcler)<\/p>\n<p style=\"text-align: justify;\"><strong>\u0130SMA\u0130L K\u00d6SE (Devamla)<\/strong> -T\u00fcrkiye Cumhuriyeti Devleti mill\u00ee bir devlettir, T\u00fcrkiye Cumhuriyeti  Devleti \u00fcniter bir devlettir. T\u00fcrkiye Cumhuriyeti Devletinin i\u00e7erisinde  ne Kaddaf\u0131 d\u00fc\u015f\u00fcncesi ne de Rus lobisi olmayacakt\u0131r, olmam\u0131\u015ft\u0131r ve  olmayacakt\u0131r. (MHP s\u0131ralanndan &#8220;bravo&#8221; sesleri, alk\u0131\u015flar, DSP  s\u0131ralar\u0131ndan alk\u0131\u015flar) Siz, bu k\u00fcrs\u00fcden &#8220;Rus lobisi vard\u0131r&#8221; s\u00f6z\u00fcn\u00fcz\u00fc  geri al\u0131ncaya kadar, burada Milliyet\u00e7i Hareket Partisi olarak sizi  protesto etmeye devam edece\u011fiz. (MHP s\u0131ralanndan &#8220;bravo&#8221; sesleri,  alk\u0131\u015flar) Evet, T\u00fcrkiye Cumhuriyeti Devletinin itibar\u0131n\u0131 sarsmaya,  T\u00fcrkiye Cumhuriyeti Devletini d\u0131\u015far\u0131ya jurnallamaya hakk\u0131n\u0131z yoktur.  (MHP ve DSP s\u0131ralar\u0131ndan &#8220;Bravo&#8221; sesleri, alk\u0131\u015flar) Ben, daha \u00fc\u00e7 g\u00fcn  \u00f6nce, bu Y\u00fcce Meclisin k\u00fcrs\u00fcs\u00fcnde &#8220;\u00c7e\u00e7enistan bizim can\u0131m\u0131z, onlar bizim  karde\u015fimiz&#8221; dedim&#8230;(FP ve DYP s\u0131ralar\u0131ndan &#8220;Nerede?..Nerede?&#8221; sesleri)<\/p>\n<p style=\"text-align: justify;\"><strong>KAD\u0130R BOZKURT (Sinop)<\/strong> &#8211; Nerede?..Nerede?..<\/p>\n<p style=\"text-align: justify;\"><strong>\u0130SMA\u0130L K\u00d6SE (Devamla)<\/strong> &#8211;  Bug\u00fcn, ayn\u0131 \u015feyi s\u00f6yl\u00fcyoruz ve siz, nas\u0131l i\u00e7 politikalar\u0131 istismar  etmek suretiyle, imam hatip okullar\u0131n\u0131n kapanmas\u0131na sebep olduysan\u0131z,  Kur&#8217;an kurslar\u0131n\u0131n kapat\u0131lmas\u0131na sebep olduysan\u0131z&#8230;(MHP ve DSP  s\u0131ralar\u0131ndan alk\u0131\u015flar)<\/p>\n<p style=\"text-align: justify;\"><strong>ABD\u00dcLLAT\u0130F \u015eENER (Sivas)<\/strong> &#8211; Yaz\u0131klar olsun&#8230;. Yaz\u0131klar olsun, yak\u0131\u015fm\u0131yor..<\/p>\n<p style=\"text-align: justify;\"><strong>\u0130SMA\u0130L K\u00d6SE (Devamla)<\/strong> &#8211;  &#8230;\u015fimdi, hepimizin ortak davas\u0131 olan, ayn\u0131 heyecan\u0131 duyan, bir  \u00c7e\u00e7enlinin \u00f6l\u00fcm\u00fcnde y\u00fczbin defa \u00f6lme d\u00fc\u015f\u00fcncesini hisseden insanlar  olarak, kendi meseleni, kendi insiyaki d\u00fc\u015f\u00fcncene maletmek suretiyle  elinle, kolunla buradaki konu\u015fman\u0131, televizyondan bir daha izlemeni ben  sizden rica ediyorum&#8230;<\/p>\n<p style=\"text-align: justify;\"><strong>A.TURAN B\u0130LGE (Konya)<\/strong> &#8211; S\u00f6zlerini geri als\u0131n&#8230;<\/p>\n<p style=\"text-align: justify;\"><strong>ABD\u00dcLLAT\u0130F \u015eENER (Sivas)<\/strong>&#8211; Ben ne konu\u015ftu\u011fumu biliyorum, sen izle.<\/p>\n<p style=\"text-align: justify;\"><strong>\u0130SMA\u0130L K\u00d6SE (Devamla)<\/strong> &#8211;  Evet, tavsiye ediyorum. De\u011ferli milletvekilleri, T\u00fcrkiye Cumhuriyeti  Devleti, hi\u00e7bir zaman, yetmi\u015falt\u0131 y\u0131ldan bu yana, hangi siyas\u00ee  iktidarlar d\u00f6neminde olursa olsun, hangi d\u0131\u015fi\u015fleri bakan\u0131n\u0131n y\u00f6netiminde  olursa olsun, kendi b\u00fcnyesindeki mill\u00ee m\u00fcesseselerinde, nas\u0131l olur da  Rus lobisini muhafaza eder, devletimizin, milliyetine ve dinine d\u00fc\u015fman  olan b\u00f6yle bir zihniyeti muhafaza eder de\u011ferli arkada\u015flar\u0131m?!. (MHP ve  DSP s\u0131ralar\u0131ndan &#8220;Bravo&#8221; sesleri, alk\u0131\u015flar) Onun i\u00e7in, seni, bir daha  protesto ediyorum&#8230;<\/p>\n<p style=\"text-align: justify;\"><strong>ABD\u00dcLLAT\u0130F \u015eENER (Sivas)<\/strong> &#8211; Ben de h\u00fck\u00fcmeti protesto ediyorum.<\/p>\n<p style=\"text-align: justify;\"><strong>\u0130SMA\u0130L K\u00d6SE (Devamla)<\/strong> &#8211;  &#8220;T\u00fcrkiye Cumhuriyeti Devletinin, Rus lobisi&#8230;&#8221; \u015feklindeki telaffuzunu  buradan geri almak mecburiyetindesin&#8230; (MHP ve DSP s\u0131ralar\u0131ndan  alk\u0131\u015flar)<\/p>\n<p style=\"text-align: justify;\"><strong>ABD\u00dcLLAT\u0130F \u015eENER (Sivas)<\/strong> &#8211; Sizin tahamm\u00fcl\u00fcn\u00fcz yok bunlara, iktidar\u0131n tahamm\u00fcl\u00fc yok!<\/p>\n<p style=\"text-align: justify;\"><strong>\u0130SMA\u0130L K\u00d6SE (Devamla)<\/strong> &#8211;  Evet, buradan geri almak mecburiyetindesin. \u0130ki; AG\u0130T toplant\u0131s\u0131nda  -\u0130stanbul&#8217;da, d\u00fcnyan\u0131n en \u00f6nemli toplant\u0131s\u0131 yap\u0131l\u0131yor; AG\u0130T toplant\u0131s\u0131  \u0130stanbul&#8217;da yap\u0131l\u0131yor- ne oldu; \u00c7e\u00e7enistan&#8217;\u0131n s\u00f6zc\u00fcs\u00fc geldi, AG\u0130T  toplant\u0131s\u0131nda meselesini anlatt\u0131. Nerede anlatt\u0131; \u0130stanbul&#8217;da anlatt\u0131.  Cumhurba\u015fkan\u0131m\u0131z vard\u0131, Say\u0131n Genel Ba\u015fkan\u0131m\u0131z, Ba\u015fbakan Yard\u0131mc\u0131m\u0131z  vard\u0131. \u00c7e\u00e7enistan meselesini, AG\u0130T&#8217;te, oran\u0131n politik yap\u0131s\u0131na, oradaki  siyaseti kullanmak suretiyle, orada ilk de\u015fifre eden, bu h\u00fck\u00fcmet  olmu\u015ftur. Onun i\u00e7in, \u00c7e\u00e7enistan meselesinin istismara ve bu \u015fekildeki  konu\u015fmaya da tahamm\u00fcl\u00fc yoktur. &#8220;Bir \u00e7uval inciri zayi ettin&#8221; diyorum,  do\u011fru s\u00f6yl\u00fcyorum.<\/p>\n<p style=\"text-align: justify;\"><strong>ABD\u00dcLLAT\u0130F \u015eENER (Sivas) <\/strong>&#8211; Sizin, hi\u00e7bir \u015feye tahamm\u00fcl\u00fcn\u00fcz yok; tahamm\u00fcl\u00fcn\u00fcz.<\/p>\n<p style=\"text-align: justify;\"><strong>\u0130SMA\u0130L K\u00d6SE (Devamla)<\/strong> &#8211; \u015eimdi, Rus lobisi..<\/p>\n<p style=\"text-align: justify;\"><strong>ABD\u00dcLLAT\u0130F \u015eENER (Sivas)<\/strong> &#8211; Bunu biz istedik, niye kabul etmiyorsunuz?!<\/p>\n<p style=\"text-align: justify;\"><strong>\u0130SMA\u0130L K\u00d6SE (Devamla)<\/strong> &#8211;  Bak\u0131n, az \u00f6nce geldiniz, dekl\u00e2rasyon yay\u0131nlayal\u0131m dedim. De\u011ferli  milletvekilleri, ben kafamdan \u015funu d\u00fc\u015f\u00fcn\u00fcyordum: \u00d6nergeyi oylamayal\u0131m;  \u00e7\u00fcnk\u00fc, \u00f6nergede mutabakat\u0131m\u0131z var, mill\u00ee bir konsens\u00fcs te\u015fekk\u00fcl  etmi\u015ftir. T\u00fcrkiye B\u00fcy\u00fck Millet Meclisinde be\u015f grubun konu\u015fmac\u0131s\u0131 ve be\u015f  grubumuz&#8230; Allah raz\u0131 olsun Genel Ba\u015fkan\u0131m\u0131z da &#8220;evet, dekl\u00e2rasyona  imzan\u0131z\u0131 koyabilirsiniz&#8221; dedi. Bu, bizim hepimizin meselesi.<\/p>\n<p style=\"text-align: justify;\">\u015eimdi, Say\u0131n Ba\u015fkana bir \u00f6neride  bulunacakt\u0131m; l\u00fctfen \u00f6nergeyi oylamay\u0131n\u0131z. \u00d6nergeye kat\u0131l\u0131yoruz, oylama  yanl\u0131\u015f olur; bir dekl\u00e2rasyon yay\u0131nlamak suretiyle, alt\u0131nda t\u00fcm  gruplar\u0131m\u0131z\u0131n imzas\u0131 olan bu dekl\u00e2rasyonla, d\u00fcnyaya, bir insanl\u0131k su\u00e7unu  hat\u0131rlatal\u0131m, bunu bir insanl\u0131k su\u00e7u olarak hat\u0131rlatal\u0131m &#8220;burada bir  katliam var&#8221; diyelim. (MHP, DSP, ANAP ve DYP s\u0131ralar\u0131ndan alk\u0131\u015flar)  Ancak, \u015fimdi, Milliyet\u00e7i Hareket Partisi olarak bir \u015fart koyuyoruz; bu  s\u00f6z\u00fcn\u00fcz\u00fc geri almad\u0131\u011f\u0131n\u0131z m\u00fcddet\u00e7e, o dekl\u00e2rasyona imzam\u0131z\u0131  koymayaca\u011f\u0131z; bunun vebali de size ait olacakt\u0131r. Sayg\u0131lar sunuyorum.  (MHP s\u0131ralar\u0131ndan ayakta alk\u0131\u015flar)<\/p>\n<p style=\"text-align: justify;\"><strong>BA\u015eKAN &#8211;<\/strong> Te\u015fekk\u00fcr ederim.<\/p>\n<p style=\"text-align: justify;\"><strong>ABD\u00dcLLAT\u0130F \u015eENER (Sivas)<\/strong> &#8211; Say\u0131n Ba\u015fkan&#8230;<\/p>\n<p style=\"text-align: justify;\"><strong>AYDIN T\u00dcMEN (Ankara) <\/strong>&#8211; Say\u0131n Ba\u015fkan&#8230;<\/p>\n<p style=\"text-align: justify;\"><strong>BA\u015eKAN<\/strong> &#8211; Say\u0131n \u015eener, bir dakika efendim&#8230; Siz konu\u015ftunuz, dinlediler. Di\u011fer arkada\u015f\u0131m\u0131z Say\u0131n T\u00fcmen de&#8230;<\/p>\n<p style=\"text-align: justify;\"><strong>ABD\u00dcLLAT\u0130F \u015eENER (Sivas) <\/strong>&#8211; Say\u0131n Ba\u015fkan, bir dakika&#8230;<\/p>\n<p style=\"text-align: justify;\"><strong>BA\u015eKAN<\/strong> &#8211; M\u00fcsaade edin efendim; belki her ikisine birden cevap&#8230; Buyurun Say\u0131n T\u00fcmen, yerinizden mi, k\u00fcrs\u00fcden mi konu\u015facaks\u0131n\u0131z?<\/p>\n<p style=\"text-align: justify;\"><strong>AYDIN T\u00dcMEN (Ankara) <\/strong>&#8211; K\u00fcrs\u00fcden k\u0131sa bir a\u00e7\u0131klama yapmak istiyorum.<\/p>\n<p style=\"text-align: justify;\"><strong>BA\u015eKAN <\/strong>&#8211; L\u00fctfen, \u00e7ok k\u0131sa olsun ve yeni bir sata\u015fmaya konu olmas\u0131n; buyurun efendim. (DSP s\u0131ralar\u0131ndan alk\u0131\u015flar)<\/p>\n<p style=\"text-align: justify;\"><strong>AYDIN T\u00dcMEN (Ankara)<\/strong> &#8211;  Te\u015fekk\u00fcr ediyorum Say\u0131n Ba\u015fkan. Say\u0131n Ba\u015fkan\u0131m, az \u00f6nce konu\u015fan  Milliyet\u00e7i Hareket Partisi Grubu Ba\u015fkanvekili Say\u0131n K\u00f6se&#8217;nin s\u00f6zlerine  aynen kat\u0131l\u0131yorum.<\/p>\n<p style=\"text-align: justify;\">Bir noktay\u0131 a\u00e7\u0131klamak istiyorum; Fazilet  Partisi Grubu, bunu, Dan\u0131\u015fma Kuruluna getirdi\u011finde, b\u00fct\u00fcn parti  gruplar\u0131 bu konunun hassasiyetini dikkate alarak, bunu Genel Kurula  getirmeyi kabul ettiler. Bu \u00e7er\u00e7evede, yani, alman mutabakat  \u00e7er\u00e7evesinde, Say\u0131n \u015eener&#8217;in, burada, ba\u011f\u0131rarak, \u00e7a\u011f\u0131rarak, \u00e7ok sert bir  \u015fekilde ithamlar\u0131yla, \u00c7e\u00e7en vatanda\u015flar\u0131m\u0131z\u0131n sorununa \u00e7are bulunmas\u0131  m\u00fcmk\u00fcn de\u011fildir. Ancak, bu Parlamentonun g\u00fc\u00e7 birli\u011fi yaparak, bu ulusun  birlikteli\u011fiyle bu hadiseler sona erecektir. Bunu hat\u0131rlatmak istiyorum.  D\u0131\u015fpolitikada marifet, bu k\u00fcrs\u00fclerden ba\u011f\u0131rarak \u00e7a\u011f\u0131rarak de\u011fil, yurt  d\u0131\u015f\u0131nda veya d\u0131\u015f ili\u015fkilerinizde g\u00f6sterece\u011finiz beceriyle, marifetle  olur. \u00d6zellikle, d\u0131\u015fpolitikada marifet, bedevi \u00e7ad\u0131rlar\u0131nda f\u0131r\u00e7a yemek  de\u011fildir, (DSP s\u0131ralar\u0131ndan alk\u0131\u015flar) bir bedev\u00eeyi de kendine komutan  se\u00e7mek de\u011fildir; bunu hat\u0131rlatmak istiyorum.<\/p>\n<p style=\"text-align: justify;\"><strong>MEHMET BATUK (Kocaeli)<\/strong> &#8211; Moskova&#8217;da boyun e\u011fmek mi?!<\/p>\n<p style=\"text-align: justify;\"><strong>AYDIN T\u00dcMEN (Devamla)<\/strong> &#8211;  Bir di\u011fer konu, T\u00fcrk siyasetinde ve T\u00fcrk Parlamentosunda Rus lobisi  oldu\u011funu ifade etti arkada\u015f\u0131m\u0131z. L\u00fctfen, bu konuya a\u00e7\u0131kl\u0131k getirmesini  istiyoruz.<\/p>\n<p style=\"text-align: justify;\"><strong>ABD\u00dcLLAT\u0130F \u015eENER (Sivas) <\/strong>&#8211; S\u00f6yledi\u011fimi iyi dinle!..<\/p>\n<p style=\"text-align: justify;\"><strong>AYDIN T\u00dcMEN (Devamla)<\/strong> &#8211;  Bunlar kimlerdir, bunlar\u0131n bilinmesini istiyoruz; varsa e\u011fer, gereken  yap\u0131ls\u0131n, hep birlikte yapal\u0131m; ama, bunun a\u00e7\u0131kl\u0131\u011fa kavu\u015fmas\u0131 gerekiyor  ve Demokratik Sol Partinin ve bu Parlamentonun, gerek i\u00e7inde  bulundu\u011fumuz h\u00fck\u00fcmetlerde gerek ba\u015f\u0131nda bulundu\u011fumuz h\u00fck\u00fcmetlerde,  Bosna-Hersek&#8217;te ve Kosova&#8217;da izlenilen politikalarda -e\u011fer g\u00f6z \u00f6n\u00fcne  al\u0131rsan\u0131z- yap\u0131lan uygulamalar\u0131n ne kadar ba\u015far\u0131l\u0131, ne kadar olumlu  oldu\u011funu t\u00fcm d\u00fcnya kamuoyu kabul etti; ama, siz kabul edemiyorsunuz ve  buradaki politikalar\u0131m\u0131zla yapacaklar\u0131m\u0131z\u0131 da, yine d\u00fcnya kabul edecek  siz kabul etmeseniz de.<\/p>\n<p style=\"text-align: justify;\">Sayg\u0131lar sunuyorum. (DSP s\u0131ralar\u0131ndan alk\u0131\u015flar)<\/p>\n<p style=\"text-align: justify;\"><strong>BA\u015eKAN &#8211;<\/strong> Say\u0131n T\u00fcmen, te\u015fekk\u00fcr ediyorum.<\/p>\n<p style=\"text-align: justify;\"><strong>ABD\u00dcLLAT\u0130F \u015eENER (Sivas) <\/strong>&#8211; Say\u0131n Ba\u015fkan&#8230; (MHP s\u0131ralar\u0131ndan g\u00fcr\u00fclt\u00fcler yeter art\u0131k, &#8220;otur yerine&#8221; sesleri)<\/p>\n<p style=\"text-align: justify;\"><strong>BA\u015eKAN <\/strong>&#8211; Efendim, yerinizden&#8230;<\/p>\n<p style=\"text-align: justify;\"><strong>ABD\u00dcLLAT\u0130F \u015eENER (Sivas) <\/strong>&#8211; Hay\u0131r efendim, ne m\u00fcnasebet; do\u011frudan&#8230; (MHP s\u0131ralar\u0131ndan s\u0131ra kapaklar\u0131na vurmalar)<\/p>\n<p style=\"text-align: justify;\"><strong>BA\u015eKAN <\/strong>&#8211; Say\u0131n \u015eener&#8230;<\/p>\n<p style=\"text-align: justify;\"><strong>ABD\u00dcLLAT\u0130F \u015eENER (Sivas)<\/strong> &#8211; Say\u0131n Ba\u015fkan&#8230; (FP s\u0131ralar\u0131ndan &#8220;Say\u0131n Ba\u015fkan hakaret var&#8221; sesleri)<\/p>\n<p style=\"text-align: justify;\"><strong>BA\u015eKAN &#8211;<\/strong> Yerinizden&#8230;<\/p>\n<p style=\"text-align: justify;\"><strong>ABD\u00dcLLAT\u0130F \u015eENER (Sivas)<\/strong> &#8211; Say\u0131n Ba\u015fkan&#8230; .<\/p>\n<p style=\"text-align: justify;\"><strong>BA\u015eKAN <\/strong>&#8211; Efendim, laf\u0131 uzatm\u0131\u015f olaca\u011f\u0131z.<\/p>\n<p style=\"text-align: justify;\"><strong>ABD\u00dcLLAT\u0130F \u015eENER (Sivas) &#8211;<\/strong> Say\u0131n Ba\u015fkan, laf\u0131 uzatan ben de\u011filim. (FP s\u0131ralar\u0131ndan &#8220;Sata\u015fma var Say\u0131n Ba\u015fkan&#8221; sesleri)<\/p>\n<p style=\"text-align: justify;\"><strong>BA\u015eKAN &#8211;<\/strong> Say\u0131n \u015eener, 33 dakika konu\u015ftunuz.<\/p>\n<p style=\"text-align: justify;\"><strong>ABD\u00dcLLAT\u0130F \u015eENER (Sivas) <\/strong>&#8211; Evet konu\u015ftum,-yar\u0131m saati normal s\u00fcremdi, \u00f6b\u00fcr hatiplere verdi\u011finiz eks\u00fcreyi de kulland\u0131m Say\u0131n Ba\u015fkan.<\/p>\n<p style=\"text-align: justify;\"><strong>BA\u015eKAN &#8211;<\/strong> Ne i\u00e7in s\u00f6z istedi\u011finizi bana bir s\u00f6yleyin l\u00fctfen. \u00d6nce, ne i\u00e7in s\u00f6z istedi\u011finizi s\u00f6yleyin.<\/p>\n<p style=\"text-align: justify;\"><strong>ABD\u00dcLLAT\u0130F,\u015eENER (Sivas) &#8211;<\/strong> Say\u0131n Ba\u015fkan, iki say\u0131n grup ba\u015fkanvekili, sata\u015fma gerek\u00e7esiyle s\u00f6z istediler. Benim yapm\u0131\u015f oldu\u011fum konu\u015fmada, say\u0131n gruplara sata\u015fma yoktu, buna ra\u011fmen s\u00f6z verdiniz. Takdirinize bir \u015fey s\u00f6ylemiyorum; ama, her iki grup ba\u015fkanvekili, yapm\u0131\u015f olduklar\u0131 konu\u015fmalar s\u0131ras\u0131nda, sata\u015fma oldu\u011funu iddia edecekleri \u015feye cevap verecekleri yerde, bana sata\u015fmayla vakitlerini tamamlad\u0131lar. Dolay\u0131s\u0131yla, as\u0131l, sata\u015fma nedeniyle s\u00f6z talep etme hakk\u0131 benimdir, onlar\u0131n de\u011fil. (MHP ve DSP s\u0131ralar\u0131ndan g\u00fcr\u00fclt\u00fcler)<\/p>\n<p style=\"text-align: justify;\"><strong>BA\u015eKAN &#8211; <\/strong>Say\u0131n \u015eener, tansiyonu daha fazla y\u00fckseltmenin \u00e2lemi yok. Zat\u0131\u00e2linize sata\u015f\u0131ld\u0131\u011f\u0131n\u0131 bir an i\u00e7in kabul etsek bile, siz bunu ifade etmi\u015f oldunuz.<\/p>\n<p style=\"text-align: justify;\"><strong>ABD\u00dcLLAT\u0130F \u015eENER (Sivas) <\/strong>&#8211; Onlar konu\u015fmadan \u00f6nce nas\u0131l ifade ediyorum Say\u0131n Ba\u015fkan?!<\/p>\n<p style=\"text-align: justify;\"><strong>BA\u015eKAN &#8211;<\/strong> Efendim, yerinize ge\u00e7in, yerinizden s\u00f6yleyin.<\/p>\n<p style=\"text-align: justify;\"><strong>ABD\u00dcLLAT\u0130F \u015eENER (Sivas) <\/strong>&#8211; Hay\u0131r efendim&#8230; (MHP ve DSP s\u0131ralar\u0131ndan g\u00fcr\u00fclt\u00fcler) Say\u0131n Ba\u015fkan, e\u011fer, \u0130\u00e7t\u00fcz\u00fc\u011f\u00fc uygulayacaksan\u0131z, bu k\u00fcrs\u00fcden konu\u015fmam laz\u0131m. \u0130ki say\u0131n grup ba\u015fkanvekiline sata\u015fmada g\u00f6sterilecek toleranstan \u00e7ok daha fazla s\u00fcre tan\u0131yarak bu k\u00fcrs\u00fcden konu\u015fturdu\u011funuza g\u00f6re, ben de, onlar\u0131n ikisinin birden yapt\u0131\u011f\u0131 sata\u015fmaya, ancak bu k\u00fcrs\u00fcden cevap verebilirim.<\/p>\n<p style=\"text-align: justify;\"><strong>SAFFET ARIKAN BED\u00dcK (Ankara) &#8211;<\/strong> Say\u0131n Ba\u015fkan, belki bir bar\u0131\u015f ortam\u0131, bir anla\u015fma ortam\u0131 olacakt\u0131r. Belki bir yanl\u0131\u015f anla\u015f\u0131lma vard\u0131r&#8230; (MHP ve DSP s\u0131ralar\u0131ndan g\u00fcr\u00fclt\u00fcler) Belki Meclis, b\u00f6ylece, biraz evvel Milliyet\u00e7i Hareket Partisinin de\u011ferli s\u00f6zc\u00fcs\u00fcn\u00fcn de ifade etti\u011fi gibi, anla\u015ft\u0131\u011f\u0131m\u0131z bir dekl\u00e2rasyonla ilgili bir neticeye gelecektir.<\/p>\n<p style=\"text-align: justify;\"><strong>BA\u015eKAN &#8211;<\/strong> Say\u0131n \u015eener, \u015fu anda mill\u00ee bir meseleyi, g\u00f6r\u00fc\u015fmekteyiz. Biz, bu meseleyi, gruplar aras\u0131 m\u00fccadeleye d\u00f6n\u00fc\u015ft\u00fcr\u00fcrsek, maksad\u0131m\u0131z\u0131 \u00e7ok a\u015fm\u0131\u015f oluruz. Size bir \u015fartla s\u00f6z verebilirim; yanl\u0131\u015f anla\u015f\u0131ld\u0131\u011f\u0131n\u0131z\u0131 ifade edecekseniz, sata\u015fma yapmad\u0131\u011f\u0131n\u0131z\u0131 ifade edecekseniz s\u00f6z vereyim.<\/p>\n<p style=\"text-align: justify;\"><strong>ABD\u00dcLLAT\u0130F \u015eENER (Sivas) <\/strong>&#8211; Sata\u015fma yapmad\u0131\u011f\u0131m\u0131 zaten s\u00f6yl\u00fcyorum.<\/p>\n<p style=\"text-align: justify;\"><strong>BA\u015eKAN &#8211; <\/strong>Peki, buyurun efendim. (FP s\u0131ralar\u0131ndan alk\u0131\u015flar)<\/p>\n<p style=\"text-align: justify;\"><strong>A. TURAN B\u0130LGE (Konya) &#8211;<\/strong> Say\u0131n Ba\u015fkan, lobi meselesini s\u00f6yleyecekse, k\u00fcrs\u00fcye \u00e7\u0131ks\u0131n.<\/p>\n<p style=\"text-align: justify;\"><strong>BA\u015eKAN &#8211;<\/strong> Efendim, m\u00fcsaade eder misiniz; bu tansiyonla mill\u00ee bir meseleyi \u00e7\u00f6zmemiz m\u00fcmk\u00fcn de\u011fildir. Ben \u00fcmit ediyorum ki, \u00f6nerge sahibi olarak b\u00f6yle bir mill\u00ee meseleyi T\u00fcrkiye B\u00fcy\u00fck Millet Meclisinin g\u00fcndemine getiren Say\u0131n Ba\u015fkanvekili sonucu da tatl\u0131ya ba\u011flayacakt\u0131r.<\/p>\n<p style=\"text-align: justify;\">Buyurun efendim.<\/p>\n<p style=\"text-align: justify;\"><strong>ERDO\u011eAN TOPRAK (\u0130stanbul) <\/strong>&#8211; Say\u0131n Ba\u015fkan, b\u00f6yle bir mill\u00ee meseleyi kendi partisinin siyaseti yapmas\u0131 do\u011fru mu?<\/p>\n<p style=\"text-align: justify;\"><strong>ABD\u00dcLLAT\u0130F \u015eENER (Sivas) <\/strong>&#8211; Say\u0131n Ba\u015fkan, de\u011ferli milletvekilleri; biraz \u00f6nce, Say\u0131n Grup Ba\u015fkanvekillerini dinledik. Yapt\u0131\u011f\u0131m konu\u015fmalarda gruplara herhangi bir sata\u015fma zaten yoktu. (DSP ve MHP s\u0131ralar\u0131ndan g\u00fcr\u00fclt\u00fcler)<\/p>\n<p style=\"text-align: justify;\"><strong>A. TURAN B\u0130LGE (Konya) &#8211;<\/strong> &#8220;Lobi&#8221; dedi.<\/p>\n<p style=\"text-align: justify;\"><strong>ABD\u00dcLLAT\u0130F \u015eENER (Devamla)<\/strong> &#8211; Say\u0131n Ba\u015fkan takdir ettiler, bu takdire istinaden, biz de s\u00fckunetle, Say\u0131n Grup Ba\u015fkanvekil\u00eeerinin konu\u015fmalar\u0131n\u0131 dinledik ve izledik; ama, do\u011frusu, say\u0131n milletvekilleri, benim yapm\u0131\u015f oldu\u011fum konu\u015fmalarda bir noktaya dikkat \u00e7ekmek kast\u0131yla yapt\u0131\u011f\u0131m vurguya -ki, o vurgu, olumlu politikalar\u0131 a\u00e7acak bir vurgudur- h\u00fck\u00fcmetin yanl\u0131\u015flar\u0131na yapsalard\u0131, h\u00fck\u00fcmetin yanl\u0131\u015flar\u0131 konusunda, iktidar\u0131n yanl\u0131\u015flar\u0131 konusunda &#8220;ben Meclisim, var\u0131m&#8221; diyebilselerdi, \u015fu anda izlemi\u015f oldu\u011fumuz yanl\u0131\u015f iktidar politikas\u0131 ortaya \u00e7\u0131kmazd\u0131. (DSP ve MHP s\u0131ralar\u0131ndan g\u00fcr\u00fclt\u00fcler) Onun i\u00e7in, bu duyarl\u0131l\u0131\u011f\u0131n, oraya; yani, iktidar\u0131n yanl\u0131\u015flar\u0131na kar\u015f\u0131 y\u00f6nelmesini diliyorum; \u00e7\u00fcnk\u00fc, Meclisin yasama fonksiyonu vard\u0131r; ama, ayn\u0131 zamanda, idareyi, Bakanlar Kurulunu denetim yetkisi de vard\u0131r. Bu yetkisini, bu Meclis kullanmal\u0131d\u0131r. Anayasaya g\u00f6re, Bakanlar Kurulu y\u00fcr\u00fctmedir, ayr\u0131 bir g\u00fc\u00e7t\u00fcr; ama, yasama, Meclis ayr\u0131 bir g\u00fc\u00e7t\u00fcr. Meclis, ayr\u0131 bir g\u00fc\u00e7 oldu\u011funu g\u00f6stersin istiyoruz.<\/p>\n<p style=\"text-align: justify;\"><strong>\u0130SMA\u0130L K\u00d6SE (Erzurum)<\/strong> &#8211; G\u00f6sterecek.<\/p>\n<p style=\"text-align: justify;\"><strong>ABD\u00dcLLAT\u0130F \u015eENER (Devamla) <\/strong>&#8211; Bunun i\u00e7in ifade ediyoruz; bu bir. De\u011ferli milletvekilleri, ikincisi, \u015fu lobi i\u015fine gelmek istiyorum&#8230; (DSP ve MHP s\u0131ralar\u0131ndan g\u00fcr\u00fclt\u00fcler) M\u00fcsaade buyurur musunuz&#8230; O lobi i\u015fine gelmek istiyorum. De\u011ferli milletvekilleri, c\u00fcmlelerimi \u00e7ok hassas bir \u015fekilde se\u00e7tim; ama, baz\u0131 arkada\u015flar\u0131m\u0131z, heyecandan, s\u00f6ylemedi\u011fim kelimelere do\u011fru \u00e7ektiler i\u015fi. Hassas olarak s\u00f6yledim&#8230; (DSP ve MHP s\u0131ralar\u0131ndan g\u00fcr\u00fclt\u00fcler)<\/p>\n<p style=\"text-align: justify;\"><strong>ERDO\u011eAN TOPRAK (\u0130stanbul) <\/strong>&#8211; Hay\u0131r&#8230; Hay\u0131r&#8230;<br \/>\n<strong> <\/strong><\/p>\n<p style=\"text-align: justify;\"><strong>ABD\u00dcLLAT\u0130F \u015eENER (Devamla)<\/strong> &#8211; Dinlemeye niyetiniz varsa, konu\u015fay\u0131m. (MHP s\u0131ralar\u0131ndan &#8220;s\u00f6z\u00fcn\u00fc geri al&#8221; sesleri)<\/p>\n<p style=\"text-align: justify;\"><strong>ERDO\u011eAN TOPRAK (\u0130stanbul)<\/strong> &#8211; Ama, siyaset\u00e7i, bu Parlamentoda&#8230;<\/p>\n<p style=\"text-align: justify;\"><strong>ABD\u00dcLLAT\u0130F \u015eENER (Devamla)<\/strong> &#8211; Bu hassas ifadelerim i\u00e7erisinde bahsetti\u011fim lobinin, siyasette uzant\u0131s\u0131 oldu\u011funu asla ifade etmedim. Aksine, bu siyasetin, mill\u00ee iradeyi temsil eden bu siyasetin, bu Meclisin, var olabilecek lobiyi temizlemesi gerekti\u011fini s\u00f6yledim. (DSP ve MHP s\u0131ralar\u0131ndan g\u00fcr\u00fclt\u00fcler)<\/p>\n<p style=\"text-align: justify;\"><strong>A. TURAN B\u0130LGE (Konya)<\/strong> &#8211; Say\u0131n Ba\u015fkan, zab\u0131tlar\u0131 getirtelim.<\/p>\n<p style=\"text-align: justify;\"><strong>\u0130SMA\u0130L K\u00d6SE (Erzurum)<\/strong> &#8211; T\u00fcrkiye Cumhuriyeti Devletinde lobi var m\u0131, yok mu?<\/p>\n<p style=\"text-align: justify;\"><strong>ABD\u00dcLLAT\u0130F \u015eENER (Devamla) <\/strong>&#8211; Say\u0131n milletvekili, dinlerseniz a\u00e7\u0131klar\u0131z. De\u011ferli milletvekilleri, ikincisi, bu c\u00fcmleler bana ait de\u011fildir.<\/p>\n<p style=\"text-align: justify;\"><strong>M. HAD\u00ce D\u0130LEK\u00c7\u0130 (Kastamonu) <\/strong>&#8211; Sana ait olmayan \u015feyi niye konu\u015fuyorsun?!<\/p>\n<p style=\"text-align: justify;\"><strong>ABD\u00dcLLAT\u0130F \u015eENER (Devamla) <\/strong>&#8211; De\u011ferli milletvekilleri, hassas olarak kulland\u0131m diyorum. S\u00f6yledi\u011fim c\u00fcmleler \u015funlard\u0131r -de\u011ferli milletvekilleri, M\u00fcsaade ederseniz, s\u00fck\u00fbnetle dinlersek, birbirimizi daha iyi anlar\u0131z- hassas olarak kulland\u0131m &#8220;devlet sistemi i\u00e7erisinde, \u00e2deta, bir Rus lobisi vard\u0131r&#8221; dedim. &#8220;\u00c2deta&#8221; laf\u0131, dikkatinizi \u00e7ekerim, \u00f6nemli bir kelimedir; ama, heyecandan, hepiniz o k\u0131sm\u0131n\u0131 atlad\u0131n\u0131z. (DSP ve MHP s\u0131ralar\u0131ndan g\u00fcr\u00fclt\u00fcler) Say\u0131n milletvekilleri, bu c\u00fcmleler bana ait de\u011fildir. (DSP s\u0131ralar\u0131ndan &#8220;kime ait&#8221; sesleri) Bundan bir ay \u00f6nce, T\u00fcrkiye&#8217;nin \u00e7ok satan gazetelerinden birinde, bir k\u00f6\u015fe yazar\u0131n\u0131n, a\u00e7\u0131k ve alen\u00ee olarak detaylar\u0131yla yazm\u0131\u015f oldu\u011fu bir makaleden al\u0131nm\u0131\u015ft\u0131r; ama, h\u00fck\u00fcmet -bu duyarl\u0131l\u0131\u011f\u0131 g\u00f6steriyorsa- bir ay aradan zaman ge\u00e7mi\u015f olmas\u0131na ra\u011fmen, maalesef, o makaleyi tekzip etmemi\u015ftir. E\u011fer, h\u00fck\u00fcmet, bu c\u00fcmleleri s\u00f6yleyen ve \u00e7ok satan bir gazetenin k\u00f6\u015fe yazar\u0131n\u0131n, d\u0131\u015fpolitikada s\u00f6z\u00fc dinlenen, laf\u0131 dinlenen, herkesin okudu\u011fu, itibar etti\u011fi bir k\u00f6\u015fe yazar\u0131n\u0131n yazd\u0131\u011f\u0131 bu yaz\u0131lar\u0131 tekzip etme gere\u011fi duymuyorsa, o zaman, bu k\u00fcrs\u00fcden ayn\u0131 c\u00fcmleleri s\u00f6ylemek de benim g\u00f6revim olur. (DSP ve MHP s\u0131ralar\u0131ndan g\u00fcr\u00fclt\u00fcler)<\/p>\n<p style=\"text-align: justify;\"><strong>ABDURRAHMAN K\u00dc\u00c7\u00dcK (Ankara)<\/strong> &#8211; Ama, kaynak g\u00f6stererek s\u00f6ylemediniz Abd\u00fcllatif Bey.<\/p>\n<p style=\"text-align: justify;\"><strong>ABD\u00dcLLAT\u0130F \u015eENER (Devamla) <\/strong>&#8211; Size vereyim; yan\u0131mda var.<\/p>\n<p style=\"text-align: justify;\"><strong>CEMAL ENG\u0130NYURT (Ordu) &#8211;<\/strong> O gazeteler sizin i\u00e7in de \u00e7ok \u015feyler yazd\u0131.<\/p>\n<p style=\"text-align: justify;\"><strong>BA\u015eKAN <\/strong>&#8211; Say\u0131n \u015eener, l\u00fctfen toparlar m\u0131s\u0131n\u0131z.<\/p>\n<p style=\"text-align: justify;\"><strong>ABD\u00dcLLAT\u0130F \u015eENER (Devamla)<\/strong> &#8211; De\u011ferli milletvekilleri, sonra &#8220;bir bedevinin \u00e7ad\u0131r\u0131nda&#8221; dediniz&#8230;<\/p>\n<p style=\"text-align: justify;\"><strong>BA\u015eKAN <\/strong>&#8211; L\u00fctfen, girmeyin bunlara.<\/p>\n<p style=\"text-align: justify;\"><strong>ABD\u00dcLLAT\u0130F \u015eENER (Devamla)<\/strong> &#8211; Rus Ba\u015fbakan\u0131 Putin&#8217;in huzurunda ba\u015f\u0131n\u0131 \u00f6n\u00fcne e\u011fmek, g\u0131k diyemez hale gelmek nicedir?! Bir de bunu d\u00fc\u015f\u00fcn\u00fcn derim.<\/p>\n<p style=\"text-align: justify;\">Hepinize sayg\u0131lar sunar\u0131m, (FP ve DYP s\u0131ralar\u0131ndan alk\u0131\u015flar)<\/p>\n<p style=\"text-align: justify;\"><strong>ABDURRAHMAN K\u00dc\u00c7\u00dcK (Ankara) <\/strong>&#8211; Ama, kayna\u011f\u0131n\u0131 g\u00f6sterin&#8230;<\/p>\n<p style=\"text-align: justify;\"><strong>A. TURAN B\u0130LGE (Konya) <\/strong>&#8211; Lobi?! (MHP s\u0131ralar\u0131ndan &#8220;lobiye ne oldu?&#8221; sesleri)<\/p>\n<p style=\"text-align: justify;\"><strong>ABD\u00dcLLAT\u0130F \u015eENER (Sivas)<\/strong> &#8211; Lobiyi T\u00fcrkmenba\u015f\u0131na sorun, o s\u00f6yler size&#8230; T\u00fcrkmenba\u015f\u0131 biliyor&#8230;<\/p>\n<p style=\"text-align: justify;\"><strong>FARUK DEM\u0130R (Ardahan) <\/strong>&#8211; Say\u0131n Ba\u015fkan, s\u00f6z istiyorum.<\/p>\n<p style=\"text-align: justify;\"><strong>BA\u015eKAN &#8211;<\/strong> Ne i\u00e7in s\u00f6z istedi\u011finizi a\u00e7\u0131klarsan\u0131z, belki konu\u015fmak m\u00fcmk\u00fcn olur.<\/p>\n<p style=\"text-align: justify;\">Buyurun efendim.<\/p>\n<p style=\"text-align: justify;\">(MHP ve FP milletvekillerinin birbirleri \u00fczerine y\u00fcr\u00fcmeleri)<\/p>\n<p style=\"text-align: justify;\"><strong>BA\u015eKAN <\/strong>&#8211; Say\u0131n milletvekilleri, l\u00fctfen, s\u00fck\u00fbnetimizi muhafaza edelim.<\/p>\n<p style=\"text-align: justify;\"><strong>FARUK DEM\u0130R (Ardahan) <\/strong>&#8211; Say\u0131n Ba\u015fkan, bu konuyla ilgili olarak&#8230;<\/p>\n<p style=\"text-align: justify;\"><strong>KAD\u0130R BOZKURT (Sinop) <\/strong>&#8211; B\u00f6yle bir usul\u00fcm\u00fcz yok Say\u0131n Ba\u015fkan; yani, kendileri grup ba\u015fkanvekili mi?!..<\/p>\n<p style=\"text-align: justify;\"><strong>BA\u015eKAN &#8211;<\/strong>Say\u0131n milletvekilleri, l\u00fcften&#8230;<\/p>\n<p style=\"text-align: justify;\">Efendim, zat\u0131\u00e2liniz grup ba\u015fkanvekili de\u011filsiniz; konunun zat\u0131\u00e2linize taalluk eden taraf\u0131n\u0131 anlayamad\u0131m.<\/p>\n<p style=\"text-align: justify;\">Buyurun efendim; a\u00e7\u0131klar m\u0131s\u0131n\u0131z&#8230;<\/p>\n<p style=\"text-align: justify;\"><strong>FARUK DEM\u0130R (Ardahan) <\/strong>&#8211; \u00c7e\u00e7enistan&#8217;dan G\u00fcrcistan \u00fczerinden Ardahan&#8217;a giri\u015f yapan \u00c7e\u00e7en karde\u015flerimize Ardahan Valili\u011fi ve Posof Kaymakaml\u0131\u011f\u0131 taraf\u0131ndan problem \u00e7\u0131kar\u0131ld\u0131, kucak a\u00e7\u0131lmad\u0131 diye Say\u0131n Fazilet Partisi Grupba\u015fkanvekili taraf\u0131ndan ifade edilmi\u015ftir. \u00d6yle bir \u015fey yoktur; 287 \u00c7e\u00e7en karde\u015fimiz giri\u015f yapm\u0131\u015ft\u0131r. Ardahan Valili\u011fince yemek, otel ve \u0130stanbul&#8217;a ge\u00e7mek isteyenler, yol paralan da&#8230;<\/p>\n<p style=\"text-align: justify;\"><strong>BA\u015eKAN &#8211;<\/strong> Efendim, te\u015fekk\u00fcr ederim. Yaln\u0131z, burada Say\u0131n \u0130\u00e7i\u015fleri Bakan\u0131 yok, yetkililer yok; zat\u0131\u00e2linizin bilgisi&#8230;<\/p>\n<p style=\"text-align: justify;\"><strong>Y\u00dcCEL ERDENER (\u0130stanbul) &#8211;<\/strong> Ardahan Milletvekili&#8230;<\/p>\n<p style=\"text-align: justify;\"><strong>BA\u015eKAN &#8211; <\/strong>Efendim, Ardahan Milletvekili, Ardahan&#8217;dan se\u00e7ilen T\u00fcrkiye Milletvekilidir. Her birimiz, b\u00f6lgemizin&#8230; Dar b\u00f6lge sistemi yok T\u00fcrkiye&#8217;de.<\/p>\n<p style=\"text-align: justify;\">Efendim, te\u015fekk\u00fcr ederim. Dinledik; sa\u011f olun.<\/p>\n<p style=\"text-align: justify;\"><strong>FARUK DEM\u0130R (Ardahan) <\/strong>&#8211; \u00d6yle bir \u015fey yoktur. Biraz \u00f6nce&#8230;<\/p>\n<p style=\"text-align: justify;\"><strong>BA\u015eKAN <\/strong>&#8211; Te\u015fekk\u00fcr ederim; sa\u011f olun.<\/p>\n<p style=\"text-align: justify;\">Say\u0131n milletvekilleri&#8230;<\/p>\n<p style=\"text-align: justify;\"><strong>SAFFET ARIKAN BED\u00dcK (Ankara) <\/strong>&#8211; Say\u0131n Ba\u015fkan&#8230;<\/p>\n<p style=\"text-align: justify;\"><strong>BA\u015eKAN<\/strong> &#8211; Buyurun.<\/p>\n<p style=\"text-align: justify;\"><strong>SAFFET ARIKAN BED\u00dcK (Ankara) <\/strong>&#8211; 20 nci Asr\u0131n sonunda, ger\u00e7ekten, d\u00fcnya insanl\u0131\u011f\u0131 i\u00e7in \u00e7ok b\u00fcy\u00fck bir katliam\u0131n vuku buldu\u011funu b\u00fct\u00fcn siyas\u00ee parti gruplar\u0131 kabul etti. Vahim bir olayla kar\u015f\u0131 kar\u015f\u0131yay\u0131z, bir soyun imhas\u0131yla ilgili bir hareketle kar\u015f\u0131 kar\u015f\u0131yay\u0131z. \u015eu Meclis, bu konuda b\u00fcy\u00fck bir duyarl\u0131l\u0131k g\u00f6sterdi. Bu duyarl\u0131l\u0131\u011f\u0131 b\u00fct\u00fcn gruplar da g\u00f6sterdi; ancak, bir arkada\u015f\u0131m\u0131z\u0131n bir konu\u015fmas\u0131nda, bir tek kelimeyle ilgili olarak yapm\u0131\u015f oldu\u011fu a\u00e7\u0131klamadan dolay\u0131 \u00fcz\u00fcnt\u00fc duyulmu\u015f olabilir. Bir a\u00e7\u0131klama yapt\u0131&#8230;<\/p>\n<p style=\"text-align: justify;\"><strong>\u0130SMA\u0130L K\u00d6SE (Erzurum) <\/strong>&#8211; Siz kabul ediyor musunuz?<\/p>\n<p style=\"text-align: justify;\"><strong>SAFFET ARIKAN BED\u00dcK (Ankara) <\/strong>&#8211; Say\u0131n K\u00f6se, bizim kabul etmemiz m\u00fcmk\u00fcn de\u011fil.<\/p>\n<p style=\"text-align: justify;\"><strong>\u0130SMA\u0130L K\u00d6SE (Erzurum) &#8211;<\/strong> T\u00fcrkiye Cumhuriyetine bu s\u00f6z\u00fc kabul ediyor musunuz?<\/p>\n<p style=\"text-align: justify;\"><strong>SAFFET ARIKAN BED\u00dcK (Ankara) <\/strong>&#8211; Say\u0131n Ba\u015fkan, biz kabul etmiyoruz. Bak\u0131n, dikkat edin&#8230; (MHP s\u0131ralar\u0131ndan &#8220;Geri als\u0131n, geri als\u0131n&#8221; sesleri)<\/p>\n<p style=\"text-align: justify;\"><strong>\u0130SMA\u0130L K\u00d6SE (Erzurum)<\/strong> &#8211; Kabul etmiyorsan, o zaman geri als\u0131n. (MHP s\u0131ralar\u0131ndan alk\u0131\u015flar)<\/p>\n<p style=\"text-align: justify;\"><strong>SAFFET ARIKAN BED\u00dcK (Ankara) &#8211;<\/strong> Say\u0131n Ba\u015fkan, ben, bu konu\u015fmay\u0131, sizin bana m\u00fcdahale etmeniz i\u00e7in de\u011fil&#8230; B\u00f6ylesine \u00f6nemli mill\u00ee bir meselede b\u00fcy\u00fck bir heyecan g\u00f6sterdiniz, \u00e7ok da g\u00fczel bir tav\u0131r sergilediniz.<\/p>\n<p style=\"text-align: justify;\">Ben, bir uzla\u015fma aray\u0131\u015f\u0131 i\u00e7erisindeyim. Bu konu\u015fmalardan \u00f6nce bir dekl\u00e2rasyonla ilgili vard\u0131\u011f\u0131n\u0131z mutabakat vard\u0131; hepiniz bu konuda ittifak ettiniz; hepimiz ittifak ettik. Dolay\u0131s\u0131yla, o konu\u015fmayla ilgili yap\u0131lan a\u00e7\u0131klamadan sonra, sizleri ilzam etmeyen bir konu\u015fma oldu\u011fu, maksad\u0131n\u0131 a\u015fan bir konu\u015fma oldu\u011fu anla\u015fld\u0131. O sebeple, arkada\u015flar\u0131m\u0131z\u0131n dekl\u00e2rasyon konusundaki duyarl\u0131l\u0131\u011f\u0131n\u0131 tekrar dikkate almak suretiyle a\u00e7\u0131klama yapmay\u0131, yine, kendilerinin m\u00fc\u015fterek imzas\u0131na sunmay\u0131 bir g\u00f6rev biliyorum. Te\u015fekk\u00fcr ediyorum. (DYP s\u0131ralar\u0131ndan alk\u0131\u015flar)<\/p>\n<p style=\"text-align: justify;\"><strong>F\u0130KRET UZUNHASAN (Mu\u011fla) <\/strong>&#8211; S\u00f6z\u00fcn\u00fc geri als\u0131n.<\/p>\n<p style=\"text-align: justify;\"><strong>BA\u015eKAN &#8211;<\/strong> Te\u015fekk\u00fcr ederim.<\/p>\n<p style=\"text-align: justify;\">Say\u0131n milletvekilleri, mill\u00ee davalar, ne \u015fah\u0131slar\u0131nd\u0131r ne gruplar\u0131nd\u0131r; milletindir. Biz de, burada, milleti temsil etme gayreti i\u00e7erisinde g\u00f6rev yapmaya \u00e7al\u0131\u015f\u0131yoruz.<\/p>\n<p style=\"text-align: justify;\"><strong>M. HAD\u0130 D\u0130LEK\u00c7\u0130 (Kastamonu) <\/strong>&#8211; Millete hakaret etti.<\/p>\n<p style=\"text-align: justify;\"><strong>SEDAT \u00c7EV\u0130K (Ankara) <\/strong>&#8211; Abd\u00fcllatif \u015eener Beye s\u00f6yleyin Say\u0131n Ba\u015fkan\u0131m.<\/p>\n<p style=\"text-align: justify;\"><strong>BA\u015eKAN<\/strong> &#8211; S\u00f6z\u00fcm hepinize efendim.<\/p>\n<p style=\"text-align: justify;\">Say\u0131n milletvekilleri, laik bir \u00fclkede &#8220;kutsal&#8221;, &#8220;kuts\u00ee&#8221; kavramlar\u0131 olmaz; ama, olsayd\u0131, bu laik \u00fclkede en kutsal yer, bu \u00e7at\u0131 olurdu ve bu \u00fclkenin ve bu \u00e7at\u0131n\u0131n da en kutsal yeri, bu k\u00fcrs\u00fc olurdu. Hepimiz, bir bak\u0131ma, bu k\u00fcrs\u00fcn\u00fcn s\u00e2labetini, h\u00fcrriyetini ve fikirlerin ifadesini sa\u011flamak \u00fczere, s\u0131ras\u0131 geldi\u011finde konu\u015fmak \u00fczere buraday\u0131z. Zannediyorum, Divan\u0131n da en \u00f6nemli g\u00f6revlerinden biri, sizlerin fikirlerinizi en rahat \u015fekilde s\u00f6ylemenizi sa\u011flamakt\u0131r. \u015eu anda, bir oylama yapmak zorunday\u0131m; \u00e7\u00fcnk\u00fc, burada di\u011fer \u00f6ncelikli bir g\u00f6revimiz de, sizin oylar\u0131n\u0131z\u0131 en s\u0131hhatli bir \u015fekilde; yani, sizin iradenizi en s\u0131hhatli bir \u015fekilde tespit etmektir. Yapmak zorunda kald\u0131\u011f\u0131m oylama, \u00c7e\u00e7enistan konusundaki genel g\u00f6r\u00fc\u015fme \u00f6nergesinin \u00f6ng\u00f6r\u00fc\u015fmesiyle ilgili, genel g\u00f6r\u00fc\u015fmenin a\u00e7\u0131l\u0131p a\u00e7\u0131lmamas\u0131yla ilgili bir oylamad\u0131r.<\/p>\n<p style=\"text-align: justify;\">Genel g\u00f6r\u00fc\u015fmenin a\u00e7\u0131lmamas\u0131, yanl\u0131\u015f yorumlanmaya \u00e7ok m\u00fcsait bir karar olabilir; bu bak\u0131mdan, \u00e7ok sakin bir ortam i\u00e7erisinde, grup ba\u015fkanvekillerimizin yanl\u0131\u015f yorumlanmayacak bir orta yol bulmas\u0131&#8230; (DYP s\u0131ralar\u0131ndan &#8220;ara verin&#8221; sesleri) Bu meselenin en iyi \u015fekilde \u00e7\u00f6z\u00fcmlenmesi i\u00e7in, yanl\u0131\u015f yorumlanmayacak bir \u00e7\u00f6z\u00fcme ula\u015f\u0131lmas\u0131 i\u00e7in, belki de, hepimize d\u00fc\u015fen g\u00f6revlerin oldu\u011fu bir noktaday\u0131z.<\/p>\n<p style=\"text-align: justify;\"><strong>\u0130SMA\u0130L K\u00d6SE (Erzurum) <\/strong>&#8211; Say\u0131n Ba\u015fkan&#8230;<br \/>\n<strong><\/strong><\/p>\n<p style=\"text-align: justify;\"><strong>BA\u015eKAN<\/strong> &#8211; Buyurun efendim.<br \/>\n<strong><\/strong><\/p>\n<p style=\"text-align: justify;\"><strong>\u0130SMA\u0130L K\u00d6SE (Erzurum)<\/strong> &#8211; Biz, hassasiyetimizi dile getirdik. Bizim hassasiyetimiz, Milliyet\u00e7i Hareket Partisine yap\u0131lacak herhangi bir konu\u015fma de\u011fil veya herhangi bir \u015fekilde hedefini Milliyet\u00e7i Hareket Partisine y\u00f6nlendirmi\u015f de\u011fil. Bizim hassasiyetimiz, T\u00fcrkiye Cumhuriyeti Devletini k\u00fc\u00e7\u00fck d\u00fc\u015f\u00fcren, Parlamentoyu k\u00fc\u00e7\u00fck d\u00fc\u015f\u00fcren ve T\u00fcrk Devleti i\u00e7erisinde bir Rus lobisinden bahsedilmi\u015ftir. Bunu, T\u00fcrkiye B\u00fcy\u00fck Millet Meclisinin kabul etmesi m\u00fcmk\u00fcn de\u011fildir. As\u0131l, zat\u0131\u00e2linizin, arkada\u015f\u0131m\u0131z\u0131 ikaz etmek suretiyle, zab\u0131tlardan \u00e7\u0131kar\u0131lmas\u0131n\u0131, T\u00fcrkiye Cumhuriyeti Devleti i\u00e7erisinde &#8220;Rus lobisi&#8221; diye b\u00f6yle bir lobinin akla hayale gelmesinin m\u00fcmk\u00fcn olamayaca\u011f\u0131n\u0131, l\u00fctfen, bu k\u00fcrs\u00fcden bunu idrak ettirmeniz laz\u0131m. Say\u0131n Ba\u015fkan\u0131m, aksi takdirde uzla\u015fman\u0131n olmas\u0131 m\u00fcmk\u00fcn de\u011fildir. (MHP s\u0131ralar\u0131ndan &#8220;Bravo&#8221; sesleri, alk\u0131\u015flar) \u00c7\u00fcnk\u00fc, o zab\u0131tlarda oldu\u011fu m\u00fcddet\u00e7e, b\u00f6yle bir lobinin muhafaza edilmesi konusunda, hem h\u00fck\u00fcmet hem de T\u00fcrkiye B\u00fcy\u00fck Millet Meclisi&#8230; Say\u0131n Ba\u015fkan, \u015fimdi, Milliyet\u00e7i Hareket Partisi olarak bize y\u00f6nlendirilen herhangi bir su\u00e7lamadan dolay\u0131 de\u011fil, T\u00fcrk Devletine y\u00f6nlendirilen bir su\u00e7lama bahis konusu oldu\u011fu i\u00e7in hassasiyetimizi ortaya koyduk. Bir konsens\u00fcs meydana gelmi\u015fti, bunu arkada\u015f\u0131m\u0131z dinamitledi. (MHP s\u0131ralar\u0131ndan &#8220;Bravo&#8221; sesleri, alk\u0131\u015flar) Bu dinamitlemeyi ortadan kald\u0131rmad\u0131\u011f\u0131 m\u00fcddet\u00e7e&#8230; T\u00fcrkiye Cumhuriyeti Devletine &#8220;Rus Lobisi vard\u0131r&#8221; diye hakaret etmeye, hele hele bir milletvekilinin hakk\u0131 yoktur.<\/p>\n<p style=\"text-align: justify;\">Say\u0131n Ba\u015fkan\u0131m, zab\u0131tlar\u0131 aynen okuyorum: &#8220;Maalesef, Cengiz \u00c7andar&#8217;\u0131n ifadesiyle, olaylardan a\u00e7\u0131k\u00e7a anla\u015f\u0131l\u0131yor ki, devlet sistemi i\u00e7erisinde Rus lobisi yerle\u015fmi\u015ftir.&#8221;<\/p>\n<p style=\"text-align: justify;\"><strong>EM\u0130N KARAA (K\u00fctahya) <\/strong>&#8211; Hani, nerede?<\/p>\n<p style=\"text-align: justify;\"><strong>\u0130SMA\u0130L K\u00d6SE (Erzurum) <\/strong>&#8211; De\u011ferli Ba\u015fkan\u0131m, \u015fimdi, bu kelimeyi, bu k\u00fcrs\u00fcde geri al\u0131p, bu zab\u0131tlardan \u00e7\u0131karmad\u0131\u011f\u0131 m\u00fcddet\u00e7e, T\u00fcrkiye Cumhuriyeti Devletini b\u00f6yle g\u00f6ren bir g\u00f6z\u00fcn oldu\u011fu yerde, burada, konsens\u00fcs\u00fc nas\u0131l te\u015fkil edece\u011fiz?<\/p>\n<p style=\"text-align: justify;\">Onun i\u00e7in, sizden istirham ediyorum; arkada\u015f\u0131m\u0131z, k\u00fcrs\u00fcden s\u00f6z\u00fcn\u00fc geri als\u0131n. S\u00f6z\u00fcn\u00fc geri als\u0131n, ondan sonra, Milliyet\u00e7i Hareket Partisi olarak alt\u0131n\u0131 imzal\u0131yal\u0131m. (MHP s\u0131ralar\u0131ndan &#8220;Bravo&#8221; sesleri, alk\u0131\u015flar)<\/p>\n<p style=\"text-align: justify;\"><strong>YA\u015eAR TOP\u00c7U (Sinop) <\/strong>&#8211; Say\u0131n Ba\u015fkan, 5 dakika ara verin.<\/p>\n<p style=\"text-align: justify;\"><strong>BA\u015eKAN <\/strong>&#8211; Say\u0131n milletvekilleri, l\u00fctfen yerimize otural\u0131m.<\/p>\n<p style=\"text-align: justify;\">Grup Ba\u015fkanvekili \u0130smail Kahraman s\u00f6z istedi; buyurun Say\u0131n Kahraman, oturdu\u011funuz yerden&#8230;<\/p>\n<p style=\"text-align: justify;\">(G\u00fcr\u00fclt\u00fcler)<\/p>\n<p style=\"text-align: justify;\"><strong>\u0130SMA\u0130L KAHRAMAN (\u0130stanbul) <\/strong>&#8211; Say\u0131n Ba\u015fkan, de\u011ferli milletvekili arkada\u015flar\u0131m; e\u011fer, bu \u015fekilde bir hitap meselesi olursa, zannediyorum, arkada\u015flar\u0131m konu\u015furken benim s\u00f6yleceklerimi duyamayacaklard\u0131r; ben de, meram\u0131m\u0131 ifadede g\u00fc\u00e7l\u00fck \u00e7ekece\u011fim. M\u00fcsaade buyururlarsa, herkesyerine otursa&#8230; Bir maruzat\u0131m var; onu arz edeyim&#8230; (G\u00fcr\u00fclt\u00fcler)<\/p>\n<p style=\"text-align: justify;\">Arkada\u015flar\u0131mdan rica ediyorum&#8230;<\/p>\n<p style=\"text-align: justify;\"><strong>BA\u015eKAN <\/strong>&#8211; Efendim, l\u00fctfen, yerlerinize oturunuz.<\/p>\n<p style=\"text-align: justify;\">Say\u0131n milletvekilleri&#8230; Say\u0131n milletvekilleri&#8230; Say\u0131n Kahraman&#8217;\u0131 dinledikten sonra, muhtemelen ara verece\u011fiz; ama, l\u00fctfen&#8230; Say\u0131n Kahraman belki bize yard\u0131mc\u0131 olacak&#8230;<\/p>\n<p style=\"text-align: justify;\">Buyurun.<\/p>\n<p style=\"text-align: justify;\"><strong>\u0130SMA\u0130L KAHRAMAN (\u0130stanbul)<\/strong> &#8211; Efendim&#8230; Say\u0131n K\u00f6se, m\u00fcsaade buyurursan\u0131z&#8230; \u0130smail Bey&#8230;<\/p>\n<p style=\"text-align: justify;\"><strong>BA\u015eKAN &#8211;<\/strong> Efendim, l\u00fctfen, yerlerinize oturunuz.<\/p>\n<p style=\"text-align: justify;\">Buyurun efendim.<\/p>\n<p style=\"text-align: justify;\"><strong>\u0130SMA\u0130L KAHRAMAN (\u0130stanbul) <\/strong>&#8211; Say\u0131n Ba\u015fkan, de\u011ferli milletvekilleri; bu tablo, \u015fu heyecan, esas\u0131nda, b\u00fct\u00fcn Meclisimizin, mill\u00ee konulardaki ortak g\u00f6r\u00fc\u015f\u00fcn\u00fc, mill\u00ee ruh ve k\u00fclt\u00fcr sahibi oldu\u011funu ifade ediyor. Say\u0131n K\u00f6se&#8217;nin \u0131srarla \u00fczerinde durdu\u011fu &#8220;T\u00fcrkiyemizde Rus lobisi olmaz&#8221; s\u00f6z\u00fc, &#8220;h\u00fck\u00fcmetimiz mill\u00ee konularda eksik kalmaz&#8221; s\u00f6z\u00fc, bir mill\u00ee heyecan\u0131n, hissin ifadesidir, takdire de\u011ferdir.<\/p>\n<p style=\"text-align: justify;\">Say\u0131n Abd\u00fcllatif \u015eener&#8217;in kendisi \u00c7e\u00e7en as\u0131ll\u0131d\u0131r ve i\u00e7i yanmaktad\u0131r&#8230;<\/p>\n<p style=\"text-align: justify;\"><strong>\u0130SMA\u0130L K\u00d6SE (Erzurum) <\/strong>&#8211; Hepimiz \u00c7e\u00e7eniz&#8230; Hepimiz \u00c7e\u00e7eniz&#8230;<\/p>\n<p style=\"text-align: justify;\"><strong>\u0130SMA\u0130L KAHRAMAN (\u0130stanbul) <\/strong>&#8211; Efendim, hepimiz \u00c7e\u00e7eniz; ama, can var, canan var&#8230;<\/p>\n<p style=\"text-align: justify;\"><strong>\u0130SMA\u0130L K\u00d6SE (Erzurum) <\/strong>&#8211; Hepimiz T\u00fcrk\u00fcz&#8230;<\/p>\n<p style=\"text-align: justify;\"><strong>\u0130SMA\u0130L KAHRAMAN (Erzurum)<\/strong> &#8211; \u0130smail Bey, m\u00fcdahale etmeyin l\u00fctfen ve bu m\u00fcdahalelerinizle, maalesef, durumu daha da s\u0131k\u0131nt\u0131ya sokuyorsunuz&#8230;<\/p>\n<p style=\"text-align: justify;\"><strong>BA\u015eKAN \u2014<\/strong> Kar\u015f\u0131l\u0131kl\u0131 konu\u015fmayal\u0131m efendim&#8230;<\/p>\n<p style=\"text-align: justify;\"><strong>\u0130SMA\u0130L KAHRAMAN (\u0130stanbul) <\/strong>&#8211; Zannediyorum, yanl\u0131\u015f ediyorsunuz. (MHP s\u0131ralar\u0131ndan g\u00fcr\u00fclt\u00fcler) Olmaz efendim&#8230; M\u00fcsaade edin ama&#8230; Deminden beri konu\u015fuyorsunuz&#8230;<\/p>\n<p style=\"text-align: justify;\"><strong>BA\u015eKAN <\/strong>&#8211; Kar\u015f\u0131l\u0131kl\u0131 konu\u015fmayal\u0131m efendim&#8230;<\/p>\n<p style=\"text-align: justify;\"><strong>\u0130SMA\u0130L KAHRAMAN (\u0130stanbul) <\/strong>&#8211; Say\u0131n Ba\u015fkan, kusura bakmay\u0131n, Genel Kurulda g\u00f6r\u00fc\u015fmeler, konu\u015fmalar, Genel Kurula hitaben yap\u0131l\u0131r, \u015fah\u0131slara yap\u0131lmaz; ona dikkat etmiyoruz, o da biraz t\u0131rmand\u0131r\u0131yor heyecan\u0131.<\/p>\n<p style=\"text-align: justify;\">Abd\u00fcllatif Bey mevzuun \u00e7ok yak\u0131ndan i\u00e7erisinde; hani, ate\u015f d\u00fc\u015ft\u00fc\u011f\u00fc yeri yakar misali&#8230; (MHP s\u0131ralar\u0131ndan s\u0131ra kapaklar\u0131na vurmalar, g\u00fcr\u00fclt\u00fcler) Efendim, m\u00fcsaade edin, ben demiyorum ki, siz ondan daha az hissiyat i\u00e7erisindesiniz; ama, bir durumu de\u011ferlendirirken de, objektif bir bak\u0131\u015f olsun istiyorum.<\/p>\n<p style=\"text-align: justify;\">\u015eimdi, b\u00fct\u00fcn d\u00fcnyaya kar\u015f\u0131 bir imtihand\u0131r bu ve bir tav\u0131rd\u0131r bu. Meclis, \u00e7ok g\u00fczel bir tav\u0131r sergiledi; hi\u00e7bir grupta farkl\u0131 bir d\u00fc\u015f\u00fcnce yok ve bir yanl\u0131\u015f ifadenin, belki de -kendisi de ifade etti burada- meram\u0131 ifadedeki a\u015fman\u0131n bir durumu var.<\/p>\n<p style=\"text-align: justify;\">Say\u0131n Ba\u015fkan, zat\u0131\u00e2liniz m\u00fcsaade buyurursan\u0131z, k\u0131sa bir ara verirseniz, biz, grup ba\u015fkanvekilleri olarak bir araya gelelim ve bu mill\u00ee bir konsens\u00fcs\u00fc -team\u00fcld\u00fcr genel g\u00f6r\u00fc\u015fmelerden sonra- kaleme alal\u0131m. Zira &#8220;g\u00f6r\u00fc\u015fmelere ihtiya\u00e7 yoktur&#8221; s\u00f6z\u00fc yanl\u0131\u015f anla\u015f\u0131labilir ve bizi, iki ayr\u0131 g\u00f6r\u00fc\u015fteymi\u015f gibi, oylamada ters duruma d\u00fc\u015f\u00fcr\u00fcr. Bir metin kaleme al\u0131r\u0131z ve biz, bunu, be\u015f grup ba\u015fkanvekili hallederiz. Aram\u0131zda bir fark g\u00f6rm\u00fcyorum; \u00e7\u00fcnk\u00fc, mill\u00ee meselelerde tam bir b\u00fct\u00fcnl\u00fck i\u00e7indeyiz. Te\u015fekk\u00fcr ediyorum.<\/p>\n<p style=\"text-align: justify;\"><strong>BA\u015eKAN &#8211;<\/strong> Te\u015fekk\u00fcr ederim.<br \/>\n<strong><\/strong><\/p>\n<p style=\"text-align: justify;\"><strong>\u0130SMA\u0130L K\u00d6SE (Erzurum) <\/strong>&#8211; Say\u0131n Ba\u015fkan&#8230;<br \/>\n<strong><\/strong><\/p>\n<p style=\"text-align: justify;\"><strong>BA\u015eKAN &#8211;<\/strong> Say\u0131n K\u00f6se, buyurun efendim.<\/p>\n<p style=\"text-align: justify;\">L\u00fctfen, k\u0131sa&#8230;<br \/>\n<strong><\/strong><\/p>\n<p style=\"text-align: justify;\"><strong>\u0130SMA\u0130L KAHRAMAN (\u0130stanbul) &#8211;<\/strong> Efendim, sonu gelmez bunun.<br \/>\n<strong><\/strong><\/p>\n<p style=\"text-align: justify;\"><strong>TURHAN G\u00dcVEN (\u0130\u00e7el) <\/strong>&#8211; Kar\u015f\u0131l\u0131kl\u0131 konu\u015fmalarla nereye var\u0131lmak isteniyor?<\/p>\n<p style=\"text-align: justify;\"><strong>SAFFET ARIKAN BED\u00dcK (Ankara) &#8211;<\/strong> Ara verelim&#8230;<\/p>\n<p style=\"text-align: justify;\"><strong>BA\u015eKAN<\/strong> &#8211; Say\u0131n milletvekilleri, ara verece\u011fim; yaln\u0131z, birbirinizi anlad\u0131ktan sonra ara vereyim istiyorum.<br \/>\nBuyurun.<\/p>\n<p style=\"text-align: justify;\"><strong>MUSTAFA G\u00dcVEN KARAHAN (Bal\u0131kesir) <\/strong>&#8211; S\u00f6z\u00fcn\u00fc geri als\u0131n.<\/p>\n<p style=\"text-align: justify;\"><strong>\u0130SMA\u0130L K\u00d6SE (Erzurum) &#8211;<\/strong> De\u011ferli Ba\u015fkan\u0131m, \u00e7ok te\u015fekk\u00fcr ediyorum; in\u015fallah, sabr\u0131n\u0131z\u0131 ta\u015f\u0131rm\u0131yorum.<\/p>\n<p style=\"text-align: justify;\"><strong>BA\u015eKAN <\/strong>&#8211; Esta\u011ffurullah; buyurun efendim.<\/p>\n<p style=\"text-align: justify;\"><strong>\u0130SMA\u0130L K\u00d6SE (Erzurum)<\/strong> &#8211; Bunlar\u0131n hepsi uzla\u015fma i\u00e7indir. Biz meden\u00ee insanlar\u0131z; ama, meden\u00ee olmam\u0131z, mill\u00ee de\u011ferlerimize sald\u0131rmaya m\u00fcsait de\u011fildir; bunu tekrarl\u0131yorum (MHP s\u0131ralar\u0131ndan alk\u0131\u015flar) ve diyorum ki, bak\u0131n, De\u011ferli Ba\u015fkan\u0131m, zat\u0131\u00e2linizin de hassasiyeti oldu\u011funu bildi\u011fim i\u00e7in \u00fczerinde \u0131srarla duruyorum; beraberce, ayn\u0131 m\u00fcessesede \u00e7al\u0131\u015fan insan olarak s\u00f6yl\u00fcyorum&#8230;<\/p>\n<p style=\"text-align: justify;\">Aynen ifadesi, gazeteciyi ge\u00e7iyorum, kendisi tekrarl\u0131yor, bast\u0131rarak vurguluyor beyefendi kendi tabiriyle. T\u00fcrkiye Cumhuriyeti Devletine bu s\u00f6z\u00fc s\u00f6ylemesini ben hazmedemiyorum, benim Grubum da hazmetmez bunu. Bak\u0131n, ifadesi \u015fudur: &#8220;Devlet sistemi i\u00e7erisinde \u00e2deta bir Rus lobisi yap\u0131lm\u0131\u015ft\u0131r, yerle\u015fmi\u015ftir.&#8221; Yani, \u015fimdi, bunlar\u0131 s\u00f6yleyecek, gazetecinin s\u00f6z\u00fcn\u00fc s\u00f6yleyecek ve h\u00e2l\u00e2 \u00f6z\u00fcr dilemeyecek.<\/p>\n<p style=\"text-align: justify;\"><strong>ABD\u00dcLLAT\u0130F \u015eENER (Sivas) <\/strong>&#8211; Say\u0131n Ba\u015fkan&#8230;<br \/>\n<strong><\/strong><\/p>\n<p style=\"text-align: justify;\"><strong>\u0130SMA\u0130L K\u00d6SE (Erzurum)<\/strong> &#8211; De\u011ferli Ba\u015fkan\u0131m, bunu masumane bir konu\u015fma olarak kabul etmemiz m\u00fcmk\u00fcn de\u011fildir, bunu s\u00fcr\u00e7\u00fclisan olarak da kabul etmemiz m\u00fcmk\u00fcn de\u011fildir. Say\u0131n Ba\u015fkan\u0131m, istirham\u0131m, l\u00fctfen, \u00e7\u0131ks\u0131n, 65 milyonun devleti, T\u00fcrkiye Cumhuriyeti Devleti i\u00e7erisine, yabanc\u0131 unsurlara, yabanc\u0131 devletlere, devletimizin veya milletimizin&#8230;<\/p>\n<p style=\"text-align: justify;\"><strong>ABD\u00dcLLAT\u0130F \u015eENER (Sivas)<\/strong> &#8211; Say\u0131n Ba\u015fkan&#8230;<\/p>\n<p style=\"text-align: justify;\"><strong>BA\u015eKAN<\/strong> &#8211; Bir dakika efendim. Say\u0131n K\u00f6se s\u00f6z\u00fcn\u00fc tamamlas\u0131n.<\/p>\n<p style=\"text-align: justify;\"><strong>\u0130SMA\u0130L K\u00d6SE (Erzurum) &#8211;<\/strong> . . . menfaatlar\u0131 aleyhine herhangi bir lobi olu\u015fmam\u0131\u015ft\u0131r; buna hi\u00e7 kimse m\u00fcsaade etmemi\u015ftir; hi\u00e7bir \u015fekilde de m\u00fcsaade edilmeyecektir.<\/p>\n<p style=\"text-align: justify;\">Arz ederim.<\/p>\n<p style=\"text-align: justify;\"><strong>\u0130SMA\u0130L KAHRAMAN (\u0130stanbul)<\/strong> &#8211; Say\u0131n Ba\u015fkan, ara verdikten sonra konu\u015fal\u0131m.<br \/>\n<strong><\/strong><\/p>\n<p style=\"text-align: justify;\"><strong>BA\u015eKAN <\/strong>&#8211; Verece\u011fim&#8230; Verece\u011fim&#8230;<br \/>\n<strong><\/strong><\/p>\n<p style=\"text-align: justify;\"><strong>ABD\u00dcLLAT\u0130F \u015eENER (Sivas) <\/strong>&#8211; Say\u0131n Ba\u015fkan&#8230;<br \/>\n<strong><\/strong><\/p>\n<p style=\"text-align: justify;\"><strong>BA\u015eKAN <\/strong>&#8211; Efendim, l\u00fctfen meseleyi \u00e7\u00f6z\u00fcc\u00fc beyanda bulunun.<br \/>\n<strong><\/strong><\/p>\n<p style=\"text-align: justify;\"><strong>ABD\u00dcLLAT\u0130F \u015eENER (Sivas)<\/strong> &#8211; Evet, meseleyi \u00e7\u00f6z\u00fcc\u00fc bir beyanda bulunmak istiyorum&#8230;<br \/>\n<strong><\/strong><\/p>\n<p style=\"text-align: justify;\"><strong>BA\u015eKAN<\/strong> &#8211; Buyurun.<br \/>\n<strong><\/strong><\/p>\n<p style=\"text-align: justify;\"><strong>ABD\u00dcLLAT\u0130F \u015eENER (Sivas)<\/strong> &#8211; Say\u0131n Ba\u015fkan, konu\u015fmam\u0131 yapmak i\u00e7in k\u00fcrs\u00fcye \u00e7\u0131kmadan \u00f6nce, iktidar partileri gruplar\u0131na bir ortak deklarasyon metni, tasla\u011f\u0131 sundum. Dedik ki, bu m\u00fczakerelerin sonunda bu ortak deklarasyonu yay\u0131nlayal\u0131m. Maalesef, MHP hari\u00e7 -daha sonra Anavatan Partisi de ayn\u0131 noktaya geldiler- \u00f6zellikle DSP Grubu&#8230;<br \/>\n<strong><\/strong><\/p>\n<p style=\"text-align: justify;\"><strong>AYDIN T\u00dcMEN (Ankara)<\/strong> &#8211; \u0130ki arkada\u015f\u0131m\u0131z i\u00e7eride \u00e7al\u0131\u015f\u0131yordu Say\u0131n \u015eener<br \/>\n<strong><\/strong><\/p>\n<p style=\"text-align: justify;\"><strong>ABD\u00dcLLAT\u0130F \u015eENER (Sivas)<\/strong> &#8211; Demek ki, ben k\u00fcrs\u00fcdeyken&#8230; \u00d6nce itirazlar\u0131 vard\u0131 ortak dekl\u00e2rasyona&#8230;<br \/>\n<strong><\/strong><\/p>\n<p style=\"text-align: justify;\"><strong>M. HAD\u0130 D\u0130LEK\u00c7\u0130 (Kastamonu)<\/strong> &#8211; Konu\u015fma \u00f6z\u00fcrl\u00fc bu adama s\u00f6z vermeyin!<br \/>\n<strong><\/strong><\/p>\n<p style=\"text-align: justify;\"><strong>ABD\u00dcLLAT\u0130F \u015eENER (Sivas)<\/strong> &#8211; \u015eimdi, k\u00fcrs\u00fcdeyken baz\u0131 geli\u015fmeler olmu\u015f; ancak, say\u0131n grup ba\u015fkanvekillerinin, konu\u015fmama hassasiyet g\u00f6stermeleri, kendileri a\u00e7\u0131s\u0131ndan abart\u0131l\u0131 bir durumdur, tutumdur. (DSP ve MHP s\u0131ralar\u0131ndan g\u00fcr\u00fclt\u00fcler, s\u0131ra kapaklar\u0131na vurmalar)<br \/>\n<strong><\/strong><\/p>\n<p style=\"text-align: justify;\"><strong>BA\u015eKAN<\/strong> &#8211; Efendim, \u00e7\u00f6z\u00fcc\u00fc olmaya \u00e7al\u0131\u015f\u0131n.<br \/>\n<strong><\/strong><\/p>\n<p style=\"text-align: justify;\"><strong>ABD\u00dcLLAT\u0130F \u015eENER (Sivas) <\/strong>&#8211; Say\u0131n Ba\u015fkan, tutanak elimizde&#8230; Say\u0131n K\u00f6se, ayn\u0131 tutumu&#8230;<\/p>\n<p style=\"text-align: justify;\"><strong>BA\u015eKAN &#8211; <\/strong>Say\u0131n \u015eener, e\u011fer, \u00e7\u00f6z\u00fcme yard\u0131m olmayacaksa konu\u015fmay\u0131n l\u00fctfen&#8230; \u00c7\u00f6z\u00fcme yard\u0131mc\u0131 olmayacaksa konu\u015fmay\u0131n; \u00e7\u00f6z\u00fcme yard\u0131mc\u0131 olacaksa konu\u015fun. (DSP ve MHP s\u0131ralar\u0131ndan alk\u0131\u015flar)<br \/>\n<strong><\/strong><\/p>\n<p style=\"text-align: justify;\"><strong>ABD\u00dcLLAT\u0130F \u015eENER (Sivas) &#8211; <\/strong>Say\u0131n Ba\u015fkan&#8230;<\/p>\n<p style=\"text-align: justify;\"><strong>BA\u015eKAN &#8211;<\/strong> L\u00fctfen&#8230; Bekliyorum&#8230;<\/p>\n<p style=\"text-align: justify;\"><strong>ABD\u00dcLLAT\u0130F \u015eENER (Sivas) <\/strong>&#8211; Say\u0131n Ba\u015fkan, say\u0131n grup ba\u015fkanvekillerinin konu\u015fmalar\u0131 yard\u0131mc\u0131 m\u0131 oluyor?! \u0130fadem a\u00e7\u0131kt\u0131r; bak\u0131n, &#8220;\u00e2deta&#8221; kelimesini iki kez vurgulam\u0131\u015f\u0131m. (DSP ve MHP s\u0131ralar\u0131ndan g\u00fcr\u00fclt\u00fcler) &#8220;\u00c2deta&#8221; kelimesini iki kez vurgulam\u0131\u015f\u0131m. \u00d6zenle se\u00e7ilmi\u015f kelimelerdir&#8230; (DSP ve MHP s\u0131ralar\u0131ndan g\u00fcr\u00fclt\u00fcler) \u00d6zenle se\u00e7ilmi\u015f kelimelerdir&#8230; S\u00f6yledi\u011fim c\u00fcmlelerde tavzih edilmesini gerektirecek bir durum yoktur; \u00e7\u00fcnk\u00fc, &#8220;\u00e2deta&#8221; demek, &#8220;vard\u0131r&#8221; demek de\u011fildir; &#8220;\u00e2deta&#8221; dedi\u011finiz zaman farkl\u0131 bir \u015fey kastedilmi\u015ftir. (DSP ve MHP s\u0131ralar\u0131ndan g\u00fcr\u00fclt\u00fcler)<\/p>\n<p style=\"text-align: justify;\"><strong>BA\u015eKAN &#8211;<\/strong> Peki Say\u0131n \u015eener; te\u015fekk\u00fcr ediyorum.<\/p>\n<p style=\"text-align: justify;\">Say\u0131n milletvekilleri, laf\u0131n uzamas\u0131nda fayda yok.<\/p>\n<p style=\"text-align: justify;\"><strong>ERDO\u011eAN TOPRAK (\u0130stanbul) &#8211;<\/strong> Say\u0131n Ba\u015fkan, &#8220;\u00e2deta&#8221; kelimesinden sonra onu s\u00f6yl\u00fcyor!<\/p>\n<p style=\"text-align: justify;\"><strong>SAFFET ARIKAN BED\u00dcK (Ankara) <\/strong>&#8211; Ara verin Say\u0131n Ba\u015fkan&#8230;<\/p>\n<p style=\"text-align: justify;\"><strong>BA\u015eKAN &#8211; <\/strong>Say\u0131n milletvekilleri, s\u00fck\u00fbnetinizi muhafaza edin l\u00fctfen&#8230; (DSP ve MHP s\u0131ralar\u0131ndan g\u00fcr\u00fclt\u00fcler)<\/p>\n<p style=\"text-align: justify;\">Say\u0131n milletvekilleri, m\u00fcsaade eder misiniz&#8230;<\/p>\n<p style=\"text-align: justify;\"><strong>MU\u015eA UZUNKAYA (Samsun) <\/strong>&#8211; Say\u0131n Ba\u015fkan, oylayal\u0131m bitsin&#8230;<\/p>\n<p style=\"text-align: justify;\"><strong>BA\u015eKAN <\/strong>&#8211; Efendim, oturun l\u00fctfen&#8230;<\/p>\n<p style=\"text-align: justify;\">Say\u0131n milletvekilleri, m\u00fcsaade edin efendim.<\/p>\n<p style=\"text-align: justify;\"><strong>MUSA UZUNKAYA (Samsun)<\/strong> &#8211; Say\u0131n Ba\u015fkan, oylayal\u0131m bitsin&#8230;<\/p>\n<p style=\"text-align: justify;\"><strong>AYDIN T\u00dcMEN (Ankara) <\/strong>&#8211; Say\u0131n Ba\u015fkan, konuya a\u00e7\u0131kl\u0131k getirmek istiyorum efendim&#8230;<\/p>\n<p style=\"text-align: justify;\"><strong>BA\u015eKAN <\/strong>&#8211; M\u00fcsaade edin efendim&#8230;<\/p>\n<p style=\"text-align: justify;\">\u015eimdi, genel g\u00f6r\u00fc\u015fme a\u00e7\u0131l\u0131p a\u00e7\u0131lmamas\u0131n\u0131 oylama noktas\u0131nday\u0131z. B\u00f6yle bir mill\u00ee meselede genel g\u00f6r\u00fc\u015fme a\u00e7\u0131lmamas\u0131 istikametinde oy kullan\u0131lmas\u0131, hi\u00e7birimizin i\u00e7ine sinmeyecektir. Ayn\u0131 meseleyi K\u0131br\u0131s konusunda yapt\u0131k. \u00d6ng\u00f6r\u00fc\u015fmeyi yapt\u0131k, sonra bir deklarasyona ba\u011flad\u0131k. Asl\u0131nda, orada da genel g\u00f6r\u00fc\u015fme a\u00e7\u0131lmamas\u0131na karar verilmi\u015fti; ama, bir deklarasyonla, genel g\u00f6r\u00fc\u015fme a\u00e7\u0131lmas\u0131ndan \u00e7ok daha m\u00fcessir, \u00e7ok daha sonu\u00e7 do\u011furucu bir metne ula\u015ft\u0131\u011f\u0131m\u0131z\u0131 d\u00fc\u015f\u00fcn\u00fcyorum. \u015eimdi de, hep kalben birle\u015fti\u011fimiz, ana konular\u0131nda ittifaktan asla ayr\u0131lmad\u0131\u011f\u0131m\u0131z ve her t\u00fcrl\u00fc fedak\u00e2rl\u0131k konusunda da birle\u015fti\u011fimiz bir ulv\u00ee davada \u015fah\u0131slar\u0131n s\u00f6yledi\u011fi kelimeler, T\u00fcrkiye B\u00fcy\u00fck Millet Meclisinin ula\u015faca\u011f\u0131 neticede bize engel te\u015fkil etmemelidir. Her birimiz&#8230; (DSP s\u0131ralar\u0131ndan &#8220;s\u00f6z\u00fcn\u00fc geri als\u0131n&#8221; sesleri, g\u00fcr\u00fclt\u00fcler)<\/p>\n<p style=\"text-align: justify;\">Say\u0131n milletvekilleri, farz edelim ki, bir milletvekilimiz sizin tasvip etmeyece\u011finiz bir kelimeyi s\u00f6yledi. Bu sebepten dolay\u0131&#8230; (DSP s\u0131ralar\u0131ndan &#8220;s\u00f6yleyen, grup ba\u015fkanvekili&#8221; sesleri, g\u00fcr\u00fclt\u00fcler)<\/p>\n<p style=\"text-align: justify;\">Bu s\u00f6zden dolay\u0131 T\u00fcrkiye B\u00fcy\u00fck Millet Meclisinde yanl\u0131\u015f bir karar \u00e7\u0131kmas\u0131n\u0131 ister misiniz?! (DSP ve MHP s\u0131ralar\u0131ndan &#8220;s\u00f6z\u00fcn\u00fc geri als\u0131n&#8221; sesleri, g\u00fcr\u00fclt\u00fcler)<\/p>\n<p style=\"text-align: justify;\"><strong>ERDO\u011eAN TOPRAK (\u0130stanbul) <\/strong>&#8211; Say\u0131n Ba\u015fkan, \u00c7e\u00e7en Halk\u0131na en b\u00fcy\u00fck ihaneti, Say\u0131n Grup Ba\u015fkanvekili yapm\u0131\u015ft\u0131r.<\/p>\n<p style=\"text-align: justify;\"><strong>ZEK\u0130 \u00c7AKAN (Bart\u0131n) &#8211;<\/strong> Say\u0131n Ba\u015fkan, 10 dakika ara verin.<\/p>\n<p style=\"text-align: justify;\"><strong>SAFFET ARIKAN BED\u00dcK (Ankara) &#8211; <\/strong>Ara verin Say\u0131n Ba\u015fkan&#8230;<\/p>\n<p style=\"text-align: justify;\"><strong>BA\u015eKAN &#8211;<\/strong> Efendim, ben ara verece\u011fim; ondan sonra da oylayaca\u011f\u0131m, e\u011fer ortada bir metin yoksa&#8230;<\/p>\n<p style=\"text-align: justify;\"><strong>MEHMET EMRAHAN HALICI (Konya) &#8211;<\/strong> Say\u0131n Ba\u015fkan&#8230;<\/p>\n<p style=\"text-align: justify;\"><strong>BA\u015eKAN &#8211;<\/strong> Say\u0131n Hal\u0131c\u0131, siz hi\u00e7 konu\u015fmad\u0131n\u0131z, siz buyurun.<\/p>\n<p style=\"text-align: justify;\"><strong>MEHMET EMREHAN HALICI (Konya) &#8211;<\/strong> Say\u0131n Ba\u015fkan, asl\u0131nda, bu meselenin \u00e7\u00f6z\u00fcm\u00fc \u00e7ok basit. Hepimizin hassas oldu\u011fu bu konuda, e\u011fer, Grup Ba\u015fkanvekili, k\u00fcrs\u00fcye \u00e7\u0131kar ve s\u00f6z\u00fcn\u00fc geri al\u0131rsa hi\u00e7bir sorun kalmayacak. (DSP ve MHP s\u0131ralar\u0131ndan alk\u0131\u015flar)<\/p>\n<p style=\"text-align: justify;\">Say\u0131n Grup Ba\u015fkanvekili ne bir \u015feyi de hat\u0131rlatmak istiyorum. Kelimelerle \u00e2deta oynayarak, deminki ifadesinde kulland\u0131\u011f\u0131 &#8220;\u00e2deta&#8221; kelimesinin bir yumu\u015fatma ifadesi oldu\u011funu bize vurgulamak istiyor. Ben, kendisine, aynen, deminki yapt\u0131\u011f\u0131 davran\u0131\u015f\u0131n ye s\u00f6zlerin, Meclise kar\u015f\u0131 \u00e2deta bir h\u0131yanet i\u00e7erisinde oldu\u011funu s\u00f6ylersem, kabul eder mi?! (DSP ve MHP s\u0131ralar\u0131ndan &#8220;Bravo&#8221; sesleri, alk\u0131\u015flar)<\/p>\n<p style=\"text-align: justify;\"><strong>BA\u015eKAN &#8211;<\/strong> Say\u0131n milletvekilleri, ara verece\u011fim; tamam. Say\u0131n milletvekilleri, kullanaca\u011f\u0131n\u0131z oylar\u0131, ula\u015faca\u011f\u0131n\u0131z neticeyi, T\u00fcrk d\u0131\u015fpolitikas\u0131na olacak tesirlerini, T\u00fcrk kamuoyuna olacak tesirlerini aceleye getirmemek i\u00e7in, g\u00f6r\u00fc\u015fmelere&#8230;<\/p>\n<p style=\"text-align: justify;\"><strong>\u0130SMA\u0130L K\u00d6SE (Erzurum) &#8211;<\/strong> Ba\u015fkan\u0131m, affederseniz, zat\u0131\u00e2liniz, bu hususta, g\u00f6revinizi&#8230;<br \/>\n<strong><\/strong><\/p>\n<p style=\"text-align: justify;\"><strong>BA\u015eKAN &#8211;<\/strong> Efendim, ben ara vereyim, siz onlar\u0131 kendi aran\u0131zda konu\u015fun. (G\u00fcr\u00fclt\u00fcler)<br \/>\n<strong><\/strong><\/p>\n<p style=\"text-align: justify;\"><strong>\u0130SMA\u0130L K\u00d6SE (Erzurum) &#8211;<\/strong> Say\u0131n Ba\u015fkan, izin verir misiniz&#8230;<\/p>\n<p style=\"text-align: justify;\">De\u011ferli Ba\u015fkan\u0131m, bak\u0131n, diyorum ki, e\u011fer, bu deklarasyonun yay\u0131nlanmas\u0131na yard\u0131mc\u0131 olacaksan\u0131z; sizin de bu hassasiyette oldu\u011funuzu s\u00f6yl\u00fcyorum ve arkada\u015f\u0131m\u0131z\u0131n, s\u00f6z\u00fcn\u00fc geri almas\u0131n\u0131&#8230; (G\u00fcr\u00fclt\u00fcler)<\/p>\n<p style=\"text-align: justify;\">De\u011ferli Ba\u015fkan\u0131m&#8230;<\/p>\n<p style=\"text-align: justify;\"><strong>BA\u015eKAN &#8211;<\/strong> Buyurun efendim.<\/p>\n<p style=\"text-align: justify;\"><strong>\u0130SMA\u0130L K\u00d6SE (Erzurum) <\/strong>&#8211; Ayn\u0131 hassasiyeti ta\u015f\u0131d\u0131\u011f\u0131n\u0131z\u0131 bildi\u011fim i\u00e7in ve bu davada, sizin, Meclis Ba\u015fkanvekilli\u011finin d\u0131\u015f\u0131nda bir milletvekili olarak da bizimle birlikte oldu\u011funuzu kabul ederek diyorum ki, arkada\u015f\u0131m\u0131z, bu s\u00f6z\u00fcn\u00fc geri almad\u0131\u011f\u0131 m\u00fcddet\u00e7e bu konsens\u00fcs te\u015fekk\u00fcl etmeyecektir. Bu, bizim \u015fahs\u00ee meselemiz de\u011fildir; bu, bizim parti meselemiz de\u011fildir; bu, hepimizin meselesidir, T\u00fcrkiye Cumhuriyeti Devletinin meselesidir. Bu s\u00f6z\u00fcn\u00fc geri almas\u0131 laz\u0131m. Te\u015fekk\u00fcr ederim.(MHP ve DSP s\u0131ralar\u0131ndan alk\u0131\u015flar)<\/p>\n<p style=\"text-align: justify;\"><strong>KAD\u0130R BOZKURT (Sinop) &#8211; <\/strong>Ara verin Say\u0131n Ba\u015fkan.<\/p>\n<p style=\"text-align: justify;\"><strong>BA\u015eKAN &#8211;<\/strong> M\u00fcsaade eder misiniz&#8230;<\/p>\n<p style=\"text-align: justify;\">Say\u0131n \u015eener, burada, aranan \u015fudur: Devleti tenzih edip etmedi\u011finizi belirtseniz, belki yetecek bu i\u015f.<\/p>\n<p style=\"text-align: justify;\"><strong>AHMET \u0130Y\u0130MAYA (Amasya) &#8211;<\/strong> Say\u0131n Ba\u015fkan, oylay\u0131n! Meclisi oyalamay\u0131n!<\/p>\n<p style=\"text-align: justify;\"><strong>KAD\u0130R BOZKURT (Sinop) <\/strong>&#8211; Ara verin Say\u0131n Ba\u015fkan.<\/p>\n<p style=\"text-align: justify;\"><strong>ABD\u00dcLLAT\u0130F \u015eENER (Sivas) &#8211;<\/strong> Say\u0131n Ba\u015fkan&#8230;<\/p>\n<p style=\"text-align: justify;\"><strong>BA\u015eKAN &#8211;<\/strong> L\u00fctfen oturdu\u011funuz yerden&#8230;L\u00fctfen&#8230; (G\u00fcr\u00fclt\u00fcler)<\/p>\n<p style=\"text-align: justify;\"><strong>MEHMET ERG\u00dcN DA\u011eCIO\u011eLU (Tokat) <\/strong>&#8211; Niye ara vermiyorsunuz Say\u0131n Ba\u015fkan?!<\/p>\n<p style=\"text-align: justify;\"><strong>BA\u015eKAN &#8211; <\/strong>Efendim, hem konu\u015fsun diyorsunuz hem de dinlemiyorsunuz&#8230; Dinleyin efendim.<\/p>\n<p style=\"text-align: justify;\">Konu\u015facak m\u0131s\u0131n\u0131z Say\u0131n \u015eener?<\/p>\n<p style=\"text-align: justify;\"><strong>\u0130SMA\u0130L KAHRAMAN (\u0130stanbul) &#8211;<\/strong> Say\u0131n Ba\u015fkan, ara verece\u011fim dediniz, vermiyorsunuz.<\/p>\n<p style=\"text-align: justify;\"><strong>MEHMET ERG\u00dcN DA\u011eCIO\u011eLU (Tokat)<\/strong> &#8211; Niye ara vermiyorsunuz Say\u0131n Ba\u015fkan?!<\/p>\n<p style=\"text-align: justify;\"><strong>ABD\u00dcLLAT\u0130F \u015eENER (Sivas) <\/strong>&#8211; Say\u0131n Ba\u015fkan, s\u00f6ylediklerim, bir k\u00f6\u015fe yazar\u0131ndan al\u0131nm\u0131\u015ft\u0131r. (DSP ve MHP s\u0131ralar\u0131ndan g\u00fcr\u00fclt\u00fcler) Ve de, h\u00fck\u00fcmet, iktidar, bu c\u00fcmleyi tekzip etmemi\u015ftir, tekzibini talep etmemi\u015ftir. Bir k\u00f6\u015fe yazar\u0131ndan, bir ayd\u0131r bu c\u00fcmleyi tekzip etmeyenlerin, burada&#8230; (DSP s\u0131ralar\u0131ndan s\u0131ra kapaklar\u0131na vurmalar)<\/p>\n<p style=\"text-align: justify;\"><strong>BA\u015eKAN &#8211;<\/strong> Peki, anla\u015f\u0131ld\u0131&#8230; Anla\u015f\u0131ld\u0131&#8230;(DSP ve MHP s\u0131ralar\u0131ndan g\u00fcr\u00fclt\u00fcler)<\/p>\n<p style=\"text-align: justify;\">Say\u0131n milletvekilleri&#8230;(DSP ve MHP s\u0131ralar\u0131ndan &#8220;s\u00f6z\u00fcn\u00fc geri als\u0131n&#8221; sesleri)<\/p>\n<p style=\"text-align: justify;\"><strong>M. HAD\u0130 D\u0130LEK\u00c7\u0130 (Kastamonu) <\/strong>&#8211; Oylans\u0131n.<\/p>\n<p style=\"text-align: justify;\"><strong>BA\u015eKAN &#8211;<\/strong> Say\u0131n milletvekilleri, biz, burada, Say\u0131n \u015eener&#8217;in s\u00f6zlerinin tasvip edilip edilmedi\u011fini oylamayaca\u011f\u0131z. Biz burada \u00c7e\u00e7enistan&#8217;la ilgili bir g\u00f6r\u00fc\u015fmeyi oylayaca\u011f\u0131z; Say\u0131n \u015eener&#8217;in s\u00f6zlerini ister tasvip edersiniz, ister etmezsiniz&#8230;<\/p>\n<p style=\"text-align: justify;\"><strong>M. HAD\u0130 D\u0130LEK\u00c7\u0130 (Kastamonu) &#8211;<\/strong> Fazilet Partisinin zihniyeti o y\u00f6nde. (G\u00fcr\u00fclt\u00fcler)<\/p>\n<p style=\"text-align: justify;\"><strong>\u0130SMA\u0130L K\u00d6SE (Erzurum) &#8211;<\/strong> Say\u0131n Ba\u015fkan&#8230;<\/p>\n<p style=\"text-align: justify;\"><strong>YA\u015eAR TOP\u00c7U (Sinop) <\/strong>&#8211; Saym Ba\u015fkan, deminki tasarrufunuz do\u011fruydu; 10 dakika ara verirseniz, arkada\u015flar\u0131m\u0131z aralar\u0131nda konu\u015furlar&#8230; (MHP s\u0131ralar\u0131ndan &#8220;S\u00f6z\u00fcn\u00fc geri als\u0131n&#8221; sesleri) Tamam i\u015fte, onun i\u00e7in bir 10 dakika ara verelim diyorum.<\/p>\n<p style=\"text-align: justify;\"><strong>BA\u015eKAN <\/strong>&#8211; Ara vermiyorum, l\u00fctfen. (G\u00fcr\u00fclt\u00fcler)<\/p>\n<p style=\"text-align: justify;\">Zeki Bey, siz ne diyorsunuz?..<\/p>\n<p style=\"text-align: justify;\"><strong>\u0130SMA\u0130L K\u00d6SE (Erzurum)<\/strong> &#8211; Say\u0131n Ba\u015fkan&#8230;<\/p>\n<p style=\"text-align: justify;\"><strong>BA\u015eKAN &#8211;<\/strong> Efendim, Zeki Bey, iki saattir s\u00f6z istiyor; m\u00fcsaade ederseniz, konu\u015fsun.<\/p>\n<p style=\"text-align: justify;\">Buyurun.<\/p>\n<p style=\"text-align: justify;\"><strong>ZEK\u0130 \u00c7AKAN (Bart\u0131n)<\/strong> &#8211; Say\u0131n Ba\u015fkan\u0131m, de\u011ferli arkada\u015flar\u0131m; b\u00fct\u00fcn siyas\u00ee partilerin grup ba\u015fkanvekillerinden, milletvekillerimizi yerlerine oturtmalar\u0131m, hassaten, rica ediyorum. Bu meseleye de, bu Meclis her meseleye \u00e7\u00f6z\u00fcm buldu\u011fu gibi bulacakt\u0131r; ama, Meclisin ve devletin manev\u00ee \u015fahsiyetiyle ilgili olarak, bu Mecliste de hi\u00e7bir karar, bu milletvekilleri taraf\u0131ndan kabul edilemez; a\u00e7\u0131k s\u00f6yl\u00fcyorum. Dolay\u0131s\u0131yla, biraz \u00f6nce, Fazilet Partisi Grup Ba\u015fkanvekili bu konuyla ilgili olarak meselesini ortaya koyarken, belki istemeden, Meclisin ve&#8230; (G\u00fcr\u00fclt\u00fcler)<\/p>\n<p style=\"text-align: justify;\"><strong>AHMET \u0130Y\u0130MAYA (Amasya) <\/strong>&#8211; Say\u0131n Ba\u015fkan, Meclisi y\u00f6netin!.. Ya oylay\u0131n, ya da ara verin!<\/p>\n<p style=\"text-align: justify;\"><strong>NEVZAT ERCAN (Sakarya) <\/strong>&#8211; Say\u0131n Ba\u015fkan, herkes ayakta, b\u00f6yle g\u00f6r\u00fc\u015fme olmaz..<\/p>\n<p style=\"text-align: justify;\"><strong>BA\u015eKAN <\/strong>&#8211; Say\u0131n milletvekilleri&#8230;<\/p>\n<p style=\"text-align: justify;\"><strong>ZEK\u0130 \u00c7AKAN (Bart\u0131n) &#8211; <\/strong>&#8230;T\u00fcrkiye Cumhuriyeti Devletinin hak etmedi\u011fi bir c\u00fcmle kullanm\u0131\u015ft\u0131r; bunu geriye almak mecburiyetindedir. (ANAP, DSP ve MHP s\u0131ralar\u0131ndan alk\u0131\u015flar) Dolay\u0131s\u0131yla, gayet g\u00fczel\u00bb \u00c7e\u00e7cnistan&#8217;la ilgili Rusya&#8217;n\u0131n yapm\u0131\u015f oldu\u011fu uygulamalarla ilgili meseleleri g\u00fcndeme getiren Fazilet Partisi Grup Ba\u015fkanvekili say\u0131n arkada\u015f\u0131ma sesleniyorum ve \u00f6zellikle de kendisinden rica ediyorum; bu Meclisin konsens\u00fcs\u00fcn\u00fc bozmadan, Meclisin t\u00fcm\u00fcn\u00fcn, m\u00fc\u015fterek konsens\u00fcste, m\u00fc\u015fterek bir bildiride mutabakat sa\u011flanarak, Meclisin topyek\u00fbn hareket etmesinde \u00fclkemizin ve \u00c7e\u00e7enistan&#8217;\u0131n menfaati vard\u0131r. Dolay\u0131s\u0131yla, bu c\u00fcmleyi k\u00fcrs\u00fcden geri almas\u0131n\u0131, hassaten, kendisinden rica ediyorum. (ANAP s\u0131ralar\u0131ndan alk\u0131\u015flar)<\/p>\n<p style=\"text-align: justify;\"><strong>NEVZAT ERCAN (Sakarya)<\/strong> &#8211; Say\u0131n Ba\u015fkan&#8230;<\/p>\n<p style=\"text-align: justify;\"><strong>BA\u015eKAN &#8211; <\/strong>Say\u0131n Ercan&#8230;<\/p>\n<p style=\"text-align: justify;\"><strong>\u0130SMA\u0130L K\u00d6SE (Erzurum) <\/strong>&#8211; Say\u0131n Ba\u015fkan&#8230;<\/p>\n<p style=\"text-align: justify;\"><strong>BA\u015eKAN &#8211; <\/strong>Hay\u0131r, Say\u0131n Ercan konu\u015fsun.<\/p>\n<p style=\"text-align: justify;\">Buyurun. (G\u00fcr\u00fclt\u00fcler)<\/p>\n<p style=\"text-align: justify;\">Efendim, l\u00fctfen yerinize oturun&#8230; Say\u0131n milletvekilleri, l\u00fctfen yerinize oturun&#8230;<\/p>\n<p style=\"text-align: justify;\"><strong>NEVZAT ERCAN (Sakarya) &#8211;<\/strong> Say\u0131n Ba\u015fkan\u0131m&#8230;<\/p>\n<p style=\"text-align: justify;\"><strong>BA\u015eKAN &#8211;<\/strong> Efendim, arkada\u015flar yerine oturmadan sizi anlamalar\u0131 m\u00fcmk\u00fcn olmaz.(G\u00fcr\u00fclt\u00fcler)<\/p>\n<p style=\"text-align: justify;\">Say\u0131n milletvekilleri&#8230;<\/p>\n<p style=\"text-align: justify;\"><strong>\u0130SMA\u0130L K\u00d6SE (Erzurum) &#8211; <\/strong>Say\u0131n Ba\u015fkan&#8230;<\/p>\n<p style=\"text-align: justify;\"><strong>BA\u015eKAN &#8211; <\/strong>Bir dakika efendim, Say\u0131n Ercan&#8217;a s\u00f6z verdim.<\/p>\n<p style=\"text-align: justify;\">Say\u0131n milletvekilleri, l\u00fctfen yerinize oturun&#8230; Say\u0131n milletvekilleri, yerinize oturmazsan\u0131z birle\u015fime ara vermek zorunda kalaca\u011f\u0131m&#8230; L\u00fctfen yerinize oturun&#8230;(G\u00fcr\u00fclt\u00fcler)<\/p>\n<p style=\"text-align: justify;\"><strong>NEJAT ARSEVEN (Ankara) &#8211;<\/strong> 5 dakika ara verin Say\u0131n Ba\u015fkan.<\/p>\n<p style=\"text-align: justify;\"><strong>BA\u015eKAN <\/strong>&#8211; Say\u0131n milletvekilleri, l\u00fctfen yerinize oturun&#8230;(G\u00fcr\u00fclt\u00fcler)<\/p>\n<p style=\"text-align: justify;\">Say\u0131n milletvekilleri, l\u00fctfen s\u00fck\u00fbnetinizi muhafaza edin&#8230;<\/p>\n<p style=\"text-align: justify;\">Say\u0131n Ercan, m\u00fcsaade ederseniz bir \u015fey s\u00f6ylemek istiyorum.<\/p>\n<p style=\"text-align: justify;\">Bu mesele, Meclise bu kadar mal olmu\u015f olmasa, benim i\u00e7in oylamay\u0131 yap\u0131p bitirmekten \u00e7ok kolay hi\u00e7bir \u015fey yoktur, bir anda oylamay\u0131 yapar\u0131m ve biter; ama, Meclise mal olmu\u015f bir meselede yanl\u0131\u015f bir karar almayal\u0131m istiyorum.<\/p>\n<p style=\"text-align: justify;\"><strong>KAD\u0130R BOZKURT (Sinop) &#8211;<\/strong> Say\u0131n Ba\u015fkan, nas\u0131l konu\u015fuyorsunuz b\u00f6yle!.. Meclis, yanl\u0131\u015f karar al\u0131r m\u0131?!<\/p>\n<p style=\"text-align: justify;\"><strong>BA\u015eKAN &#8211; <\/strong>Say\u0131n Ercan, buyurun efendim.<\/p>\n<p style=\"text-align: justify;\"><strong>NEVZAT ERCAN (Sakarya) &#8211;<\/strong> Say\u0131n Ba\u015fkan\u0131m, \u00c7e\u00e7enistan&#8217;la ilgili genel g\u00f6r\u00fc\u015fme \u00f6nergesinin \u00f6ng\u00f6r\u00fc\u015fmelerini yapt\u0131k, tamamlad\u0131k. \u00c7ok \u00f6nemli bir konuyu Genel Kurul g\u00f6r\u00fc\u015ft\u00fc. Bu konu, \u015fahs\u00ee mesele haline getirilemez, hi\u00e7 kimsenin de hakk\u0131 yok. Bu, bir grubun meselesi de\u011fil; bu, bir milletvekilinin, \u015fahsen, ona m\u00fcnhas\u0131r bir konu da de\u011fil.<\/p>\n<p style=\"text-align: justify;\"><strong>ULA\u015eTIRMA BAKANI EN\u0130S \u00d6KS\u00dcZ (\u0130\u00e7el) &#8211;<\/strong> Grubu sahip \u00e7\u0131k\u0131yor&#8230; \u00d6z\u00fcr dilemesi laz\u0131m.<\/p>\n<p style=\"text-align: justify;\"><strong>KAD\u0130R BOZKURT (Sinop) &#8211;<\/strong> Bakans\u0131n, otur! (MHP s\u0131ralar\u0131ndan g\u00fcr\u00fclt\u00fcler)<\/p>\n<p style=\"text-align: justify;\"><strong>NEVZAT ERCAN (Sakarya) &#8211;<\/strong> Bu, T\u00fcrkiye B\u00fcy\u00fck Millet Meclisinin g\u00f6revi ve sorumlulu\u011fu alt\u0131nda. \u00d6yle g\u00f6r\u00fcyorum ki, burada, baz\u0131 milletvekili arkada\u015flar\u0131m\u0131z, kar\u015f\u0131l\u0131kl\u0131 bir pazarl\u0131k konusu i\u00e7indeler. (MHP ve ANAP s\u0131ralar\u0131ndan g\u00fcr\u00fclt\u00fcler) Herkes nefsini a\u015fs\u0131n&#8230; Falanca s\u00f6zc\u00fc b\u00f6yle s\u00f6yledi&#8230; S\u00f6yledi, s\u00f6ylemedi tart\u0131\u015fmas\u0131n\u0131 geride b\u0131rakal\u0131m. Milletimiz, televizyonlar\u0131 ba\u015f\u0131nda bizleri izleyen vatanda\u015flar\u0131m\u0131z, bizden, \u015fimdi ortak bir kararl\u0131l\u0131k bekliyor. Say\u0131n Ba\u015fkan, sizin de, Meclisi y\u00f6neten olarak iki se\u00e7ene\u011finiz var: Ya ara vereceksiniz, gruplar kendi aralar\u0131nda g\u00f6r\u00fc\u015fecek ya da genel g\u00f6r\u00fc\u015fmenin \u00f6ng\u00f6r\u00fc\u015fmeleri tamamland\u0131\u011f\u0131na g\u00f6re, oylama yapmak zorundas\u0131n\u0131z. (MHP, DSP ve ANAP s\u0131ralar\u0131ndan g\u00fcr\u00fclt\u00fcler) Bir g\u00f6relim, oylama yap\u0131ls\u0131n da renginizi bir g\u00f6relim, herkesin bir rengini g\u00f6relim beraberce, herkesin bir rengini g\u00f6relim&#8230; (DYP s\u0131ralar\u0131ndan alk\u0131\u015flar)<\/p>\n<p style=\"text-align: justify;\">De\u011ferli arkada\u015flar, ben, bu k\u00fcrs\u00fcye \u00e7\u0131kar\u0131m, bu Mecliste, hangi gruplar\u0131n neyi istismar ettiklerini bir bir tadat ederim burada. (G\u00fcr\u00fclt\u00fcler) Dolay\u0131s\u0131yla, bunlar\u0131 geride b\u0131rakal\u0131m. E\u011fer, ortak bir tav\u0131r sergilenecekse, milletin de bizden bekledi\u011fi budur.<\/p>\n<p style=\"text-align: justify;\">Say\u0131n Ba\u015fkan, sizin de, tekrar ediyorum&#8230; (G\u00fcr\u00fclt\u00fcler)<\/p>\n<p style=\"text-align: justify;\">Say\u0131n Ba\u015fkan\u0131m, m\u00fcsaade eder misiniz&#8230; (G\u00fcr\u00fclt\u00fcler)<\/p>\n<p style=\"text-align: justify;\"><strong>BA\u015eKAN &#8211;<\/strong> Efendim, yerinize oturun. (G\u00fcr\u00fclt\u00fcler)<\/p>\n<p style=\"text-align: justify;\"><strong>M\u00dcCAH\u0130T H\u0130MO\u011eLU (Erzurum) &#8211;<\/strong> \u00d6z\u00fcr dilesin! \u00c7\u0131ks\u0131n, \u00f6z\u00fcr dilesin! Tabi\u00ee, \u00f6z\u00fcr dileyecekse.<\/p>\n<p style=\"text-align: justify;\"><strong>NEVZAT ERCAN (Sakarya) &#8211;<\/strong> Say\u0131n Ba\u015fkan, ya ara vereceksiniz ya da oylayacaks\u0131n\u0131z; ba\u015fka bir se\u00e7ene\u011finiz yok.<\/p>\n<p style=\"text-align: justify;\"><strong>M\u00dcCAH\u0130T H\u0130MO\u011eLU (Erzurum) <\/strong>&#8211; Mill\u00ee mesele&#8230; T\u00fcrkiye B\u00fcy\u00fck Millet Meclisinin meselesidir&#8230;<\/p>\n<p style=\"text-align: justify;\"><strong>ZEK\u0130 \u00c7AKAN (Bart\u0131n) &#8211;<\/strong> Say\u0131n Ba\u015fkan, 10 dakika ara verin.<\/p>\n<p style=\"text-align: justify;\"><strong>BA\u015eKAN &#8211;<\/strong> Efendim, yerinize oturun l\u00fctfen.<\/p>\n<p style=\"text-align: justify;\">Say\u0131n \u015eener, herhangi bir \u015fey s\u00f6ylemek ihtiyac\u0131nda m\u0131s\u0131n\u0131z?<\/p>\n<p style=\"text-align: justify;\"><strong>ABD\u00dcLLAT\u0130F \u015eENER (Sivas) <\/strong>&#8211; Hay\u0131r.<\/p>\n<p style=\"text-align: justify;\"><strong>BA\u015eKAN &#8211;<\/strong> Say\u0131n milletvekilleri, saat 23.30&#8217;a kadar birle\u015fime ara veriyorum.<\/p>\n<p style=\"text-align: center;\"><strong>Kapanma Saati: 23.18<\/strong><\/p>\n<p style=\"text-align: justify;\"><strong>BA\u015eKAN &#8211; <\/strong>Say\u0131n milletvekilleri, T\u00fcrkiye B\u00fcy\u00fck Millet Meclisinin 33 \u00fcnc\u00fc Birle\u015fiminin \u00dc\u00e7\u00fcnc\u00fc Oturumunu a\u00e7\u0131yorum.<\/p>\n<p style=\"text-align: justify;\"><strong>BA\u015eKAN &#8211;<\/strong> Genel g\u00f6r\u00fc\u015fme \u00f6nergesinin \u00f6ng\u00f6r\u00fc\u015fmeleri tamamlanm\u0131\u015ft\u0131r. \u015eimdi, genel g\u00f6r\u00fc\u015fme a\u00e7\u0131l\u0131p a\u00e7\u0131lmamas\u0131 hususunu oylar\u0131n\u0131za sunaca\u011f\u0131m. (MHP s\u0131ralar\u0131ndan g\u00fcr\u00fclt\u00fcler)<\/p>\n<p style=\"text-align: justify;\"><strong>CEMAL ENG\u0130NYURT (Ordu) &#8211;<\/strong> Ne Oyluyorsun; oylama falan yok! Ya \u00f6z\u00fcr dileyecek&#8230;<\/p>\n<p style=\"text-align: justify;\"><strong>BA\u015eKAN &#8211;<\/strong> Say\u0131n milletvekilleri, T\u00fcrkiye Cumhuriyeti Devleti hepimizin ba\u015f\u0131n\u0131n tac\u0131d\u0131r; onun \u00fczerinde en ufak bir tart\u0131\u015fma bile a\u00e7may\u0131z. Herkesin s\u00f6z\u00fc kendisine aittir. (MHP s\u0131ralar\u0131ndan g\u00fcr\u00fclt\u00fcler)<br \/>\n<strong><\/strong><\/p>\n<p style=\"text-align: justify;\"><strong>ABD\u00dcLKAD\u0130R AK\u00c7AN (Afyon) &#8211;<\/strong> Olur mu \u00f6yle \u015fey can\u0131m!.<br \/>\n<strong><\/strong><\/p>\n<p style=\"text-align: justify;\"><strong>BA\u015eKAN &#8211; <\/strong>M\u00fcsaade eder misiniz&#8230; M\u00fcsaade eder misiniz.,.(MHP s\u0131ralar\u0131ndan g\u00fcr\u00fclt\u00fcler)<\/p>\n<p style=\"text-align: justify;\">M\u00fcsaade edin efendim&#8230;<\/p>\n<p style=\"text-align: justify;\">Ben, sizin hissiyat\u0131mza terc\u00fcman olarak, Say\u0131n \u015eener&#8217;e soruyorum; s\u00f6yleyece\u011fi herhangi bir \u015fey var m\u0131?.. Yok.<br \/>\n<strong><\/strong><\/p>\n<p style=\"text-align: justify;\"><strong>VEYSEL CANDAN (Konya) &#8211;<\/strong> Say\u0131n Ba\u015fkan, oylamaya ge\u00e7.<br \/>\n<strong><\/strong><\/p>\n<p style=\"text-align: justify;\"><strong>BA\u015eKAN &#8211; <\/strong>Efendim, laf\u0131 uzatmak yanl\u0131\u015ft\u0131r. Oylamaya ge\u00e7tik; oylayaca\u011f\u0131z.<br \/>\n<strong><\/strong><\/p>\n<p style=\"text-align: justify;\"><strong>YUSUF KIRKPINAR (\u0130zmir)<\/strong> &#8211; Oylayamazs\u0131n b\u00f6yle bir \u015feyi!..<br \/>\n<strong><\/strong><\/p>\n<p style=\"text-align: justify;\"><strong>\u0130SMA\u0130L K\u00d6SE (Erzurum) &#8211; <\/strong>Say\u0131n Ba\u015fkan&#8230;<br \/>\n<strong><\/strong><\/p>\n<p style=\"text-align: justify;\"><strong>BA\u015eKAN &#8211;<\/strong> Buyurun \u0130smail Bey, bir \u015fey mi diyeceksiniz?<br \/>\n<strong><\/strong><\/p>\n<p style=\"text-align: justify;\"><strong>\u0130SMA\u0130L K\u00d6SE (Erzurum) <\/strong>&#8211; Say\u0131n Ba\u015fkan, 63 \u00fcnc\u00fc madde gere\u011fince, usul hakk\u0131nda s\u00f6z istiyorum.<\/p>\n<p style=\"text-align: justify;\"><strong>BA\u015eKAN &#8211; <\/strong>Say\u0131n K\u00f6se, zannediyorum, uygulamam konusunda usul hakk\u0131nda s\u00f6z istiyor.<\/p>\n<p style=\"text-align: justify;\"><strong>\u0130SMA\u0130L K\u00d6SE (Erzurum) &#8211; <\/strong>\u00c7ok k\u0131sa olmak \u00fczere, usul hakk\u0131nda s\u00f6z istiyorum.<\/p>\n<p style=\"text-align: justify;\"><strong>BA\u015eKAN &#8211; <\/strong>Hay hay efendim; usul hakk\u0131nda her s\u00f6z her \u015feye tekadd\u00fcm eder.<\/p>\n<p style=\"text-align: justify;\">Buyurun efendim. (MHP s\u0131ralar\u0131ndan alk\u0131\u015flar)<\/p>\n<p style=\"text-align: justify;\"><strong>ABD\u00dcLLAT\u0130F \u015eENER (Sivas) &#8211; <\/strong>Say\u0131n Ba\u015fkan, niye s\u00f6z verdiniz?<\/p>\n<p style=\"text-align: justify;\"><strong>\u0130SMA\u0130L K\u00d6SE (Erzurum) &#8211; <\/strong>Say\u0131n Ba\u015fkan, say\u0131n milletvekilleri; bak\u0131n, bu ay ramazan ay\u0131.<br \/>\n(FP s\u0131ralar\u0131ndan g\u00fcr\u00fclt\u00fcler)<br \/>\n<strong><\/strong><\/p>\n<p style=\"text-align: justify;\"><strong>BA\u015eKAN &#8211; <\/strong>Dinleyelim efendim&#8230; L\u00fctfen otural\u0131m&#8230;<br \/>\n<strong><\/strong><\/p>\n<p style=\"text-align: justify;\"><strong>\u0130SMA\u0130L K\u00d6SE (Devamla) <\/strong>&#8211; Bug\u00fcn, Cenab\u0131 Peygamberimizin &#8220;haram aylar\u0131&#8221; dedi\u011fi, k\u00e2firlerle dahi sava\u015f yap\u0131lmayaca\u011f\u0131 \u015feklinde men koydu\u011fu ve hepimizin sayg\u0131 duydu\u011fu&#8230; Hepimiz de bu m\u00fcbarek aya sayg\u0131 duyan insanlar\u0131z. Bir hususu hat\u0131rlatmak istiyorum; bak\u0131n, bayra\u011f\u0131n olmad\u0131\u011f\u0131 yerde ibadet yapam\u0131yor \u00c7e\u00e7en karde\u015flerimiz, devletin olmad\u0131\u011f\u0131 yerde ibadet yapam\u0131yor \u00c7e\u00e7en karde\u015flerimiz; ama, T\u00fcrkiye Cumhuriyeti Devleti var, bayra\u011f\u0131m\u0131z var ve ibadetimizi yap\u0131yoruz. (MHP ve DSP s\u0131ralar\u0131ndan alk\u0131\u015flar)<\/p>\n<p style=\"text-align: justify;\">De\u011ferli arkada\u015flar\u0131m, T\u00fcrkiye Cumhuriyeti Devletine kar\u015f\u0131&#8230;<\/p>\n<p style=\"text-align: justify;\"><strong>MEHMET ERG\u00dcN DA\u011eCIO\u011eLU (Tokat) <\/strong>&#8211; Usul bu mu Say\u0131n Ba\u015fkan?<br \/>\n<strong>\u0130SMA\u0130L K\u00d6SE (Devamla) &#8211;<\/strong> Say\u0131n Ba\u015fkan\u0131m, m\u00fcsaadenizle&#8230; Say\u0131n Abd\u00fcllatif \u015eener, ne s\u00fcr\u00e7\u00fclisan etti\u011fini ne de yanl\u0131\u015f bir kelime kulland\u0131\u011f\u0131n\u0131 hi\u00e7bir \u015fekilde ifade etmiyor; tekrar vurguluyor ve devam ediyor; &#8220;Rus lobisi yerle\u015fmi\u015ftir, bunu a\u00e7\u0131k\u00e7a ifade ediyorum.&#8221; Ge\u00e7iyorum.<br \/>\n<strong><\/strong><\/p>\n<p style=\"text-align: justify;\"><strong>MUSTAFA BA\u015e (\u0130stanbul) &#8211;<\/strong> Ba\u015ftan oku!..<\/p>\n<p style=\"text-align: justify;\"><strong>\u0130SMA\u0130L K\u00d6SE (Devamla)<\/strong> &#8211; &#8220;Bu lobi h\u00fck\u00fcmeti yanl\u0131\u015f y\u00f6nlendirmektedir.&#8221; Yani, devletin i\u00e7erisinde bir lobi var, Rus lobisi var, Rus etnik yap\u0131s\u0131ndan bir lobi var ve bu lobi T\u00fcrkiye Cumhuriyeti H\u00fck\u00fcmetini de y\u00f6nlendiriyor diyor. &#8220;Bu lobinin ayaklar\u0131 nerelere kadar uzan\u0131yorsa, en k\u0131sa zamanda tespit edilmelidir. T\u00fcrkiye&#8217;nin menfaatlar\u0131 bu lobinin y\u00f6nlendirmelerine kurban edilmemelidir.&#8221;<\/p>\n<p style=\"text-align: justify;\">De\u011ferli arkada\u015flar\u0131m, bak\u0131n, kendisinin i\u00e7erisinde bulundu\u011fu haleti nahiyesini konu\u015fmas\u0131na intikal ettirmi\u015f, burada zab\u0131tlara ge\u00e7mi\u015f ve tekrar devam ediyor: &#8220;Ge\u00e7en y\u00fczy\u0131lda, koyu Rus yanl\u0131s\u0131 Mahmut Nedim Pa\u015fa adl\u0131 bir sadrazam vard\u0131.<\/p>\n<p style=\"text-align: justify;\">De\u011ferli arkada\u015flar\u0131m, anla\u015f\u0131lan odur ki, Cumhuriyet d\u00f6neminde, Mahmut Nedim Pa\u015falar\u0131n say\u0131s\u0131 artm\u0131\u015fa benziyor.(DYP s\u0131ralar\u0131ndan alk\u0131\u015flar)&#8221;<\/p>\n<p style=\"text-align: justify;\">Evet &#8220;DYP s\u0131ralar\u0131ndan alk\u0131\u015flar&#8221;.<\/p>\n<p style=\"text-align: justify;\"><strong>ABDULLAH G\u00dcL (Kayseri) &#8211;<\/strong> Bunda ne var?<br \/>\n<strong><\/strong><\/p>\n<p style=\"text-align: justify;\"><strong>\u0130SMA\u0130L K\u00d6SE (Devamla) <\/strong>&#8211; \u015eimdi, bir \u015feyi hat\u0131rlatmak istiyorum. Burada, karde\u015fiz, duygular\u0131m\u0131z bir yere kilitlendi, bir yere konsantre olduk. Bu konsantrasyonumuzu bozmak i\u00e7in bir dinamit konuluyor. Kim bu dinamiti koyan; \u00c7e\u00e7en oldu\u011funu iddia eden ve \u00c7e\u00e7en haklar\u0131n\u0131 savunma heyecan\u0131n\u0131 g\u00f6sterme durumundaki olan&#8230;(MHP, DSP ve ANAP s\u0131ralar\u0131ndan alk\u0131\u015flar)<\/p>\n<p style=\"text-align: justify;\">\u015eimdi, T\u00fcrkiye Cumhuriyeti Devletinin i\u00e7erisinde, gayri resm\u00ee, illegal veya bizim milletimizin herhangi bir unsurundan olmayan hi\u00e7 kimse yoktur, hele devlet g\u00f6revlisi olarak hi\u00e7 kimse olamaz.<\/p>\n<p style=\"text-align: justify;\">Dolay\u0131s\u0131yla, bunu bir inat meselesi yapma Say\u0131n \u015eener&#8230;Say\u0131n \u015eener, ben, size sesleniyorum; bunu, bir inat meselesi yapma&#8230;(FP s\u0131ralar\u0131ndan &#8220;Usul bu mu?&#8221; sesleri, g\u00fcr\u00fclt\u00fcler) (MHP ve FP milletvekillerinin birbirleri \u00fczerine y\u00fcr\u00fcmeleri)<\/p>\n<p style=\"text-align: justify;\"><strong>BA\u015eKAN &#8211; <\/strong>Yerinize oturun efendim, yerinize&#8230;<\/p>\n<p style=\"text-align: justify;\">Say\u0131n Sobac\u0131, l\u00fctfen&#8230;<\/p>\n<p style=\"text-align: justify;\"><strong>\u015e\u00dcKR\u00dc \u00dcNAL (Osmaniye) <\/strong>&#8211; Efendim, zat\u0131\u00e2liniz, biraz s\u00fck\u00fbnete davet edecek yerde, dinamiti siz koyuyorsunuz.<\/p>\n<p style=\"text-align: justify;\"><strong>BA\u015eKAN &#8211; <\/strong>Say\u0131n milletvekilleri, l\u00fctfen yerinize oturun efendim&#8230;<\/p>\n<p style=\"text-align: justify;\">Say\u0131n milletvekilleri, yerinize oturmazsan\u0131z ara verece\u011fim&#8230;<\/p>\n<p style=\"text-align: justify;\"><strong>\u0130SMA\u0130L K\u00d6SE (Devamla) &#8211; <\/strong>Say\u0131n milletvekilleri&#8230;<\/p>\n<p style=\"text-align: justify;\"><strong>BA\u015eKAN &#8211; <\/strong>Say\u0131n milletvekilleri&#8230; Say\u0131n milletvekilleri, yerinize oturun; yoksa, ara verece\u011fim.<\/p>\n<p style=\"text-align: justify;\">(MHP ve FP s\u0131ralar\u0131ndan g\u00fcr\u00fclt\u00fcler)<\/p>\n<p style=\"text-align: justify;\">\u0130dare amirleri, l\u00fctfen g\u00f6reve&#8230;<\/p>\n<p style=\"text-align: justify;\"><strong>\u0130SMA\u0130L KAHRAMAN (\u0130stanbul) &#8211; <\/strong>Say\u0131n Ba\u015fkan, b\u00f6yle usul konu\u015fmas\u0131 olmaz; kapatacaks\u0131n\u0131z ya da ara vereceksiniz.<\/p>\n<p style=\"text-align: justify;\"><strong>BA\u015eKAN &#8211; <\/strong>Say\u0131n milletvekilleri&#8230; Yerinize oturun efendim, yerinize oturun&#8230; (MHP ve FP s\u0131ralar\u0131ndan g\u00fcr\u00fclt\u00fcler)<\/p>\n<p style=\"text-align: justify;\"><strong>MURAT AKIN (Aksaray) <\/strong>&#8211; Ara ver Ba\u015fkan&#8230; Ara ver&#8230;<\/p>\n<p style=\"text-align: justify;\"><strong>\u0130SMA\u0130L K\u00d6SE (Devamla)<\/strong> &#8211; Hay\u0131r, ne aras\u0131 karde\u015fim?! Ne aras\u0131 veriyor?! Konu\u015fma yap\u0131yoruz.<\/p>\n<p style=\"text-align: justify;\"><strong>YA\u015eAR TOP\u00c7U (Sinop) <\/strong>&#8211; \u0130dare amirleri Say\u0131n Ba\u015fkan&#8230; \u0130dare amirleri&#8230;<\/p>\n<p style=\"text-align: justify;\"><strong>BA\u015eKAN &#8211; <\/strong>S\u00f6yl\u00fcyorum efendim, idare amirleri g\u00f6rev ba\u015f\u0131na diyorum.<\/p>\n<p style=\"text-align: justify;\">Efendim, yerinize oturun l\u00fctfen&#8230; (MHP ve FP s\u0131ralar\u0131ndan g\u00fcr\u00fclt\u00fcler)<\/p>\n<p style=\"text-align: justify;\"><strong>YA\u015eAR TOP\u00c7U (Sinop) &#8211;<\/strong> \u0130smail Bey yat\u0131\u015ft\u0131rmaya \u00e7al\u0131\u015f\u0131n .<\/p>\n<p style=\"text-align: justify;\"><strong>\u0130SMA\u0130L K\u00d6SE (Devamla) &#8211;<\/strong> Toparlayaca\u011f\u0131m; ama, otursunlar&#8230;<\/p>\n<p style=\"text-align: justify;\"><strong>BA\u015eKAN &#8211;<\/strong> Yerinize oturun!.. Yerinize oturun!..<br \/>\n<strong><\/strong><\/p>\n<p style=\"text-align: justify;\"><strong>\u015e\u00dcKR\u00dc \u00dcNAL (Osmaniye)<\/strong> &#8211; Tahrik etmeyin.<br \/>\n<strong><\/strong><\/p>\n<p style=\"text-align: justify;\"><strong>\u0130SMA\u0130L.K\u00d6SE (Devamla) &#8211;<\/strong> Tamam karde\u015fim, ben s\u00f6yl\u00fcyorum; ben tahrik etmiyorum. (FP ve ANAP s\u0131ralar\u0131ndan &#8220;Say\u0131n Ba\u015fkan bitirin&#8221; sesleri, g\u00fcr\u00fclt\u00fcler)<\/p>\n<p style=\"text-align: justify;\">Hay\u0131r, niye bitiriyor karde\u015fim, niye bitiriyor?! Gel, \u00f6z\u00fcr dile!<\/p>\n<p style=\"text-align: justify;\"><strong>MURAT S\u00d6KMENO\u011eLU (\u0130stanbul) <\/strong>&#8211; Ba\u015fkan\u0131m, kapat\u0131n; hepimiz aya\u011fa kalkt\u0131k&#8230;<\/p>\n<p style=\"text-align: justify;\"><strong>\u0130SMA\u0130L K\u00d6SE (Devamla) &#8211;<\/strong> Say\u0131n Ba\u015fkan\u0131m&#8230; Say\u0131n Ba\u015fkan\u0131m, bir saniye&#8230; Bitirece\u011fim.<\/p>\n<p style=\"text-align: justify;\"><strong>BA\u015eKAN &#8211;<\/strong> Hay\u0131r kapataca\u011f\u0131m&#8230;<\/p>\n<p style=\"text-align: justify;\"><strong>\u0130SMA\u0130L K\u00d6SE (Devamla) <\/strong>&#8211; Hay\u0131r, bir saniyenizi istirham ediyorum, bitirece\u011fim.<\/p>\n<p style=\"text-align: justify;\"><strong>BA\u015eKAN &#8211; <\/strong>Dinleyen yok ki&#8230; (G\u00fcr\u00fclt\u00fcler)<\/p>\n<p style=\"text-align: justify;\"><strong>\u0130SMA\u0130L K\u00d6SE (Devamla)<\/strong> &#8211; Bak\u0131n, ge\u00e7ti arkada\u015flar\u0131m\u0131z.<\/p>\n<p style=\"text-align: justify;\"><strong>ZEK\u0130 \u00c7AKAN (Bart\u0131n) &#8211;<\/strong> \u0130smail Bey konu\u015fmay\u0131n.<\/p>\n<p style=\"text-align: justify;\"><strong>\u0130SMA\u0130L K\u00d6SE (Devamla) &#8211;<\/strong> Hay\u0131r bir \u015fey olmaz&#8230;<\/p>\n<p style=\"text-align: justify;\">De\u011ferli milletvekilleri&#8230; De\u011ferli milletvekilleri&#8230; Say\u0131n milletvekilleri, l\u00fctfen oturur musunuz&#8230; (G\u00fcr\u00fclt\u00fcler)<\/p>\n<p style=\"text-align: justify;\"><strong>BA\u015eKAN <\/strong>&#8211; Efendim, yerinize oturun l\u00fctfen.<\/p>\n<p style=\"text-align: justify;\"><strong>\u0130SMA\u0130L K\u00d6SE (Devamla) <\/strong>&#8211; De\u011ferli arkada\u015flar\u0131m, bak\u0131n, s\u00f6ylediklerimi l\u00fctfen takip etmenizi istirham ediyorum. Say\u0131n milletvekilleri, bak\u0131n, bir s\u00f6z s\u00f6yl\u00fcyoruz; burada&#8230;<\/p>\n<p style=\"text-align: justify;\"><strong>VEYSEL CANDAN (Konya) <\/strong>&#8211; Ba\u015fkan\u0131m, kapat\u0131n&#8230;<\/p>\n<p style=\"text-align: justify;\"><strong>\u0130SMA\u0130L K\u00d6SE (Devamla)<\/strong> &#8211; De\u011ferli Ba\u015fkan\u0131m&#8230; Bak\u0131n, tekrar istirham ediyorum Say\u0131n Ba\u015fkan\u0131m&#8230;<\/p>\n<p style=\"text-align: justify;\">(G\u00fcr\u00fclt\u00fcler)<\/p>\n<p style=\"text-align: justify;\"><strong>BA\u015eKAN <\/strong>&#8211; Say\u0131n K\u00f6se, bir dakika m\u00fcsaade eder misiniz.<\/p>\n<p style=\"text-align: justify;\">De\u011ferli arkada\u015flar, yerinize oturmazsan\u0131z ara verece\u011fim; ancak, ara vermekle bir yere var\u0131lm\u0131yor. Yerinize oturun, say\u0131n hatibi dinleyin l\u00fctfen&#8230;<\/p>\n<p style=\"text-align: justify;\"><strong>\u0130SMA\u0130L K\u00d6SE (Devamla) <\/strong>&#8211; De\u011ferli Ba\u015fkan\u0131m&#8230;<\/p>\n<p style=\"text-align: justify;\"><strong>BA\u015eKAN &#8211; <\/strong>Say\u0131n K\u00f6se, siz de l\u00fctfen yaln\u0131z usul hakk\u0131nda&#8230;<\/p>\n<p style=\"text-align: justify;\"><strong>\u0130SMA\u0130L K\u00d6SE (Devamla) &#8211;<\/strong> Bak\u0131n efendim, usul hakk\u0131nda s\u00f6yl\u00fcyorum&#8230;<\/p>\n<p style=\"text-align: justify;\"><strong>VEYSEL CANDAN (Konya) &#8211;<\/strong> Neresi usul hakk\u0131nda bu konu\u015fman\u0131n?!<br \/>\n<strong><\/strong><\/p>\n<p style=\"text-align: justify;\"><strong>BA\u015eKAN &#8211; <\/strong>Efendim, yerinize oturun l\u00fctfen&#8230;<br \/>\n<strong><\/strong><\/p>\n<p style=\"text-align: justify;\"><strong>VEYSEL CANDAN (Konya) <\/strong>&#8211; Neresi usul hakk\u0131nda?!<br \/>\n<strong><\/strong><\/p>\n<p style=\"text-align: justify;\"><strong>BA\u015eKAN &#8211;<\/strong> Biraz sab\u0131rl\u0131 olal\u0131m efendim, bunu bitirmek zorunday\u0131z.<\/p>\n<p style=\"text-align: justify;\"><strong>\u0130SMA\u0130L K\u00d6SE (Devamla) <\/strong>&#8211; Rahats\u0131z m\u0131 oldun Say\u0131n Candan, rahats\u0131z m\u0131 oldun?!<\/p>\n<p style=\"text-align: justify;\"><strong>VEYSEL CANDAN (Konya) <\/strong>&#8211; Hakaret ediyorsun, usul hakk\u0131nda konu\u015fma m\u0131 bu?! (MHP s\u0131ralar\u0131ndan g\u00fcr\u00fclt\u00fcler)<\/p>\n<p style=\"text-align: justify;\"><strong>\u0130SMA\u0130L K\u00d6SE (Devamla)<\/strong> &#8211; Rahats\u0131z m\u0131 oldun?! (FP s\u0131ralar\u0131ndan g\u00fcr\u00fclt\u00fcler &#8220;ne rahats\u0131zl\u0131\u011f\u0131&#8221; sesleri)<\/p>\n<p style=\"text-align: justify;\"><strong>VEYSEL CANDAN (Konya) <\/strong>&#8211; Tahrik etme ya&#8230;<\/p>\n<p style=\"text-align: justify;\"><strong>SAFFET ARIICAN BED\u00dcK (Ankara)<\/strong> &#8211; Say\u0131n K\u00f6se, l\u00fctfen&#8230;Tahrik etme&#8230;<\/p>\n<p style=\"text-align: justify;\"><strong>\u0130SMA\u0130L K\u00d6SE (Devamla) &#8211;<\/strong> Say\u0131n Ba\u015fkan, say\u0131n milletvekilleri&#8230; (MHP ve FP s\u0131ralar\u0131ndan g\u00fcr\u00fclt\u00fcler)<\/p>\n<p style=\"text-align: justify;\"><strong>NURETT\u0130N AKTA\u015e (Gaziantep) &#8211;<\/strong> Yeter art\u0131k Say\u0131n Ba\u015fkan&#8230; (MHP ve FP s\u0131ralar\u0131ndan g\u00fcr\u00fclt\u00fcler)<\/p>\n<p style=\"text-align: justify;\"><strong>BA\u015eKAN <\/strong>&#8211; Efendim, yerinize oturun l\u00fctfen&#8230; Yerinize oturun&#8230;<\/p>\n<p style=\"text-align: justify;\"><strong>\u0130SMA\u0130L K\u00d6SE (Devamla) <\/strong>&#8211; Say\u0131n Ba\u015fkan\u0131m, i\u015fte, benim aylardan bu yana s\u00f6yledi\u011fim, aylardan bu yana \u00fczerine titredi\u011fim konu buydu. (MHP ve FP s\u0131ralar\u0131ndan g\u00fcr\u00fclt\u00fcler)<\/p>\n<p style=\"text-align: justify;\"><strong>BA\u015eKAN &#8211;<\/strong> Efendim, yerinize oturun l\u00fctfen&#8230;<\/p>\n<p style=\"text-align: justify;\"><strong>\u0130SMA\u0130L K\u00d6SE (Devamla)<\/strong> &#8211; Bu g\u00fczel havay\u0131 bozmamak ve bu verimli \u00e7al\u0131\u015fmalar\u0131 engellememek i\u00e7in, sabretmenin \u00e7ok \u00f6nemli bir fakt\u00f6r oldu\u011funu her zaman s\u00f6yledik. L\u00fctfen, konu\u015fmalar\u0131m\u0131za dikkat edelim, l\u00fctfen birbirimizi tahrik etmeyelim. Hassasiyetlerimiz vard\u0131r, hepimizin hassasiyeti vard\u0131r. Burada, T\u00fcrkiye Cumhuriyeti Devletini mukaddes kabul etmeyen herhangi bir insan\u0131n oldu\u011funu da kabul etmiyorum; ama, bir s\u00f6z sarf edilmi\u015ftir. Bu s\u00f6z\u00fcn geri al\u0131nmas\u0131 gerekiyor. Bu s\u00f6z, benim \u015fahs\u00ee meselem de\u011fil, Milliyet\u00e7i Hareket Partisi Grubunun da meselesi de\u011fil. Bu s\u00f6z, \u00fc\u00e7 siyas\u00ee partiden m\u00fcte\u015fekkil h\u00fck\u00fcmete yukar\u0131dan a\u015fa\u011f\u0131ya b\u00fcy\u00fck bir hakaret i\u00e7eriyor. Ben, h\u00fck\u00fcmetin ad\u0131na konu\u015fmuyorum, \u00f6yle bir usul de yok; ama, ben, T\u00fcrkiye Cumhuriyeti Devletinin sad\u0131k bir vatanda\u015f\u0131y\u0131m. Bu vatanda\u015fl\u0131k g\u00f6revimi de bir manada yerine getiriyorum ve zat\u0131\u00e2linizin \u00fcst\u00fcn devlet g\u00f6revi yapt\u0131\u011f\u0131n\u0131z\u0131&#8230; Ayn\u0131 m\u00fcessesede beraberce oldu\u011fumuz ve ayn\u0131 istikamette duygular\u0131 paylasti\u011fimiz i\u00e7in, sizin ad\u0131n\u0131za \u00fcz\u00fcl\u00fcyorum Say\u0131n Ba\u015fkan\u0131m. Siz, olay\u0131 \u00e7ok basite indirgemek suretiyle &#8220;efendim olmu\u015ftur b\u00f6yle bir \u015fey, deklarasyonu yay\u0131nlayal\u0131m, \u00f6nemli olan, oylama yaparsak s\u0131k\u0131nt\u0131ya gelirsiniz&#8221; \u015fekliyle, iktidar partisini -bir tehdit olarak kullanmak suretiyle \u00f6nergeyi- b\u00f6yle y\u00f6nlendirmeye gitmedi\u011finize de eminim. Sizin de, iyi niyetle, buradan bir netice almak d\u00fc\u015f\u00fcncesinde oldu\u011funuzu biliyorum; ancak bir \u015feyi daha biliyorum: Bu zab\u0131tlarda, T\u00fcrkiye Cumhuriyeti Devletinin Rus lobisiyle donanm\u0131\u015f oldu\u011funu ve Rusya&#8217;n\u0131n lehine \u00e7al\u0131\u015fm\u0131\u015f oldu\u011funu s\u00f6ylemek, T\u00fcrkiye B\u00fcy\u00fck Millet Meclisi Ba\u015fkan\u0131 olarak sizin&#8230; T\u00fcrkiye Cumhuriyeti Devletinin bir par\u00e7as\u0131s\u0131n\u0131z. Bak\u0131n, \u00fc\u00e7 tane m\u00fcessesemiz var; idare, y\u00fcr\u00fctme ve yasama.<\/p>\n<p style=\"text-align: justify;\"><strong>VEYSEL CANDAN (Konya) &#8211;<\/strong> Nas\u0131l usul bu?!<\/p>\n<p style=\"text-align: justify;\"><strong>MUSTAFA G\u00dcL (Elaz\u0131\u011f) &#8211; <\/strong>Sus be karde\u015fim!<\/p>\n<p style=\"text-align: justify;\"><strong>\u0130SMA\u0130L K\u00d6SE (Devamla) &#8211; <\/strong>Yasama, devletin bir par\u00e7as\u0131. Say\u0131n Ba\u015fkan\u0131m, e\u011fer T\u00fcrkiye Cumhuriyeti Devleti Rus lobisiyle su\u00e7lan\u0131rsa, T\u00fcrkiye B\u00fcy\u00fck Millet Meclisinde de onun uzant\u0131lar\u0131 var demektir. Anayasaya g\u00f6re&#8230;<\/p>\n<p style=\"text-align: justify;\"><strong>M. HAD\u0130 D\u0130LEK\u00c7\u0130 (Kastamonu) &#8211;<\/strong> Uzant\u0131s\u0131 orada.<\/p>\n<p style=\"text-align: justify;\"><strong>\u0130SMA\u0130L K\u00d6SE (Devamla) &#8211; <\/strong>Evet&#8230; Onun i\u00e7in, biz, \u00fc\u00e7 grup olarak, bunu k\u00f6k\u00fcnden reddediyoruz. Bu c\u00fcmlenin, ister tevil yoluyla, ister maksad\u0131n\u0131 a\u015fmak suretiyle, hangi manada kulland\u0131ysa, T\u00fcrkiye Cumhuriyeti Devletini bu t\u00f6hmetten elbirli\u011fiyle kurtarmam\u0131z laz\u0131m. Hani, yine de anlayaca\u011f\u0131n\u0131z dilden hep beraberce s\u00f6yl\u00fcyorum: \u0130nelleha meaz sabrin: Allah sabredenlerle beraberdir. Sayg\u0131lar sunuyorum. (MHP s\u0131ralar\u0131ndan alk\u0131\u015flar)<\/p>\n<p style=\"text-align: justify;\"><strong>B\u00dcLENT ARIN\u00c7 (Manisa) &#8211; <\/strong>Say\u0131n Ba\u015fkan&#8230;<\/p>\n<p style=\"text-align: justify;\"><strong>\u00d6MER \u0130ZG\u0130 (Konya) &#8211; <\/strong>Say\u0131n Ba\u015fkan&#8230;<\/p>\n<p style=\"text-align: justify;\"><strong>BA\u015eKAN &#8211;<\/strong> M\u00fcsaade eder misiniz efendim, gruptan konu\u015fuldu.<\/p>\n<p style=\"text-align: justify;\">\u015eimdi, ben size 102 nci maddeyi a\u00e7\u0131klamak zorunday\u0131m&#8230; \u015eimdi, geldi\u011fimiz noktada, genel g\u00f6r\u00fc\u015fme a\u00e7\u0131l\u0131p a\u00e7\u0131lmamas\u0131n\u0131 oylamak zorunday\u0131m. (MHP s\u0131ralar\u0131ndan g\u00fcr\u00fclt\u00fcler) Bir dakika, s\u00f6z\u00fcm\u00fc dinleyin&#8230;S\u00f6z\u00fcm\u00fc dinleyin&#8230; Oylanmas\u0131n\u0131 istemiyorsan\u0131z, onu da anlay\u0131\u015fla kar\u015f\u0131lar\u0131m. Zaten bir saatten beri sab\u0131r g\u00f6steriyorum; i\u00e7inizde belki en so\u011fukkanl\u0131 benim. (MHP ve DSP s\u0131ralar\u0131ndan g\u00fcr\u00fclt\u00fcler)<\/p>\n<p style=\"text-align: justify;\"><strong>SA\u011eLIK BAKANI&#8217;OSMAN DURMU\u015e (K\u0131r\u0131kkale) &#8211;<\/strong> Y\u00f6netiminiz tarafs\u0131z de\u011fil, biz de sab\u0131r g\u00f6steriyoruz&#8230;<\/p>\n<p style=\"text-align: justify;\"><strong>BA\u015eKAN &#8211; <\/strong>Bak\u0131n arkada\u015flar&#8230;<br \/>\n<strong><\/strong><\/p>\n<p style=\"text-align: justify;\"><strong>SA\u011eLIK BAKANI OSMAN DURMU\u015e (K\u0131r\u0131kkale) &#8211; <\/strong>Tarafs\u0131zl\u0131\u011f\u0131n\u0131z\u0131 yitirdiniz, biz sab\u0131r g\u00f6steriyoruz. L\u00fctfen&#8230; Oylayaca\u011f\u0131m diye tehdit ediyorsunuz. Biz sab\u0131r g\u00f6steriyoruz; tarafs\u0131zl\u0131\u011f\u0131n\u0131z\u0131 yitiriyorsunuz.<\/p>\n<p style=\"text-align: justify;\"><strong>BA\u015eKAN &#8211; <\/strong>Hay\u0131r. 102 nci madde oylanmas\u0131n\u0131 amir. Ben, \u0130smail Beyin s\u00f6z istemesinden, usul hakk\u0131nda bize yol g\u00f6stermesini bekliyordum.<br \/>\n<strong><\/strong><\/p>\n<p style=\"text-align: justify;\"><strong>ED\u0130P \u00d6ZGEN\u00c7 (\u0130\u00e7el) &#8211; <\/strong>Sizin g\u00f6reviniz, \u00f6z\u00fcr dilemesini sa\u011flamakt\u0131r efendim. (DSP ve MHP s\u0131ralar\u0131ndan alk\u0131\u015flar)<br \/>\n<strong><\/strong><\/p>\n<p style=\"text-align: justify;\"><strong>BA\u015eKAN- <\/strong>\u015eimdi&#8230;<br \/>\n<strong><\/strong><\/p>\n<p style=\"text-align: justify;\"><strong>ED\u0130P \u00d6ZGEN\u00c7 (\u0130\u00e7el) &#8211; <\/strong>T\u00fcrkiye B\u00fcy\u00fck Millet Meclisinin \u015fahs\u0131na kar\u015f\u0131 y\u00f6neltilmi\u015f bir hakaret vard\u0131r.\u00d6z\u00fcr dilemesini sizin sa\u011flaman\u0131z gerekir.<br \/>\n<strong><\/strong><\/p>\n<p style=\"text-align: justify;\"><strong>BA\u015eKAN &#8211; <\/strong>Say\u0131n milletvekili, defaatle, kendisine s\u00f6z verdim; \u00f6z\u00fcr dilemedi. (DSP ve MHP s\u0131ralar\u0131ndan &#8220;o zaman, d\u0131\u015far\u0131 \u00e7\u0131kar&#8221; sesleri; FP s\u0131ralar\u0131ndan g\u00fcr\u00fclt\u00fcler)<\/p>\n<p style=\"text-align: justify;\">Affedersiniz&#8230; Affedersiniz&#8230; \u00d6z\u00fcr dilemesini gerektirecek bir \u015fekilde olmad\u0131\u011f\u0131n\u0131 a\u00e7\u0131klad\u0131.<\/p>\n<p style=\"text-align: justify;\">\u015eimdi&#8230; (DSP ve MHP s\u0131ralar\u0131ndan g\u00fcr\u00fclt\u00fcler)<\/p>\n<p style=\"text-align: justify;\"><strong>Y\u00dcCEL ERDENER (\u0130stanbul)<\/strong> &#8211; Nas\u0131l olmad\u0131?!.<\/p>\n<p style=\"text-align: justify;\"><strong>BA\u015eKAN &#8211;<\/strong> M\u00fcsaade eder misiniz efendim.<\/p>\n<p style=\"text-align: justify;\"><strong>M. HAD\u0130 D\u0130LEK\u00c7\u0130 (Kastamonu) &#8211; <\/strong>D\u0131\u015far\u0131 \u00e7\u0131kar\u0131lmas\u0131 gerekiyor.<\/p>\n<p style=\"text-align: justify;\"><strong>BA\u015eKAN &#8211;<\/strong> M\u00fcsaade edin efendim.<\/p>\n<p style=\"text-align: justify;\"><strong>\u00d6MER \u0130ZG\u0130 (Konya) &#8211; <\/strong>Say\u0131n Ba\u015fkan&#8230;<\/p>\n<p style=\"text-align: justify;\"><strong>BA\u015eKAN &#8211; <\/strong>\u00d6mer Bey s\u00f6z istiyor; belki, bize yol g\u00f6sterecek bir \u015fey s\u00f6yleyecektir.<\/p>\n<p style=\"text-align: justify;\"><strong>Y\u00dcCEL ERDENER (\u0130stanbul) <\/strong>&#8211; Bilmiyorsan\u0131z i\u015fi, bilenler gelsin. Bu kadar basit efendim. Bu saate kadar sizi dinliyoruz.<\/p>\n<p style=\"text-align: justify;\"><strong>BA\u015eKAN &#8211; <\/strong>Han\u0131mefendi, m\u00fcsaade edin.<\/p>\n<p style=\"text-align: justify;\">Say\u0131n \u0130zgi, mikrofonunuz a\u00e7\u0131ld\u0131; buyurun, konu\u015fun.<\/p>\n<p style=\"text-align: justify;\"><strong>\u00d6MER \u0130ZG\u0130 (Konya) &#8211;<\/strong> Say\u0131n Ba\u015fkan, ben, bu olaylara neden olan konu\u015fma s\u0131ras\u0131nda, deklarasyon haz\u0131rl\u0131\u011f\u0131 i\u00e7in salonun d\u0131\u015f\u0131ndayd\u0131m. O bak\u0131mdan, o zamanki konu\u015fmalar\u0131 kula\u011f\u0131mla duyup, g\u00f6z\u00fcmle g\u00f6rmedim; ancak, \u015fimdi gelen zab\u0131tlar\u0131 inceledi\u011fimde, daha, konu\u015fmac\u0131 Say\u0131n \u015eener, &#8220;T\u00fcrk Devleti&#8221; ad\u0131ndan bahsedip, i\u00e7ine de &#8220;Rus lobisi&#8221;ni soktu\u011fu zaman, zat\u0131\u00e2linizin, \u0130\u00e7t\u00fcz\u00fc\u011f\u00fcn 66 nc\u0131 maddesi gere\u011fince, derhal, s\u00f6z\u00fcn\u00fc kesmeniz gerekirdi. (MHP ve DSP s\u0131ralar\u0131ndan alk\u0131\u015flar) Ayr\u0131ca, ikazlar\u0131n\u0131za ra\u011fmen ayn\u0131 konu\u015fmaya devam ederlerse, salondan \u00e7\u0131kar\u0131lmaya kadar ceza vermeniz gerekece\u011fini de sizler biliyorsunuz. \u015eimdi, bu durumda, mademki, konu\u015fmas\u0131 s\u0131ras\u0131nda, Ba\u015fkanl\u0131k Divan\u0131 olarak gere\u011fini yerine getirmediniz, \u015fu anda getirmenize \u0130\u00e7t\u00fcz\u00fckte bir engel yok; yani, say\u0131n konu\u015fmac\u0131y\u0131 k\u00fcrs\u00fcye davet ederek, konu\u015fmas\u0131n\u0131n tevil yoluyla, tavzih yoluyla, kendisinin bizlerin anlad\u0131\u011f\u0131n\u0131n d\u0131\u015f\u0131nda konu\u015fma yapt\u0131\u011f\u0131n\u0131 s\u00f6ylemesi yeterli olabilir; ancak, buna ra\u011fmen, e\u011fer, say\u0131n konu\u015fmac\u0131 &#8220;ben, s\u00f6z\u00fcm\u00fc geri alm\u0131yorum, s\u00f6z\u00fcm\u00fcn yanl\u0131\u015f anla\u015f\u0131lmas\u0131 y\u00f6n\u00fcnde de herhangi bir ikrarda bulunmam&#8221; derse, o zaman &#8220;s\u00f6ylemedim&#8221; demesi de i\u015fe yaramayacak, o s\u00f6z\u00fc s\u00f6ylemi\u015f durumuna d\u00fc\u015fecektir. \u0130\u015fte, ondan sonra, bu Genel Kurul gere\u011fini yapar. \u015eimdi, ben, sizleri g\u00f6reve davet ediyorum. L\u00fctfen, konu\u015fmac\u0131y\u0131 \u00e7a\u011f\u0131r\u0131n ve T\u00fcrk Devletinde Rus lobisinin varl\u0131\u011f\u0131n\u0131 s\u00f6yleyip s\u00f6ylemedi\u011fini, o anlama gelecek bir ifadeyi kullan\u0131p kullanmad\u0131\u011f\u0131n\u0131 a\u00e7\u0131klas\u0131n ve Genel Kurulumuz tatmin olsun efendim.<\/p>\n<p style=\"text-align: justify;\">Te\u015fekk\u00fcr ederim. (MHP, DSP ve ANAP s\u0131ralar\u0131ndan alk\u0131\u015flar)<\/p>\n<p style=\"text-align: justify;\"><strong>BA\u015eKAN &#8211; <\/strong>Te\u015fekk\u00fcr ederim.<\/p>\n<p style=\"text-align: justify;\"><strong>B\u00dcLENT ARIN\u00c7 (Manisa) &#8211; <\/strong>Say\u0131n Ba\u015fkan, m\u00fcsaade eder misiniz&#8230;<\/p>\n<p style=\"text-align: justify;\"><strong>BA\u015eKAN &#8211; <\/strong>Buyurun B\u00fclent Bey.<\/p>\n<p style=\"text-align: justify;\"><strong>B\u00dcLENT ARIN\u00c7 (Manisa) &#8211;<\/strong> Yerimden mi?..<\/p>\n<p style=\"text-align: justify;\"><strong>BA\u015eKAN &#8211; <\/strong>Yerinizden l\u00fctfen.<\/p>\n<p style=\"text-align: justify;\"><strong>B\u00dcLENT ARIN\u00c7 (Manisa) &#8211; <\/strong>Say\u0131n Ba\u015fkan&#8230;<\/p>\n<p style=\"text-align: justify;\"><strong>BA\u015eKAN &#8211; <\/strong>Efendim, yerinizden&#8230;<\/p>\n<p style=\"text-align: justify;\"><strong>ABDULLAH G\u00dcL (Kayseri) <\/strong>&#8211; Say\u0131n Ba\u015fkan, o kadar mesele var; \u00e7\u0131ks\u0131n k\u00fcrs\u00fcden izah etsin, sakin sakin konu\u015fsun; usul tart\u0131\u015fmas\u0131 a\u00e7t\u0131n\u0131z&#8230;<\/p>\n<p style=\"text-align: justify;\"><strong>BA\u015eKAN &#8211;<\/strong> Evet, buyurun efendim.<\/p>\n<p style=\"text-align: justify;\"><strong>B\u00dcLENT ARIN\u00c7 (Manisa) &#8211; <\/strong>Say\u0131n Ba\u015fkan, de\u011ferli arkada\u015flar\u0131m; hepinizi sayg\u0131yla selaml\u0131yorum.<\/p>\n<p style=\"text-align: justify;\">Kuzey Kafkasya ve \u00c7e\u00e7enistan olaylar\u0131yla ilgili genel g\u00f6r\u00fc\u015fme a\u00e7\u0131l\u0131p a\u00e7\u0131lmamas\u0131na ait \u00f6ng\u00f6r\u00fc\u015fme yap\u0131ld\u0131. B\u00fct\u00fcn gruplar\u0131n de\u011ferli temsilcileri \u00f6nemli konulara temas ettiler ve ger\u00e7ekten faydal\u0131 bir g\u00f6r\u00fc\u015fme oldu. Grup s\u00f6zc\u00fcm\u00fcz ve bu \u00f6nergenin ilk imza sahibi Say\u0131n \u015eener, konu\u015fmas\u0131n\u0131 30 dakika olarak yapt\u0131; 20 dakikas\u0131 Grubumuz ad\u0131nad\u0131r, 10 dakikas\u0131 \u015fahs\u0131; yani, imza sahibi ad\u0131nad\u0131r. Yar\u0131m saatlik konu\u015fman\u0131n b\u00fct\u00fcn\u00fc incelendi\u011fi takdirde, bu konudaki hassasiyetinin hangi boyutlarda oldu\u011fu a\u00e7\u0131k\u00e7a g\u00f6r\u00fcl\u00fcr. Y\u0131llarca hukuk\u00e7uluk yapt\u0131k&#8230; (DSP s\u0131ralar\u0131ndan &#8220;oo!&#8221; sesleri) L\u00fctfen, istihza etmeyin&#8230; Bak\u0131n, gece saat 12.00&#8217;yi ge\u00e7ti ve \u00fcz\u00fcnt\u00fc duyan bir arkada\u015f\u0131n\u0131z olarak konu\u015fuyorum.<\/p>\n<p style=\"text-align: justify;\">Bir konu\u015fmada yanl\u0131\u015fl\u0131k olup olmad\u0131\u011f\u0131, bir kitapta su\u00e7 i\u015flenip i\u015flenmedi\u011fi, bir c\u00fcmleden, bir sayfadan hareket edilerek bulunmaz; b\u00fct\u00fcn\u00fcne bak\u0131l\u0131r, ne ama\u00e7land\u0131\u011f\u0131 anla\u015f\u0131l\u0131r. (MHP s\u0131ralar\u0131ndan g\u00fcr\u00fclt\u00fcler)<\/p>\n<p style=\"text-align: justify;\">M\u00fcsaade eder misiniz arkada\u015flar&#8230;<\/p>\n<p style=\"text-align: justify;\"><strong>BA\u015eKAN &#8211; <\/strong>Efendim, dinleyelim l\u00fctfen.<\/p>\n<p style=\"text-align: justify;\"><strong>B\u00dcLENT ARIN\u00c7 (Manisa) &#8211;<\/strong>&#8211; Say\u0131n Ba\u015fkan, itiraz edilen noktaya da gelece\u011fim. Say\u0131n \u015eener, bu konu\u015fmada, bir hususun \u00fczerinde durdu; hi\u00e7 tepki almad\u0131. Hatta, \u015fu anda en \u00e7ok tepkiyi g\u00f6steren partimizin \u00fcyeleri bile &#8220;\u00e7ok do\u011fru&#8221; dediler, tasdik ettiler. O da \u015fuydu: Bug\u00fcn, T\u00fcrkiye&#8217;nin d\u0131\u015fpolitikas\u0131yla ilgili bir konu g\u00f6r\u00fc\u015f\u00fcl\u00fcyor, Say\u0131n D\u0131\u015fi\u015fleri Bakan\u0131 ve Kafkaslarla ilgili bakanl\u0131\u011f\u0131n b\u00fcrokratlar\u0131, bu toplant\u0131ya kat\u0131lmad\u0131lar. Bu, ger\u00e7ekten dikkat \u00e7ekici bir olayd\u0131; ama, bunu herkes kabul etti, uygun g\u00f6rd\u00fc ve makul g\u00f6rd\u00fc, bu konuda bir itiraz olmad\u0131.<\/p>\n<p style=\"text-align: justify;\">\u0130kincisi, Say\u0131n Ba\u015fbakana atfedilen ve ger\u00e7ekten, televizyonda da s\u00f6ylendi\u011fi zaman hepimizin i\u015fitti\u011fi &#8220;\u00c7e\u00e7enistan&#8217;\u0131, Rusya&#8217;n\u0131n bir i\u00e7 meselesi olarak g\u00f6rme&#8221; ifadesi konu\u015fuldu, bunda da tepki olmad\u0131; \u00e7\u00fcnk\u00fc, bu da bir ger\u00e7ekti. Rusya&#8217;ya ni\u00e7in gitti\u011fi soruldu; bunun da zamans\u0131z ve yersiz oldu\u011fu ifade edildi. Bu konuda da, san\u0131yorum, s\u00fck\u00fbtla takip edilen bir konu\u015fma oldu. (DSP s\u0131ralar\u0131ndan g\u00fcr\u00fclt\u00fcler)<\/p>\n<p style=\"text-align: justify;\"><strong>ERDO\u011eAN TOPRAK (\u0130stanbul) <\/strong>&#8211; Sonuca gel&#8230;<\/p>\n<p style=\"text-align: justify;\"><strong>B\u00dcLENT ARIN\u00c7 (Manisa)<\/strong> &#8211; Say\u0131n Ba\u015fkan\u0131m, bir konuya gelindi ki, orada tepki oldu. Say\u0131n K\u00f6se, DSP&#8217;li say\u0131n arkada\u015flar\u0131m\u0131z ve hemen hemen herkes, bu konuda bir yanl\u0131\u015f anla\u015f\u0131lma oldu\u011funu d\u00fc\u015f\u00fcnd\u00fc. (DSP s\u0131ralar\u0131ndan &#8220;d\u00fczeltsin o zaman&#8221; sesleri) Siz, do\u011fru anlam\u0131\u015f olabilirsiniz; ama, Anayasan\u0131n 83 \u00fcnc\u00fc maddesi T\u00fcrkiye B\u00fcy\u00fck MilletJMeclisi \u00fcyelerine k\u00fcrs\u00fc masuniyeti veriyor ve konu\u015fmas\u0131nda e\u011fer yanl\u0131\u015fl\u0131k varsa, Say\u0131n \u0130zgi&#8217;nin ifade etti\u011fi gibi, bir konuda, Say\u0131n Ba\u015fkan g\u00f6revini yap\u0131yor. Burada itiraz edilen s\u00f6z -zab\u0131tlara bakt\u0131\u011f\u0131m\u0131z zaman- \u015fudur: Rusya ve \u00c7e\u00e7enistan olaylar\u0131 birlikte incelendi\u011finde, T\u00fcrk d\u0131\u015fpolitikas\u0131n\u0131n ve Say\u0131n Ba\u015fbakan\u0131n Rusya ziyaretinin ni\u00e7in zamans\u0131z oldu\u011fu k\u00f6\u015fe yazarlar\u0131nca ortaya konuldu, denildi ki &#8220;Rusya&#8217;da T\u00fcrk m\u00fcteahhitlerin b\u00fcy\u00fck \u00f6l\u00e7ekte i\u015fleri var. Rusya, kuvvetli bir s\u0131n\u0131rda\u015f\u0131m\u0131zd\u0131r, \u00fclkemize yak\u0131nd\u0131r, T\u00fcrkiye \u00fczerinde emelleri vard\u0131r. Rusya&#8217;yla ili\u015fkilerin iyi olmas\u0131nda, T\u00fcrk d\u0131\u015fpolitikas\u0131 ad\u0131na faydalar umulmaktad\u0131r.&#8221; Bu k\u00f6\u015fe yazarlar\u0131ndan bir k\u0131sm\u0131, i\u015fi biraz daha ileri g\u00f6t\u00fcrd\u00fcler, tahlil ettiler. Bunlardan birisi de, Sabah Gazetesinin yazarlar\u0131ndan Say\u0131n Cengiz \u00c7andar&#8217;d\u0131r; k\u00f6\u015fesine ald\u0131\u011f\u0131 bir yaz\u0131s\u0131nda &#8220;acaba, T\u00fcrkiye&#8217;de bir Rus lobisi mi var&#8221; diye bir k\u00f6\u015fe yaz\u0131s\u0131 yazd\u0131. E\u011fer, tutana\u011fa bak\u0131l\u0131rsa -l\u00fctfen, sabr\u0131n\u0131z\u0131 istirham ediyorum- Say\u0131n \u015eener&#8217;in ifadesi \u015fudur: &#8220;Bir gazetenin yazarlar\u0131ndan birisi T\u00fcrkiye devlet sistemi i\u00e7erisinde \u00e2deta bir Rus lobisi mi vard\u0131r&#8221; gibi bir c\u00fcmleyi konu\u015ftu. Bir defa \u015funa dikkat etmemiz laz\u0131m&#8230;<\/p>\n<p style=\"text-align: justify;\"><strong>ERDO\u011eAN TOPRAK (\u0130stanbul)<\/strong> &#8211; Say\u0131n Ba\u015fkan, dahas\u0131 var, devam\u0131 var&#8230;<\/p>\n<p style=\"text-align: justify;\"><strong>B\u00dcLENT ARIN\u00c7 (Manisa) &#8211;<\/strong> Efendim, takdir sizlerin. \u015eimdi, ben, duygular\u0131n ve hislerin iyice aya\u011fa kalkt\u0131\u011f\u0131, ak\u0131l ve mant\u0131\u011f\u0131n biraz uzaklara ka\u00e7t\u0131\u011f\u0131 bir zamanda konu\u015fuyorum; ama, burada, hakikaten hepimiz birer \u00c7e\u00e7eniz; kimse bunu kendisine bir mazhariyet gibi g\u00f6rmesin. Hepimiz birer \u00c7e\u00e7eniz. Nas\u0131l Bosna-Hersekli gibi olduysak, nas\u0131l Kosoval\u0131 olduysak, nas\u0131l zulme u\u011frad\u0131\u011f\u0131 zaman Filistinli olduysak, bug\u00fcn de, burada, hepimiz birer \u00c7e\u00e7eniz. Dinda\u015flar\u0131m\u0131z\u0131n, zulme u\u011frayanlar\u0131n, ma\u011fdur olanlar\u0131n haklar\u0131n\u0131 m\u00fcdafaa etmek i\u00e7in buraday\u0131z; onlar\u0131n meselelerine karde\u015fli\u011fimizi g\u00f6stermek i\u00e7in buraday\u0131z. Bu, sadece Say\u0131n \u015eener&#8217;in vazifesi de\u011fil, hepimizin vazifesidir, hepimizin g\u00f6revidir. Burada itiraz edilen s\u00f6z\u00fcn, bir gazetede \u00e7\u0131kan k\u00f6\u015fe yaz\u0131s\u0131ndan hareketle yazara ait bir g\u00f6r\u00fc\u015f oldu\u011funu Say\u0131n \u015eener konu\u015fmas\u0131nda ifade ediyor.<\/p>\n<p style=\"text-align: justify;\"><strong>\u0130BRAH\u0130M YAVUZ B\u0130LD\u0130K (Adana)<\/strong> &#8211; Ne alakas\u0131 var?!<\/p>\n<p style=\"text-align: justify;\"><strong>B\u00dcLENT ARIN\u00c7 (Manisa)<\/strong> &#8211; Bunu &#8220;\u00e2deta&#8221; kelimesi olarak da s\u00f6yl\u00fcyor. T\u00fcrkiye&#8217;de birk\u0131s\u0131m ihalelerin al\u0131nmas\u0131nda Frans\u0131z lobilerinin, \u0130ngiliz lobilerinin, Amerikan i\u015fadamlar\u0131n\u0131n etkisi oldu\u011fu s\u00f6ylense, bir zamanlar\u0131n siyas\u00ee d\u00fc\u015f\u00fcnceleriyle \u015fimdi birbirlerine \u00e7ok yak\u0131n gibi duran iki siyas\u00ee partinin temsilcilerinin birbirlerine ba\u011f\u0131r\u0131p \u00e7a\u011f\u0131rmalar\u0131 s\u0131ras\u0131nda konu\u015ftuklar\u0131 ifadeleri burada konu\u015fmaya kalksak, san\u0131r\u0131m birbirimize selam verecek halimiz olmaz. Burada konu\u015fulan, bir k\u00f6\u015fe yaz\u0131s\u0131nda, birisinin T\u00fcrkiye&#8217;de Rus menfaatlar\u0131n\u0131 koruyan bir lobi olup olmad\u0131\u011f\u0131 konusudur. Ben, sizin hassasiyetinizi \u015fu noktada kabul ediyorum. Her T\u00fcrk milliyet\u00e7isi, T\u00fcrk devleti i\u00e7erisinde Rus lobisi olmamas\u0131 gerekti\u011fine inan\u0131r; bunun sahipleri varsa, bunlar\u0131 da c\u0131mb\u0131zla ortaya \u00e7\u0131kar\u0131r ve haklar\u0131n\u0131 g\u00f6r\u00fcr. E\u011fer, bu konuyu s\u00f6yl\u00fcyorsak, bunda aram\u0131zda hi\u00e7bir fark yok; ama, Say\u0131n \u015eener&#8217;in bir tek c\u00fcmlesini 30 dakikal\u0131k konu\u015fman\u0131n i\u00e7erisinden al\u0131p, bunu bir siyas\u00ee rant haline getirmeyi, inan\u0131yorum ki, hi\u00e7birimiz akl\u0131m\u0131zdan ge\u00e7irmiyor; ama, l\u00fctfen hislerimizi de\u011fil, \u015fu mukaddes davan\u0131n, \u015fu mazlum milletin derdine nas\u0131l \u00e7are olabileceksek&#8230; Her \u015fey s\u00f6ylendi. Ben kendi ad\u0131ma -konu\u015fulanlar, s\u00f6ylenenler, burada ortaya d\u00f6k\u00fclen ger\u00e7ekler ad\u0131na de\u011fil, ama- b\u00fct\u00fcn arkada\u015flar\u0131mdan gecenin saat 00.30&#8217;unda, 550 milletvekilinin birbirini sevmesi ve bir mill\u00ee davada mill\u00ee bir tak\u0131m gibi g\u00f6r\u00fcnmesi gayreti i\u00e7erisinde olmas\u0131na inan\u0131yorum ve bu konuda b\u00fct\u00fcn partilerin \u00fczerlerine d\u00fc\u015fecekleri yapacaklar\u0131na inan\u0131yorum.<\/p>\n<p style=\"text-align: justify;\">Hepinizi sayg\u0131yla selaml\u0131yorum. (FP s\u0131ralar\u0131ndan alk\u0131\u015flar)<\/p>\n<p style=\"text-align: justify;\"><strong>BA\u015eKAN &#8211;<\/strong> Say\u0131n milletvekilleri, m\u00fcsaade eder misiniz efendim&#8230;<\/p>\n<p style=\"text-align: justify;\">\u015eimdi, geldi\u011fimiz noktadan ileri gidebilmemiz i\u00e7in 102 nci maddenin gere\u011fini yapmama telkinini sizden ald\u0131m; yani, diyorsunuz ki &#8220;oylama s\u0131k\u0131nt\u0131 getirir.&#8221;<\/p>\n<p style=\"text-align: justify;\"><strong>MEHMET TELEK (Afyon) &#8211;<\/strong> Hay\u0131r!<\/p>\n<p style=\"text-align: justify;\"><strong>M. HAD\u0130 D\u0130LEK\u00c7\u0130 (Kastamonu) &#8211;<\/strong> G\u00f6revinizi yap\u0131n Ba\u015fkan\u0131m.<\/p>\n<p style=\"text-align: justify;\"><strong>AHMET \u0130Y\u0130MAYA (Amasya) <\/strong>&#8211; \u015eartl\u0131 uygulamay\u0131n.<\/p>\n<p style=\"text-align: justify;\"><strong>BA\u015eKAN &#8211;<\/strong> Efendim, m\u00fcsaade eder misiniz&#8230;<\/p>\n<p style=\"text-align: justify;\">\u015eimdi, bu saatten sonra biz iki kanun daha g\u00f6r\u00fc\u015fece\u011fiz. \u0130ki kanun daha g\u00f6r\u00fc\u015fecek zaman\u0131m\u0131z da oldu\u011funu zannetmiyorum. \u0130kincisi, akl\u0131selim ve en do\u011fru karar\u0131n verilebilmesi i\u00e7in, belki biraz zamana ihtiyac\u0131m\u0131z var.<\/p>\n<p style=\"text-align: justify;\"><strong>M. HAD\u0130 D\u0130LEK\u00c7\u0130 (Kastamonu) &#8211;<\/strong> Say\u0131n Ba\u015fkan, oylayal\u0131m.<\/p>\n<p style=\"text-align: justify;\"><strong>BA\u015eKAN &#8211; <\/strong>Bak\u0131n, \u015fimdi, bunu oylamay\u0131 bir say\u0131n \u00fcyemiz tehdit olarak kabul etti. \u015eimdi, tehdit olarak kabul edilmi\u015f bir olay\u0131, benim g\u00fcndeme getirmem yanl\u0131\u015f olabilir; hakikaten yanl\u0131\u015f olabilir.<\/p>\n<p style=\"text-align: justify;\">\u015eimdi, \u0130\u00e7t\u00fcz\u00fck, oylama yapmadan, daha ileri gitmeme mani. Anlatabiliyor muyum derdimi&#8230; O zaman iki \u015feyden birini yapaca\u011f\u0131m. Bak\u0131n&#8230;<\/p>\n<p style=\"text-align: justify;\"><strong>M. HAD\u0130 D\u0130LEK\u00c7\u0130 (Kastamonu) <\/strong>&#8211; Say\u0131n Ba\u015fkan, g\u00f6revinizi yap\u0131n.<\/p>\n<p style=\"text-align: justify;\"><strong>BA\u015eKAN <\/strong>&#8211; Efendim, beni dinleyin l\u00fctfen&#8230; Efendim, beni dinleyin l\u00fctfen&#8230;<\/p>\n<p style=\"text-align: justify;\"><strong>AHMET \u0130Y\u0130MAYA (Amasya) <\/strong>&#8211; L\u00fctfen \u0130\u00e7t\u00fcz\u00fc\u011f\u00fc ifa edin&#8230; L\u00fctfen \u015fartl\u0131 konu\u015fmay\u0131n&#8230;<\/p>\n<p style=\"text-align: justify;\"><strong>BA\u015eKAN <\/strong>&#8211; \u0130\u00e7t\u00fcz\u00fck&#8230;<\/p>\n<p style=\"text-align: justify;\"><strong>M. HAD\u0130 D\u0130LEK\u00c7\u0130 (Kastamonu)<\/strong> &#8211; Say\u0131n Ba\u015fkan, davet etmek bu kadar zor mu geliyor size; davet edin bakal\u0131m arkada\u015f\u0131&#8230;<\/p>\n<p style=\"text-align: justify;\"><strong>BA\u015eKAN<\/strong> &#8211; Hay\u0131r, davet ettim. \u0130\u00e7t\u00fcz\u00fck, \u015fu a\u015famada oylama yapmam\u0131z\u0131 istiyor&#8230;<\/p>\n<p style=\"text-align: justify;\"><strong>AHMET G\u00dcZEL (\u0130stanbul) <\/strong>&#8211; O zaman, gere\u011fini yapal\u0131m.<\/p>\n<p style=\"text-align: justify;\"><strong>BA\u015eKAN &#8211;<\/strong> &#8230;ama, oylamaya kar\u015f\u0131, oylaman\u0131n getirece\u011fi sonu\u00e7lar\u0131n, sonra, gayri kabili telafi bir noktada, birbirimizi \u00fczecek noktada olmamam\u0131z laz\u0131m. Onun i\u00e7in, ben, m\u00fcsaade ederseniz, toplant\u0131y\u0131 kapatmay\u0131 d\u00fc\u015f\u00fcn\u00fcyorum. (DSP ve MHP s\u0131ralar\u0131ndan &#8220;hay\u0131r&#8221; sesleri; FP s\u0131ralar\u0131ndan &#8220;kapatal\u0131m&#8221; sesleri.) Efendim, yar\u0131na kadar bir zaman kazan\u0131r\u0131z. (DSP ve MHP s\u0131ralar\u0131ndan &#8220;hay\u0131r, hay\u0131r&#8221; sesleri; FP ve DYP s\u0131ralar\u0131ndan &#8220;oylay\u0131n&#8221; sesleri)<\/p>\n<p style=\"text-align: justify;\"><strong>MURAT S\u00d6KMENO\u011eLU (\u0130stanbul) &#8211;<\/strong> Oylay\u0131n efendim.<\/p>\n<p style=\"text-align: justify;\"><strong>BA\u015eKAN <\/strong>&#8211; Say\u0131n milletvekilleri, her konu\u015fmada tansiyon y\u00fckseliyor. Her konu\u015fmada birbirinizi k\u0131racak hareketlerde bulunuyorsunuz. Buradan, benim size&#8230; Bu toplant\u0131n\u0131n devam\u0131 s\u00fcresince birbirinizi daha fazla k\u0131rman\u0131z\u0131 arzu etmiyorum.<\/p>\n<p style=\"text-align: justify;\"><strong>HASAN \u00d6ZG\u00d6BEK (U\u015fak) <\/strong>&#8211; Say\u0131n Ba\u015fkan, Say\u0131n \u015eener, b\u00f6yle bir \u015feyi kastetmediyse buraya \u00e7\u0131ks\u0131n, desin ki&#8230;<\/p>\n<p style=\"text-align: justify;\"><strong>BA\u015eKAN<\/strong> &#8211; Efendim, kastetmedi\u011fi, kastetti\u011fi kendisini alakadar eder. Ben onu s\u00f6yledim&#8230;<\/p>\n<p style=\"text-align: justify;\">(DSP ve MHP s\u0131ralar\u0131ndan g\u00fcr\u00fclt\u00fcler)<\/p>\n<p style=\"text-align: justify;\"><strong>HASAN G\u00dcLAY (Manisa) <\/strong>&#8211; Say\u0131n Ba\u015fkan, g\u00f6revini tam yap!<\/p>\n<p style=\"text-align: justify;\"><strong>BA\u015eKAN<\/strong> &#8211; Hay\u0131r efendim&#8230;<\/p>\n<p style=\"text-align: justify;\"><strong>AK\u0130F SER\u0130N (\u0130\u00e7el)<\/strong> &#8211; Taraf tutmay\u0131n Say\u0131n Ba\u015fkan.<\/p>\n<p style=\"text-align: justify;\"><strong>BA\u015eKAN<\/strong> &#8211; Ben onu zorla, herhangi bir harekete&#8230; Hi\u00e7bir say\u0131n milletvekilini&#8230;<\/p>\n<p style=\"text-align: justify;\"><strong>M. HAD\u0130 D\u0130LEK\u00c7\u0130 (Kastamonu)<\/strong> &#8211; Davet et! Davet et!<\/p>\n<p style=\"text-align: justify;\"><strong>BA\u015eKAN<\/strong> &#8211; Davet ettim efendim.<\/p>\n<p style=\"text-align: justify;\"><strong>\u0130SMA\u0130L K\u00d6SE (Erzurum)<\/strong> &#8211; Say\u0131n Ba\u015fkan\u0131m, \u0130\u00e7t\u00fcz\u00fckte, Genel Kurulun&#8230;<\/p>\n<p style=\"text-align: justify;\"><strong>ED\u0130P \u00d6ZGEN\u00c7 (\u0130\u00e7el) <\/strong>&#8211; Say\u0131n Ba\u015fkan, bir \u015fey s\u00f6yleyebilir miyim?<\/p>\n<p style=\"text-align: justify;\"><strong>BA\u015eKAN &#8211;<\/strong> Efendim, l\u00fctfen so\u011fukkanl\u0131 olur musunuz? L\u00fctfen&#8230; Bak\u0131n \u00e7ok s\u0131k\u0131nt\u0131l\u0131 bir durum var.<\/p>\n<p style=\"text-align: justify;\"><strong>\u0130SMA\u0130L K\u00d6SE (Erzurum)<\/strong> &#8211; Say\u0131n Ba\u015fkan\u0131m&#8230;<\/p>\n<p style=\"text-align: justify;\"><strong>BA\u015eKAN &#8211;<\/strong> Evet efendim, buyurun.<\/p>\n<p style=\"text-align: justify;\"><strong>\u0130SMA\u0130L K\u00d6SE (Erzurum) &#8211;<\/strong> De\u011ferli Ba\u015fkan\u0131m, bu Meclis \u00e7al\u0131\u015fmak i\u00e7in bug\u00fcn Dan\u0131\u015fma Kurulunu toplad\u0131. Dan\u0131\u015fma Kurulu karar\u0131n\u0131 Meclisimiz onaylad\u0131. Bir tek c\u00fcmle i\u00e7in, bu Meclis, \u00e7al\u0131\u015fmalar\u0131na ara veremez. Tekrarl\u0131yorum, zat\u0131\u00e2linizin, \u0130\u00e7t\u00fcz\u00fc\u011f\u00fcn 102 nci maddesi de o manada de\u011fildir; \u00f6z\u00fcr diliyorum. Ben, tekrar, zat\u0131\u00e2linize, \u0130\u00e7t\u00fcz\u00fc\u011f\u00fcn de\u011fil, T\u00fcrkiye Cumhuriyeti Devletine duydu\u011funuz hassasiyeti hat\u0131rlatmak istiyorum ve diyorum ki, bir tek c\u00fcmle i\u00e7in bak\u0131n bu kadar zaman\u0131m\u0131z\u0131 alan bu arkada\u015f\u0131m\u0131z\u0131n ve kald\u0131 ki, \u00f6nerge sahibi, kald\u0131 ki, kendi davas\u0131na katk\u0131da bulunma d\u00fc\u015f\u00fcncesinde olan bir insan. Tekrarl\u0131yorum, yani, e\u011fer iyiniyetle verilmi\u015fse bu \u00f6nerge, bu s\u00f6z\u00fc geri almak, kendi onurunu k\u0131rsa dahi -ki k\u0131rmayacakt\u0131r- hatadan d\u00f6nmek fazilettir -partisinin ismini de hat\u0131rlat\u0131yorum- dolay\u0131s\u0131yla, gelip &#8220;ben, b\u00f6yle bir\u015fey s\u00f6yleyemem; ben, T\u00fcrkiye Cumhuriyeti vatanda\u015f\u0131y\u0131m, benim devletimin i\u00e7erisinde Rus ajan\u0131, Rus lobisi olmaz&#8221; dememek i\u00e7in direnmesini, tekrar hat\u0131rlat\u0131yorum De\u011ferli Ba\u015fkan\u0131m.<\/p>\n<p style=\"text-align: justify;\">\u0130ki, oylamay\u0131, kabul edenler, etmeyenler \u015feklinde de\u011fil, Dan\u0131\u015fma Kurulunda da bir mutabakat sa\u011flanm\u0131\u015ft\u0131r, konu\u015fmalar yerini bulmu\u015ftur, maksat h\u00e2s\u0131l olmu\u015ftur, genel g\u00f6r\u00fc\u015fme a\u00e7\u0131lmas\u0131na da l\u00fczum kalmam\u0131\u015ft\u0131r \u015fekliyle, \u00f6ylece kapat\u0131p (FP s\u0131ralar\u0131ndan &#8220;hay\u0131r, hay\u0131r&#8221; sesleri) g\u00fcndemin ikinci k\u0131sm\u0131ndaki kanunlar k\u0131sm\u0131na ge\u00e7ebiliriz. Aksi takdirde -bak\u0131n tekrarl\u0131yorum- oylamay\u0131, kabul edenler, etmeyenler \u015feklinde yapmak de\u011fil&#8230;<\/p>\n<p style=\"text-align: justify;\">Zat\u0131\u00e2linizin \u015fu anda i\u00e7erisinde bulundu\u011fu konum itibariyle arz ediyorum De\u011ferli Ba\u015fkan\u0131m, T\u00fcrkiye Cumhuriyeti Devletinin bir par\u00e7as\u0131 ve bu par\u00e7an\u0131n ba\u015f\u0131nda olan bir insan olarak s\u00f6yl\u00fcyorum, tekrar istirham ediyorum, bizim, Say\u0131n \u015eener&#8217;le \u015fahs\u00ee bir davam\u0131z yok; biz, burada, y\u0131llardan bu yana karde\u015f\u00e7e, omuz omza, beraberce hareket ettik ve bir davan\u0131n beraberce, omuz omza savunucusuyuz, inan\u00e7lar\u0131m\u0131z\u0131n savunucusuyuz, milliyetimizin savunucusuyuz. Kendisinden daha fazla heyecan duymam\u0131z\u0131n dolay\u0131s\u0131yla burada bu meseleyi uzat\u0131yoruz. Onun i\u00e7in, ben, de\u011ferli karde\u015fimizden istirham ediyorum, l\u00fctfen, bu m\u00fcbarek gecede, gelsin karde\u015fimiz desin ki &#8220;bir yanl\u0131\u015f anla\u015f\u0131lma vard\u0131r.&#8221; D\u00fczeltsin \u015funu, bitirelim \u015fu i\u015fi karde\u015fim. Arkas\u0131ndaki arkada\u015flar\u0131m\u0131z da, tahrik etmesin. Bakanl\u0131k yapm\u0131\u015f, T\u00fcrkiye Cumhuriyeti Devletini temsil etmi\u015f; ba\u015fkas\u0131ndan ak\u0131l almaya da ihtiyac\u0131 yoktur, kendi iradesiyle kendi karar\u0131m verme noktas\u0131ndad\u0131r.<\/p>\n<p style=\"text-align: justify;\">Te\u015fekk\u00fcr ediyorum. (FP s\u0131ralar\u0131ndan g\u00fcr\u00fclt\u00fcler)<\/p>\n<p style=\"text-align: justify;\"><strong>BA\u015eKAN &#8211; <\/strong>Efendim, m\u00fcsaade eder misiniz&#8230;<br \/>\n<strong><\/strong><\/p>\n<p style=\"text-align: justify;\"><strong>AHMET \u0130Y\u00ceMAYA (Amasya) &#8211;<\/strong> Say\u0131n Ba\u015fkan, i\u015flem yap\u0131n, konu\u015fmay\u0131n. Kapatacaksan\u0131z kapat\u0131n, oylayacaksan\u0131z oylay\u0131n; k\u00fcrs\u00fcn\u00fcn hakk\u0131n\u0131 verin.<\/p>\n<p style=\"text-align: justify;\"><strong>BA\u015eKAN &#8211; <\/strong>Say\u0131n milletvekilleri, \u00f6ng\u00f6r\u00fc\u015fmeyle ilgili m\u00fczakereler bitmi\u015ftir. M\u00fcsaade ederseniz&#8230;<\/p>\n<p style=\"text-align: justify;\"><strong>AHMET \u0130Y\u0130MAYA (Amasya) &#8211;<\/strong> Ne m\u00fcsaadesi&#8230; Gerekeni yap\u0131n.<\/p>\n<p style=\"text-align: justify;\"><strong>BA\u015eKAN &#8211; <\/strong>Efendim, bana da m\u00fcsaade edin l\u00fctfen&#8230;<\/p>\n<p style=\"text-align: justify;\"><strong>MUSTAFA BA\u015e (\u0130stanbul) &#8211; <\/strong>Gerekeni yap\u0131n&#8230;<\/p>\n<p style=\"text-align: justify;\"><strong>BA\u015eKAN &#8211; <\/strong>M\u00fcsaade ederseniz, Say\u0131n \u015eener&#8217;in kendisine soruyorum. (DSP ve MHP s\u0131ralar\u0131ndan g\u00fcr\u00fclt\u00fcler) Siz, bir teklifte bulundunuz&#8230; Konu\u015fmay\u0131 arzu edip etmedi\u011fini soruyorum&#8230; (DSP ve MHP s\u0131ralar\u0131ndan g\u00fcr\u00fclt\u00fcler) Efendim, kendisine soruyorum. Konu\u015fmay\u0131 arzu ediyor musunuz?<\/p>\n<p style=\"text-align: justify;\"><strong>ABD\u00dcLLAT\u0130F \u015eENER (Sivas) &#8211;<\/strong> Say\u0131n Ba\u015fkan&#8230;<\/p>\n<p style=\"text-align: justify;\"><strong>\u00d6MER \u0130ZG\u0130 (Konya) &#8211;<\/strong> Say\u0131n \u015eener&#8230;<\/p>\n<p style=\"text-align: justify;\"><strong>BA\u015eKAN &#8211; <\/strong>Efendim, bir \u015fekilde bunu \u00e7\u00f6zelim istiyorum. \u00c7al\u0131\u015fmaya devam edebilmemiz, geldi, sizin bir par\u00e7a suhulet g\u00f6stermenize ba\u011fland\u0131.<\/p>\n<p style=\"text-align: justify;\"><strong>ABD\u00dcLLAT\u0130F \u015eENER (Sivas) <\/strong>&#8211; Say\u0131n Ba\u015fkan, yerimden bir iki c\u00fcmle s\u00f6yleyebilirim.<\/p>\n<p style=\"text-align: justify;\"><strong>BA\u015eKAN &#8211; <\/strong>Bunu, arkada\u015flar\u0131m\u0131z\u0131&#8230;<\/p>\n<p style=\"text-align: justify;\">\u015eimdi, l\u00fctfen&#8230; Ama, yeni bir tart\u0131\u015fmaya sebebiyet vermeyelim. L\u00fctfen, \u015fu&#8230; Bak\u0131n, nas\u0131l oylayaca\u011f\u0131m\u0131 da s\u00f6yleyeyim: K\u0131br\u0131s&#8217;ta yapt\u0131\u011f\u0131m\u0131z gibi oylayaca\u011f\u0131m. G\u00f6r\u00fc\u015fmelerde mesele anla\u015f\u0131lm\u0131\u015ft\u0131r, tavazzuh etmi\u015ftir, genel g\u00f6r\u00fc\u015fme a\u00e7\u0131lmas\u0131na da hacet yoktur \u015feklinde oylamay\u0131 arzu ederim; \u00e7\u00fcnk\u00fc, genel g\u00f6r\u00fc\u015fmede de bunlar\u0131 konu\u015faca\u011f\u0131z ve bir daha da bunlar\u0131 konu\u015fmayal\u0131m. Siz, bize yard\u0131mc\u0131 olur musunuz l\u00fctfen.<\/p>\n<p style=\"text-align: justify;\">Buyurun.<\/p>\n<p style=\"text-align: justify;\"><strong>ABD\u00dcLLAT\u0130F \u015eENER (Sivas) &#8211; <\/strong>Say\u0131n Ba\u015fkan&#8230;<br \/>\n<strong><\/strong><\/p>\n<p style=\"text-align: justify;\"><strong>A. TURAN B\u0130LGE (Konya) &#8211; <\/strong>Tesir etmeyin&#8230;<br \/>\n<strong><\/strong><\/p>\n<p style=\"text-align: justify;\"><strong>ABD\u00dcLLAT\u0130F \u015eENER (Sivas) &#8211;<\/strong> Ne s\u00f6yledim?<br \/>\n<strong><\/strong><\/p>\n<p style=\"text-align: justify;\"><strong>A. TURAN B\u0130LGE (Konya) &#8211;<\/strong> Size de\u011fil&#8230; Sizi rahat b\u0131rakmalar\u0131n\u0131&#8230;<br \/>\n<strong><\/strong><\/p>\n<p style=\"text-align: justify;\"><strong>BA\u015eKAN &#8211;<\/strong> Efendim, birbirimize konu\u015fmayal\u0131m&#8230; Zaten, vakit bir hayli ge\u00e7 oldu.<\/p>\n<p style=\"text-align: justify;\">Buyurun.<br \/>\n<strong><\/strong><\/p>\n<p style=\"text-align: justify;\"><strong>ABD\u00dcLLAT\u0130F \u015eENER (Sivas) <\/strong>&#8211; Say\u0131n Ba\u015fkan, s\u00f6yledi\u011fim c\u00fcmlelerde, arkada\u015flar\u0131m\u0131z\u0131n takdim etmeye \u00e7al\u0131\u015ft\u0131\u011f\u0131 abart\u0131l\u0131, kapsaml\u0131 bir anlam yoktur. Ne s\u00f6yledi\u011fimi a\u00e7\u0131klamaya \u00e7al\u0131\u015fan, k\u00fcrs\u00fcye \u00e7\u0131kan veya yerinden konu\u015fan arkada\u015flar\u0131m\u0131z, s\u00fcrekli, \u00f6zenle se\u00e7ilmi\u015f bir c\u00fcmleyi, ifade etmedi\u011fi manalarla \u00f6r\u00fcl\u00fc olarak takdim etmektedirler. Dolay\u0131s\u0131yla, ilgili gruplara mensup milletvekilleri de, kendi grup ba\u015fkanvekillerinin veya s\u00f6zc\u00fclerinin abart\u0131l\u0131 ifadeleri kar\u015f\u0131s\u0131nda, benim \u00f6yle bir \u015fey s\u00f6yledi\u011fim \u015feklinde, a\u015f\u0131r\u0131 tepkiler g\u00f6stermektedirler. S\u00f6yledi\u011fim c\u00fcmle bana ait de\u011filtir, bir k\u00f6\u015fe yazar\u0131na aittir, bir ay \u00f6nce yay\u0131mlanm\u0131\u015ft\u0131r&#8230;<\/p>\n<p style=\"text-align: justify;\"><strong>BA\u015eKAN &#8211; <\/strong>Yani, siz kastetmediniz&#8230;<\/p>\n<p style=\"text-align: justify;\"><strong>ABD\u00dcLLAT\u0130F \u015eENER (Sivas)<\/strong> &#8211; &#8230;kimse tepki g\u00f6stermemi\u015ftir; bir. \u0130kincisi, c\u00fcmle \u00f6zenle se\u00e7ilmi\u015ftir. &#8220;\u00c2deta&#8221; kelimesi \u00f6zenle kullan\u0131lm\u0131\u015ft\u0131r c\u00fcmle i\u00e7erisinde ve halk aras\u0131nda ifade etti\u011fimiz pek \u00e7ok c\u00fcmlede de bunu kulland\u0131\u011f\u0131m\u0131z zaman, anlam\u0131n ne oldu\u011fu tekrar tezekk\u00fcr edilir. &#8220;\u00c2deta, g\u00f6kten ba\u015f\u0131m\u0131za ta\u015f ya\u011f\u0131yor&#8221; dedi\u011fimiz zaman, g\u00f6kten ba\u015f\u0131m\u0131za ta\u015f m\u0131 ya\u011f\u0131yor?! Ben ne s\u00f6yledi\u011fimi biliyorum; fakat, arkada\u015flar\u0131m\u0131z\u0131n abart\u0131l\u0131 anlamlar\u0131 o c\u00fcmlede yoktur, \u00f6zenle se\u00e7ilmi\u015f bir c\u00fcmledir.<\/p>\n<p style=\"text-align: justify;\">Arz ederim.<\/p>\n<p style=\"text-align: justify;\"><strong>BA\u015eKAN &#8211; <\/strong>Efendim, o c\u00fcmlede o anlam\u0131n olmad\u0131\u011f\u0131n\u0131 izah ettiler. L\u00fctfen, daha fazla \u0131srar etmeyelim.<\/p>\n<p style=\"text-align: justify;\">Say\u0131n milletvekilleri, \u015fimdi, bak\u0131n, arkada\u015flar&#8230;<\/p>\n<p style=\"text-align: justify;\"><strong>ED\u0130P \u00d6ZGEN\u00c7 (\u0130\u00e7el) &#8211;<\/strong> B\u00f6yle bir hakk\u0131 var m\u0131 efendim?!<\/p>\n<p style=\"text-align: justify;\"><strong>Y\u00dcCEL ERDENER (\u0130stanbul) &#8211; <\/strong>S\u00f6z\u00fcm\u00fc geri ald\u0131m demiyor.<\/p>\n<p style=\"text-align: justify;\"><strong>BA\u015eKAN &#8211; <\/strong>Say\u0131n milletvekilleri, mesele yeterince tart\u0131\u015f\u0131lm\u0131\u015ft\u0131r. Bundan sonra, genel g\u00f6r\u00fc\u015fme a\u00e7\u0131lmas\u0131nda, tekrar can s\u0131k\u0131c\u0131 hususlar olabilir. Binaenaleyh, m\u00fcsaade ederseniz, \u015f\u00f6yle oylamay\u0131 d\u00fc\u015f\u00fcn\u00fcyorum: Aynen, K\u0131br\u0131s meselesinde yapt\u0131\u011f\u0131m\u0131z gibi&#8230; Ke\u015fke, bir metinde ula\u015fabilseydik&#8230;<\/p>\n<p style=\"text-align: justify;\"><strong>\u00d6MER \u0130ZG\u0130 (Konya) &#8211; <\/strong>Metin haz\u0131r.<br \/>\n<strong><\/strong><\/p>\n<p style=\"text-align: justify;\"><strong>BA\u015eKAN &#8211;<\/strong> Metin var m\u0131 elimizde?<br \/>\n<strong><\/strong><\/p>\n<p style=\"text-align: justify;\"><strong>\u0130SMA\u0130L K\u00d6SE (Erzurum)<\/strong> &#8211; Metin var efendim. Say\u0131n Ba\u015fkan\u0131m, \u00e7al\u0131\u015fmalar\u0131m\u0131za devam ederken metin gelecektir, hep beraber anla\u015faca\u011f\u0131m\u0131z bir metin gelecektir.<br \/>\n<strong><\/strong><\/p>\n<p style=\"text-align: justify;\"><strong>BA\u015eKAN &#8211;<\/strong> O zaman, grup ba\u015fkanvekilleri bir metin \u00fczerinde anla\u015fmay\u0131 d\u00fc\u015f\u00fcn\u00fcyor mu?<br \/>\n<strong><\/strong><\/p>\n<p style=\"text-align: justify;\"><strong>TURHAN G\u00dcVEN (\u0130\u00e7el)<\/strong> &#8211; Evet, d\u00fc\u015f\u00fcn\u00fcyoruz.<br \/>\n<strong><\/strong><\/p>\n<p style=\"text-align: justify;\"><strong>ZEK\u0130 \u00c7AKAN (Bart\u0131n)<\/strong> &#8211; D\u00fc\u015f\u00fcn\u00fcyoruz.<br \/>\n<strong><\/strong><\/p>\n<p style=\"text-align: justify;\"><strong>BA\u015eKAN <\/strong>&#8211; O halde, bir metin \u00fczerinde anla\u015fmak kayd\u0131yla, g\u00f6r\u00fc\u015fmelerin yeterli oldu\u011funu uygun g\u00f6renler i\u015faret etsinler&#8230; Uygun g\u00f6rmeyenler&#8230; Uygun g\u00f6r\u00fclm\u00fc\u015ft\u00fcr.<\/p>\n<p style=\"text-align: justify;\">Hepinize, son oylamada g\u00f6sterdi\u011finiz anlay\u0131\u015ftan dolay\u0131 te\u015fekk\u00fcr ederim.<\/p>\n<p><em>TBMM Tutanak Dergisi- 14.12.1999 \u2013 Birle\u015fim:33 \u2013 Cilt:19 \u2013 Sayfa: 265-319<\/em><\/p>\n<p><span style=\"color: #000000;\"><strong>\u00a9Waynakh Online<\/strong><\/span><\/p>\n<p><span style=\"color: #ff0000;\">YASAL UYARI<\/span><br \/>\n<em>Sitede yer alan materyallerin t\u00fcm haklar\u0131 Waynakh Online\u2019a aittir.  Bu materyaller (haberden\/makaleden\/terc\u00fcme eserden sadece al\u0131nt\u0131 yap\u0131lsa  dahi) ancak kaynak g\u00f6sterilerek ve aktif link verilerek kullan\u0131labilir.<\/em><\/p>\n","protected":false},"excerpt":{"rendered":"<p>T\u00fcrkiye  B\u00fcy\u00fck Millet Meclisi 21.D\u00f6nem\u2019de (18 Nisan 1999 \u2013 14 Kas\u0131m 2002) g\u00f6rev  yapm\u0131\u015f Fazilet Partisi Grup Ba\u015fkanvekili ve Sivas Milletvekili  Abd\u00fcllatif \u015eener&#8217;in \u00c7e\u00e7enistan ve Kuzey Kafkasya&#8217;ya y\u00f6nelik izlenen  d\u0131\u015fpolitika konusunda &#8230;<\/p>\n","protected":false},"author":3,"featured_media":0,"comment_status":"open","ping_status":"open","sticky":false,"template":"","format":"standard","meta":{"ngg_post_thumbnail":0,"footnotes":""},"categories":[2623],"tags":[],"views":4809,"_links":{"self":[{"href":"https:\/\/www.waynakh.com\/tr\/wp-json\/wp\/v2\/posts\/12412"}],"collection":[{"href":"https:\/\/www.waynakh.com\/tr\/wp-json\/wp\/v2\/posts"}],"about":[{"href":"https:\/\/www.waynakh.com\/tr\/wp-json\/wp\/v2\/types\/post"}],"author":[{"embeddable":true,"href":"https:\/\/www.waynakh.com\/tr\/wp-json\/wp\/v2\/users\/3"}],"replies":[{"embeddable":true,"href":"https:\/\/www.waynakh.com\/tr\/wp-json\/wp\/v2\/comments?post=12412"}],"version-history":[{"count":9,"href":"https:\/\/www.waynakh.com\/tr\/wp-json\/wp\/v2\/posts\/12412\/revisions"}],"predecessor-version":[{"id":12422,"href":"https:\/\/www.waynakh.com\/tr\/wp-json\/wp\/v2\/posts\/12412\/revisions\/12422"}],"wp:attachment":[{"href":"https:\/\/www.waynakh.com\/tr\/wp-json\/wp\/v2\/media?parent=12412"}],"wp:term":[{"taxonomy":"category","embeddable":true,"href":"https:\/\/www.waynakh.com\/tr\/wp-json\/wp\/v2\/categories?post=12412"},{"taxonomy":"post_tag","embeddable":true,"href":"https:\/\/www.waynakh.com\/tr\/wp-json\/wp\/v2\/tags?post=12412"}],"curies":[{"name":"wp","href":"https:\/\/api.w.org\/{rel}","templated":true}]}}