{"id":12790,"date":"2013-02-25T16:45:34","date_gmt":"2013-02-25T13:45:34","guid":{"rendered":"http:\/\/www.waynakh.com\/tr\/?p=12790"},"modified":"2013-02-25T16:45:34","modified_gmt":"2013-02-25T13:45:34","slug":"1944-surgunu-dunyanin-dort-bir-yaninda-anildi","status":"publish","type":"post","link":"https:\/\/www.waynakh.com\/tr\/2013\/02\/1944-surgunu-dunyanin-dort-bir-yaninda-anildi\/","title":{"rendered":"1944 S\u00fcrg\u00fcn\u00fc D\u00fcnyan\u0131n D\u00f6rt Bir Yan\u0131nda An\u0131ld\u0131"},"content":{"rendered":"<p style=\"text-align: justify;\">23 \u015eubat, Stalin&#8217;in emri ile t\u00fcm \u00c7e\u00e7en-\u0130ngu\u015f halk\u0131n\u0131n Orta Asya ve Sibirya&#8217;ya s\u00fcrg\u00fcne g\u00f6nderili\u015finin 69.y\u0131ld\u00f6n\u00fcm\u00fcyd\u00fc. Waynakhlar ve dostlar\u0131 da bu ac\u0131 g\u00fcnleri anmak ve protesto etmek i\u00e7in d\u00fcnyan\u0131n d\u00f6rt bir yan\u0131nda biraraya geldiler.<!--more--><\/p>\n<p style=\"text-align: justify;\"><strong>Bel\u00e7ika:<\/strong> WEYDU, EUINGUSH ve di\u011fer baz\u0131 sivil diaspora organizasyonlar\u0131 Hamme kentinde bir anma program\u0131 tertip etti. Bel\u00e7ika&#8217;n\u0131n de\u011fi\u015fik kentlerinden yakla\u015f\u0131k 150 \u00c7e\u00e7en ve \u0130ngu\u015f programa kat\u0131ld\u0131. Anma program\u0131 geleneksel mevl\u00fct ve zikir ile ba\u015flad\u0131 ve ard\u0131ndan da s\u00fcrg\u00fcn ile ilgili \u00e7e\u015fitli sunumlar yap\u0131ld\u0131.<\/p>\n<p style=\"text-align: justify;\"><strong>\u00c7e\u00e7en Cumhuriyeti \u0130\u00e7kerya:<\/strong> Rus i\u015fgali alt\u0131ndaki anavatan\u0131m\u0131zda kurulan Moskova destekli rejimin 23 \u015eubat 1944 S\u00fcrg\u00fcn\u00fc&#8217;n\u00fc anmay\u0131 yasaklamas\u0131 nedeniyle insanlar mezarl\u0131klarda, k\u00fc\u00e7\u00fck k\u00f6y camilerinde ve evlerinde biraraya gelerek Sovyet rejiminin ve g\u00fcn\u00fcm\u00fcz Rusyas\u0131&#8217;n\u0131n kurbanlar\u0131 i\u00e7in dualar ettiler.<\/p>\n<p style=\"text-align: justify;\"><strong>Fransa:<\/strong> Paris merkezinde bir protesto g\u00f6sterisi organize edildi. Protestoya yakla\u015f\u0131k 50 \u00c7e\u00e7en ve Frans\u0131z i\u015ftirak etti. G\u00f6stericiler, \u00c7e\u00e7en Cumhuriyeti \u0130\u00e7kerya bayraklar\u0131 ve s\u00fcrg\u00fcn hakk\u0131nda bilgiler i\u00e7eren d\u00f6vizler ta\u015f\u0131d\u0131lar. Ya\u015fl\u0131 \u00c7e\u00e7enler protesto alan\u0131nda 1944 s\u00fcrg\u00fcn\u00fc ve \u00c7e\u00e7en Cumhuriyeti \u0130\u00e7kerya&#8217;da s\u00fcregelen kanl\u0131 Rus i\u015fgali hakk\u0131nda konu\u015fmalar yapt\u0131lar. Etkinlik sonunda hayat\u0131n\u0131 kaybedenler i\u00e7in dualar okundu.<\/p>\n<p style=\"text-align: justify;\"><strong>Finlandiya:<\/strong> \u00c7e\u00e7en K\u00fclt\u00fcr Merkezi:Waynakh ve Vainakh Halklar\u0131 Birli\u011fi organizasyonlar\u0131 ba\u015fkent Helsinki merkezinde bir protesto g\u00f6sterisi d\u00fczenledi. Protestoya 20 kadar \u00c7e\u00e7en, \u0130ngu\u015f, G\u00fcrc\u00fc ve Fin vatanda\u015f\u0131 i\u015ftirak etti. G\u00f6stericiler, \u00c7e\u00e7en Cumhuriyeti \u0130\u00e7kerya bayraklar\u0131 ile s\u00fcrg\u00fcn ve anavatanda devam eden Rus i\u015fgali hakk\u0131nda bilgiler i\u00e7eren d\u00f6vizler ta\u015f\u0131d\u0131lar.<\/p>\n<p style=\"text-align: justify;\"><strong>G\u00fcrcistan:<\/strong> \u0130ngu\u015f-G\u00fcrc\u00fc Toplulu\u011fu &#8216;Prometheus&#8217;, ba\u015fkent Tiflis&#8217;te bir anma program\u0131 organize etti. Etkinlikte s\u00fcrg\u00fcn hakk\u0131nda haz\u0131rlanm\u0131\u015f k\u0131sa bir belgesel filmin g\u00f6sterimi yap\u0131ld\u0131 ve \u00e7e\u015fitli konuklar konu\u015ftu. \u00d6te yandan, 22 \u015eubat g\u00fcn\u00fc ise Devlet Ba\u015fkan\u0131 Mikheil Saaka\u015fvili&#8217;nin k\u0131sa bir s\u00fcre \u00f6nce yap\u0131lan se\u00e7imlerde muhalefete d\u00fc\u015fen partisinden (Birle\u015fik Ulusal Hareket Partisi) baz\u0131 milletvekilleri, 23 \u015eubat tarihinin t\u00fcm \u00c7e\u00e7en-\u0130ngu\u015f halk\u0131n\u0131n s\u00fcrg\u00fcn edildi\u011fi g\u00fcn oldu\u011funu a\u00e7\u0131klayarak meclise bir yasa tasar\u0131s\u0131 sundu. Ancak ilgin\u00e7 bir \u015fekilde yasa tasar\u0131s\u0131nda, 1944 tarihinde ya\u015fan\u0131lanlar\u0131 &#8216;soyk\u0131r\u0131m&#8217; olarak kabul etmek yerine, &#8216;Kafkasya Halklar\u0131 ile Dayan\u0131\u015fma G\u00fcn\u00fc&#8217; olarak tan\u0131nmas\u0131n\u0131 istediler. Konu hen\u00fcz parlamentoda g\u00f6r\u00fc\u015f\u00fclmedi.<\/p>\n<p style=\"text-align: justify;\"><strong>\u00dcrd\u00fcn:<\/strong> Y\u00fczlerce \u00c7e\u00e7en diasporas\u0131 mensubu Amman&#8217;daki Rus Konsoloslu\u011fu \u00f6n\u00fcnde <a href=\"http:\/\/youtu.be\/gq4THg8-Yy0\" target=\"_blank\">topland\u0131<\/a>. Kat\u0131l\u0131mc\u0131lar, Rusya&#8217;n\u0131n \u00c7e\u00e7en-\u0130ngu\u015f halk\u0131na y\u00f6nelik politikalar\u0131n\u0131 protesto etti. G\u00f6stericiler, \u00c7e\u00e7en Cumhuriyeti \u0130\u00e7kerya bayraklar\u0131 i\u015fe s\u00fcrg\u00fcn ve devam eden i\u015fgal ile ilgili d\u00f6vizler ta\u015f\u0131d\u0131.<\/p>\n<p style=\"text-align: justify;\"><strong>\u0130ngu\u015fetya:<\/strong> Sovyet rejiminin kurbanlar\u0131n\u0131 anmak ve onlara dua etmek \u00fczere camiler ve mezarl\u0131klarda topland\u0131lar.<\/p>\n<p style=\"text-align: justify;\"><strong>Litvanya:<\/strong> 22 \u015eubat g\u00fcn\u00fc ba\u015fkent Vilnius&#8217;taki Avrupa Enformasyon Merkezi&#8217;nde uluslararas\u0131 bir panel organize edildi. Etkinlik, Litvanya Parlamentosu&#8217;nun \u00c7e\u00e7en Cumhuriyeti \u0130\u00e7kerya ile \u0130li\u015fkiler Grubu ve \u00c7e\u00e7enya \u0130\u00e7in Uluslararas\u0131 Parlamenterler Grubu taraf\u0131ndan organize edildi. Panele, Litvanya, Letonya, Estonya ve Ukrayna&#8217;dan milletvekilleri, siyasi parti temsilcileri, yan\u0131 s\u0131ra Litvanya&#8217;daki sivil toplum \u00f6rg\u00fctlerinin temsilcileri kat\u0131ld\u0131. \u00c7e\u00e7en tarih\u00e7i Said Khassan Abumuslimov ve \u00c7e\u00e7en Cumhuriyeti \u0130\u00e7kerya Balt\u0131k \u00dclkeleri Temsilcisi Aminat Saieva&#8217;da kat\u0131l\u0131mc\u0131lar aras\u0131ndayd\u0131. Panelde, 1944 s\u00fcrg\u00fcn\u00fcn\u00fcn yan\u0131 s\u0131ra \u00c7e\u00e7enya&#8217;daki g\u00fcncel durum ele al\u0131nd\u0131.<\/p>\n<p style=\"text-align: justify;\"><strong>Norve\u00e7:<\/strong> Norve\u00e7 \u00c7e\u00e7en diasporas\u0131 ba\u015fkent Oslo&#8217;da Norve\u00e7 Parlamentosu binas\u0131 \u00f6n\u00fcnde bir protesto g\u00f6sterisi d\u00fczenledi. G\u00f6stericiler \u00c7e\u00e7en Cumhuriyeti \u0130\u00e7kerya bayraklar\u0131 ta\u015f\u0131d\u0131lar. G\u00f6steri sonunda s\u00fcrg\u00fcn ve sava\u015f\u0131n kurbanlar\u0131 i\u00e7in dualar okunurken, 1944 S\u00fcrg\u00fcn\u00fc&#8217;n\u00fcn parlamento taraf\u0131ndan &#8220;soyk\u0131r\u0131m&#8221; olarak tan\u0131nmas\u0131 i\u00e7in haz\u0131rlan\u0131lan mektup iletildi.<\/p>\n<p style=\"text-align: justify;\"><strong>T\u00fcrkiye:<\/strong> 22 \u015eubat g\u00fcn\u00fc, \u0130stanbul&#8217;un \u015ei\u015fli il\u00e7esinde, DS\u0130P taraf\u0131ndan &#8220;69.Y\u0131l\u0131nda \u00c7e\u00e7en Soyk\u0131r\u0131m\u0131 ve Rusya&#8217;n\u0131n Kafkasya Politikalar\u0131&#8221; adl\u0131 bir panel organize edildi. Panelde, Sivasl\u0131 \u00c7e\u00e7enlerden Abd\u00fclkadir Polat konu\u015fmac\u0131 olarak yer ald\u0131. 23 \u015eubat g\u00fcn\u00fc ise \u00e7e\u015fitli diaspora organizasyonlar\u0131 taraf\u0131ndan \u0130stanbul&#8217;un Kad\u0131k\u00f6y il\u00e7esinde bir anma program\u0131 d\u00fczenlendi. \u00c7e\u00e7en Cumhuriyeti \u0130\u00e7kerya Cumhuriyeti T\u00fcrkiye Fahri Konsolosu Medet \u00dcnl\u00fc etkinlikte konu\u015fmac\u0131 olarak yer ald\u0131.<\/p>\n<p style=\"text-align: justify;\"><span style=\"color: #000000;\"><strong>\u00a9Waynakh Online<\/strong><\/span><\/p>\n<p style=\"text-align: justify;\"><span style=\"color: #ff0000;\">YASAL UYARI<\/span><br \/>\n<em>Sitede yer alan materyallerin t\u00fcm haklar\u0131 Waynakh Online\u2019a aittir. Bu materyaller (haberden\/makaleden\/terc\u00fcme eserden sadece al\u0131nt\u0131 yap\u0131lsa dahi) ancak kaynak g\u00f6sterilerek ve aktif link verilerek kullan\u0131labilir.<\/em><\/p>\n","protected":false},"excerpt":{"rendered":"<p>23 \u015eubat, Stalin&#8217;in emri ile t\u00fcm \u00c7e\u00e7en-\u0130ngu\u015f halk\u0131n\u0131n Orta Asya ve Sibirya&#8217;ya s\u00fcrg\u00fcne g\u00f6nderili\u015finin 69.y\u0131ld\u00f6n\u00fcm\u00fcyd\u00fc. Waynakhlar ve dostlar\u0131 da bu ac\u0131 g\u00fcnleri anmak ve protesto etmek i\u00e7in d\u00fcnyan\u0131n d\u00f6rt bir yan\u0131nda biraraya geldiler.<\/p>\n","protected":false},"author":3,"featured_media":0,"comment_status":"open","ping_status":"open","sticky":false,"template":"","format":"standard","meta":{"ngg_post_thumbnail":0,"footnotes":""},"categories":[1],"tags":[],"views":3317,"_links":{"self":[{"href":"https:\/\/www.waynakh.com\/tr\/wp-json\/wp\/v2\/posts\/12790"}],"collection":[{"href":"https:\/\/www.waynakh.com\/tr\/wp-json\/wp\/v2\/posts"}],"about":[{"href":"https:\/\/www.waynakh.com\/tr\/wp-json\/wp\/v2\/types\/post"}],"author":[{"embeddable":true,"href":"https:\/\/www.waynakh.com\/tr\/wp-json\/wp\/v2\/users\/3"}],"replies":[{"embeddable":true,"href":"https:\/\/www.waynakh.com\/tr\/wp-json\/wp\/v2\/comments?post=12790"}],"version-history":[{"count":2,"href":"https:\/\/www.waynakh.com\/tr\/wp-json\/wp\/v2\/posts\/12790\/revisions"}],"predecessor-version":[{"id":12793,"href":"https:\/\/www.waynakh.com\/tr\/wp-json\/wp\/v2\/posts\/12790\/revisions\/12793"}],"wp:attachment":[{"href":"https:\/\/www.waynakh.com\/tr\/wp-json\/wp\/v2\/media?parent=12790"}],"wp:term":[{"taxonomy":"category","embeddable":true,"href":"https:\/\/www.waynakh.com\/tr\/wp-json\/wp\/v2\/categories?post=12790"},{"taxonomy":"post_tag","embeddable":true,"href":"https:\/\/www.waynakh.com\/tr\/wp-json\/wp\/v2\/tags?post=12790"}],"curies":[{"name":"wp","href":"https:\/\/api.w.org\/{rel}","templated":true}]}}