{"id":1284,"date":"2006-12-22T14:53:42","date_gmt":"2006-12-22T12:53:42","guid":{"rendered":"http:\/\/www.zelimhan.com\/?p=133"},"modified":"2006-12-22T14:53:42","modified_gmt":"2006-12-22T12:53:42","slug":"resim-sergisi","status":"publish","type":"post","link":"https:\/\/www.waynakh.com\/tr\/2006\/12\/resim-sergisi\/","title":{"rendered":"Resim Sergisi"},"content":{"rendered":"<p class=\"MsoNormal\" align=\"justify\"><a href=\"http:\/\/www.zelimhan.com\/wp-content\/uploads\/2008\/11\/resim-sergisi-faruk-cimok.jpg\"><\/a>\u00dcnl\u00fc \u00c7erkes Ressam Faruk Cimok&#8217; un &#8220;\u0130stanbul Resimleri&#8221; ad\u0131n\u0131 ta\u015f\u0131yan yeni resim sergisi 20 Aral\u0131k 2006&#8242; da \u0130stanbul Taksim&#8217; deki Derinlikler Art Sanat Merkezi&#8217; nde a\u00e7\u0131ld\u0131. Sergi 15 Ocak 2007&#8242; ye kadar saat 17.00 &#8211; 20.00 saatleri aras\u0131nda ziyaret\u00e7ilere a\u00e7\u0131k olacak.<!--more-->Sanat\u00e7\u0131, \u0130stanbul&#8217; dan \u00e7e\u015fitli resimleri ve kent-insan ili\u015fkisini trajikomik ele\u015ftirel bir bak\u0131\u015f a\u00e7\u0131s\u0131yla tuvallerine yans\u0131tt\u0131\u011f\u0131 \u00e7al\u0131\u015fmalar\u0131n\u0131 ge\u00e7ti\u011fimiz y\u0131l Ortak\u00f6y Sanat Galerisi&#8217; nde sergilemi\u015fti.<\/p>\n<p align=\"justify\">\u00a0Serginin a\u00e7\u0131k adresi ise:<\/p>\n<p align=\"justify\">S\u0131raselviler Cd. Me\u015felik Sk. Hrisovergi Apt. No:36\/4 Taksim\/\u0130stanbul<\/p>\n<p align=\"justify\">Ayr\u0131nt\u0131l\u0131 bilgi i\u00e7in telefon:\u00a00212\u00a0249\u00a066\u00a030\u00a0<\/p>\n<p align=\"justify\"><strong>Faruk Cimok Kimdir?\u00a0<\/strong><\/p>\n<p align=\"justify\">Babas\u0131 Cemuguy annesi \u015eaps\u0131\u011fh boyundan olan Cimok, 1956 y\u0131l\u0131nda Reyhanl\u0131&#8217; da d\u00fcnyaya geldi. 1979 y\u0131l\u0131nda Devlet G\u00fczel Sanatlar Akademisi&#8217; nden mezun oldu. \u00c7al\u0131\u015fmalar\u0131n\u0131 \u0130stanbul Ni\u015fanta\u015f\u0131&#8217; ndaki at\u00f6lyesinde s\u00fcrd\u00fcr\u00fcyor. Fig\u00fcratif resimleri ile T\u00fcrk resminde \u00f6nemli bir yer te\u015fkil eder.<\/p>\n","protected":false},"excerpt":{"rendered":"<p>\u00dcnl\u00fc \u00c7erkes Ressam Faruk Cimok&#8217; un &#8220;\u0130stanbul Resimleri&#8221; ad\u0131n\u0131 ta\u015f\u0131yan yeni resim sergisi 20 Aral\u0131k 2006&#8242; da \u0130stanbul Taksim&#8217; deki Derinlikler Art Sanat Merkezi&#8217; nde a\u00e7\u0131ld\u0131. Sergi 15 Ocak 2007&#8242; ye kadar saat 17.00 &#8211; &#8230;<\/p>\n","protected":false},"author":1,"featured_media":0,"comment_status":"open","ping_status":"open","sticky":false,"template":"","format":"standard","meta":{"ngg_post_thumbnail":0,"footnotes":""},"categories":[1],"tags":[],"views":4256,"_links":{"self":[{"href":"https:\/\/www.waynakh.com\/tr\/wp-json\/wp\/v2\/posts\/1284"}],"collection":[{"href":"https:\/\/www.waynakh.com\/tr\/wp-json\/wp\/v2\/posts"}],"about":[{"href":"https:\/\/www.waynakh.com\/tr\/wp-json\/wp\/v2\/types\/post"}],"author":[{"embeddable":true,"href":"https:\/\/www.waynakh.com\/tr\/wp-json\/wp\/v2\/users\/1"}],"replies":[{"embeddable":true,"href":"https:\/\/www.waynakh.com\/tr\/wp-json\/wp\/v2\/comments?post=1284"}],"version-history":[{"count":0,"href":"https:\/\/www.waynakh.com\/tr\/wp-json\/wp\/v2\/posts\/1284\/revisions"}],"wp:attachment":[{"href":"https:\/\/www.waynakh.com\/tr\/wp-json\/wp\/v2\/media?parent=1284"}],"wp:term":[{"taxonomy":"category","embeddable":true,"href":"https:\/\/www.waynakh.com\/tr\/wp-json\/wp\/v2\/categories?post=1284"},{"taxonomy":"post_tag","embeddable":true,"href":"https:\/\/www.waynakh.com\/tr\/wp-json\/wp\/v2\/tags?post=1284"}],"curies":[{"name":"wp","href":"https:\/\/api.w.org\/{rel}","templated":true}]}}