{"id":12988,"date":"2013-04-30T10:53:30","date_gmt":"2013-04-30T07:53:30","guid":{"rendered":"http:\/\/www.waynakh.com\/tr\/?p=12988"},"modified":"2013-04-30T11:05:38","modified_gmt":"2013-04-30T08:05:38","slug":"avusturyadaki-cecenler-boston-olaylarindan-sonra-endiseli","status":"publish","type":"post","link":"https:\/\/www.waynakh.com\/tr\/2013\/04\/avusturyadaki-cecenler-boston-olaylarindan-sonra-endiseli\/","title":{"rendered":"Avusturya&#8217;daki \u00c7e\u00e7enler Boston Olaylar\u0131ndan Sonra Endi\u015feli"},"content":{"rendered":"<p style=\"text-align: justify;\">Avrupa&#8217;daki en b\u00fcy\u00fck \u00c7e\u00e7en diasporas\u0131 Avusturya&#8217;da yer al\u0131yor ve bu diaspora sakinleri, Boston&#8217;daki sald\u0131r\u0131lar\u0131n ard\u0131ndan \u015f\u00fcphelilerin etnik kimliklerinin \u00c7e\u00e7en oldu\u011funun ortaya \u00e7\u0131kmas\u0131yla birlikte kendilerini <a href=\"http:\/\/kurier.at\/chronik\/die-tschetschenen-sind-fremd-hier-und-menschen-haben-angst-vor-fremden\/10.648.336\" target=\"_blank\">g\u00fcvende hissetmiyor<\/a>.<!--more--><\/p>\n<p style=\"text-align: justify;\">Bug\u00fcn, Avusturya&#8217;da yakla\u015f\u0131k 26 bin \u00c7e\u00e7en ikamet ediyor. \u015eimdiye kadar Avusturyal\u0131lardan herhangi bir k\u00f6t\u00fc muamele g\u00f6rmemi\u015f olmalar\u0131na ra\u011fmen, art\u0131k bir belirsizlik i\u00e7erisindeler. \u00c7e\u00e7en olmakla ili\u015fkilendirilen \u00f6nyarg\u0131lar nedeniyle, \u00f6zellikle Boston&#8217;daki olaylar\u0131n ard\u0131ndan kendilerinin ter\u00f6rist olmad\u0131\u011f\u0131 kan\u0131tlamak i\u00e7in daha fazla m\u00fccadele etmeleri gerekiyor.<\/p>\n<p style=\"text-align: justify;\">Babas\u0131n\u0131n direni\u015f sava\u015f\u00e7\u0131s\u0131 oldu\u011fu iddias\u0131yla ka\u00e7\u0131r\u0131l\u0131p hapse at\u0131lmas\u0131ndan sonra, on y\u0131l kadar \u00f6nce annesi ve k\u0131z karde\u015fi ile birlikte Avusturya&#8217;ya gelmi\u015f olan 19 ya\u015f\u0131ndaki Khava, &#8220;Burada kendimi evimde gibi hissediyorum. Pek \u00e7ok di\u011fer \u00c7e\u00e7en gibi normal bir hayat\u0131m\u0131z var. Geldi\u011fimiz ilk g\u00fcnler dil s\u0131k\u0131nt\u0131s\u0131 y\u00fcz\u00fcnden olduk\u00e7a zor ge\u00e7ti. Okulda bundan dolay\u0131 \u00e7ocuklar bizle alay ediyordu. Bunun d\u0131\u015f\u0131nda Avusturyal\u0131lardan herhangi bir k\u00f6t\u00fc muameleye maruz kalmad\u0131k&#8221; diyor.<\/p>\n<p style=\"text-align: justify;\">Annesi Malika&#8217;da \u00fclkeye entegre olmu\u015f, Almancay\u0131 \u00f6\u011frenmi\u015f ve psikoloji okumu\u015f. \u015eimdi, uluslararas\u0131 sosyal servis organizasyonu Caritas&#8217;da psikoterapist olarak \u00e7al\u0131\u015f\u0131yor ve burada pek \u00e7ok hem\u015fehrisi ile ilgileniyor.<\/p>\n<p style=\"text-align: justify;\">Malika, &#8220;\u00c7e\u00e7enler burada yabanc\u0131 ve insanlar yabanc\u0131lardan korkuyor. Ayr\u0131ca her millet ve dine y\u00f6nelik olan \u00f6nyarg\u0131larla da kar\u015f\u0131la\u015f\u0131yorlar. Boston sald\u0131r\u0131lar\u0131ndan sonra genelle\u015ftirilen bir \u015f\u00fcphe t\u00fcm \u00c7e\u00e7enlerin \u00fczerine d\u00fc\u015ft\u00fc. Bu \u00e7ok korkutucu. Ayn\u0131 zamanda insanlar\u0131n birbirlerine olan g\u00fcvensizliklerini de artt\u0131r\u0131yor&#8221; dedi.<\/p>\n<p style=\"text-align: justify;\"><span style=\"color: #000000;\"><strong>\u00a9Waynakh Online<\/strong><\/span><\/p>\n<p style=\"text-align: justify;\"><span style=\"color: #ff0000;\">YASAL UYARI<\/span><br \/>\n<em>Sitede yer alan materyallerin t\u00fcm haklar\u0131 Waynakh Online\u2019a aittir. Bu materyaller (haberden\/makaleden\/terc\u00fcme eserden sadece al\u0131nt\u0131 yap\u0131lsa dahi) ancak kaynak g\u00f6sterilerek ve aktif link verilerek kullan\u0131labilir.<\/em><\/p>\n","protected":false},"excerpt":{"rendered":"<p>Avrupa&#8217;daki en b\u00fcy\u00fck \u00c7e\u00e7en diasporas\u0131 Avusturya&#8217;da yer al\u0131yor ve bu diaspora sakinleri, Boston&#8217;daki sald\u0131r\u0131lar\u0131n ard\u0131ndan \u015f\u00fcphelilerin etnik kimliklerinin \u00c7e\u00e7en oldu\u011funun ortaya \u00e7\u0131kmas\u0131yla birlikte kendilerini g\u00fcvende hissetmiyor.<\/p>\n","protected":false},"author":3,"featured_media":0,"comment_status":"open","ping_status":"open","sticky":false,"template":"","format":"standard","meta":{"ngg_post_thumbnail":0,"footnotes":""},"categories":[1],"tags":[],"views":3259,"_links":{"self":[{"href":"https:\/\/www.waynakh.com\/tr\/wp-json\/wp\/v2\/posts\/12988"}],"collection":[{"href":"https:\/\/www.waynakh.com\/tr\/wp-json\/wp\/v2\/posts"}],"about":[{"href":"https:\/\/www.waynakh.com\/tr\/wp-json\/wp\/v2\/types\/post"}],"author":[{"embeddable":true,"href":"https:\/\/www.waynakh.com\/tr\/wp-json\/wp\/v2\/users\/3"}],"replies":[{"embeddable":true,"href":"https:\/\/www.waynakh.com\/tr\/wp-json\/wp\/v2\/comments?post=12988"}],"version-history":[{"count":3,"href":"https:\/\/www.waynakh.com\/tr\/wp-json\/wp\/v2\/posts\/12988\/revisions"}],"predecessor-version":[{"id":12991,"href":"https:\/\/www.waynakh.com\/tr\/wp-json\/wp\/v2\/posts\/12988\/revisions\/12991"}],"wp:attachment":[{"href":"https:\/\/www.waynakh.com\/tr\/wp-json\/wp\/v2\/media?parent=12988"}],"wp:term":[{"taxonomy":"category","embeddable":true,"href":"https:\/\/www.waynakh.com\/tr\/wp-json\/wp\/v2\/categories?post=12988"},{"taxonomy":"post_tag","embeddable":true,"href":"https:\/\/www.waynakh.com\/tr\/wp-json\/wp\/v2\/tags?post=12988"}],"curies":[{"name":"wp","href":"https:\/\/api.w.org\/{rel}","templated":true}]}}