{"id":13,"date":"2007-07-04T14:46:38","date_gmt":"2007-07-04T12:46:38","guid":{"rendered":"http:\/\/www.zelimhan.com\/?p=1162"},"modified":"2007-07-04T14:46:38","modified_gmt":"2007-07-04T12:46:38","slug":"said-emin-serbest-birakildi","status":"publish","type":"post","link":"https:\/\/www.waynakh.com\/tr\/2007\/07\/said-emin-serbest-birakildi\/","title":{"rendered":"Said Emin Serbest B\u0131rak\u0131ld\u0131"},"content":{"rendered":"<p>3 Temmuz g\u00fcn\u00fc Fransa&#8217; da g\u00f6zalt\u0131na al\u0131nan Uluslararas\u0131 \u0130nsan Haklar\u0131 Derne\u011fi \u00c7e\u00e7enya Ba\u015fkan\u0131 Said Emin \u0130bragimov ve beraber g\u00f6zalt\u0131na al\u0131nan \u00c7e\u00e7en komitesinin Frans\u0131z temsilcisi Yvon Teller ayn\u0131 g\u00fcn ge\u00e7 saatte serbest b\u0131rak\u0131ld\u0131.<\/p>\n<p align=\"justify\">Said Emin ve Yvon Teller \u00f6zg\u00fcrl\u00fcklerine kavu\u015fmalar\u0131n\u0131n ard\u0131ndan insan haklar\u0131 olu\u015fumlar\u0131n\u0131n \u00fcyeleri ile biraraya gelerek gazetecilerin sorular\u0131n\u0131 yan\u0131tlad\u0131lar. Gecede Said Emin&#8217; in g\u00f6zalt\u0131na al\u0131nmas\u0131na neden olan Khambulatov ailesinin Fransa&#8217; dan s\u0131n\u0131rd\u0131\u015f\u0131 edilmesinin engellenmesi i\u00e7in izlenebilecek yollar tart\u0131\u015f\u0131ld\u0131. Gazetecilerden birisinin polisin hukuka ayk\u0131r\u0131 fiili i\u00e7in yasal yollara ba\u015fvurup ba\u015fvurmayaca\u011f\u0131 sorusuna Said Emin hen\u00fcz karar vermedi\u011fini ve \u015fu an i\u00e7in Khambulatov ailesinin sorununun daha \u00f6nemli oldu\u011fu \u015feklinde yan\u0131t verdi. Ancak Said Emin, Frans\u0131z polisinin g\u00f6zalt\u0131na alma s\u00fcrecinde insan onurunu k\u0131racak davran\u0131\u015flar\u0131n ileriki olaylarda da emsal te\u015fkil edebilece\u011fini ve polisin bundan sonraki uygulamalar\u0131n\u0131n daha sert bir hale gelebilece\u011finden endile duydu\u011funu bu y\u00fczden bu konunun da \u00f6nem ta\u015f\u0131d\u0131\u011f\u0131 belirtti.<\/p>\n<div><\/div>\n<div>\u00d6te yandan Fransa&#8217; daki \u00c7e\u00e7en Cumhuriyeti \u0130chkeria H\u00fck\u00fcmeti Temsilcisi Musa Taipov&#8217; da Said Emin \u0130bragimov&#8217; un g\u00f6zalt\u0131na al\u0131nmas\u0131 ve Khambulatov ailesinin Frans\u0131z yetkililerce s\u0131n\u0131rd\u0131\u015f\u0131 edilmesine karar verilmesinin ard\u0131ndan bir a\u00e7\u0131klama yay\u0131nlad\u0131. Taipov a\u00e7\u0131klamas\u0131nda, Frans\u0131z yetkililere su\u00e7 unsuru olan olaylarda her zaman i\u015fbirli\u011fine haz\u0131r olduklar\u0131n\u0131 bildirdiklerini ama onlar\u0131n su\u00e7suz bir kad\u0131n\u0131 ve \u00e7ocuklar\u0131n\u0131 zor kullanarak kelep\u00e7eleyecek kadar ilgin\u00e7 metotlar uygulamaya devam ettiklerini belirtti. Taipov ayr\u0131ca, \u00c7e\u00e7enlerin sorunlar\u0131ndan en \u00f6nemlisi medyadaki tutum ve Rusya&#8217; dan yap\u0131lan bask\u0131lar oldu\u011funu ifade ederek Dublin Konvansiyonu&#8217; nun gerekti\u011fi gibi uygulanmamas\u0131n\u0131n \u00c7e\u00e7en m\u00fclteciler i\u00e7in olumsuz sonu\u00e7lar do\u011furdu\u011funu vurgulad\u0131.<\/div>\n","protected":false},"excerpt":{"rendered":"<p>3 Temmuz g\u00fcn\u00fc Fransa&#8217; da g\u00f6zalt\u0131na al\u0131nan Uluslararas\u0131 \u0130nsan Haklar\u0131 Derne\u011fi \u00c7e\u00e7enya Ba\u015fkan\u0131 Said Emin \u0130bragimov ve beraber g\u00f6zalt\u0131na al\u0131nan \u00c7e\u00e7en komitesinin Frans\u0131z temsilcisi Yvon Teller ayn\u0131 g\u00fcn ge\u00e7 saatte serbest b\u0131rak\u0131ld\u0131.<br \/>\nSaid Emin ve Yvon &#8230;<\/p>\n","protected":false},"author":1,"featured_media":0,"comment_status":"open","ping_status":"open","sticky":false,"template":"","format":"standard","meta":{"ngg_post_thumbnail":0,"footnotes":""},"categories":[1],"tags":[],"views":3838,"_links":{"self":[{"href":"https:\/\/www.waynakh.com\/tr\/wp-json\/wp\/v2\/posts\/13"}],"collection":[{"href":"https:\/\/www.waynakh.com\/tr\/wp-json\/wp\/v2\/posts"}],"about":[{"href":"https:\/\/www.waynakh.com\/tr\/wp-json\/wp\/v2\/types\/post"}],"author":[{"embeddable":true,"href":"https:\/\/www.waynakh.com\/tr\/wp-json\/wp\/v2\/users\/1"}],"replies":[{"embeddable":true,"href":"https:\/\/www.waynakh.com\/tr\/wp-json\/wp\/v2\/comments?post=13"}],"version-history":[{"count":0,"href":"https:\/\/www.waynakh.com\/tr\/wp-json\/wp\/v2\/posts\/13\/revisions"}],"wp:attachment":[{"href":"https:\/\/www.waynakh.com\/tr\/wp-json\/wp\/v2\/media?parent=13"}],"wp:term":[{"taxonomy":"category","embeddable":true,"href":"https:\/\/www.waynakh.com\/tr\/wp-json\/wp\/v2\/categories?post=13"},{"taxonomy":"post_tag","embeddable":true,"href":"https:\/\/www.waynakh.com\/tr\/wp-json\/wp\/v2\/tags?post=13"}],"curies":[{"name":"wp","href":"https:\/\/api.w.org\/{rel}","templated":true}]}}