{"id":1332,"date":"2007-03-09T14:31:25","date_gmt":"2007-03-09T12:31:25","guid":{"rendered":"http:\/\/www.zelimhan.com\/?p=638"},"modified":"2007-03-09T14:31:25","modified_gmt":"2007-03-09T12:31:25","slug":"sadece-kafkasya-forumu-unutmadi","status":"publish","type":"post","link":"https:\/\/www.waynakh.com\/tr\/2007\/03\/sadece-kafkasya-forumu-unutmadi\/","title":{"rendered":"Sadece Kafkasya Forumu Unutmad\u0131"},"content":{"rendered":"<p>Aslan Maskhadov&#8217; un \u00f6l\u00fcm y\u0131ld\u00f6n\u00fcm\u00fc Kafkas diasporas\u0131nda yaln\u0131zca &#8220;Kafkasya Forumu&#8221; isimli olu\u015fum taraf\u0131ndan hat\u0131rland\u0131 ve g\u00fcndeme getirilmeye \u00e7al\u0131\u015f\u0131ld\u0131.\u00a0\u00a0<\/p>\n<p class=\"MsoNormal\" style=\"text-align: justify;\" align=\"justify\">Kafkasya Forumu hem kendi internet sitesinin ana sayfas\u0131nda hem de Kafkas diasporas\u0131n\u0131n d\u00fczenli olarak takip etti\u011fi e-posta payla\u015f\u0131m gruplar\u0131nda haz\u0131rlad\u0131\u011f\u0131 metni duyurdu.<\/p>\n<p class=\"MsoNormal\" style=\"text-align: justify;\" align=\"justify\">\u0130lgin\u00e7 olan ise ba\u015fta Kafkas Federasyonu olmak \u00fczere Kafkas diasporas\u0131 olu\u015fumlar\u0131 konuya kay\u0131ts\u0131z kalmakla yetinmeyip, &#8220;8 Mart&#8217; \u0131 Kad\u0131nlar G\u00fcn\u00fc&#8221; olarak kutlamy\u0131 tercih etti. Bu olu\u015fumlar\u0131n yan\u0131nda diaspora sakinleri de konuyu g\u00fcndeme getirme ihtiyac\u0131 hissetmedi.\u00a0<\/p>\n<p class=\"MsoNormal\" style=\"text-align: justify;\" align=\"justify\"><strong>Waynakh.com<\/strong>\u00a0soruyor: &#8220;Yoksa Rusya-T\u00fcrkiye g\u00fcd\u00fcm\u00fcnde hareket eden olu\u015fumlar bu ve benzeri g\u00fcnlerin unutulmas\u0131 i\u00e7in \u00f6zel bir \u00e7aba m\u0131 harc\u0131yor? Bu olu\u015fumlar <em><strong>Kimlere hizmet ediyorlar? Kimlerden emir al\u0131yorlar? Kimlerden korkuyorlar?<\/strong><\/em>&#8220;<\/p>\n<p class=\"MsoNormal\" style=\"text-align: justify;\" align=\"justify\"><strong>Waynakh.com<\/strong> y\u00f6netimi olarak &#8220;Kafkasya Forumu&#8221; d\u0131\u015f\u0131nda kalan t\u00fcm olu\u015fumlar\u0131 k\u0131n\u0131yor, bu olu\u015fumlar\u0131n y\u00f6netimlerinde bulunanlar\u0131n bir an \u00f6nce g\u00f6revlerinden istifa etmelerini ve bu g\u00f6revi lay\u0131k\u0131yla yerine getireceklere yol vermelerini talep ediyoruz.<\/p>\n<p class=\"MsoNormal\" style=\"text-align: justify;\" align=\"justify\">Kafkasya Forumu taraf\u0131ndan duyurulan metnin tam metni:<\/p>\n<p class=\"MsoNormal\" align=\"justify\">\u00a0<\/p>\n<p class=\"MsoNormal\" style=\"text-align: center;\" align=\"justify\"><strong>PUT\u0130N D\u0130KTAT\u00d6RL\u00dc\u011e\u00dc KORKUYOR!<\/strong><br \/>\n<strong><br \/>\n<strong>AFFETM\u0130YORUZ! \u0130NANMIYORUZ! UNUTMAYACA\u011eIZ!\u00a0<\/strong><\/strong>\u00a0<\/p>\n<p class=\"MsoNormal\" style=\"text-align: center;\" align=\"justify\"><strong>Tarih 8 Mart 2005\u00a0<\/strong><\/p>\n<p class=\"MsoNormal\" style=\"text-align: justify;\" align=\"justify\">\u00c7e\u00e7en \u0130\u00e7kerya Cumhuriyeti Devleti Aslan Mashadov, yapt\u0131\u011f\u0131 t\u00fcm bar\u0131\u015f \u00e7a\u011fr\u0131lar\u0131na ra\u011fmen ku\u015fat\u0131ld\u0131 ve katledildi. \u00d6l\u00fcm\u00fcn\u00fcn ard\u0131ndan iki y\u0131l sonra bile bug\u00fcn hala Putin diktat\u00f6rl\u00fc\u011f\u00fcn\u00fc korkutmaya devam ediyor.<\/p>\n<p class=\"MsoNormal\" style=\"text-align: justify;\" align=\"justify\">Mashadov&#8217; un sava\u015f\u0131 bitirmek i\u00e7in uzatt\u0131\u011f\u0131 eli s\u0131kmaktan <strong>Korktular!.. <\/strong>Rusya&#8217; y\u0131 bir korku sarmal\u0131na mahkum ederek diktat\u00f6rl\u00fc\u011f\u00fcn\u00fc ayakta tutan Putin i\u00e7in Mashadov&#8217; un uzatt\u0131\u011f\u0131 bar\u0131\u015f eli rejimine y\u00f6neltilmi\u015f bir silaht\u0131. Bu elin sahibine verdikleri cevap kanl\u0131 bir operasyon oldu. Ba\u011f\u0131ms\u0131zl\u0131k talebine i\u015fgal, s\u00fcrg\u00fcn ve soyk\u0131r\u0131mla, bar\u0131\u015f \u00e7a\u011fr\u0131lar\u0131na da cinayetlerle cevap veren Putin rejimi bu sava\u015f\u0131n sorumlusudur. <strong>Affetmiyoruz!<\/strong><\/p>\n<p class=\"MsoNormal\" style=\"text-align: justify;\" align=\"justify\">Cinayeti d\u00fcnyaya anlatmaktan <strong>Korktular! <\/strong>Se\u00e7imle i\u015f ba\u015f\u0131na gelmi\u015f ve s\u00fcrekli bar\u0131\u015f isteyen bir devlet ba\u015fkan\u0131n\u0131n \u00f6ld\u00fcr\u00fclmesini a\u00e7\u0131klayamad\u0131lar. Su\u00e7 Mashadov&#8217; un korumalar\u0131na at\u0131ld\u0131, Kadirov&#8217; a y\u00fcklendi, yanl\u0131\u015fl\u0131kla dendi ama asla biz yapt\u0131k diyemediler. Utan\u00e7 operasyonunun \u00fczerine \u00f6rtt\u00fckleri sis perdesi hala kald\u0131r\u0131lamad\u0131. Bir zamanlar elini s\u0131karak anla\u015fma imzalad\u0131klar\u0131 bir devlet ba\u015fkan\u0131n\u0131 hi\u00e7 teredd\u00fcts\u00fcz cellatlara teslim eden bu yalanc\u0131 rejime hi\u00e7 bir zaman inanmad\u0131k. <strong>\u0130nanm\u0131yoruz!<\/strong><\/p>\n<p class=\"MsoNormal\" style=\"text-align: justify;\" align=\"justify\">Mashadov&#8217; un hat\u0131ras\u0131ndan<strong> Korktular!.. <\/strong>Yap\u0131lan t\u00fcm bask\u0131lara ra\u011fmen en ufak bir insani duyarl\u0131l\u0131k g\u00f6stermeyerek, naa\u015f\u0131 ailesine, milletine, Kafkasya&#8217; ya teslim edemediler. \u00dczerinde ba\u011f\u0131ms\u0131z ya\u015fayabilmek ad\u0131na sava\u015ft\u0131\u011f\u0131 topraklarda d\u00fc\u015ferek m\u00fccadele tarihine ad\u0131n\u0131 yazd\u0131ran Mashadov&#8217; a bir kar\u0131\u015f vatan topra\u011f\u0131n\u0131 \u00e7ok g\u00f6rd\u00fcler. Bir g\u00fcn hat\u0131ras\u0131n\u0131 unutturabilmeyi umduklar\u0131 Mashadov&#8217; a, tarihimize sahip \u00e7\u0131kt\u0131\u011f\u0131m\u0131z gibi sahip \u00e7\u0131k\u0131yoruz. Ba\u011f\u0131ms\u0131zl\u0131k u\u011fruna yere d\u00fc\u015fenlere nas\u0131l y\u00fckseltiyorsak, Mashadov&#8217; u da \u00f6yle y\u00fckseltece\u011fiz. S\u00f6z veriyoruz: <strong>Unutmayaca\u011f\u0131z!..<\/strong><\/p>\n<p class=\"MsoNormal\" style=\"text-align: center; padding: 0cm;\"><em><strong>Duxur dats, Dolxur dats, Dits a diyra dats!<\/strong><\/em>\u00a0<\/p>\n","protected":false},"excerpt":{"rendered":"<p>Aslan Maskhadov&#8217; un \u00f6l\u00fcm y\u0131ld\u00f6n\u00fcm\u00fc Kafkas diasporas\u0131nda yaln\u0131zca &#8220;Kafkasya Forumu&#8221; isimli olu\u015fum taraf\u0131ndan hat\u0131rland\u0131 ve g\u00fcndeme getirilmeye \u00e7al\u0131\u015f\u0131ld\u0131.\u00a0\u00a0<br \/>\nKafkasya Forumu hem kendi internet sitesinin ana sayfas\u0131nda hem de Kafkas diasporas\u0131n\u0131n d\u00fczenli olarak takip etti\u011fi e-posta payla\u015f\u0131m &#8230;<\/p>\n","protected":false},"author":1,"featured_media":0,"comment_status":"open","ping_status":"open","sticky":false,"template":"","format":"standard","meta":{"ngg_post_thumbnail":0,"footnotes":""},"categories":[1],"tags":[],"views":4289,"_links":{"self":[{"href":"https:\/\/www.waynakh.com\/tr\/wp-json\/wp\/v2\/posts\/1332"}],"collection":[{"href":"https:\/\/www.waynakh.com\/tr\/wp-json\/wp\/v2\/posts"}],"about":[{"href":"https:\/\/www.waynakh.com\/tr\/wp-json\/wp\/v2\/types\/post"}],"author":[{"embeddable":true,"href":"https:\/\/www.waynakh.com\/tr\/wp-json\/wp\/v2\/users\/1"}],"replies":[{"embeddable":true,"href":"https:\/\/www.waynakh.com\/tr\/wp-json\/wp\/v2\/comments?post=1332"}],"version-history":[{"count":0,"href":"https:\/\/www.waynakh.com\/tr\/wp-json\/wp\/v2\/posts\/1332\/revisions"}],"wp:attachment":[{"href":"https:\/\/www.waynakh.com\/tr\/wp-json\/wp\/v2\/media?parent=1332"}],"wp:term":[{"taxonomy":"category","embeddable":true,"href":"https:\/\/www.waynakh.com\/tr\/wp-json\/wp\/v2\/categories?post=1332"},{"taxonomy":"post_tag","embeddable":true,"href":"https:\/\/www.waynakh.com\/tr\/wp-json\/wp\/v2\/tags?post=1332"}],"curies":[{"name":"wp","href":"https:\/\/api.w.org\/{rel}","templated":true}]}}