{"id":13909,"date":"2014-07-21T16:49:50","date_gmt":"2014-07-21T13:49:50","guid":{"rendered":"http:\/\/www.waynakh.com\/tr\/?p=13909"},"modified":"2014-07-21T16:49:50","modified_gmt":"2014-07-21T13:49:50","slug":"leyla-e-onlu-esim-mit-takibindeyken-olduruldu","status":"publish","type":"post","link":"https:\/\/www.waynakh.com\/tr\/2014\/07\/leyla-e-onlu-esim-mit-takibindeyken-olduruldu\/","title":{"rendered":"Leyla E. \u00d6nl\u00fc: &#8220;E\u015fim M\u0130T Takibindeyken \u00d6ld\u00fcr\u00fcld\u00fc!&#8221;"},"content":{"rendered":"<p style=\"text-align: justify;\">T\u00fcrkiye ana ak\u0131m medyas\u0131nda yer alan haberlerde, 22 May\u0131s 2013 tarihinde Ankara&#8217;daki ofisinde \u00f6ld\u00fcr\u00fclen \u00c7e\u00e7en Cumhuriyeti \u0130\u00e7kerya devleti T\u00fcrkiye Fahri Konsolosu Medet \u00d6nl\u00fc&#8217;n\u00fcn e\u015fi Leyla Eser \u00d6nl\u00fc&#8217;n\u00fcn, soru\u015fturmay\u0131 y\u00fcr\u00fcten Ankara Cumhuriyet Ba\u015fsavc\u0131l\u0131\u011f\u0131&#8217;na sundu\u011fu dilek\u00e7ede \u00e7arp\u0131c\u0131 iddialarda bulundu\u011fu ifade edildi.<!--more--><\/p>\n<p style=\"text-align: justify;\">Leyla \u00d6nl\u00fc el yaz\u0131l\u0131 dilek\u00e7esinde, suikast\u0131n ailecek M\u0130T ve Emniyet \u0130stihbarat\u0131&#8217;n\u0131n takibi alt\u0131ndayken i\u015flendi\u011fini, e\u015finin \u00c7e\u00e7enlerin Suriye sava\u015f\u0131nda kullan\u0131lmalar\u0131na kar\u015f\u0131 m\u00fccadele etti\u011fi i\u00e7in hedef al\u0131nd\u0131\u011f\u0131n\u0131 savundu. Aile avukat\u0131 Erdal Do\u011fan da, kimli\u011fi kamera g\u00f6r\u00fcnt\u00fclerinden tespit edilen ve k\u0131rm\u0131z\u0131 b\u00fcltenle aranan Rusya pasaportlu tetik\u00e7i Rizvan Ezbulatov ile T\u00fcrk vatanda\u015f\u0131 E.G&#8217;nin bir an \u00f6nce yakalanmas\u0131, istihbarat birimlerinin cinayetteki ihmalinin ara\u015ft\u0131r\u0131lmas\u0131 ve soru\u015fturman\u0131n derinle\u015ftirilmesi i\u00e7in savc\u0131l\u0131\u011fa ba\u015fvurdu.<\/p>\n<p style=\"text-align: justify;\">Leyla Eser \u00d6nl\u00fc, el yaz\u0131s\u0131yla kaleme ald\u0131\u011f\u0131 dilek\u00e7esinde \u015fu iddialarda bulundu:<\/p>\n<p style=\"text-align: justify;\">&#8220;Medet \u00d6nl\u00fc ile 1989 y\u0131l\u0131nda evlendim. Evlili\u011fimizden yakla\u015f\u0131k 1-2 y\u0131l sonra 1. Rus-\u00c7e\u00e7en sava\u015f\u0131 ba\u015flad\u0131. Bizler 150 y\u0131l \u00f6nce Kafkasya&#8217;dan s\u00fcr\u00fclen \u00c7e\u00e7en ailelerin \u00e7ocuklar\u0131y\u0131z. Bu nedenle soyda\u015flar\u0131m\u0131z\u0131n ba\u011f\u0131ms\u0131zl\u0131k m\u00fccadelesine hi\u00e7bir zaman kay\u0131ts\u0131z kalmad\u0131k. Sava\u015f\u0131n ilk y\u0131llar\u0131ndan itibaren \u00c7e\u00e7enya&#8217;dan T\u00fcrkiye&#8217;ye gelen s\u0131\u011f\u0131nmac\u0131lar\u0131n bar\u0131nma, e\u011fitim, sa\u011fl\u0131k gibi bir\u00e7ok ihtiyac\u0131yla bizler ilgilendik. O tarihten bu yana e\u015fim Medet \u00d6nl\u00fc, \u00c7e\u00e7en ba\u011f\u0131ms\u0131zl\u0131k m\u00fccadelesine destekten asla taviz vermeyen tavr\u0131 ile T\u00fcrkiye&#8217;de ve d\u00fcnyan\u0131n \u00e7e\u015fitli yerlerinde yap\u0131lan organizasyonlarda en \u00f6nde yer ald\u0131. \u00c7evresiyle iyi ili\u015fkileri, ki\u015fili\u011fi ve karakteri ile insanlar\u0131 etkileyen, etraf\u0131nda toplamay\u0131 ba\u015farabilen yap\u0131s\u0131, 2005 y\u0131l\u0131nda \u00c7e\u00e7en Cumhuriyeti \u0130\u00e7keriya Devleti Ba\u015fkan\u0131 taraf\u0131ndan kendisine verilen Fahri Konsolosluk g\u00f6revi ile birle\u015fti ve e\u015fim bu davan\u0131n T\u00fcrkiye&#8217;deki kilit ismi oldu. Y\u00fcr\u00fctt\u00fc\u011f\u00fc faaliyetler \u00e7o\u011funlukla insanlar\u0131n temel haklar\u0131n\u0131 kazanmalar\u0131 ad\u0131nayd\u0131. Hi\u00e7bir zaman hukuka ve ahlaka ayk\u0131r\u0131 bir eylemde bulunmad\u0131. \u0130nsan olman\u0131n, M\u00fcsl\u00fcman olman\u0131n ve T\u00fcrk vatanda\u015f\u0131 olman\u0131n gereklerini lay\u0131k\u0131yla yerine getirdi. Ancak bizler aile olarak her zaman, yabanc\u0131 istihbarat servisleri bir yana, T\u00fcrk istihbarat\u0131n\u0131n da takibinde oldu\u011fu bir hayat ya\u015fad\u0131k. Oturdu\u011fumuz her semtte semt sakinlerine, kom\u015fular\u0131m\u0131za, hakk\u0131m\u0131zda sorular sorularak ara\u015ft\u0131rmalar yap\u0131ld\u0131. Halen oturmakta oldu\u011fumuz muhitte, bundan birka\u00e7 y\u0131l \u00f6nce dahi kom\u015fular\u0131m\u0131z\u0131n ifadesiyle sivil birka\u00e7 ki\u015finin kendilerini polis diye tan\u0131tarak e\u015fim ve ailemin ya\u015fam\u0131, yapt\u0131klar\u0131 hakk\u0131nda sorular sorduklar\u0131n\u0131 \u00f6\u011frendim. E\u015fimin insanl\u0131k ad\u0131na yapt\u0131\u011f\u0131 hizmetlerden ve hakl\u0131 bir davaya verdi\u011fi destekten dolay\u0131 hayat\u0131 mercek alt\u0131na al\u0131nm\u0131\u015fken, Ankara&#8217;n\u0131n merkezinde, kendi ofisinde onu \u00f6ld\u00fcren failin ve arkas\u0131ndakilerin, olay\u0131n \u00fczerinden bir y\u0131l\u0131 a\u015fk\u0131n s\u00fcre ge\u00e7mesine ra\u011fmen bulunamamalar\u0131, TC Devleti, emniyet ve istihbarat kurumlar\u0131 ad\u0131na utan\u00e7 verici bir tablo, ailesi olarak bizler i\u00e7in de derin ku\u015fku ve \u00fcz\u00fcnt\u00fc yaratan bir durumdur. \u00d6zellikle son d\u00f6nemlerde, Suriye sava\u015f\u0131nda \u00c7e\u00e7enlerin piyon olarak kullan\u0131lmalar\u0131na kar\u015f\u0131 \u00e7\u0131kan ve \u00c7e\u00e7enlerin kendi ba\u011f\u0131ms\u0131zl\u0131k m\u00fccadelesinde rol almalar\u0131n\u0131 savunan e\u015fim, ABD&#8217;deki Boston sald\u0131r\u0131s\u0131 olay\u0131na da iki \u00c7e\u00e7en gencin ad\u0131n\u0131n kar\u0131\u015ft\u0131r\u0131lmas\u0131na, bir televizyon kanal\u0131nda yapt\u0131\u011f\u0131 a\u00e7\u0131klamadab\u00fcy\u00fck tepki g\u00f6stermi\u015fti. Devletlerin ali menfaatlerinin, insanlar\u0131n ya\u015fama haklar\u0131ndan \u00fcst\u00fcn olamayaca\u011f\u0131n\u0131 savunmalar\u0131 beraber, e\u015fimin bu muhalif tutumu ve a\u00e7\u0131k s\u00f6zl\u00fcl\u00fc\u011f\u00fcn\u00fcn birden \u00e7ok devletin ali menfaatine ters d\u00fc\u015ft\u00fc\u011f\u00fcn\u00fc, e\u015fimin \u00f6ld\u00fcr\u00fclmesinin perde arkas\u0131nda ve faillerinin yakalanamamas\u0131 ve olay\u0131n ayd\u0131nlat\u0131lamamas\u0131nda bu t\u00fcrden bir nedenin var oldu\u011funu d\u00fc\u015f\u00fcnmekteyim. Aile olarak her ge\u00e7en g\u00fcn adaletin tecelli edece\u011fine inanc\u0131m\u0131z azalmakta, bu olay\u0131n s\u00fcmen alt\u0131 edildi\u011fine inanc\u0131m\u0131z artmaktad\u0131r. Ancak t\u00fcm olumsuzluklara ra\u011fmen hakk\u0131m\u0131z\u0131 aramaktan ve ger\u00e7ekleri ortaya \u00e7\u0131karmaktan asla vazge\u00e7meyece\u011fiz.&#8221;<\/p>\n<p style=\"text-align: justify;\">\u00d6nl\u00fc ailesinin avukat\u0131 Erdal Do\u011fan, Ankara Cumhuriyet Ba\u015fsavc\u0131l\u0131\u011f\u0131&#8217;na, Medet \u00d6nl\u00fc cinayeti soru\u015fturmas\u0131n\u0131n derinle\u015ftirilmesi ve eksikliklerin giderilmesi istemiyle yapt\u0131\u011f\u0131 ba\u015fvuruda \u015funlar\u0131 s\u00f6yledi:<\/p>\n<p style=\"text-align: justify;\">&#8220;M\u00fcvekkilin soru\u015fturma dosyas\u0131na sundu\u011fu, g\u00f6rg\u00fc, bilgi ve taleplerini i\u00e7eren dilek\u00e7esi dikkate al\u0131nd\u0131\u011f\u0131nda; Medet \u00d6nl\u00fc\u2019n\u00fcn \u00e7ok \u00f6nceden, katledilme tarihine kadar yak\u0131n takip alt\u0131nda bulundu\u011fu anla\u015f\u0131lmaktad\u0131r. \u00d6nl\u00fc\u2019n\u00fcn, \u00c7e\u00e7en \u0130\u00e7kerya Cumhuriyeti Fahri Konsoloslu\u011fu g\u00f6revi ve \u00c7e\u00e7en ulusunun ba\u011f\u0131ms\u0131zl\u0131k davas\u0131 i\u00e7in s\u00fcrd\u00fcrd\u00fc\u011f\u00fc \u00e7al\u0131\u015fmalar\u0131 dikkate al\u0131nd\u0131\u011f\u0131nda, kendisinin bu s\u00fcre i\u00e7inde yaln\u0131z yerli de\u011fil yabanc\u0131 istihbarat \u00f6rg\u00fctlerinin de takibi alt\u0131nda olmas\u0131 \u015fa\u015f\u0131rt\u0131c\u0131 de\u011fildir. \u00d6nl\u00fc, \u00c7e\u00e7enlerin milli davas\u0131na zarar verdi\u011fini d\u00fc\u015f\u00fcnd\u00fc\u011f\u00fc bir olgu ve alg\u0131yla da m\u00fccadele eden ender \u00c7e\u00e7en liderlerinden biridir. \u00c7e\u00e7enlerin \u00e7e\u015fitli \u00f6rg\u00fct ve \u00e7evrelerce kullan\u0131lmamas\u0131 i\u00e7in verdi\u011fi m\u00fccadele kamuoyunca yak\u0131ndan bilinmektedir. Bu nedenle M\u0130T ve Emniyet \u0130stihbarat\u0131&#8217;n\u0131n \u00d6nl\u00fc ve ailesinin takip edilme faaliyetlerinden habersiz oldu\u011fu d\u00fc\u015f\u00fcn\u00fclemez. Soru\u015fturma dosyas\u0131nda cinayeti organize etti\u011fi gerek\u00e7esiyle hakk\u0131nda k\u0131rm\u0131z\u0131 b\u00fclten \u00e7\u0131kar\u0131lan Rusya Federasyonu pasaportlu Rizvan Ezbulatov\u2019un T\u00fcrkiye\u2019ye \u00e7ok s\u0131k giri\u015f &#8211; \u00e7\u0131k\u0131\u015f yapt\u0131\u011f\u0131 g\u00f6r\u00fclmektedir. Bu ki\u015finin T\u00fcrkiye\u2019ye \u0130stanbul Atat\u00fcrk Havalima\u2019n\u0131ndan en son giri\u015f yapt\u0131\u011f\u0131 17 Nisan 2013 tarihinden, cinayetin i\u015flenmesinden 2 g\u00fcn sonras\u0131 24 May\u0131s 2013 tarihinde Atat\u00fcrk Havaliman\u0131\u2019ndan \u00e7\u0131k\u0131\u015f yap\u0131\u015f\u0131na dek dosyada yeterli derecede bilgi bulunmamas\u0131 soru\u015fturman\u0131n en \u00f6nemli eksi\u011fi olarak g\u00f6r\u00fcnmektedir. Yine Ezbulatov\u2019u T\u00fcrkiye\u2019ye son giri\u015f yapt\u0131\u011f\u0131 Atat\u00fcrk Havaliman\u0131nda gece yar\u0131s\u0131 \u00f6zel ara\u00e7la kar\u015f\u0131layan E.G adl\u0131 ki\u015fi ve \u00e7evresiyle ilgili derinlikli bir ara\u015ft\u0131rman\u0131n yap\u0131lmam\u0131\u015f olmas\u0131 da b\u00fcy\u00fck eksikliktir. Ezbulatov\u2019un T\u00fcrkiye&#8217;de ge\u00e7irdi\u011fi s\u00fcre i\u00e7inde, di\u011fer zanl\u0131larla ili\u015fkisi, Ankara\u2019da ke\u015fif ama\u00e7l\u0131 bulu\u015fmalar\u0131 hi\u00e7 ara\u015ft\u0131r\u0131lmam\u0131\u015ft\u0131r. Ezbulatov ile birlikte hareket eden ve halen yakalanamayan T\u00fcrk vatanda\u015f\u0131 di\u011fer ki\u015filerin \u0130stanbul ve Ankara\u2019da cinayet i\u00e7in haftalarca haz\u0131rl\u0131k yapmalar\u0131na, defalarca olay yeri ke\u015ffi yapmalar\u0131na ra\u011fmen, geni\u015f bir \u00f6rg\u00fctlenme a\u011f\u0131na ve insan kayna\u011f\u0131na sahip M\u0130T ve Emniyet \u0130stihbarat birimlerinin ellerindeki bilgileri adli mercilerle payla\u015fm\u0131\u015f m\u0131d\u0131r?Zanl\u0131lar\u0131n t\u00fcm teknik ve fiziki imkanlar kullan\u0131larak yakalanmas\u0131 ve bu konuda ihmali olan g\u00f6revlilerin tespit edilerek gere\u011finin yap\u0131lmas\u0131 sayg\u0131lar\u0131m\u0131zla talep olunur.&#8221;<\/p>\n","protected":false},"excerpt":{"rendered":"<p>T\u00fcrkiye ana ak\u0131m medyas\u0131nda yer alan haberlerde, 22 May\u0131s 2013 tarihinde Ankara&#8217;daki ofisinde \u00f6ld\u00fcr\u00fclen \u00c7e\u00e7en Cumhuriyeti \u0130\u00e7kerya devleti T\u00fcrkiye Fahri Konsolosu Medet \u00d6nl\u00fc&#8217;n\u00fcn e\u015fi Leyla Eser \u00d6nl\u00fc&#8217;n\u00fcn, soru\u015fturmay\u0131 y\u00fcr\u00fcten Ankara Cumhuriyet Ba\u015fsavc\u0131l\u0131\u011f\u0131&#8217;na sundu\u011fu dilek\u00e7ede \u00e7arp\u0131c\u0131 &#8230;<\/p>\n","protected":false},"author":3,"featured_media":0,"comment_status":"open","ping_status":"open","sticky":false,"template":"","format":"standard","meta":{"ngg_post_thumbnail":0,"footnotes":""},"categories":[1],"tags":[],"views":3323,"_links":{"self":[{"href":"https:\/\/www.waynakh.com\/tr\/wp-json\/wp\/v2\/posts\/13909"}],"collection":[{"href":"https:\/\/www.waynakh.com\/tr\/wp-json\/wp\/v2\/posts"}],"about":[{"href":"https:\/\/www.waynakh.com\/tr\/wp-json\/wp\/v2\/types\/post"}],"author":[{"embeddable":true,"href":"https:\/\/www.waynakh.com\/tr\/wp-json\/wp\/v2\/users\/3"}],"replies":[{"embeddable":true,"href":"https:\/\/www.waynakh.com\/tr\/wp-json\/wp\/v2\/comments?post=13909"}],"version-history":[{"count":1,"href":"https:\/\/www.waynakh.com\/tr\/wp-json\/wp\/v2\/posts\/13909\/revisions"}],"predecessor-version":[{"id":13911,"href":"https:\/\/www.waynakh.com\/tr\/wp-json\/wp\/v2\/posts\/13909\/revisions\/13911"}],"wp:attachment":[{"href":"https:\/\/www.waynakh.com\/tr\/wp-json\/wp\/v2\/media?parent=13909"}],"wp:term":[{"taxonomy":"category","embeddable":true,"href":"https:\/\/www.waynakh.com\/tr\/wp-json\/wp\/v2\/categories?post=13909"},{"taxonomy":"post_tag","embeddable":true,"href":"https:\/\/www.waynakh.com\/tr\/wp-json\/wp\/v2\/tags?post=13909"}],"curies":[{"name":"wp","href":"https:\/\/api.w.org\/{rel}","templated":true}]}}