{"id":1438,"date":"2007-06-13T15:19:07","date_gmt":"2007-06-13T13:19:07","guid":{"rendered":"http:\/\/www.zelimhan.com\/?p=1009"},"modified":"2007-06-13T15:19:07","modified_gmt":"2007-06-13T13:19:07","slug":"ichkeria-bayragi-everest-in-zirvesinde-dalgalanacak","status":"publish","type":"post","link":"https:\/\/www.waynakh.com\/tr\/2007\/06\/ichkeria-bayragi-everest-in-zirvesinde-dalgalanacak\/","title":{"rendered":"\u0130chkeria Bayra\u011f\u0131 Everest&#8217; in Zirvesinde Dalgalanacak"},"content":{"rendered":"<p>&#8220;Everest-360&#8221; ismini ta\u015f\u0131yan projenin Amerikal\u0131 yetkili y\u00f6neticisi Sergey Melnikoff, Alla Dudaeva&#8217; ya g\u00f6nderdi\u011fi mektupta \u00c7e\u00e7en Cumhuriyeti \u0130chkeria&#8217; n\u0131n ulusal bayra\u011f\u0131n\u0131 projeleri dahilinde 2008 y\u0131l\u0131nda d\u00fcnyan\u0131n g\u00f6ky\u00fcz\u00fcne en yak\u0131n noktas\u0131 olan Everest Da\u011f\u0131&#8217; n\u0131n zirvesine \u00e7\u0131karmak istediklerini bildirdi.\u00a0 \u00a0<\/p>\n<div>Sergey Melnikoff mektubunda, \u00c7e\u00e7en halk\u0131n\u0131n maruz kald\u0131\u011f\u0131 insan haklar\u0131 ihlallerini bildiklerini, \u00f6zg\u00fcrl\u00fck sevdal\u0131s\u0131 bu halk\u0131n bayra\u011f\u0131n\u0131n Everest&#8217; in zirvesinde olmas\u0131 gerekti\u011fini d\u00fc\u015f\u00fcnd\u00fcklerini ve kendilerine \u00c7e\u00e7en Cumhuriyeti Ichkeria bayra\u011f\u0131n\u0131 zirveye \u00e7\u0131karmak i\u00e7in izin verilmesini istediklerini belirtip kendilerinden kimsenin b\u00f6yle bir talebi olmad\u0131\u011f\u0131n\u0131, bu talebin organizasyon komitesinin karar\u0131 oldu\u011funu ifade etti.<\/div>\n<p align=\"justify\">Amerika Birle\u015fik Devletleri, Kanada, Polonya, Ukrayna, \u00c7ek Cumhuriyeti, Litvanya, Letonya, Estonya ve G\u00fcrcistan&#8217; dan &#8220;\u00d6zg\u00fcrl\u00fck Bayra\u011f\u0131 D\u00fcnyan\u0131n Zirvesinde&#8221; \u015feklinde tan\u0131mlanan Everest-360 isimli uluslararas\u0131 projeye kat\u0131lacak uluslararas\u0131 ekipler d\u00fcnyan\u0131n en y\u00fcksek da\u011f\u0131 olan Everest&#8217; in zirvesine \u00e7\u0131kacaklar ve zirve noktas\u0131na \u00f6zg\u00fcrl\u00fck bayra\u011f\u0131n\u0131 dikecekler. Everest&#8217; ten panoramik foto\u011fraf ve video g\u00f6r\u00fcnt\u00fcleri de al\u0131narak d\u00fcnya kamuoyu ile payla\u015f\u0131lacak.<\/p>\n","protected":false},"excerpt":{"rendered":"<p>&#8220;Everest-360&#8221; ismini ta\u015f\u0131yan projenin Amerikal\u0131 yetkili y\u00f6neticisi Sergey Melnikoff, Alla Dudaeva&#8217; ya g\u00f6nderdi\u011fi mektupta \u00c7e\u00e7en Cumhuriyeti \u0130chkeria&#8217; n\u0131n ulusal bayra\u011f\u0131n\u0131 projeleri dahilinde 2008 y\u0131l\u0131nda d\u00fcnyan\u0131n g\u00f6ky\u00fcz\u00fcne en yak\u0131n noktas\u0131 olan Everest Da\u011f\u0131&#8217; n\u0131n zirvesine \u00e7\u0131karmak &#8230;<\/p>\n","protected":false},"author":1,"featured_media":0,"comment_status":"open","ping_status":"open","sticky":false,"template":"","format":"standard","meta":{"ngg_post_thumbnail":0,"footnotes":""},"categories":[1],"tags":[],"views":3777,"_links":{"self":[{"href":"https:\/\/www.waynakh.com\/tr\/wp-json\/wp\/v2\/posts\/1438"}],"collection":[{"href":"https:\/\/www.waynakh.com\/tr\/wp-json\/wp\/v2\/posts"}],"about":[{"href":"https:\/\/www.waynakh.com\/tr\/wp-json\/wp\/v2\/types\/post"}],"author":[{"embeddable":true,"href":"https:\/\/www.waynakh.com\/tr\/wp-json\/wp\/v2\/users\/1"}],"replies":[{"embeddable":true,"href":"https:\/\/www.waynakh.com\/tr\/wp-json\/wp\/v2\/comments?post=1438"}],"version-history":[{"count":0,"href":"https:\/\/www.waynakh.com\/tr\/wp-json\/wp\/v2\/posts\/1438\/revisions"}],"wp:attachment":[{"href":"https:\/\/www.waynakh.com\/tr\/wp-json\/wp\/v2\/media?parent=1438"}],"wp:term":[{"taxonomy":"category","embeddable":true,"href":"https:\/\/www.waynakh.com\/tr\/wp-json\/wp\/v2\/categories?post=1438"},{"taxonomy":"post_tag","embeddable":true,"href":"https:\/\/www.waynakh.com\/tr\/wp-json\/wp\/v2\/tags?post=1438"}],"curies":[{"name":"wp","href":"https:\/\/api.w.org\/{rel}","templated":true}]}}