{"id":1451,"date":"2007-06-21T16:02:32","date_gmt":"2007-06-21T14:02:32","guid":{"rendered":"http:\/\/www.zelimhan.com\/?p=1065"},"modified":"2007-06-21T16:02:32","modified_gmt":"2007-06-21T14:02:32","slug":"polonya-da-fotograf-sergisi","status":"publish","type":"post","link":"https:\/\/www.waynakh.com\/tr\/2007\/06\/polonya-da-fotograf-sergisi\/","title":{"rendered":"Polonya&#8217; da Foto\u011fraf Sergisi"},"content":{"rendered":"<p>18 Haziran g\u00fcn\u00fc \u00c7e\u00e7en Cumhuriyeti \u0130chkeria H\u00fck\u00fcmeti Polonya Fahri Konsolosu ve tan\u0131nm\u0131\u015f insan haklar\u0131 savunucusu Adam Borovsky&#8217; nin giri\u015fimleri ile Polonya&#8217; n\u0131n g\u00fcneyinde yer alan Bielsko-Biala \u015fehrinde &#8220;Soyk\u0131r\u0131ma U\u011frayan Halk: \u00c7e\u00e7enler&#8221; isimli bir foto\u011fraf sergisi a\u00e7\u0131ld\u0131.<\/p>\n<div>Adam Borovsky serginin a\u00e7\u0131l\u0131\u015f\u0131nda, \u00c7e\u00e7enya&#8217; daki soyk\u0131r\u0131m\u0131 ve askeri su\u00e7lar\u0131 belgeleyen foto\u011fraflar hakk\u0131nda bir konu\u015fma yapt\u0131 ve \u00c7e\u00e7enya&#8217; daki mevcut duruma de\u011findi. Borovsky, ba\u015fta Vladimir Putin olmak \u00fczere \u00c7e\u00e7enya&#8217; daki insan haklar\u0131 ihlallerinin sorumlular\u0131n\u0131n cezaland\u0131r\u0131lmas\u0131 gerekti\u011fini ifade ederek Hague&#8217; deki Uluslararas\u0131 Sava\u015f Su\u00e7lar\u0131 Mahkemesi&#8217; nde yarg\u0131lanmalar\u0131 gerekti\u011fini belirtti.<\/div>\n<div>\u00a0<\/div>\n<div>Borovsky, Avrupal\u0131 siyaset\u00e7ileri \u00c7e\u00e7en halk\u0131n\u0131n maruz kald\u0131\u011f\u0131 duruma sessiz kalmalar\u0131 nedeniyle ele\u015ftirirken, \u00c7e\u00e7en halk\u0131n\u0131n \u00f6zg\u00fcrl\u00fc\u011f\u00fc i\u00e7in m\u00fccadele etti\u011fini vurgulad\u0131.\u00a0<\/div>\n<div>\u00a0<\/div>\n<div>Borovsky ayr\u0131ca Rus i\u015fgal g\u00fc\u00e7lerinin i\u015fledi\u011fi su\u00e7lar hak\u0131\u0131nda haz\u0131rlad\u0131\u011f\u0131 Rus\u00e7a raporu uluslararas\u0131 adli merciilere iletilmek \u00fczere g\u00f6nderdi.<\/div>\n","protected":false},"excerpt":{"rendered":"<p>18 Haziran g\u00fcn\u00fc \u00c7e\u00e7en Cumhuriyeti \u0130chkeria H\u00fck\u00fcmeti Polonya Fahri Konsolosu ve tan\u0131nm\u0131\u015f insan haklar\u0131 savunucusu Adam Borovsky&#8217; nin giri\u015fimleri ile Polonya&#8217; n\u0131n g\u00fcneyinde yer alan Bielsko-Biala \u015fehrinde &#8220;Soyk\u0131r\u0131ma U\u011frayan Halk: \u00c7e\u00e7enler&#8221; isimli bir foto\u011fraf sergisi &#8230;<\/p>\n","protected":false},"author":1,"featured_media":0,"comment_status":"open","ping_status":"open","sticky":false,"template":"","format":"standard","meta":{"ngg_post_thumbnail":0,"footnotes":""},"categories":[1],"tags":[],"views":3485,"_links":{"self":[{"href":"https:\/\/www.waynakh.com\/tr\/wp-json\/wp\/v2\/posts\/1451"}],"collection":[{"href":"https:\/\/www.waynakh.com\/tr\/wp-json\/wp\/v2\/posts"}],"about":[{"href":"https:\/\/www.waynakh.com\/tr\/wp-json\/wp\/v2\/types\/post"}],"author":[{"embeddable":true,"href":"https:\/\/www.waynakh.com\/tr\/wp-json\/wp\/v2\/users\/1"}],"replies":[{"embeddable":true,"href":"https:\/\/www.waynakh.com\/tr\/wp-json\/wp\/v2\/comments?post=1451"}],"version-history":[{"count":0,"href":"https:\/\/www.waynakh.com\/tr\/wp-json\/wp\/v2\/posts\/1451\/revisions"}],"wp:attachment":[{"href":"https:\/\/www.waynakh.com\/tr\/wp-json\/wp\/v2\/media?parent=1451"}],"wp:term":[{"taxonomy":"category","embeddable":true,"href":"https:\/\/www.waynakh.com\/tr\/wp-json\/wp\/v2\/categories?post=1451"},{"taxonomy":"post_tag","embeddable":true,"href":"https:\/\/www.waynakh.com\/tr\/wp-json\/wp\/v2\/tags?post=1451"}],"curies":[{"name":"wp","href":"https:\/\/api.w.org\/{rel}","templated":true}]}}