{"id":1463,"date":"2007-06-27T16:30:47","date_gmt":"2007-06-27T14:30:47","guid":{"rendered":"http:\/\/www.zelimhan.com\/?p=1113"},"modified":"2007-06-27T16:30:47","modified_gmt":"2007-06-27T14:30:47","slug":"avusturya-da-kavga","status":"publish","type":"post","link":"https:\/\/www.waynakh.com\/tr\/2007\/06\/avusturya-da-kavga\/","title":{"rendered":"Avusturya&#8217; da Kavga"},"content":{"rendered":"<p>Anadolu Ajans\u0131 taraf\u0131ndan ge\u00e7ilen bir habere g\u00f6re Avusturya&#8217; n\u0131n St. P\u00f6lten kentinde bir grup \u00c7e\u00e7en ile T\u00fcrk aras\u0131nda \u00e7\u0131kan kavgada ikisi a\u011f\u0131r olmak \u00fczere alt\u0131 T\u00fcrk yaraland\u0131.<\/p>\n<div>St. P\u00f6lten polisinden yap\u0131lan a\u00e7\u0131klamada, T\u00fcrklerle \u00c7e\u00e7enler aras\u0131ndaki olaylar\u0131n \u00e7ocuklar aras\u0131ndaki kavgaya b\u00fcy\u00fcklerin m\u00fcdahale etmesiyle ba\u015flad\u0131\u011f\u0131 bildirildi. G\u00f6rg\u00fc tan\u0131klar\u0131 ise, T\u00fcrk ve \u00c7e\u00e7en \u00e7ocuklar\u0131 aras\u0131nda \u00e7\u0131kan bir kavgaya m\u00fcdahale eden T\u00fcrk baban\u0131n \u00c7e\u00e7en \u00e7ocuklardan birisini h\u0131rpalamas\u0131 \u00fczerine, 20 kadar \u00c7e\u00e7enin T\u00fcrklere ait bir lokale geldi\u011fini ve burada kavga \u00e7\u0131kt\u0131\u011f\u0131n\u0131 ifade etti.<\/div>\n<p align=\"justify\">Olaya m\u00fcdahale eden polis, her iki taraftan da \u00fc\u00e7er ki\u015fiyi g\u00f6zalt\u0131na ald\u0131. Kavgada alt\u0131 T\u00fcrk&#8217; \u00fcn yan\u0131 s\u0131ra iki polis memurunun da yaraland\u0131\u011f\u0131 bildirildi.<\/p>\n<p align=\"justify\">St. P\u00f6lten polis yetkilileri, lokaldeki \u00e7at\u0131\u015fmaya kar\u0131\u015fan \u00c7e\u00e7enlerden baz\u0131lar\u0131n\u0131n kent d\u0131\u015f\u0131ndaki m\u00fclteci kamplar\u0131ndan geldi\u011finin saptand\u0131\u011f\u0131n\u0131 belirterek, olaylara kar\u0131\u015fan \u00c7e\u00e7enlerden \u00fc\u00e7 ki\u015finin g\u00f6zalt\u0131na al\u0131nd\u0131\u011f\u0131n\u0131 ve ka\u00e7an baz\u0131 zanl\u0131lar\u0131n da arand\u0131\u011f\u0131n\u0131 a\u00e7\u0131klad\u0131lar.<\/p>\n<div>\u00c7at\u0131\u015fman\u0131n tekrar\u0131ndan endi\u015fe etti\u011fini belirten yetkililer, T\u00fcrklerin yo\u011fun olarak ya\u015fad\u0131\u011f\u0131 mahallede g\u00fcvenlik \u00f6nlemlerinin art\u0131r\u0131ld\u0131\u011f\u0131n\u0131, T\u00fcrk ve \u00c7e\u00e7enlerin bir araya gelmesine engel olmaya \u00e7al\u0131\u015ft\u0131klar\u0131n\u0131 belirttiler.<\/div>\n<div>\u00a0<\/div>\n<div>AA taraf\u0131ndan bildirilen olay hakk\u0131nda Avusturya diasporas\u0131n\u0131n sesi olan internet sitelerinde herhangi bir haber yer almad\u0131. Konuya ili\u015fkin ayr\u0131nt\u0131l\u0131 ve daha do\u011fru bilgiler edindi\u011fimizde sizlerle payla\u015faca\u011f\u0131z.<\/div>\n","protected":false},"excerpt":{"rendered":"<p>Anadolu Ajans\u0131 taraf\u0131ndan ge\u00e7ilen bir habere g\u00f6re Avusturya&#8217; n\u0131n St. P\u00f6lten kentinde bir grup \u00c7e\u00e7en ile T\u00fcrk aras\u0131nda \u00e7\u0131kan kavgada ikisi a\u011f\u0131r olmak \u00fczere alt\u0131 T\u00fcrk yaraland\u0131.<br \/>\nSt. P\u00f6lten polisinden yap\u0131lan a\u00e7\u0131klamada, T\u00fcrklerle \u00c7e\u00e7enler aras\u0131ndaki olaylar\u0131n &#8230;<\/p>\n","protected":false},"author":1,"featured_media":0,"comment_status":"open","ping_status":"open","sticky":false,"template":"","format":"standard","meta":{"ngg_post_thumbnail":0,"footnotes":""},"categories":[1],"tags":[],"views":4158,"_links":{"self":[{"href":"https:\/\/www.waynakh.com\/tr\/wp-json\/wp\/v2\/posts\/1463"}],"collection":[{"href":"https:\/\/www.waynakh.com\/tr\/wp-json\/wp\/v2\/posts"}],"about":[{"href":"https:\/\/www.waynakh.com\/tr\/wp-json\/wp\/v2\/types\/post"}],"author":[{"embeddable":true,"href":"https:\/\/www.waynakh.com\/tr\/wp-json\/wp\/v2\/users\/1"}],"replies":[{"embeddable":true,"href":"https:\/\/www.waynakh.com\/tr\/wp-json\/wp\/v2\/comments?post=1463"}],"version-history":[{"count":0,"href":"https:\/\/www.waynakh.com\/tr\/wp-json\/wp\/v2\/posts\/1463\/revisions"}],"wp:attachment":[{"href":"https:\/\/www.waynakh.com\/tr\/wp-json\/wp\/v2\/media?parent=1463"}],"wp:term":[{"taxonomy":"category","embeddable":true,"href":"https:\/\/www.waynakh.com\/tr\/wp-json\/wp\/v2\/categories?post=1463"},{"taxonomy":"post_tag","embeddable":true,"href":"https:\/\/www.waynakh.com\/tr\/wp-json\/wp\/v2\/tags?post=1463"}],"curies":[{"name":"wp","href":"https:\/\/api.w.org\/{rel}","templated":true}]}}