{"id":150,"date":"2007-09-06T14:25:37","date_gmt":"2007-09-06T12:25:37","guid":{"rendered":"http:\/\/www.zelimhan.com\/?p=2493"},"modified":"2007-09-06T14:25:37","modified_gmt":"2007-09-06T12:25:37","slug":"ichkeria-parlementosu-ndan-bagimsizligin-yildonumu-mesaji","status":"publish","type":"post","link":"https:\/\/www.waynakh.com\/tr\/2007\/09\/ichkeria-parlementosu-ndan-bagimsizligin-yildonumu-mesaji\/","title":{"rendered":"\u0130chkeria Parlementosu&#8217; ndan Ba\u011f\u0131ms\u0131zl\u0131\u011f\u0131n Y\u0131ld\u00f6n\u00fcm\u00fc Mesaj\u0131"},"content":{"rendered":"<p>\u00c7e\u00e7en Cumhuriyeti \u0130chkeria Parlamentosu Ba\u015fkan\u0131 Zhaloudin Saralyapov, \u0130chkeria&#8217; n\u0131n ba\u011f\u0131ms\u0131zl\u0131\u011f\u0131n\u0131 ilan edi\u015finin 16.y\u0131ld\u00f6n\u00fcm\u00fc sebebiyle bir a\u00e7\u0131klama yapt\u0131.<\/p>\n<p align=\"justify\">Zhaloudin Saralyapov mesaj\u0131nda, 6 Eyl\u00fcl 2007 tarihinin \u00c7e\u00e7en Cumhuriyeti \u0130chkeria&#8217; n\u0131n ba\u011f\u0131ms\u0131zl\u0131\u011f\u0131n\u0131 ilan edi\u015finin 16.y\u0131ld\u00f6n\u00fcm\u00fc oldu\u011funu belirtip, &#8220;\u00c7e\u00e7en halk\u0131 y\u00fczy\u0131llard\u0131r nesilden nesile ba\u011f\u0131ms\u0131zl\u0131k ve \u00f6zg\u00fcrl\u00fck r\u00fcyas\u0131 ile ya\u015fad\u0131 ve bunu elde etmek i\u00e7in de her\u015feylerini feda etmeye haz\u0131rd\u0131. 6 Eyl\u00fcl 1991&#8242; de bu r\u00fcya ger\u00e7e\u011fe d\u00f6n\u00fc\u015ft\u00fc.&#8221; diyerek ba\u011f\u0131ms\u0131zl\u0131k g\u00fcn\u00fcn\u00fcn \u00c7e\u00e7en halk\u0131 i\u00e7in \u00f6nemini vurgulad\u0131.<\/p>\n<p align=\"justify\">Saralyapov mesaj\u0131nda, \u00c7e\u00e7en halk\u0131n\u0131n yapt\u0131\u011f\u0131 yasal se\u00e7imlerle devlet ba\u015fkan\u0131n\u0131, parlamentosunun \u00fcyelerini se\u00e7ti\u011fini, devlet kurumlar\u0131n\u0131 olu\u015fturdu\u011funu ancak Rusya&#8217; n\u0131n buna kar\u015f\u0131 \u00e7\u0131karak \u00f6zg\u00fcrl\u00fcklerini almak i\u00e7in \u00fclkelerini i\u015fgal etti\u011fini ancak her\u015feye ra\u011fmen Rus askeri ve politik kuvvetlerinin \u00c7e\u00e7en halk\u0131n\u0131n \u00f6zg\u00fcrl\u00fc\u011f\u00fcnden vazge\u00e7meye niyeti olmad\u0131\u011f\u0131n\u0131 anlad\u0131klar\u0131n\u0131 ifade etti.<\/p>\n","protected":false},"excerpt":{"rendered":"<p>\u00c7e\u00e7en Cumhuriyeti \u0130chkeria Parlamentosu Ba\u015fkan\u0131 Zhaloudin Saralyapov, \u0130chkeria&#8217; n\u0131n ba\u011f\u0131ms\u0131zl\u0131\u011f\u0131n\u0131 ilan edi\u015finin 16.y\u0131ld\u00f6n\u00fcm\u00fc sebebiyle bir a\u00e7\u0131klama yapt\u0131.<br \/>\nZhaloudin Saralyapov mesaj\u0131nda, 6 Eyl\u00fcl 2007 tarihinin \u00c7e\u00e7en Cumhuriyeti \u0130chkeria&#8217; n\u0131n ba\u011f\u0131ms\u0131zl\u0131\u011f\u0131n\u0131 ilan edi\u015finin 16.y\u0131ld\u00f6n\u00fcm\u00fc oldu\u011funu belirtip, &#8220;\u00c7e\u00e7en halk\u0131 &#8230;<\/p>\n","protected":false},"author":1,"featured_media":0,"comment_status":"open","ping_status":"open","sticky":false,"template":"","format":"standard","meta":{"ngg_post_thumbnail":0,"footnotes":""},"categories":[1],"tags":[],"views":3588,"_links":{"self":[{"href":"https:\/\/www.waynakh.com\/tr\/wp-json\/wp\/v2\/posts\/150"}],"collection":[{"href":"https:\/\/www.waynakh.com\/tr\/wp-json\/wp\/v2\/posts"}],"about":[{"href":"https:\/\/www.waynakh.com\/tr\/wp-json\/wp\/v2\/types\/post"}],"author":[{"embeddable":true,"href":"https:\/\/www.waynakh.com\/tr\/wp-json\/wp\/v2\/users\/1"}],"replies":[{"embeddable":true,"href":"https:\/\/www.waynakh.com\/tr\/wp-json\/wp\/v2\/comments?post=150"}],"version-history":[{"count":0,"href":"https:\/\/www.waynakh.com\/tr\/wp-json\/wp\/v2\/posts\/150\/revisions"}],"wp:attachment":[{"href":"https:\/\/www.waynakh.com\/tr\/wp-json\/wp\/v2\/media?parent=150"}],"wp:term":[{"taxonomy":"category","embeddable":true,"href":"https:\/\/www.waynakh.com\/tr\/wp-json\/wp\/v2\/categories?post=150"},{"taxonomy":"post_tag","embeddable":true,"href":"https:\/\/www.waynakh.com\/tr\/wp-json\/wp\/v2\/tags?post=150"}],"curies":[{"name":"wp","href":"https:\/\/api.w.org\/{rel}","templated":true}]}}