{"id":1519,"date":"2009-01-31T06:03:24","date_gmt":"2009-01-31T13:03:24","guid":{"rendered":"http:\/\/www.waynakh.com\/tr\/?p=1519"},"modified":"2009-01-31T06:03:24","modified_gmt":"2009-01-31T13:03:24","slug":"cecen-multecilerin-kaldigi-kamp-kapatildi","status":"publish","type":"post","link":"https:\/\/www.waynakh.com\/tr\/2009\/01\/cecen-multecilerin-kaldigi-kamp-kapatildi\/","title":{"rendered":"\u00c7e\u00e7en M\u00fcltecilerin Kald\u0131\u011f\u0131 Kamp Kapat\u0131ld\u0131"},"content":{"rendered":"<p>Polonya&#8217; n\u0131n g\u00fcneyindeki Katowice kentinde yakla\u015f\u0131k 300 \u00c7e\u00e7en s\u0131\u011f\u0131nmac\u0131n\u0131n kald\u0131\u011f\u0131 ge\u00e7ici s\u0131\u011f\u0131nma merkezi 29 Ocak 2009 Per\u015fembe g\u00fcn\u00fc kapat\u0131ld\u0131.<\/p>\n<p><!--more--><\/p>\n<p>\u00c7e\u00e7en s\u0131\u011f\u0131nmac\u0131lar\u0131n kald\u0131\u011f\u0131 Zalezu Yabanc\u0131lar \u0130\u00e7in Ge\u00e7ici S\u0131\u011f\u0131nma Merkezi&#8217; nin y\u00f6neticisi Miroslaw Kadziolka Polonya bas\u0131n\u0131na verdi\u011fi deme\u00e7lerde, karar\u0131n Var\u015fova&#8217; daki Yabanc\u0131lar Ofisi taraf\u0131ndan verildi\u011fini, kapat\u0131lan merkezde kalmakta olan s\u0131\u011f\u0131nmac\u0131lar\u0131n soka\u011fa at\u0131lmad\u0131\u011f\u0131n\u0131 Bialystok, Lomza ve Var\u015fova&#8217; daki ge\u00e7ici s\u0131\u011f\u0131nma merkezlerine da\u011f\u0131t\u0131ld\u0131\u011f\u0131n\u0131 a\u00e7\u0131klad\u0131.<\/p>\n<p>Polonya G\u00f6\u00e7men Forumu Agnieszka Kosowich&#8217; in verdi\u011fi bilgiye g\u00f6re kampta ge\u00e7ici olarak kalmakta olan yakla\u015f\u0131k 300 \u00c7e\u00e7en s\u0131\u011f\u0131nmac\u0131n\u0131n yar\u0131s\u0131ndan fazlas\u0131 \u00e7ocuk ve bu \u00e7ocuklardan 2&#8242; si yeni do\u011fmu\u015f bebek, 43 hamile kad\u0131n ile 8 olduk\u00e7a ya\u015fl\u0131 s\u0131\u011f\u0131nmac\u0131. Agnieszka Kosowich kapatma karar\u0131n\u0131 anlayamad\u0131\u011f\u0131n\u0131 ve bu merkezde kalan 300 \u00c7e\u00e7en s\u0131\u011f\u0131nmac\u0131n\u0131n ba\u015fka \u015fehirlere g\u00f6nderilmesini do\u011fru bulmad\u0131\u011f\u0131n\u0131 ifade etti. Polonya G\u00f6\u00e7men Forumu&#8217; nun yan\u0131 s\u0131ra Uluslararas\u0131 Af \u00d6rg\u00fct\u00fc Polonya \u015eubesi&#8217; de kapatma karar\u0131na tepki g\u00f6sterdi.<\/p>\n","protected":false},"excerpt":{"rendered":"<p>Polonya&#8217; n\u0131n g\u00fcneyindeki Katowice kentinde yakla\u015f\u0131k 300 \u00c7e\u00e7en s\u0131\u011f\u0131nmac\u0131n\u0131n kald\u0131\u011f\u0131 ge\u00e7ici s\u0131\u011f\u0131nma merkezi 29 Ocak 2009 Per\u015fembe g\u00fcn\u00fc kapat\u0131ld\u0131.<\/p>\n","protected":false},"author":1,"featured_media":0,"comment_status":"open","ping_status":"open","sticky":false,"template":"","format":"standard","meta":{"ngg_post_thumbnail":0,"footnotes":""},"categories":[1],"tags":[],"views":4669,"_links":{"self":[{"href":"https:\/\/www.waynakh.com\/tr\/wp-json\/wp\/v2\/posts\/1519"}],"collection":[{"href":"https:\/\/www.waynakh.com\/tr\/wp-json\/wp\/v2\/posts"}],"about":[{"href":"https:\/\/www.waynakh.com\/tr\/wp-json\/wp\/v2\/types\/post"}],"author":[{"embeddable":true,"href":"https:\/\/www.waynakh.com\/tr\/wp-json\/wp\/v2\/users\/1"}],"replies":[{"embeddable":true,"href":"https:\/\/www.waynakh.com\/tr\/wp-json\/wp\/v2\/comments?post=1519"}],"version-history":[{"count":1,"href":"https:\/\/www.waynakh.com\/tr\/wp-json\/wp\/v2\/posts\/1519\/revisions"}],"predecessor-version":[{"id":1520,"href":"https:\/\/www.waynakh.com\/tr\/wp-json\/wp\/v2\/posts\/1519\/revisions\/1520"}],"wp:attachment":[{"href":"https:\/\/www.waynakh.com\/tr\/wp-json\/wp\/v2\/media?parent=1519"}],"wp:term":[{"taxonomy":"category","embeddable":true,"href":"https:\/\/www.waynakh.com\/tr\/wp-json\/wp\/v2\/categories?post=1519"},{"taxonomy":"post_tag","embeddable":true,"href":"https:\/\/www.waynakh.com\/tr\/wp-json\/wp\/v2\/tags?post=1519"}],"curies":[{"name":"wp","href":"https:\/\/api.w.org\/{rel}","templated":true}]}}