{"id":18,"date":"2007-07-06T14:54:11","date_gmt":"2007-07-06T12:54:11","guid":{"rendered":"http:\/\/www.zelimhan.com\/?p=1177"},"modified":"2007-07-06T14:54:11","modified_gmt":"2007-07-06T12:54:11","slug":"dagistan-da-ozel-operasyon","status":"publish","type":"post","link":"https:\/\/www.waynakh.com\/tr\/2007\/07\/dagistan-da-ozel-operasyon\/","title":{"rendered":"Da\u011f\u0131stan&#8217; da \u00d6zel Operasyon"},"content":{"rendered":"<p>\u00c7e\u00e7en Cumhuriyeti \u0130chkeria Silahl\u0131 Kuvvetleri Bas\u0131n S\u00f6zc\u00fcs\u00fc taraf\u0131ndan yap\u0131lan a\u00e7\u0131klamaya g\u00f6re, Bat\u0131 Cephesi Kumandan\u0131 Albay Abubakar Elmuradov beraberindeki \u00f6zg\u00fcrl\u00fck sava\u015f\u00e7\u0131lar\u0131 ile Da\u011f\u0131stan&#8217; da \u00f6zel bir operasyon d\u00fczenledi. \u0130\u015fgalcilerin ve i\u015fbirlik\u00e7ilerin \u00e7ok say\u0131da kay\u0131p verdi\u011fi ifade edildi.<\/p>\n<div>4 Temmuz gecesi saat 23.25&#8242; te Da\u011f\u0131stan&#8217; \u0131n Khasavyurt B\u00f6lgesi Pokrovskaya K\u00f6y\u00fc&#8217; nde bulunan Da\u011f\u0131stan \u0130\u00e7i\u015fleri Bakanl\u0131\u011f\u0131&#8217; na ait haydut grubunun karargah\u0131na Albay Abubakar Elmuradov komutas\u0131nda sald\u0131ran \u00f6zg\u00fcrl\u00fck sava\u015f\u00e7\u0131lar\u0131 karargahtaki bir i\u015fbirlik\u00e7iyi \u00f6ld\u00fcrd\u00fc. \u0130\u015fbirlik\u00e7iler korkuya kap\u0131larak destek birlik \u00e7a\u011f\u0131rd\u0131lar. Destek \u00e7a\u011f\u0131r\u0131laca\u011f\u0131n\u0131 bilen \u00f6zg\u00fcrl\u00fck sava\u015f\u00e7\u0131lar\u0131, i\u015fbirlik\u00e7ilerin destek birli\u011finin gelece\u011fi istikamette pusu kurdu. \u0130\u015fbirlik\u00e7ilerin destek birli\u011fini ta\u015f\u0131yan otob\u00fcs olay yerine yakla\u015ft\u0131\u011f\u0131 s\u0131rada patlat\u0131ld\u0131. Otob\u00fcsten sa\u011f \u00e7\u0131kmay\u0131 ba\u015faran i\u015fbirlik\u00e7ilere de otomatik silahlarla sald\u0131ran \u00f6zg\u00fcrl\u00fck sava\u015f\u00e7\u0131lar\u0131 kay\u0131p vermeden olay yerinden ayr\u0131ld\u0131.<\/div>\n<p align=\"justify\">\u0130\u015fbirlik\u00e7ilere \u00e7ok say\u0131da kay\u0131p verdirildi\u011fini tahmin ettiklerini a\u00e7\u0131klayan \u00c7C\u0130 Silahl\u0131 Kuvvetler Bas\u0131n S\u00f6zc\u00fcs\u00fc kesin rakamlar\u0131n ilerleyen g\u00fcnlerde a\u00e7\u0131klanaca\u011f\u0131n\u0131 bildirdi.<\/p>\n","protected":false},"excerpt":{"rendered":"<p>\u00c7e\u00e7en Cumhuriyeti \u0130chkeria Silahl\u0131 Kuvvetleri Bas\u0131n S\u00f6zc\u00fcs\u00fc taraf\u0131ndan yap\u0131lan a\u00e7\u0131klamaya g\u00f6re, Bat\u0131 Cephesi Kumandan\u0131 Albay Abubakar Elmuradov beraberindeki \u00f6zg\u00fcrl\u00fck sava\u015f\u00e7\u0131lar\u0131 ile Da\u011f\u0131stan&#8217; da \u00f6zel bir operasyon d\u00fczenledi. \u0130\u015fgalcilerin ve i\u015fbirlik\u00e7ilerin \u00e7ok say\u0131da kay\u0131p verdi\u011fi ifade &#8230;<\/p>\n","protected":false},"author":1,"featured_media":0,"comment_status":"open","ping_status":"open","sticky":false,"template":"","format":"standard","meta":{"ngg_post_thumbnail":0,"footnotes":""},"categories":[1],"tags":[],"views":3878,"_links":{"self":[{"href":"https:\/\/www.waynakh.com\/tr\/wp-json\/wp\/v2\/posts\/18"}],"collection":[{"href":"https:\/\/www.waynakh.com\/tr\/wp-json\/wp\/v2\/posts"}],"about":[{"href":"https:\/\/www.waynakh.com\/tr\/wp-json\/wp\/v2\/types\/post"}],"author":[{"embeddable":true,"href":"https:\/\/www.waynakh.com\/tr\/wp-json\/wp\/v2\/users\/1"}],"replies":[{"embeddable":true,"href":"https:\/\/www.waynakh.com\/tr\/wp-json\/wp\/v2\/comments?post=18"}],"version-history":[{"count":0,"href":"https:\/\/www.waynakh.com\/tr\/wp-json\/wp\/v2\/posts\/18\/revisions"}],"wp:attachment":[{"href":"https:\/\/www.waynakh.com\/tr\/wp-json\/wp\/v2\/media?parent=18"}],"wp:term":[{"taxonomy":"category","embeddable":true,"href":"https:\/\/www.waynakh.com\/tr\/wp-json\/wp\/v2\/categories?post=18"},{"taxonomy":"post_tag","embeddable":true,"href":"https:\/\/www.waynakh.com\/tr\/wp-json\/wp\/v2\/tags?post=18"}],"curies":[{"name":"wp","href":"https:\/\/api.w.org\/{rel}","templated":true}]}}