{"id":1966,"date":"2009-03-02T02:51:33","date_gmt":"2009-03-02T09:51:33","guid":{"rendered":"http:\/\/www.waynakh.com\/tr\/?p=1966"},"modified":"2009-03-11T18:48:31","modified_gmt":"2009-03-11T16:48:31","slug":"oldurulen-cecen-topraga-verildi-video","status":"publish","type":"post","link":"https:\/\/www.waynakh.com\/tr\/2009\/03\/oldurulen-cecen-topraga-verildi-video\/","title":{"rendered":"\u00d6ld\u00fcr\u00fclen \u00c7e\u00e7en Topra\u011fa Verildi (Video)"},"content":{"rendered":"<p style=\"text-align: justify;\">26 \u015eubat 2009 Per\u015fembe gecesi \u0130stanbul Zeytinburnu&#8217; ndaki apartmana girerken \u00f6ld\u00fcr\u00fclen \u00c7e\u00e7en s\u0131\u011f\u0131nmac\u0131 Musa Ataev&#8217; in cenazesi 28 \u015eubat 2009 Cumartesi g\u00fcn\u00fc Fatih Camii&#8217; nde k\u0131l\u0131nan cenaze namaz\u0131n\u0131n ard\u0131ndan Silivri Mezarl\u0131\u011f\u0131&#8217; nda topra\u011fa verildi.<!--more--><\/p>\n<p style=\"text-align: justify;\">Cumartesi g\u00fcn\u00fc ikindi namaz\u0131na m\u00fcteakip Fatih Camii&#8217; nde k\u0131l\u0131nan cenaze namaz\u0131na Musa Atayev&#8217; in yak\u0131nlar\u0131 ve \u00c7e\u00e7en s\u0131\u011f\u0131nmac\u0131lar kat\u0131ld\u0131. T\u00f6rene kat\u0131lan Kafkas \u00c7e\u00e7en Dayan\u0131\u015fma Derne\u011fi Ba\u015fkan Vekili Sabahattin Durgun, gazetelerde Atayaev hakk\u0131nda zimmetine para ge\u00e7irdi\u011fine dair \u00e7\u0131kan haberlerin as\u0131ls\u0131z oldu\u011funu ve son bir y\u0131l i\u00e7inde birbirine benzer \u00f6ld\u00fcr\u00fclen \u00c7e\u00e7enlerin katillerinin Rus gizli servisi oldu\u011funa inand\u0131\u011f\u0131n\u0131 ifade etti.<\/p>\n<p style=\"text-align: justify;\">Vasiyeti gere\u011fi bir \u00c7e\u00e7en arkada\u015f\u0131 taraf\u0131ndan k\u0131ld\u0131r\u0131lan cenaze namaz\u0131n\u0131n ard\u0131ndan, kendisini Abreg Ali olarak tan\u0131tan bir \u00c7e\u00e7en, &#8220;&#8221;Rahmetli Ali karde\u015fimiz \u00f6zg\u00fcr bir \u00c7e\u00e7enistan, \u00f6zg\u00fcr bir Kafkasya i\u00e7in hayat\u0131 boyunca m\u00fccadele etmi\u015f b\u00fcy\u00fck bir liderdir. \u0130dealleri u\u011fruna \u00c7e\u00e7enistan&#8217; \u0131n \u00f6zg\u00fcrl\u00fc\u011f\u00fc, Rusya&#8217; n\u0131n Kafkasya \u00fczerindeki kirli oyunlar\u0131n\u0131n sona erdirilmesi i\u00e7in her t\u00fcrl\u00fc fedakarl\u0131\u011f\u0131 yapm\u0131\u015f samimi bir m\u00fccahittir. Bizlere s\u00f6yledi\u011fi e\u011fer bir g\u00fcn \u015fehit olacaksam Allah bana \u015fehitli\u011fi kendi topraklar\u0131mda nasip etsin idi. Ancak Allah-u Teala ona \u015fehitli\u011fi karde\u015f vatan dedi\u011fi T\u00fcrk topraklar\u0131nda nasip etmi\u015ftir. Tamamen kendisini Allah yoluna teslim etmi\u015f ve davas\u0131na adam\u0131\u015f bir m\u00fccahitti. Fakat bir k\u0131s\u0131m medyada \u00e7\u0131kan as\u0131ls\u0131z haberler bizleri derinden \u00fczm\u00fc\u015ft\u00fcr. Bizler T\u00fcrk adaletine ve emniyet mensuplar\u0131na g\u00fcvenmekte ve zalimce i\u015flenen bu cinayetleri ayd\u0131nlatacak, T\u00fcrk halk\u0131na s\u0131\u011f\u0131nm\u0131\u015f \u00c7e\u00e7en m\u00fclteciler \u00fczerinde oynanan bu kirli oyunlar\u0131n ortaya \u00e7\u0131kar\u0131laca\u011f\u0131na inan\u0131yoruz&#8230;&#8221; \u015feklindeki bir bildiriyi bas\u0131n mensuplar\u0131 kar\u015f\u0131s\u0131nda okudu. Tekbirler e\u015fli\u011finde omuzlara al\u0131nan cenaze, cenaze arac\u0131na konularak Silivri Mezarl\u0131\u011f\u0131&#8217; na g\u00f6t\u00fcr\u00fcld\u00fc ve defnedildi.<\/p>\n<p style=\"text-align: justify;\"><strong>Musa Atayev&#8217; in cenaze t\u00f6reninden video g\u00f6r\u00fcnt\u00fcleri:<\/strong><\/p>\n<p><object classid=\"clsid:d27cdb6e-ae6d-11cf-96b8-444553540000\" width=\"320\" height=\"270\" codebase=\"http:\/\/download.macromedia.com\/pub\/shockwave\/cabs\/flash\/swflash.cab#version=6,0,40,0\"><param name=\"src\" value=\"http:\/\/blip.tv\/play\/AfK+OgA\" \/><embed type=\"application\/x-shockwave-flash\" width=\"320\" height=\"270\" src=\"http:\/\/blip.tv\/play\/AfK+OgA\"><\/embed><\/object><\/p>\n","protected":false},"excerpt":{"rendered":"<p>26 \u015eubat 2009 Per\u015fembe gecesi \u0130stanbul Zeytinburnu&#8217; ndaki apartmana girerken \u00f6ld\u00fcr\u00fclen \u00c7e\u00e7en s\u0131\u011f\u0131nmac\u0131 Musa Ataev&#8217; in cenazesi 28 \u015eubat 2009 Cumartesi g\u00fcn\u00fc Fatih Camii&#8217; nde k\u0131l\u0131nan cenaze namaz\u0131n\u0131n ard\u0131ndan Silivri Mezarl\u0131\u011f\u0131&#8217; nda topra\u011fa verildi.<\/p>\n","protected":false},"author":1,"featured_media":0,"comment_status":"open","ping_status":"open","sticky":false,"template":"","format":"standard","meta":{"ngg_post_thumbnail":0,"footnotes":""},"categories":[1],"tags":[166],"views":5343,"_links":{"self":[{"href":"https:\/\/www.waynakh.com\/tr\/wp-json\/wp\/v2\/posts\/1966"}],"collection":[{"href":"https:\/\/www.waynakh.com\/tr\/wp-json\/wp\/v2\/posts"}],"about":[{"href":"https:\/\/www.waynakh.com\/tr\/wp-json\/wp\/v2\/types\/post"}],"author":[{"embeddable":true,"href":"https:\/\/www.waynakh.com\/tr\/wp-json\/wp\/v2\/users\/1"}],"replies":[{"embeddable":true,"href":"https:\/\/www.waynakh.com\/tr\/wp-json\/wp\/v2\/comments?post=1966"}],"version-history":[{"count":5,"href":"https:\/\/www.waynakh.com\/tr\/wp-json\/wp\/v2\/posts\/1966\/revisions"}],"predecessor-version":[{"id":1972,"href":"https:\/\/www.waynakh.com\/tr\/wp-json\/wp\/v2\/posts\/1966\/revisions\/1972"}],"wp:attachment":[{"href":"https:\/\/www.waynakh.com\/tr\/wp-json\/wp\/v2\/media?parent=1966"}],"wp:term":[{"taxonomy":"category","embeddable":true,"href":"https:\/\/www.waynakh.com\/tr\/wp-json\/wp\/v2\/categories?post=1966"},{"taxonomy":"post_tag","embeddable":true,"href":"https:\/\/www.waynakh.com\/tr\/wp-json\/wp\/v2\/tags?post=1966"}],"curies":[{"name":"wp","href":"https:\/\/api.w.org\/{rel}","templated":true}]}}