{"id":2568,"date":"2009-03-18T20:36:31","date_gmt":"2009-03-18T18:36:31","guid":{"rendered":"http:\/\/www.waynakh.com\/tr\/?p=2568"},"modified":"2012-07-10T18:38:15","modified_gmt":"2012-07-10T15:38:15","slug":"ickerya-hukumeti-nden-basin-aciklamasi","status":"publish","type":"post","link":"https:\/\/www.waynakh.com\/tr\/2009\/03\/ickerya-hukumeti-nden-basin-aciklamasi\/","title":{"rendered":"\u0130\u00e7kerya H\u00fck\u00fcmeti&#8217; nden Bas\u0131n A\u00e7\u0131klamas\u0131"},"content":{"rendered":"<p style=\"text-align: justify;\">\u00c7e\u00e7en Cumhuriyeti \u0130\u00e7kerya H\u00fck\u00fcmeti Bas\u0131n Servisi&#8217; nden bug\u00fcn yap\u0131lan a\u00e7\u0131klamayla \u00e7e\u015fitli haber ajanslar\u0131nda Bakanlar Kurulu Ba\u015fkan\u0131 Akhmad Zakaev&#8217; in Rusya&#8217; ya iade edilmekten endi\u015fe etti\u011fi i\u00e7in Bel\u00e7ika&#8217; ya gitmekten vazge\u00e7ti\u011fi \u015feklinde \u00e7\u0131kan haberlerin ger\u00e7e\u011fi yans\u0131tmad\u0131\u011f\u0131 ifade edildi.<\/p>\n<p style=\"text-align: justify;\"><!--more--><\/p>\n<p style=\"text-align: justify;\">Hafta ba\u015f\u0131nda Avrupa&#8217; da ve Rusya&#8217; da baz\u0131 medya organlar\u0131nda Akhmad Zakaev&#8217; in Avrupa Parlamentosu milletvekilleriyle Br\u00fcksel&#8217; de yapmay\u0131 planlad\u0131\u011f\u0131 bir g\u00f6r\u00fc\u015fmeden, Rusya Federasyonu&#8217; nun Bel\u00e7ika B\u00fcy\u00fckel\u00e7isi taraf\u0131ndan Zakaev&#8217; in Bel\u00e7ika&#8217; ya gelmesi halinde tutuklanarak iade edilmesine y\u00f6nelik bir ba\u015fvurusunun ard\u0131ndan bu ziyaretten vazge\u00e7ti\u011fi y\u00f6n\u00fcnde haberler \u00e7\u0131km\u0131\u015ft\u0131.<\/p>\n<p style=\"text-align: justify;\">18 Mart 2009 tarihli bas\u0131n bildirisinde, ge\u00e7ti\u011fimiz y\u0131l \u00c7e\u00e7en Cumhuriyeti \u0130\u00e7kerya H\u00fck\u00fcmeti&#8217; nin bizzat Bakanlar Kurulu Ba\u015fkan\u0131 Akhmad Zakaev&#8217; in kat\u0131l\u0131m\u0131yla Avrupa Parlamentosu milletvekilleriyle &#8220;\u00c7e\u00e7en halk\u0131n\u0131n self determinasyon hakk\u0131 i\u00e7in&#8221; Avrupa Parlamentosu&#8217; nda bir insiyatif grubu kurulmas\u0131 y\u00f6n\u00fcnde g\u00f6r\u00fc\u015fmeler yapt\u0131\u011f\u0131na de\u011finildi. \u015eubat 2009&#8242; da i\u00e7lerinde Akhmad Zakaev&#8217; in de bulundu\u011fu grup ile Avrupal\u0131 parlamenterlerin g\u00f6r\u00fc\u015fmesinde sonbahar 2009&#8242; da bu insiyatif grubunun uluslararas\u0131 bir konferans organize edilmesi konusunda fikir birli\u011fine vard\u0131\u011f\u0131 vurgulan\u0131rken, \u0130\u00e7kerya H\u00fck\u00fcmeti&#8217; nin bu y\u00f6ndeki \u00e7al\u0131\u015fmalar\u0131nda \u00c7e\u00e7en Cumhuriyeti \u0130\u00e7kerya H\u00fck\u00fcmeti D\u0131\u015fi\u015fleri Bakan\u0131 Usman Ferzauli taraf\u0131ndan temsil edildi\u011fini, delegasyona ise \u0130\u00e7kerya Parlamentosu Ba\u015fkan\u0131 Zhaloudi Saralyapov taraf\u0131ndan liderlik edildi\u011fi a\u00e7\u0131kland\u0131. Bu bilgilendirme ile \u00e7e\u015fitli bas\u0131n organlar\u0131nda \u00e7\u0131kan haberlerin maksatl\u0131 oldu\u011fu ve ger\u00e7e\u011fi yans\u0131tmad\u0131\u011f\u0131 ortaya \u00e7\u0131kt\u0131<\/p>\n","protected":false},"excerpt":{"rendered":"<p>\u00c7e\u00e7en Cumhuriyeti \u0130\u00e7kerya H\u00fck\u00fcmeti Bas\u0131n Servisi&#8217; nden bug\u00fcn yap\u0131lan a\u00e7\u0131klamayla \u00e7e\u015fitli haber ajanslar\u0131nda Bakanlar Kurulu Ba\u015fkan\u0131 Akhmad Zakaev&#8217; in Rusya&#8217; ya iade edilmekten endi\u015fe etti\u011fi i\u00e7in Bel\u00e7ika&#8217; ya gitmekten vazge\u00e7ti\u011fi \u015feklinde \u00e7\u0131kan haberlerin ger\u00e7e\u011fi yans\u0131tmad\u0131\u011f\u0131 &#8230;<\/p>\n","protected":false},"author":1,"featured_media":0,"comment_status":"open","ping_status":"open","sticky":false,"template":"","format":"standard","meta":{"ngg_post_thumbnail":0,"footnotes":""},"categories":[1],"tags":[11,31,117,124],"views":3116,"_links":{"self":[{"href":"https:\/\/www.waynakh.com\/tr\/wp-json\/wp\/v2\/posts\/2568"}],"collection":[{"href":"https:\/\/www.waynakh.com\/tr\/wp-json\/wp\/v2\/posts"}],"about":[{"href":"https:\/\/www.waynakh.com\/tr\/wp-json\/wp\/v2\/types\/post"}],"author":[{"embeddable":true,"href":"https:\/\/www.waynakh.com\/tr\/wp-json\/wp\/v2\/users\/1"}],"replies":[{"embeddable":true,"href":"https:\/\/www.waynakh.com\/tr\/wp-json\/wp\/v2\/comments?post=2568"}],"version-history":[{"count":7,"href":"https:\/\/www.waynakh.com\/tr\/wp-json\/wp\/v2\/posts\/2568\/revisions"}],"predecessor-version":[{"id":2572,"href":"https:\/\/www.waynakh.com\/tr\/wp-json\/wp\/v2\/posts\/2568\/revisions\/2572"}],"wp:attachment":[{"href":"https:\/\/www.waynakh.com\/tr\/wp-json\/wp\/v2\/media?parent=2568"}],"wp:term":[{"taxonomy":"category","embeddable":true,"href":"https:\/\/www.waynakh.com\/tr\/wp-json\/wp\/v2\/categories?post=2568"},{"taxonomy":"post_tag","embeddable":true,"href":"https:\/\/www.waynakh.com\/tr\/wp-json\/wp\/v2\/tags?post=2568"}],"curies":[{"name":"wp","href":"https:\/\/api.w.org\/{rel}","templated":true}]}}