{"id":307,"date":"2008-01-01T14:52:05","date_gmt":"2008-01-01T12:52:05","guid":{"rendered":"http:\/\/www.zelimhan.com\/?p=2005"},"modified":"2008-01-01T14:52:05","modified_gmt":"2008-01-01T12:52:05","slug":"grozny-de-13-isbirlikci-yokedildi","status":"publish","type":"post","link":"https:\/\/www.waynakh.com\/tr\/2008\/01\/grozny-de-13-isbirlikci-yokedildi\/","title":{"rendered":"Grozny&#8217; de 13 \u0130\u015fbirlik\u00e7i Yokedildi"},"content":{"rendered":"<p>Rus i\u015fgali alt\u0131ndaki \u00c7e\u00e7enya&#8217; n\u0131n ba\u015fkenti Grozny&#8217; de, 31 Aral\u0131k g\u00fcn\u00fc \u00c7e\u00e7en Cumhuriyeti \u0130chkeria Silahl\u0131 Kuvvetleri&#8217; ne ba\u011fl\u0131 mobil birliklerce d\u00fczenlenen operasyonlarda on\u00fc\u00e7 i\u015fbirlik\u00e7i yok edildi.<\/p>\n<p align=\"justify\">\u0130\u015fgalci Rus h\u00fck\u00fcmetine ba\u011fl\u0131 medya organlar\u0131 Grozny&#8217; de i\u015fbirlik\u00e7i haydutlar\u0131n s\u00f6zde\u00a0b\u00f6lge polis \u015fefinin \u00f6ld\u00fcr\u00fcld\u00fc\u011f\u00fcn\u00fc duyurmas\u0131na ra\u011fmen, di\u011fer operasyonlar kay\u0131plar hakk\u0131nda bilgi vermedi.<\/p>\n<p align=\"justify\">Ancak b\u00f6lgedeki g\u00fcvenilir kaynaklar, kukla Kadirov h\u00fck\u00fcmetinin, 31 Aral\u0131k g\u00fcn\u00fc, Grozny&#8217; de on\u00fc\u00e7\u00a0haydudunun ortadan kald\u0131r\u0131ld\u0131\u011f\u0131n\u0131 aktard\u0131. Rus\u00a0medyas\u0131n\u0131n aktard\u0131\u011f\u0131 s\u00f6zde b\u00f6lge polis \u015fefinin yok edildi\u011fi operasyonda, ger\u00e7ekte polis \u015fefi ile birlikte iki haydut daha yok edildi. Ayr\u0131ca,\u00a0alt\u0131 i\u015fbirlik\u00e7i\u00a0Grozny \u015fehir pazar\u0131 \u00e7evresinde, \u00fc\u00e7 i\u015fbirlik\u00e7i haydut Grozny&#8217; nin\u00a0Staraya Sunzha K\u00f6y\u00fc s\u0131n\u0131r\u0131nda, bir i\u015fbirlik\u00e7i\u00a0haydut ise Grozny&#8217; nin merkezinde yok edildi.<\/p>\n<p align=\"justify\">\u00d6te yandan i\u015fbirlik\u00e7i Kadirov h\u00fck\u00fcmeti haydutlar\u0131, Grozny&#8217; de bir intihar bombac\u0131s\u0131 kad\u0131n\u0131 yakalad\u0131klar\u0131n\u0131, bu kad\u0131n\u0131n \u015fehir merkezindeki bir kafede eylem yapmay\u0131\u00a0planlad\u0131\u011f\u0131n\u0131 iddia etti. Tutuklanan kad\u0131n\u0131n kimli\u011fi hakk\u0131nda bilgi edinilemezken, \u0130chkeria kaynaklar\u0131ndan\u00a0da konu hakk\u0131nda hen\u00fcz bir a\u00e7\u0131klama yap\u0131lmad\u0131.<\/p>\n","protected":false},"excerpt":{"rendered":"<p>Rus i\u015fgali alt\u0131ndaki \u00c7e\u00e7enya&#8217; n\u0131n ba\u015fkenti Grozny&#8217; de, 31 Aral\u0131k g\u00fcn\u00fc \u00c7e\u00e7en Cumhuriyeti \u0130chkeria Silahl\u0131 Kuvvetleri&#8217; ne ba\u011fl\u0131 mobil birliklerce d\u00fczenlenen operasyonlarda on\u00fc\u00e7 i\u015fbirlik\u00e7i yok edildi.<br \/>\n\u0130\u015fgalci Rus h\u00fck\u00fcmetine ba\u011fl\u0131 medya organlar\u0131 Grozny&#8217; de i\u015fbirlik\u00e7i haydutlar\u0131n &#8230;<\/p>\n","protected":false},"author":1,"featured_media":0,"comment_status":"open","ping_status":"open","sticky":false,"template":"","format":"standard","meta":{"ngg_post_thumbnail":0,"footnotes":""},"categories":[1],"tags":[],"views":3595,"_links":{"self":[{"href":"https:\/\/www.waynakh.com\/tr\/wp-json\/wp\/v2\/posts\/307"}],"collection":[{"href":"https:\/\/www.waynakh.com\/tr\/wp-json\/wp\/v2\/posts"}],"about":[{"href":"https:\/\/www.waynakh.com\/tr\/wp-json\/wp\/v2\/types\/post"}],"author":[{"embeddable":true,"href":"https:\/\/www.waynakh.com\/tr\/wp-json\/wp\/v2\/users\/1"}],"replies":[{"embeddable":true,"href":"https:\/\/www.waynakh.com\/tr\/wp-json\/wp\/v2\/comments?post=307"}],"version-history":[{"count":0,"href":"https:\/\/www.waynakh.com\/tr\/wp-json\/wp\/v2\/posts\/307\/revisions"}],"wp:attachment":[{"href":"https:\/\/www.waynakh.com\/tr\/wp-json\/wp\/v2\/media?parent=307"}],"wp:term":[{"taxonomy":"category","embeddable":true,"href":"https:\/\/www.waynakh.com\/tr\/wp-json\/wp\/v2\/categories?post=307"},{"taxonomy":"post_tag","embeddable":true,"href":"https:\/\/www.waynakh.com\/tr\/wp-json\/wp\/v2\/tags?post=307"}],"curies":[{"name":"wp","href":"https:\/\/api.w.org\/{rel}","templated":true}]}}