{"id":36,"date":"2007-07-16T15:24:28","date_gmt":"2007-07-16T13:24:28","guid":{"rendered":"http:\/\/www.zelimhan.com\/?p=1236"},"modified":"2007-07-16T15:24:28","modified_gmt":"2007-07-16T13:24:28","slug":"aihm-ye-basvuran-cecen-hapishanede-olduruldu","status":"publish","type":"post","link":"https:\/\/www.waynakh.com\/tr\/2007\/07\/aihm-ye-basvuran-cecen-hapishanede-olduruldu\/","title":{"rendered":"A\u0130HM&#8217; ye Ba\u015fvuran \u00c7e\u00e7en Hapishanede \u00d6ld\u00fcr\u00fcld\u00fc"},"content":{"rendered":"<p>Rusya&#8217; n\u0131n kuzeybat\u0131s\u0131ndaki Murmansk&#8217; ta bir hapishanede tutulan 25 ya\u015f\u0131ndaki gen\u00e7 bir \u00c7e\u00e7en, adil yarg\u0131lanmad\u0131\u011f\u0131 ve i\u015fkenceye maruz kald\u0131\u011f\u0131 gerek\u00e7esi ile Avrupa \u0130nsan Haklar\u0131 Mahkemesi&#8217; ne ba\u015fvurunca Rus gardiyanlar taraf\u0131ndan \u00f6ld\u00fcr\u00fcld\u00fc, arkada\u015fl\u0131k etti\u011fi iki \u00c7e\u00e7en mahkum da yaraland\u0131. Rus yetkili makamlar\u0131 ise olay\u0131 yalanlayarak bunun bir kaza oldu\u011funu ileri s\u00fcrd\u00fcler.<\/p>\n<p align=\"justify\">Gizli g\u00f6zalt\u0131 merkezlerinin yan\u0131 s\u0131ra d\u00fczmece mahkemelerde yarg\u0131lan\u0131p Rusya&#8217; n\u0131n \u00e7e\u015fitli b\u00f6lgelerindeki hapishanelere g\u00f6nderilen masum \u00c7e\u00e7enlerin, Ruslara ve di\u011fer etnik kimlikli mahkumlara nazaran ne kadar zor \u015fartlar alt\u0131nda olduklar\u0131 bir kez daha g\u00f6zler \u00f6n\u00fcne serildi.<\/p>\n<p align=\"justify\">Azamat Uspayev isimli \u00c7e\u00e7enin annesi, o daha 13 ya\u015f\u0131ndayken Ruslar taraf\u0131ndan \u00f6ld\u00fcr\u00fclm\u00fc\u015ft\u00fc. Azamat&#8217; \u0131n annesi Madina Elmurzayeva&#8217; n\u0131n \u00f6l\u00fcm\u00fcn ard\u0131nda yatan neden ise onun \u00c7e\u00e7en K\u0131z\u0131l Ha\u00e7 Organizasyonu&#8217; nun bir \u00fcyesi olmas\u0131 ve \u00e7e\u015fitli yard\u0131m faaliyetlerine kat\u0131larak tespit etti\u011fi insanl\u0131k su\u00e7lar\u0131n\u0131 d\u00fcnyaya duyurmaya \u00e7al\u0131\u015fmas\u0131yd\u0131. Madina&#8217; n\u0131n Ruslar taraf\u0131ndan \u00f6ld\u00fcr\u00fclmesinin \u00fczerinden d\u00f6rt y\u0131l ge\u00e7tikten sonra, Azamat 17 ya\u015f\u0131ndayken Rus askerleri bir gece eve bask\u0131n yaparak onu filtrasyon kamplar\u0131ndan birisine g\u00f6t\u00fcrd\u00fcler. Burada t\u00fcrl\u00fc i\u015fkencelere maruz kald\u0131. G\u00f6rd\u00fc\u011f\u00fc i\u015fkencelerden sonra kukla Kadirov h\u00fck\u00fcmetinin s\u00f6zde \u00c7e\u00e7en Federal Mahkemesi \u00f6n\u00fcne \u00e7\u0131kar\u0131lan Azamat bu mahkeme taraf\u0131ndan illegal su\u00e7 \u00f6rg\u00fctleri ile i\u015fbirli\u011fi i\u00e7erisinde olmaktan dolay\u0131 a\u011f\u0131r hapis cezas\u0131 ile cezaland\u0131r\u0131larak Rusya&#8217; n\u0131n kuzeybat\u0131s\u0131nda yer alan Murmansk&#8217; taki bir hapishaneye g\u00f6nderildi. Burada da insanl\u0131k onurunu zedeleyici muamelelerle kar\u015f\u0131la\u015fan ve i\u015fkence g\u00f6rmeye devam eden Azamat daha fazla dayanamad\u0131 ve Haziran 2007&#8242; de Avrupa \u0130nsan Haklar\u0131 Mahkemesi&#8217; ne ba\u015fvuruda bulundu. Olduk\u00e7a yava\u015f i\u015fleyen bir mekanizmaya sahip olan A\u0130HM daha dosyay\u0131 bile inceleyemeden Azamat 1 Temmuz g\u00fcn\u00fc Rus gardiyanlar taraf\u0131ndan hapishanenin ikinci kat\u0131ndan a\u015fa\u011f\u0131ya at\u0131larak \u00f6ld\u00fcr\u00fcld\u00fc. Azamat&#8217; \u0131n serbest zamanlar\u0131nda beraber gezdi\u011fi mahkumlardan iki \u00c7e\u00e7en de gardiyanlara kar\u015f\u0131 \u00e7\u0131kmaya \u00e7al\u0131\u015f\u0131nca bu uygulamadan nasibini ald\u0131 ancak onlar a\u011f\u0131r yaral\u0131 olarak kurtuldular.<\/p>\n<p align=\"justify\">Murmansk&#8217; taki hapishanenin yetkillileri ise \u00c7e\u00e7en gencin gardiyanlar taraf\u0131ndan \u00f6ld\u00fcr\u00fcld\u00fc\u011f\u00fc iddias\u0131n\u0131 yalanlayarak Azamat ve iki \u00c7e\u00e7en arkada\u015f\u0131n\u0131n trajik bir kazaya kurban gitti\u011fini ifade ettiler. Yetkililere\u00a0 g\u00f6re Azamat ve iki \u00c7e\u00e7en her zaman yapt\u0131klar\u0131 gibi birbirleri ile g\u00fcre\u015f tutuyordu ama dengelerini kaybederek ikinci kattan a\u015fa\u011f\u0131ya d\u00fc\u015ft\u00fcler. Cezaevi doktorunun ilk m\u00fcdahalesine ra\u011fmen ba\u015f\u0131n\u0131 \u00e7arpan Azamat kurtar\u0131lamad\u0131, di\u011fer iki \u00c7e\u00e7en mahkumun durumu ise ciddiyetini koruyor.<\/p>\n","protected":false},"excerpt":{"rendered":"<p>Rusya&#8217; n\u0131n kuzeybat\u0131s\u0131ndaki Murmansk&#8217; ta bir hapishanede tutulan 25 ya\u015f\u0131ndaki gen\u00e7 bir \u00c7e\u00e7en, adil yarg\u0131lanmad\u0131\u011f\u0131 ve i\u015fkenceye maruz kald\u0131\u011f\u0131 gerek\u00e7esi ile Avrupa \u0130nsan Haklar\u0131 Mahkemesi&#8217; ne ba\u015fvurunca Rus gardiyanlar taraf\u0131ndan \u00f6ld\u00fcr\u00fcld\u00fc, arkada\u015fl\u0131k etti\u011fi iki \u00c7e\u00e7en &#8230;<\/p>\n","protected":false},"author":1,"featured_media":0,"comment_status":"open","ping_status":"open","sticky":false,"template":"","format":"standard","meta":{"ngg_post_thumbnail":0,"footnotes":""},"categories":[1],"tags":[],"views":3833,"_links":{"self":[{"href":"https:\/\/www.waynakh.com\/tr\/wp-json\/wp\/v2\/posts\/36"}],"collection":[{"href":"https:\/\/www.waynakh.com\/tr\/wp-json\/wp\/v2\/posts"}],"about":[{"href":"https:\/\/www.waynakh.com\/tr\/wp-json\/wp\/v2\/types\/post"}],"author":[{"embeddable":true,"href":"https:\/\/www.waynakh.com\/tr\/wp-json\/wp\/v2\/users\/1"}],"replies":[{"embeddable":true,"href":"https:\/\/www.waynakh.com\/tr\/wp-json\/wp\/v2\/comments?post=36"}],"version-history":[{"count":0,"href":"https:\/\/www.waynakh.com\/tr\/wp-json\/wp\/v2\/posts\/36\/revisions"}],"wp:attachment":[{"href":"https:\/\/www.waynakh.com\/tr\/wp-json\/wp\/v2\/media?parent=36"}],"wp:term":[{"taxonomy":"category","embeddable":true,"href":"https:\/\/www.waynakh.com\/tr\/wp-json\/wp\/v2\/categories?post=36"},{"taxonomy":"post_tag","embeddable":true,"href":"https:\/\/www.waynakh.com\/tr\/wp-json\/wp\/v2\/tags?post=36"}],"curies":[{"name":"wp","href":"https:\/\/api.w.org\/{rel}","templated":true}]}}