{"id":370,"date":"2008-02-06T15:49:45","date_gmt":"2008-02-06T13:49:45","guid":{"rendered":"http:\/\/www.zelimhan.com\/?p=1809"},"modified":"2008-02-06T15:49:45","modified_gmt":"2008-02-06T13:49:45","slug":"litvanya-sayudis-cecenya-daki-soykirimi-soruyor","status":"publish","type":"post","link":"https:\/\/www.waynakh.com\/tr\/2008\/02\/litvanya-sayudis-cecenya-daki-soykirimi-soruyor\/","title":{"rendered":"Litvanya Sayudis \u00c7e\u00e7enya&#8217; daki Soyk\u0131r\u0131m\u0131 Soruyor"},"content":{"rendered":"<p>Litvanya Sayudis Vilnius \u015eehir Konseyi,\u00a0d\u00fcnyaya \u00c7e\u00e7enya&#8217; daki soyk\u0131r\u0131m\u0131 ve i\u015fgali soruyor.<\/p>\n<p align=\"justify\">&#8220;Nato \u00dcyesi Devletlerin Savunma Bakanlar\u0131&#8217; na,<\/p>\n<p align=\"justify\">Avrupa Konseyi Parlamenterler Meclisi Ba\u015fkan\u0131 Bay Lluis Maria De Plug&#8217; a,<\/p>\n<p align=\"justify\">Avrupa Parlamentosu Ba\u015fkan\u0131 Bay Hans-Gert P\u00f6ttering&#8217; e,<\/p>\n<p align=\"justify\">Avrupa G\u00fcvenlik ve \u0130\u015fbirli\u011fi Te\u015fkilat\u0131 Ba\u015fkan\u0131 Bay Ilkka Kanerva&#8217; ya,<\/p>\n<p align=\"justify\">\n<p align=\"justify\"><strong>Litvanya Sayudis Vilnius \u015eehir Konseyi Ba\u015fvurusu:<\/strong><\/p>\n<p align=\"justify\"><strong>&#8220;\u00c7e\u00e7en Cumhuriyeti&#8217; ndeki Soyk\u0131r\u0131m Hakk\u0131nda&#8221;<\/strong><\/p>\n<p align=\"justify\"><strong>4 \u015eubat 2008, Vilnius<\/strong><\/p>\n<p align=\"justify\">\n<p align=\"justify\">Rusya Federasyonu, t\u00fcm d\u00fcnya devletleri taraf\u0131ndan kabul g\u00f6ren self-determinasyon hakk\u0131n\u0131 hi\u00e7e sayarak, 11 Aral\u0131k 1994 tarihinde \u00c7e\u00e7en Cumhuriyeti \u0130chkeria\u00a0kar\u015f\u0131s\u0131nda askeri operasyonlara ba\u015flad\u0131.<\/p>\n<p align=\"justify\">\u00c7e\u00e7enya&#8217; da daimi olarak\u00a0y\u00fczbinden fazla Rus askeri kuvveti bulunmakta.<\/p>\n<p align=\"justify\">Rusya, ba\u011f\u0131ms\u0131z\u00a0\u00fclke \u00c7e\u00e7enya&#8217; ya kar\u015f\u0131 sald\u0131rgan bir tutum izleyerek soyk\u0131r\u0131m uygulad\u0131,\u00a042 bini \u00e7ocuk olmak \u00fczere 250 binden fazla\u00a0sivili katletti, k\u00f6ylerin ve \u015fehirlerin tamam\u0131n\u0131 y\u0131kt\u0131, tarihi ve k\u00fclt\u00fcrel miras\u0131, bilimi, sosyal haklar\u0131, sa\u011fl\u0131k hizmetlerini, \u00fclkenin ekonomisini ve alt yap\u0131s\u0131n\u0131\u00a0yok etti. Rusya, \u00c7e\u00e7enya&#8217; ya 300 milyon $\u00a0civar\u0131nda zarar verdi;<\/p>\n<p align=\"justify\">Rusya, 12 May\u0131s 1997&#8242; de Rusya Federasyonu Ba\u015fkan\u0131 Boris Yeltsin ile \u00c7e\u00e7en Cumhuriyeti \u0130chkeria Devlet Ba\u015fkan\u0131 Aslan Maskhadov taraf\u0131ndan imzalanan &#8220;Bar\u0131\u015f Anla\u015fmas\u0131&#8221;n\u0131 g\u00f6rmezden geldi. Rusya, uluslararas\u0131 hukuk normlar\u0131n\u0131 g\u00f6rmezden gelmeye devam etmekte, \u00c7e\u00e7enya&#8217; n\u0131n ba\u011f\u0131ms\u0131zl\u0131\u011f\u0131n\u0131 vermeyi reddetmekte,\u00a0Birle\u015fmi\u015f Milletler&#8217; in i\u015fgal alt\u0131ndaki \u00fclkelerde askeri harekatlar\u0131n durdurulmas\u0131 ve insanlara yard\u0131m edilmesine ili\u015fkin tavsiyelerine uymamaktad\u0131r.<\/p>\n<p align=\"justify\">Birle\u015fmi\u015f Milletler, Avrupa G\u00fcvenlik ve \u0130\u015fbirli\u011fi Te\u015fkilat\u0131, di\u011fer \u00fclkelerin liderlerine ek olarak Rus devlet ba\u015fkan\u0131n\u0131n Rusya&#8217; n\u0131n \u00c7e\u00e7enya&#8217; da ter\u00f6ristlerle m\u00fccadele edildi\u011fi \u015feklindeki\u00a0ger\u00e7ek d\u0131\u015f\u0131 bilgisine\u00a0inanmaktad\u0131r.\u00a0\u00c7e\u00e7enya&#8217; daki soyk\u0131r\u0131m\u0131n 13.y\u0131l\u0131nda, bu durumu\u00a0hukuk ya da ahlak d\u0131\u015f\u0131 olarak nitelememekteler.\u00a0Vladimir Putin&#8217; in\u00a0\u00e7ok say\u0131da insan\u0131 \u00f6ld\u00fcrmesine\u00a0neden izin veriyorsunuz?<\/p>\n<p align=\"justify\">Biz sizden:<\/p>\n<p align=\"justify\">1. Rusya Federasyonu&#8217; nun \u00c7e\u00e7enya&#8217; daki soyk\u0131r\u0131m politikas\u0131n\u0131n\u00a013.y\u0131l\u0131 olarak nitelemenizi,<\/p>\n<p align=\"justify\">2. Ba\u011f\u0131ms\u0131z \u00c7e\u00e7en Cumhuriyeti \u0130chkeria&#8217; n\u0131n tan\u0131nma sorununa \u00e7\u00f6z\u00fcm bulman\u0131z\u0131,<\/p>\n<p align=\"justify\">3. \u00c7e\u00e7en Cumhuriyeti \u0130chkeria&#8217; daki Rus askeri kuvvetlerinin b\u00f6lgeyi terk etmesini istemenizi talep ediyoruz.<\/p>\n<p align=\"justify\">Nato \u00fcyesi devletlerin Savunma Bakanlar\u0131&#8217; n\u0131n Vilnius&#8217; ta yapaca\u011f\u0131 toplant\u0131 boyunca, Litvanya Sayudis Vilnius \u015eehir Komitesi olarak &#8220;\u00c7e\u00e7enya&#8217; da Rus Soyk\u0131r\u0131m\u0131&#8221; n\u0131n hat\u0131rlanmas\u0131 i\u00e7in eylem yapaca\u011f\u0131z.<\/p>\n<p align=\"justify\">H\u00fcrmetlerimizle,<\/p>\n<p align=\"justify\">Leonas Kerosierius<\/p>\n<p align=\"justify\">Litvanya Sayudis Vilnius \u015eehir Konseyi Ba\u015fkan\u0131<\/p>\n<p align=\"justify\">A. Budriunas<\/p>\n<p align=\"justify\">Ba\u015f Sekreter&#8221;<\/p>\n<p align=\"justify\"><strong>Waynakh.com<\/strong> olarak, b\u00f6ylesi cesretli ve onurlu bir ad\u0131m adan Litvanya Sayudis Vilnius \u015eehir Konseyi&#8217; ne \u015f\u00fckranlar\u0131m\u0131z\u0131 sunuyoruz. Umut ediyoruz ki, benzeri seslerin y\u00fckselmesi ile \u00c7e\u00e7enya&#8217; daki soyk\u0131r\u0131m sona erecek ve \u00c7e\u00e7en Cumhuriyeti \u0130chkeria yeniden ba\u011f\u0131ms\u0131zl\u0131\u011f\u0131n\u0131 elde edecektir.<\/p>\n","protected":false},"excerpt":{"rendered":"<p>Litvanya Sayudis Vilnius \u015eehir Konseyi,\u00a0d\u00fcnyaya \u00c7e\u00e7enya&#8217; daki soyk\u0131r\u0131m\u0131 ve i\u015fgali soruyor.<br \/>\n&#8220;Nato \u00dcyesi Devletlerin Savunma Bakanlar\u0131&#8217; na,<br \/>\nAvrupa Konseyi Parlamenterler Meclisi Ba\u015fkan\u0131 Bay Lluis Maria De Plug&#8217; a,<br \/>\nAvrupa Parlamentosu Ba\u015fkan\u0131 Bay Hans-Gert P\u00f6ttering&#8217; e,<br \/>\nAvrupa G\u00fcvenlik ve \u0130\u015fbirli\u011fi &#8230;<\/p>\n","protected":false},"author":1,"featured_media":0,"comment_status":"open","ping_status":"open","sticky":false,"template":"","format":"standard","meta":{"ngg_post_thumbnail":0,"footnotes":""},"categories":[1],"tags":[],"views":3618,"_links":{"self":[{"href":"https:\/\/www.waynakh.com\/tr\/wp-json\/wp\/v2\/posts\/370"}],"collection":[{"href":"https:\/\/www.waynakh.com\/tr\/wp-json\/wp\/v2\/posts"}],"about":[{"href":"https:\/\/www.waynakh.com\/tr\/wp-json\/wp\/v2\/types\/post"}],"author":[{"embeddable":true,"href":"https:\/\/www.waynakh.com\/tr\/wp-json\/wp\/v2\/users\/1"}],"replies":[{"embeddable":true,"href":"https:\/\/www.waynakh.com\/tr\/wp-json\/wp\/v2\/comments?post=370"}],"version-history":[{"count":0,"href":"https:\/\/www.waynakh.com\/tr\/wp-json\/wp\/v2\/posts\/370\/revisions"}],"wp:attachment":[{"href":"https:\/\/www.waynakh.com\/tr\/wp-json\/wp\/v2\/media?parent=370"}],"wp:term":[{"taxonomy":"category","embeddable":true,"href":"https:\/\/www.waynakh.com\/tr\/wp-json\/wp\/v2\/categories?post=370"},{"taxonomy":"post_tag","embeddable":true,"href":"https:\/\/www.waynakh.com\/tr\/wp-json\/wp\/v2\/tags?post=370"}],"curies":[{"name":"wp","href":"https:\/\/api.w.org\/{rel}","templated":true}]}}