{"id":377,"date":"2008-02-11T15:33:07","date_gmt":"2008-02-11T13:33:07","guid":{"rendered":"http:\/\/www.zelimhan.com\/?p=1778"},"modified":"2008-02-11T15:33:07","modified_gmt":"2008-02-11T13:33:07","slug":"rus-yetkililerin-suclamalari-kabul-edilmedi","status":"publish","type":"post","link":"https:\/\/www.waynakh.com\/tr\/2008\/02\/rus-yetkililerin-suclamalari-kabul-edilmedi\/","title":{"rendered":"Rus Yetkililerin Su\u00e7lamalar\u0131 Kabul Edilmedi"},"content":{"rendered":"<p>Rusya Federasyonu yetkilileri G\u00fcrcistan ve T\u00fcrkiye h\u00fck\u00fcmetlerini \u00c7e\u00e7enlere yard\u0131m ettikleri gerek\u00e7esiyle su\u00e7lamay\u0131 s\u00fcrd\u00fcr\u00fcrken, her iki \u00fclkeden iki \u00fcst d\u00fczey isim bu iddialar\u0131 yalanlad\u0131.<\/p>\n<p align=\"justify\">T\u00fcrkiye Cumhuriyeti Ba\u015fbakan\u0131 Recep Tayyip Erdo\u011fan, Almanya&#8217; n\u0131n M\u00fcnih kentinde kat\u0131ld\u0131\u011f\u0131 44. G\u00fcvenlik Konferans\u0131&#8217; nda bir Rus gazetecinin T\u00fcrkiye&#8217; de \u00c7e\u00e7en sava\u015f\u00e7\u0131lar\u0131n bar\u0131nd\u0131r\u0131ld\u0131\u011f\u0131na ili\u015fkin bir sorusuna, &#8220;\u00dclkede Kuzey Kafkasya&#8217; dan gelen \u00c7e\u00e7en vatanda\u015flar\u0131n\u0131n oldu\u011fu do\u011fru, ancak t\u00fcm \u00c7e\u00e7enleri ter\u00f6rist olarak niteleyemezsiniz&#8221; \u015feklinde yan\u0131t vererek Rusya Federasyonu yetkililerine bir g\u00f6nderme yapm\u0131\u015f oldu.<\/p>\n<p align=\"justify\">\u00d6te yandan, Rusya Federasyonu taraf\u0131ndan s\u0131k s\u0131k Pankisi Vadisi&#8217; ni \u00c7e\u00e7enlerin kullan\u0131m\u0131na a\u00e7t\u0131klar\u0131 iddias\u0131 ile su\u00e7lanan G\u00fcrcistan h\u00fck\u00fcmetine son olarak, Rusya Federasyonu S\u0131n\u0131r Servisi Ba\u015fkan\u0131 Birinci Yard\u0131mc\u0131s\u0131 General Anatoly Zabrodin, Pankisi Vadisi&#8217; nde halen \u00c7e\u00e7enlerin oldu\u011funu ve eylem yapmak amac\u0131yla Rusya&#8217; ya ge\u00e7me haz\u0131rl\u0131\u011f\u0131 i\u00e7erisinde olduklar\u0131n\u0131 ama buna izin vermeyeceklerini a\u00e7\u0131klam\u0131\u015ft\u0131. Bu a\u00e7\u0131klamaya G\u00fcrcistan taraf\u0131ndan yan\u0131t gecikmedi. G\u00fcrcistan Parlamentosu D\u0131\u015f \u0130li\u015fkiler Komitesi Ba\u015fkan\u0131 Konstantin Gabashvili 8 \u015eubat g\u00fcn\u00fc, bu\u00a0iddialar\u0131n Rusya Federasyonu taraf\u0131ndan G\u00fcrcistan s\u0131n\u0131r\u0131ndaki askeri g\u00fc\u00e7lerini artt\u0131rmak i\u00e7in bir bahane olarak ortaya at\u0131ld\u0131\u011f\u0131n\u0131 belirtip, Pankisi Vadisi&#8217; nde \u00c7e\u00e7en sava\u015f\u00e7\u0131lar\u0131n bulunmad\u0131\u011f\u0131n\u0131 a\u00e7\u0131klad\u0131. Pek \u00e7ok G\u00fcrc\u00fc yetkili, General Zabrodin taraf\u0131ndan yap\u0131lan bu a\u00e7\u0131klamay\u0131 bir ba\u015fka provokasyon olarak de\u011ferlendirdi.<\/p>\n","protected":false},"excerpt":{"rendered":"<p>Rusya Federasyonu yetkilileri G\u00fcrcistan ve T\u00fcrkiye h\u00fck\u00fcmetlerini \u00c7e\u00e7enlere yard\u0131m ettikleri gerek\u00e7esiyle su\u00e7lamay\u0131 s\u00fcrd\u00fcr\u00fcrken, her iki \u00fclkeden iki \u00fcst d\u00fczey isim bu iddialar\u0131 yalanlad\u0131.<br \/>\nT\u00fcrkiye Cumhuriyeti Ba\u015fbakan\u0131 Recep Tayyip Erdo\u011fan, Almanya&#8217; n\u0131n M\u00fcnih kentinde kat\u0131ld\u0131\u011f\u0131 44. G\u00fcvenlik &#8230;<\/p>\n","protected":false},"author":1,"featured_media":0,"comment_status":"open","ping_status":"open","sticky":false,"template":"","format":"standard","meta":{"ngg_post_thumbnail":0,"footnotes":""},"categories":[1],"tags":[],"views":3586,"_links":{"self":[{"href":"https:\/\/www.waynakh.com\/tr\/wp-json\/wp\/v2\/posts\/377"}],"collection":[{"href":"https:\/\/www.waynakh.com\/tr\/wp-json\/wp\/v2\/posts"}],"about":[{"href":"https:\/\/www.waynakh.com\/tr\/wp-json\/wp\/v2\/types\/post"}],"author":[{"embeddable":true,"href":"https:\/\/www.waynakh.com\/tr\/wp-json\/wp\/v2\/users\/1"}],"replies":[{"embeddable":true,"href":"https:\/\/www.waynakh.com\/tr\/wp-json\/wp\/v2\/comments?post=377"}],"version-history":[{"count":0,"href":"https:\/\/www.waynakh.com\/tr\/wp-json\/wp\/v2\/posts\/377\/revisions"}],"wp:attachment":[{"href":"https:\/\/www.waynakh.com\/tr\/wp-json\/wp\/v2\/media?parent=377"}],"wp:term":[{"taxonomy":"category","embeddable":true,"href":"https:\/\/www.waynakh.com\/tr\/wp-json\/wp\/v2\/categories?post=377"},{"taxonomy":"post_tag","embeddable":true,"href":"https:\/\/www.waynakh.com\/tr\/wp-json\/wp\/v2\/tags?post=377"}],"curies":[{"name":"wp","href":"https:\/\/api.w.org\/{rel}","templated":true}]}}