{"id":3796,"date":"2009-05-26T10:19:39","date_gmt":"2009-05-26T07:19:39","guid":{"rendered":"http:\/\/www.waynakh.com\/tr\/?p=3796"},"modified":"2009-05-26T10:28:12","modified_gmt":"2009-05-26T07:28:12","slug":"ruslan-rusyaya-teslim-edilebilir","status":"publish","type":"post","link":"https:\/\/www.waynakh.com\/tr\/2009\/05\/ruslan-rusyaya-teslim-edilebilir\/","title":{"rendered":"Ruslan Rusya&#8217;ya Teslim Edilebilir!"},"content":{"rendered":"<p style=\"text-align: justify;\">Polonya&#8217;n\u0131n pop\u00fcler g\u00fcnl\u00fck gazetesi Gazeta Wyborcza&#8217;da yer alan bir habere g\u00f6re, 2004 y\u0131l\u0131ndan bu yana Polonya&#8217;da m\u00fcltecilik stat\u00fcs\u00fc almaya \u00e7al\u0131\u015fan Ruslan Miezhayev ve ailesi Rusya&#8217;ya teslim edilme tehdidi alt\u0131nda.<!--more--><\/p>\n<p style=\"text-align: justify;\">Marcin Wojciechowski imzal\u0131 Gazeta Wyborcza haberine g\u00f6re, Ruslan Miezhayev 2004 y\u0131l\u0131nda e\u015fi Aza ve iki \u00e7ocu\u011fu ile birlikte \u00c7e\u00e7enya&#8217;dan ayr\u0131larak Polonya&#8217;ya geldi. Fakat Polonya makamlar\u0131n\u0131n vard\u0131\u011f\u0131 karara g\u00f6re Ruslan ve ailesi Rusya&#8217;ya geri g\u00f6nderilme tehlikesi alt\u0131nda.<\/p>\n<p style=\"text-align: justify;\">Ruslan Miezhayev, 1994-1996 y\u0131llar\u0131 aras\u0131ndaki I.Rus-\u00c7e\u00e7en sava\u015f\u0131na ve 1999 y\u0131l\u0131nda ba\u015flayan II.Rus-\u00c7e\u00e7en sava\u015f\u0131na vatan\u0131n\u0131 savunmak i\u00e7in aktif olarak kat\u0131lm\u0131\u015f eski bir sava\u015f\u00e7\u0131, asl\u0131nda sava\u015ftan \u00f6nce o bir m\u00fchendisdi.<\/p>\n<p style=\"text-align: justify;\">2004 y\u0131l\u0131nda, 9 May\u0131s g\u00fcn\u00fc \u00c7e\u00e7enya&#8217;n\u0131n Rusya destekli kukla Devlet Ba\u015fkan\u0131 Akhmed Kadirov Grozny Stadyumu&#8217;nda d\u00fczenlenen bir suikastte \u00f6ld\u00fcr\u00fcld\u00fc. Bu olay \u00c7e\u00e7enya&#8217;da Ruslar ve i\u015fbirlik\u00e7i \u00c7e\u00e7enlerce \u00c7e\u00e7en sivillere y\u00f6nelik olarak s\u00fcrd\u00fcr\u00fclen ter\u00f6rist operasyonlar\u0131n h\u0131zlanmas\u0131na neden oldu. Hedef kukla Kadirov&#8217;un intikam\u0131n\u0131 almakt\u0131 ve kimseye ac\u0131nm\u0131yordu.<\/p>\n<p style=\"text-align: justify;\">Ruslan&#8217;\u0131n e\u015fi Aza, &#8220;E\u011fer \u00c7e\u00e7enya&#8217;dan ka\u00e7masayd\u0131k Ruslan bu d\u00fcnyadan ayr\u0131lm\u0131\u015f olacakt\u0131&#8230;&#8221; diyerek neden \u00c7e\u00e7enya&#8217;y\u0131 terk ettiklerini a\u00e7\u0131kl\u0131yor.<\/p>\n<p style=\"text-align: justify;\">Ruslan ve ailesi 2004 y\u0131l\u0131nda geldikleri Polonya&#8217;da 4 y\u0131llar\u0131n\u0131 ba\u015fkent Var\u015fova yak\u0131nlar\u0131ndaki Dembak m\u00fclteci kamp\u0131nda ge\u00e7irdi, i\u00e7lerinde hep m\u00fcltecilik stat\u00fcs\u00fc alcaklar\u0131na dair bir umutla. Ancak Polonya makamlar\u0131 mevcut delillerin Ruslan&#8217;\u0131n bir sava\u015f\u00e7\u0131 oldu\u011funu kan\u0131tlamad\u0131\u011f\u0131n\u0131 ve \u00c7e\u00e7enya&#8217;ya geri d\u00f6nmesi halinde hayat\u0131n\u0131n riske girmeyece\u011fine karar vererek Ruslan&#8217;a bu karar\u0131 tebli\u011f etti. Bu ilk karar\u0131n \u00fczerine Ruslan ve ailesi bir itirazda bulunurak yeniden inceleme yap\u0131lmas\u0131n\u0131 talep etti. Polonya makamlar\u0131\u00a0 bu talebi yerinde g\u00f6rerek yeniden inceleme yapmay\u0131 kabul ettiler, hen\u00fcz kesin karar verilmemi\u015f olmakla birlikte geli\u015fmeler Ruslan&#8217;\u0131n talebinin yeniden reddedilece\u011fini ve Ruslan ile ailesinin Rusya&#8217;ya iade edilece\u011fini g\u00f6steriyor.<\/p>\n<p style=\"text-align: justify;\">Oysa Ruslan, 1995 y\u0131l\u0131nda kaydedilmi\u015f bir videoyu Polonya makamlar\u0131na delil olarak sunmu\u015ftu. Bu videoda Ruslan \u00c7e\u00e7en \u00f6zg\u00fcrl\u00fck sava\u015f\u00e7\u0131lar\u0131n\u0131n karargah\u0131nda \u00fczerinde \u00fcniformas\u0131 ile bulunuyor ve elindeki keskin ni\u015fanc\u0131 t\u00fcfe\u011fini temizliyor. Polonyal\u0131 makamlar bu videonun Ruslan&#8217;\u0131n aktif olarak sava\u015ft\u0131\u011f\u0131 anlam\u0131na gelmedi\u011fini d\u00fc\u015f\u00fcn\u00fcnce, Ruslan bu kez de Polonyal\u0131 tiyatrocu ve y\u00f6netmen olan <span onmouseover=\"_tipon(this)\" onmouseout=\"_tipoff()\">Mariusz Maciej ile Drygas Malec&#8217;den ve Polonyal\u0131 gazeteci<\/span> Krystyna Kurczab-Redlich&#8217;in yazd\u0131\u011f\u0131 ve Ruslan&#8217;\u0131n bir sava\u015f\u00e7\u0131 oldu\u011funa ili\u015fkin mektuplar\u0131 da delil olarak sundu.<\/p>\n<p style=\"text-align: justify;\">Ruslan&#8217;\u0131n avukat\u0131 <span onmouseover=\"_tipon(this)\" onmouseout=\"_tipoff()\">David Cegielka, Ruslan&#8217;\u0131n delil olarak sundu\u011fu video kayd\u0131nda bir sava\u015f\u00e7\u0131 oldu\u011funun a\u00e7\u0131k\u00e7a belli oldu\u011funu ve ayr\u0131ca bir s\u00fcre \u00c7e\u00e7enya&#8217;da bulunan Polonyal\u0131 y\u00f6netmen ve gazetecilerin Ruslan&#8217;\u0131n bir sava\u015f\u00e7\u0131 oldu\u011funu teyit etti\u011fini belirterek Polonya makamlar\u0131n\u0131n kararlar\u0131n\u0131 ele\u015ftiriyor. Avukat Cegielka, Ruslan ve ailesine m\u00fcltecilik stat\u00fcs\u00fc verilmeyecekse en az\u0131ndan koruma hakk\u0131 verilmesini (Polonya&#8217;ya \u00f6zg\u00fc olan bu kavram, m\u00fcltecilik stat\u00fcs\u00fc i\u00e7in ba\u015fvuruda bulunanlara sadece Polonya&#8217;da ikamet ve \u00e7al\u0131\u015fma izni sa\u011fl\u0131yor) talep ettiklerini belirtirken, ya\u015fanan bu s\u0131k\u0131nt\u0131n\u0131n sadece Ruslan&#8217; a has olmad\u0131\u011f\u0131n\u0131 insan haklar\u0131 aktivistlerinin raporlar\u0131na g\u00f6re Polonya&#8217;n\u0131n \u00c7e\u00e7en m\u00fcltecileri Rusya&#8217;ya zorla geri g\u00f6nderme h\u0131z\u0131n\u0131n art\u0131\u015f sergiledi\u011fini ifade etti.<br \/>\n<\/span><\/p>\n<p style=\"text-align: justify;\"><span onmouseover=\"_tipon(this)\" onmouseout=\"_tipoff()\">Polonya&#8217;daki m\u00fcltecilere yard\u0131m eden gen\u00e7 avukatlar\u0131n kurdu\u011fu Yasal Arac\u0131l\u0131k Birli\u011fi (<\/span>Stowarzyszenia Interwencji Prawnej)&#8217;nin ba\u015fkan\u0131 <span onmouseover=\"_tipon(this)\" onmouseout=\"_tipoff()\">Ola Chrzanowska&#8217; da Ruslan&#8217;\u0131n hem ilk sava\u015fta hem de ikinci sava\u015f\u0131n ba\u015f\u0131nda sava\u015ft\u0131\u011f\u0131n\u0131 kan\u0131tlayabileceklerini ancak ya\u015fanan trajedinin Polonya Yabanc\u0131lar Ofisi&#8217;nin \u00c7e\u00e7en s\u0131\u011f\u0131nmac\u0131lara y\u00f6nelik de\u011fi\u015fmeyen yanl\u0131\u015f politikas\u0131n\u0131n bir sonucu oldu\u011funu vurguluyor. Chrzanowska, \u00c7e\u00e7enya&#8217;daki durumun de\u011fi\u015fmedi\u011fini, insan haklar\u0131 \u00f6rg\u00fctlerinin raporlar\u0131n\u0131n \u00c7e\u00e7en s\u0131\u011f\u0131nmac\u0131lar\u0131n\u0131n durumlar\u0131n\u0131n de\u011ferlendirilirken dikkate al\u0131nmas\u0131 gerekti\u011fini belirterek, Polonya Yabanc\u0131lar Ofisi&#8217;nin tutumunu abs\u00fcrd olarak nitelendiriyor.<br \/>\n<\/span><\/p>\n<p style=\"text-align: justify;\"><span onmouseover=\"_tipon(this)\" onmouseout=\"_tipoff()\">*Foto\u011frafta Aza Miezhayeva ve k\u0131z\u0131 yer al\u0131yor. Gazetecilerin t\u00fcm \u0131srar\u0131na ra\u011fmen Ruslan foto\u011frafta yer almak istemedi.<br \/>\n<\/span><\/p>\n<p style=\"text-align: justify;\"><span onmouseover=\"_tipon(this)\" onmouseout=\"_tipoff()\"><strong>Kaynak:<\/strong> Gazeta Wyborcza \/ <\/span>Marcin Wojciechowski \/18.05.2009<\/p>\n","protected":false},"excerpt":{"rendered":"<p>Polonya&#8217;n\u0131n pop\u00fcler g\u00fcnl\u00fck gazetesi Gazeta Wyborcza&#8217;da yer alan bir habere g\u00f6re, 2004 y\u0131l\u0131ndan bu yana Polonya&#8217;da m\u00fcltecilik stat\u00fcs\u00fc almaya \u00e7al\u0131\u015fan Ruslan Miezhayev ve ailesi Rusya&#8217;ya teslim edilme tehdidi alt\u0131nda.<\/p>\n","protected":false},"author":3,"featured_media":0,"comment_status":"open","ping_status":"open","sticky":false,"template":"","format":"standard","meta":{"ngg_post_thumbnail":0,"footnotes":""},"categories":[1],"tags":[633,631,630,632],"views":4198,"_links":{"self":[{"href":"https:\/\/www.waynakh.com\/tr\/wp-json\/wp\/v2\/posts\/3796"}],"collection":[{"href":"https:\/\/www.waynakh.com\/tr\/wp-json\/wp\/v2\/posts"}],"about":[{"href":"https:\/\/www.waynakh.com\/tr\/wp-json\/wp\/v2\/types\/post"}],"author":[{"embeddable":true,"href":"https:\/\/www.waynakh.com\/tr\/wp-json\/wp\/v2\/users\/3"}],"replies":[{"embeddable":true,"href":"https:\/\/www.waynakh.com\/tr\/wp-json\/wp\/v2\/comments?post=3796"}],"version-history":[{"count":4,"href":"https:\/\/www.waynakh.com\/tr\/wp-json\/wp\/v2\/posts\/3796\/revisions"}],"predecessor-version":[{"id":3800,"href":"https:\/\/www.waynakh.com\/tr\/wp-json\/wp\/v2\/posts\/3796\/revisions\/3800"}],"wp:attachment":[{"href":"https:\/\/www.waynakh.com\/tr\/wp-json\/wp\/v2\/media?parent=3796"}],"wp:term":[{"taxonomy":"category","embeddable":true,"href":"https:\/\/www.waynakh.com\/tr\/wp-json\/wp\/v2\/categories?post=3796"},{"taxonomy":"post_tag","embeddable":true,"href":"https:\/\/www.waynakh.com\/tr\/wp-json\/wp\/v2\/tags?post=3796"}],"curies":[{"name":"wp","href":"https:\/\/api.w.org\/{rel}","templated":true}]}}