{"id":3835,"date":"2009-05-28T21:18:09","date_gmt":"2009-05-28T18:18:09","guid":{"rendered":"http:\/\/www.waynakh.com\/tr\/?p=3835"},"modified":"2009-05-28T21:18:09","modified_gmt":"2009-05-28T18:18:09","slug":"uluslararasi-af-orgutu-2009-yili-raporu-aciklandi","status":"publish","type":"post","link":"https:\/\/www.waynakh.com\/tr\/2009\/05\/uluslararasi-af-orgutu-2009-yili-raporu-aciklandi\/","title":{"rendered":"Uluslararas\u0131 Af \u00d6rg\u00fct\u00fc 2009 Y\u0131l\u0131 Raporu A\u00e7\u0131kland\u0131"},"content":{"rendered":"<p style=\"text-align: justify;\">\u0130nsan haklar\u0131 alan\u0131nda faaliyet g\u00f6steren Uluslararas\u0131 Af \u00d6rg\u00fct\u00fc (Amnesty International) 2009 y\u0131l\u0131 raporunu a\u00e7\u0131klad\u0131. Rapora g\u00f6re Rusya&#8217;n\u0131n hem Kafkasya&#8217;da hem de di\u011fer b\u00f6lgelerdeki insan haklar\u0131 ihlalleri artarak devam ediyor.<!--more--><\/p>\n<p style=\"text-align: justify;\">27 May\u0131s 2009 \u00c7ar\u015famba g\u00fcn\u00fc \u00f6rg\u00fct\u00fcn genel sekreteri Irene Khan taraf\u0131ndan a\u00e7\u0131klanan rapora g\u00f6re, &#8220;Y\u00fcksek petrol ve gaz fiyatlar\u0131ndan elde etti\u011fi ekonomik g\u00fc\u00e7le Rusya H\u00fck\u00fcmeti son y\u0131llarda artan \u015fekilde milliyet\u00e7i ve otoriter bir pozisyon benimsedi, aktif olarak ifade \u00f6zg\u00fcrl\u00fc\u011f\u00fcn\u00fc zay\u0131flatmaya ve h\u00fck\u00fcmeti ele\u015ftirenlere sald\u0131rmaya \u00e7al\u0131\u015ft\u0131. Rus ekonomisi, d\u00fc\u015fen petrol fiyatlar\u0131 ve artan enflasyon ile k\u00f6t\u00fcye gidip sosyal huzursuzluk yay\u0131ld\u0131k\u00e7a, otoriter e\u011filimler daha da fazla telaffuz edilir hale geldi.<\/p>\n<p style=\"text-align: justify;\">Rusya h\u00fck\u00fcmeti, Rusya\u2019n\u0131n Kuzey Kafkaslar b\u00f6lgelerinde cezas\u0131z bir \u015fekilde keyfi g\u00f6zalt\u0131ya, i\u015fkence ve di\u011fer k\u00f6t\u00fc muameleye ve yarg\u0131s\u0131z infazlara ge\u00e7it veriyor, durumu ele\u015ftirmeye kalkanlar\u0131 da tehdit ediyor.<\/p>\n<p style=\"text-align: justify;\">Uluslararas\u0131 koruma arayanlar da dahil olmak \u00fczere, yabanc\u0131 uyruklular\u0131n devletler taraf\u0131ndan al\u0131konulmas\u0131, g\u00f6zalt\u0131na al\u0131nmas\u0131 ve s\u0131n\u0131r d\u0131\u015f\u0131 edilmesine ba\u011fl\u0131 insan haklar\u0131 ihlalleri s\u00fcrekli yap\u0131lmaya devam etti.<\/p>\n<p style=\"text-align: justify;\">B\u00f6lgede \u0131rklar\u0131 veya kimlikleri nedeniyle hedef al\u0131nan bireyler \u00e7o\u011fu zaman g\u00fcvenlik ve hukukun \u00fcst\u00fcnl\u00fc\u011f\u00fcn\u00fc sa\u011flamak ile g\u00f6revli olanlar\u0131n deste\u011finden yoksun kald\u0131. Cezai sorumlulu\u011fa dair engeller, avukata zaman\u0131nda eri\u015fim, savc\u0131lar\u0131n soru\u015fturmalar\u0131 s\u00fcrd\u00fcrmedeki isteksizli\u011fi, ma\u011fdurlar\u0131n misillemeye u\u011frama korkusu, su\u00e7lu bulunan polis memurlar\u0131na uygulanan d\u00fc\u015f\u00fck cezalar ve \u015fikayetlerin izlenmesi i\u00e7in uygun kaynakl\u0131 ve ba\u011f\u0131ms\u0131z bir sistemin eksikli\u011fi gibi unsurlar\u0131 i\u00e7eriyordu.<\/p>\n<p style=\"text-align: justify;\">Hakaret ve iftira kanunlar\u0131 ve a\u015f\u0131r\u0131l\u0131k ile m\u00fccadelede kullan\u0131lan y\u00f6netmelik Rusya\u2019da muhalefeti bast\u0131rmak ve gazeteciler ile insan haklar\u0131 aktivistlerini susturmak i\u00e7in kullan\u0131ld\u0131. Ba\u011f\u0131ms\u0131z gazeteciler, bas\u0131n ve sivil toplum \u00f6rg\u00fctleri, istikrars\u0131z Kuzey Kafkasya b\u00f6lgesinde insan haklar\u0131 ihlallerini duyurmalar\u0131 nedeniyle yetkililer taraf\u0131ndan hedef al\u0131nd\u0131. Ba\u011f\u0131ms\u0131z g\u00f6r\u00fc\u015flere y\u00f6nelik artan ho\u015fg\u00f6r\u00fcs\u00fczl\u00fck ortam\u0131nda baz\u0131 insan haklar\u0131 savunucular\u0131 ve muhalif gruplar\u0131n destek\u00e7ileri, muhalif g\u00f6r\u00fc\u015fleri ifade etmeleri veya h\u00fck\u00fcmet yetkililerini ele\u015ftirmeleri nedeniyle cezai su\u00e7lamalarla kar\u015f\u0131la\u015ft\u0131.&#8221;<\/p>\n","protected":false},"excerpt":{"rendered":"<p>\u0130nsan haklar\u0131 alan\u0131nda faaliyet g\u00f6steren Uluslararas\u0131 Af \u00d6rg\u00fct\u00fc (Amnesty International) 2009 y\u0131l\u0131 raporunu a\u00e7\u0131klad\u0131. Rapora g\u00f6re Rusya&#8217;n\u0131n hem Kafkasya&#8217;da hem de di\u011fer b\u00f6lgelerdeki insan haklar\u0131 ihlalleri artarak devam ediyor.<\/p>\n","protected":false},"author":3,"featured_media":0,"comment_status":"open","ping_status":"open","sticky":false,"template":"","format":"standard","meta":{"ngg_post_thumbnail":0,"footnotes":""},"categories":[1],"tags":[652,113],"views":4067,"_links":{"self":[{"href":"https:\/\/www.waynakh.com\/tr\/wp-json\/wp\/v2\/posts\/3835"}],"collection":[{"href":"https:\/\/www.waynakh.com\/tr\/wp-json\/wp\/v2\/posts"}],"about":[{"href":"https:\/\/www.waynakh.com\/tr\/wp-json\/wp\/v2\/types\/post"}],"author":[{"embeddable":true,"href":"https:\/\/www.waynakh.com\/tr\/wp-json\/wp\/v2\/users\/3"}],"replies":[{"embeddable":true,"href":"https:\/\/www.waynakh.com\/tr\/wp-json\/wp\/v2\/comments?post=3835"}],"version-history":[{"count":2,"href":"https:\/\/www.waynakh.com\/tr\/wp-json\/wp\/v2\/posts\/3835\/revisions"}],"predecessor-version":[{"id":3839,"href":"https:\/\/www.waynakh.com\/tr\/wp-json\/wp\/v2\/posts\/3835\/revisions\/3839"}],"wp:attachment":[{"href":"https:\/\/www.waynakh.com\/tr\/wp-json\/wp\/v2\/media?parent=3835"}],"wp:term":[{"taxonomy":"category","embeddable":true,"href":"https:\/\/www.waynakh.com\/tr\/wp-json\/wp\/v2\/categories?post=3835"},{"taxonomy":"post_tag","embeddable":true,"href":"https:\/\/www.waynakh.com\/tr\/wp-json\/wp\/v2\/tags?post=3835"}],"curies":[{"name":"wp","href":"https:\/\/api.w.org\/{rel}","templated":true}]}}