{"id":463,"date":"2008-04-09T13:52:29","date_gmt":"2008-04-09T11:52:29","guid":{"rendered":"http:\/\/www.zelimhan.com\/?p=588"},"modified":"2008-04-09T13:52:29","modified_gmt":"2008-04-09T11:52:29","slug":"kafkasya-resim-ve-etnografya-sergisi-acildi","status":"publish","type":"post","link":"https:\/\/www.waynakh.com\/tr\/2008\/04\/kafkasya-resim-ve-etnografya-sergisi-acildi\/","title":{"rendered":"Kafkasya Resim ve Etnografya Sergisi A\u00e7\u0131ld\u0131"},"content":{"rendered":"<p>Birle\u015fik Kafkas Dernekleri Federasyonu \u00fcyesi Birle\u015fik Kafkasya Konseyi&#8217; nin organize etti\u011fi &#8220;Kafkasya Resim ve Etnografya Sergisi&#8221; bug\u00fcn ak\u015fam Ankara&#8217; da a\u00e7\u0131ld\u0131.<\/p>\n<p align=\"justify\">Kafkasya&#8217; y\u0131, Kafkas k\u00fclt\u00fcr\u00fcn\u00fc ve Kafkas halklar\u0131n\u0131 tan\u0131tmay\u0131; Kafkas halklar\u0131n\u0131n ya\u015fad\u0131\u011f\u0131 sava\u015f, s\u00fcrg\u00fcn ve soyk\u0131r\u0131mlar\u0131 anlatmay\u0131; Birle\u015fik Kafkasya d\u00fc\u015f\u00fcncesinin, birlik ve beraberli\u011fin \u00f6nemini belirlemeyi; sava\u015f ve kanla sorun \u00e7\u00f6zme devrinin kapand\u0131\u011f\u0131n\u0131, demokrasi ve insan haklar\u0131 gibi evrensel de\u011ferlerin anlam\u0131n\u0131 vurgulamay\u0131 ama\u00e7layan &#8220;Kafkasya Resim ve Etnografya Sergisi&#8221; bug\u00fcn saat 17.30&#8242; da verilen resepsiyon ile a\u00e7\u0131ld\u0131.<\/p>\n<p align=\"justify\">Sergi b\u00fcnyesinde Cankat Devrim&#8217; in ki\u015fisel koleksiyonunun da\u00a0sergilenece\u011fi a\u00e7\u0131klan\u0131rken, 11 Nisan 2008\u00a0Cuma g\u00fcn\u00fc 15.00 ile 17.00 saatleri aras\u0131nda ve 12 Nisan 2008 Cumartesi g\u00fcn\u00fc 14.00 ile 15.00 saatleri aras\u0131nda Ridade Kafkas Halk Danslar\u0131 Toplulu\u011fu birer g\u00f6steri yapacak. Ayr\u0131ca,\u00a012 Nisan 2008 Cumartesi g\u00fcn\u00fc\u00a0Kafkas halk danslar\u0131 g\u00f6sterisinin ard\u0131ndan,\u00a0Hulusi \u00dcst\u00fcn, Sefer Berzeg, Cemal Uysal, Fatma \u00c7elik, Nimet Berkok ve Do\u00e7.Dr. Ufuk Tavkul&#8217; un kat\u0131l\u0131m\u0131 ile imza g\u00fcn\u00fc ve sohbet ger\u00e7ekle\u015ftirilece\u011fi belirtildi.\u00a0<\/p>\n<p align=\"justify\">Ankara&#8217; n\u0131n K\u0131z\u0131lay il\u00e7esinde bulunan Ankara Zafer \u00c7ar\u015f\u0131s\u0131 Sergi Salonu&#8217; nda a\u00e7\u0131lan serginin 13 Nisan 2008 Pazar g\u00fcn\u00fc saat 18.00&#8242; e kadar a\u00e7\u0131k kalaca\u011f\u0131, serginin 10.00 ile 18.00 saatleri aras\u0131nda ziyarete a\u00e7\u0131k oldu\u011fu bildirildi.<\/p>\n","protected":false},"excerpt":{"rendered":"<p>Birle\u015fik Kafkas Dernekleri Federasyonu \u00fcyesi Birle\u015fik Kafkasya Konseyi&#8217; nin organize etti\u011fi &#8220;Kafkasya Resim ve Etnografya Sergisi&#8221; bug\u00fcn ak\u015fam Ankara&#8217; da a\u00e7\u0131ld\u0131.<br \/>\nKafkasya&#8217; y\u0131, Kafkas k\u00fclt\u00fcr\u00fcn\u00fc ve Kafkas halklar\u0131n\u0131 tan\u0131tmay\u0131; Kafkas halklar\u0131n\u0131n ya\u015fad\u0131\u011f\u0131 sava\u015f, s\u00fcrg\u00fcn ve soyk\u0131r\u0131mlar\u0131 &#8230;<\/p>\n","protected":false},"author":1,"featured_media":0,"comment_status":"open","ping_status":"open","sticky":false,"template":"","format":"standard","meta":{"ngg_post_thumbnail":0,"footnotes":""},"categories":[1],"tags":[],"views":3861,"_links":{"self":[{"href":"https:\/\/www.waynakh.com\/tr\/wp-json\/wp\/v2\/posts\/463"}],"collection":[{"href":"https:\/\/www.waynakh.com\/tr\/wp-json\/wp\/v2\/posts"}],"about":[{"href":"https:\/\/www.waynakh.com\/tr\/wp-json\/wp\/v2\/types\/post"}],"author":[{"embeddable":true,"href":"https:\/\/www.waynakh.com\/tr\/wp-json\/wp\/v2\/users\/1"}],"replies":[{"embeddable":true,"href":"https:\/\/www.waynakh.com\/tr\/wp-json\/wp\/v2\/comments?post=463"}],"version-history":[{"count":0,"href":"https:\/\/www.waynakh.com\/tr\/wp-json\/wp\/v2\/posts\/463\/revisions"}],"wp:attachment":[{"href":"https:\/\/www.waynakh.com\/tr\/wp-json\/wp\/v2\/media?parent=463"}],"wp:term":[{"taxonomy":"category","embeddable":true,"href":"https:\/\/www.waynakh.com\/tr\/wp-json\/wp\/v2\/categories?post=463"},{"taxonomy":"post_tag","embeddable":true,"href":"https:\/\/www.waynakh.com\/tr\/wp-json\/wp\/v2\/tags?post=463"}],"curies":[{"name":"wp","href":"https:\/\/api.w.org\/{rel}","templated":true}]}}