{"id":468,"date":"2008-04-12T13:46:29","date_gmt":"2008-04-12T11:46:29","guid":{"rendered":"http:\/\/www.zelimhan.com\/?p=576"},"modified":"2008-04-12T13:46:29","modified_gmt":"2008-04-12T11:46:29","slug":"estonyali-parlamenter-cecenya-icin-rusya-ya-baski-istedi","status":"publish","type":"post","link":"https:\/\/www.waynakh.com\/tr\/2008\/04\/estonyali-parlamenter-cecenya-icin-rusya-ya-baski-istedi\/","title":{"rendered":"Estonyal\u0131 Parlamenter \u00c7e\u00e7enya \u0130\u00e7in Rusya&#8217; ya Bask\u0131 \u0130stedi"},"content":{"rendered":"<p>Avrupa Parlamentosu&#8217; nun Estonyal\u0131 muhafazakar milletvekili Tunne Kelam Avrupa Konseyi ve Komisyonu&#8217; nu \u00c7e\u00e7enya&#8217; daki insan haklar\u0131 ihlalleri nedeniyle Rusya Federasyonu&#8217; na bask\u0131 yapmaya davet etti.<\/p>\n<p align=\"justify\">Kelam, Avrupa \u0130nsan Haklar\u0131 Mahkemesi&#8217; nin\u00a0en 24 karar\u0131nda \u00c7e\u00e7enlerin maruz kald\u0131\u011f\u0131 insan haklar\u0131 ihlallerinin kay\u0131tlara ge\u00e7ti\u011fini, halen Rusya Federasyonu aleyhinde\u00a0incelenmeyi bekleyen 2.000 civar\u0131ndaki \u015fikayetin de yine \u00c7e\u00e7enler taraf\u0131ndan yap\u0131ld\u0131\u011f\u0131na dikkat \u00e7ekti. Tunne Kelam, Strasbourg&#8217; daki mahkemenin kararlar\u0131 incelendi\u011finde, \u00c7e\u00e7enya&#8217; daki uzun s\u00fcreli yasa d\u0131\u015f\u0131 g\u00f6zalt\u0131, i\u015fkence ve cinayetlerin i\u00e7inde oldu\u011fu\u00a0insanlar\u0131 \u015fa\u015fk\u0131na \u00e7eviren insan haklar\u0131 ihlallerinden dolay\u0131 Rusya Federasyonu&#8217; nun mahkum edildi\u011finin g\u00f6r\u00fcld\u00fc\u011f\u00fcn\u00fc s\u00f6zlerine ekledi.\u00a0<\/p>\n<p align=\"justify\">Kelam, EPP-EDF (Avrupal\u0131 \u0130nsanlar\u0131n Partisi &#8211; Avrupal\u0131 Demokratlar Grubu) \u00fcyelerine g\u00f6re, \u00c7e\u00e7enya&#8217; daki temel insani haklar\u0131n ihlalinin, askeri operasyonlar\u0131n say\u0131s\u0131 azalmas\u0131na ra\u011fmen devam etti\u011fini vurgulayarak, ikinci Rus &#8211; \u00c7e\u00e7en sava\u015f\u0131n\u0131n ba\u015flamas\u0131ndan bu yana en az 5.000 sivil \u00c7e\u00e7en&#8217; in Rus askeri g\u00fc\u00e7lerince ortadan kaybedildi\u011fine dikkat \u00e7ekti.<\/p>\n<p align=\"justify\">Tunne Kelam, Avrupa Konseyi ve Avrupa Komisyonu&#8217; na ba\u015fvurarak, Avrupa \u0130nsan Haklar\u0131 Mahkemesi kararlar\u0131 do\u011frultusunda\u00a0Rusya Federasyonu Ba\u015fkan\u0131 Medvedev&#8217; e bu durumun giderilmesi i\u00e7in bask\u0131 yap\u0131lmas\u0131n\u0131n Avrupa Birli\u011fi&#8217; nin \u00f6ncelikleri aras\u0131nda yer almas\u0131 gerekti\u011fini bildirdi.<\/p>\n","protected":false},"excerpt":{"rendered":"<p>Avrupa Parlamentosu&#8217; nun Estonyal\u0131 muhafazakar milletvekili Tunne Kelam Avrupa Konseyi ve Komisyonu&#8217; nu \u00c7e\u00e7enya&#8217; daki insan haklar\u0131 ihlalleri nedeniyle Rusya Federasyonu&#8217; na bask\u0131 yapmaya davet etti.<br \/>\nKelam, Avrupa \u0130nsan Haklar\u0131 Mahkemesi&#8217; nin\u00a0en 24 karar\u0131nda \u00c7e\u00e7enlerin maruz &#8230;<\/p>\n","protected":false},"author":1,"featured_media":0,"comment_status":"open","ping_status":"open","sticky":false,"template":"","format":"standard","meta":{"ngg_post_thumbnail":0,"footnotes":""},"categories":[1],"tags":[],"views":3486,"_links":{"self":[{"href":"https:\/\/www.waynakh.com\/tr\/wp-json\/wp\/v2\/posts\/468"}],"collection":[{"href":"https:\/\/www.waynakh.com\/tr\/wp-json\/wp\/v2\/posts"}],"about":[{"href":"https:\/\/www.waynakh.com\/tr\/wp-json\/wp\/v2\/types\/post"}],"author":[{"embeddable":true,"href":"https:\/\/www.waynakh.com\/tr\/wp-json\/wp\/v2\/users\/1"}],"replies":[{"embeddable":true,"href":"https:\/\/www.waynakh.com\/tr\/wp-json\/wp\/v2\/comments?post=468"}],"version-history":[{"count":0,"href":"https:\/\/www.waynakh.com\/tr\/wp-json\/wp\/v2\/posts\/468\/revisions"}],"wp:attachment":[{"href":"https:\/\/www.waynakh.com\/tr\/wp-json\/wp\/v2\/media?parent=468"}],"wp:term":[{"taxonomy":"category","embeddable":true,"href":"https:\/\/www.waynakh.com\/tr\/wp-json\/wp\/v2\/categories?post=468"},{"taxonomy":"post_tag","embeddable":true,"href":"https:\/\/www.waynakh.com\/tr\/wp-json\/wp\/v2\/tags?post=468"}],"curies":[{"name":"wp","href":"https:\/\/api.w.org\/{rel}","templated":true}]}}