{"id":4734,"date":"2009-07-17T11:07:30","date_gmt":"2009-07-17T08:07:30","guid":{"rendered":"http:\/\/www.waynakh.com\/tr\/?p=4734"},"modified":"2009-07-18T22:07:35","modified_gmt":"2009-07-18T19:07:35","slug":"estemirova-cinayetinin-ardinda-kadirov-var","status":"publish","type":"post","link":"https:\/\/www.waynakh.com\/tr\/2009\/07\/estemirova-cinayetinin-ardinda-kadirov-var\/","title":{"rendered":"Estemirova Cinayetinin Ard\u0131nda Kadirov Var!"},"content":{"rendered":"<p style=\"text-align: justify;\"><span style=\"color: #000000;\">Memorial isimli insan haklar\u0131 \u00f6rg\u00fct\u00fcn\u00fcn ba\u015fkan\u0131 Oleg Orlov ba\u015fta olmak \u00fczere insan haklar\u0131 aktivistleri 15 Temmuz 2009 \u00c7ar\u015famba g\u00fcn\u00fc Grozny \u015fubelerinin temsilcisi \u00c7e\u00e7en Natalya Estemirova&#8217;n\u0131n ka\u00e7\u0131r\u0131larak \u00f6ld\u00fcr\u00fclmesinin ard\u0131nda Putin&#8217;in ki\u015fisel kiral\u0131k katili Ramzan Kadirov oldu\u011funu a\u00e7\u0131klad\u0131.<!--more--><\/span><\/p>\n<p style=\"text-align: justify;\"><span style=\"color: #000000;\">Oleg Orlov \u00f6rg\u00fctlerinin internet sitesinde yay\u0131nlanan a\u00e7\u0131klamas\u0131nda kukla Kadirov&#8217;u su\u00e7layarak: &#8220;Estemirova&#8217;y\u0131 \u00f6ld\u00fcrenler \u00c7e\u00e7enya&#8217;da ve b\u00f6lgede ger\u00e7ekten neler oldu\u011funun duyulmas\u0131n\u0131 istemeyen adamlar. Kadirov bug\u00fcn \u00c7e\u00e7enya&#8217;da \u00f6yle bir atmosfer olu\u015fturdu ki, herg\u00fcn insanlar ka\u00e7\u0131r\u0131l\u0131yor ve onun gizli hapisanelerine kapat\u0131l\u0131yor. Estemirova&#8217;y\u0131 \u00f6ld\u00fcrenlerin ard\u0131nda kimin oldu\u011funu, kimi su\u00e7layaca\u011f\u0131m\u0131 biliyorum. Kim oldu\u011funu s\u00f6yleyebilirim. Onun ad\u0131 Ramzan Kadirov!&#8221; dedi. Oleg Orlov kukla Kadirov&#8217;un Natalya Estemirova&#8217;y\u0131 ki\u015fisel d\u00fc\u015fman\u0131 ilan etti\u011fini belirterek, &#8220;Ramzan Kadirov Natalya&#8217;n\u0131n \u00e7al\u0131\u015fmalar\u0131ndan \u00f6t\u00fcr\u00fc rahats\u0131zl\u0131k duyuyordu. Kar\u015f\u0131l\u0131kl\u0131 bir g\u00f6r\u00fc\u015fmeleri esnas\u0131nda Natalya&#8217;y\u0131 tehdit bile etti. Natalya&#8217;n\u0131n ba\u015f\u0131na bir \u015fey gelmesinden endi\u015fe etti\u011fimiz i\u00e7in bu tehdidi kamuoyu ile payla\u015fmad\u0131k. Ramzan Kadirov: &#8216;Ellerimde kan oldu\u011fu do\u011fru ve bundan utanm\u0131yorum! K\u00f6t\u00fc insanlar\u0131 \u00f6ld\u00fcrd\u00fcm ve \u00f6ld\u00fcrmeye de devam edece\u011fim&#8217; \u015feklindeki s\u00f6zleriyle Natalya&#8217;y\u0131 tehdit etti ve hakaretler ya\u011fd\u0131rd\u0131.&#8221; dedi.<\/span><\/p>\n<p style=\"text-align: justify;\"><span style=\"color: #000000;\">Oleg Orlov&#8217;un yan\u0131 s\u0131ra pek \u00e7ok insan haklar\u0131 aktivisti Natalia Estemirova&#8217;n\u0131n \u00f6ld\u00fcr\u00fclmesini k\u0131nayarak, bu cinayetin ard\u0131ndan Ramzan Kadirov&#8217;un oldu\u011funu dile getirdi.<\/span><\/p>\n<p style=\"text-align: justify;\"><span style=\"color: #000000;\">Human Rights Watch isimli insan haklar\u0131 \u00f6rg\u00fct\u00fcnden Tanya Lokshina: &#8220;Estemirova, i\u015fkenceler, yarg\u0131s\u0131z infazlar ve adam ka\u00e7\u0131rmalar gibi ikinci Rus-\u00c7e\u00e7en sava\u015f\u0131n\u0131n en korkun\u00e7 su\u00e7lar\u0131n\u0131 belgeleyen bir ki\u015fiydi. Natalya, Ramzan Kadirov&#8217;a ba\u011fl\u0131 g\u00fc\u00e7ler taraf\u0131ndan i\u015flenen su\u00e7lar\u0131 g\u00fcndeme ta\u015f\u0131yan bir ka\u00e7 isimden birisiydi&#8221; diyerek Natalya Estemirova cinayetinin ard\u0131ndaki ismin Rus kuklas\u0131 Ramzan Kadirov oldu\u011funu i\u015faret etti.<\/span><\/p>\n<p style=\"text-align: justify;\"><span style=\"color: #000000;\">Rus Novaya Gazetesi&#8217;nin edit\u00f6r\u00fc Dmitry Muratov, Natalya&#8217;ya s\u00fcrd\u00fcrd\u00fc\u011f\u00fc \u00e7al\u0131\u015fmalar\u0131na son vererek o cehennemden ayr\u0131lmas\u0131 gerekti\u011fini, can g\u00fcvenli\u011finin olmad\u0131\u011f\u0131n\u0131 ve Kadirov rejiminin s\u0131n\u0131r tan\u0131mad\u0131\u011f\u0131n\u0131 s\u00f6yleyerek\u00a0 uyard\u0131\u011f\u0131n\u0131 belirtti ve &#8220;Natalya cinayetiyle ilgili iki farkl\u0131 versiyon dile getirilebilir. Birincisi bu cinayetin ard\u0131nda Ramzan Kadirov&#8217;un oldu\u011fu; ikincisi ise bu cinayetin Ramzan Kadirov&#8217;un \u00e7evresinden birilerince i\u015flenmi\u015f oldu\u011fudur!&#8221; dedi.<\/span><\/p>\n<p style=\"text-align: justify;\"><span style=\"color: #000000;\">\u00dcnl\u00fc insan haklar\u0131 aktivisti Lev Ponomaryov: &#8220;Medvedev&#8217;in cinayetin soru\u015fturulmas\u0131yla ilgili verdi\u011fi a\u00e7\u0131klama \u00fcmit verici ancak ba\u015fkan\u0131n a\u00e7\u0131klamas\u0131 soru\u015fturman\u0131n gerekti\u011fi gibi y\u00fcr\u00fct\u00fclerek su\u00e7lular\u0131n cezaland\u0131r\u0131lmas\u0131 konusunda bir garanti sa\u011flam\u0131yor. Ramzan Kadirov&#8217;un \u00c7e\u00e7enya&#8217;daki n\u00fcfuzu s\u0131n\u0131r tan\u0131m\u0131yor ve Kadirov&#8217;un bu cinayetin ba\u015f zanl\u0131lar\u0131ndan birisi oldu\u011funa inan\u0131yorum&#8221; dedi.<\/span><\/p>\n<p style=\"text-align: justify;\"><span style=\"color: #000000;\">Moskova Helsinki Grubu Ba\u015fkan\u0131 Lyudmila Alexeyeva ise Moskova&#8217;da d\u00fczenledi\u011fi bir bas\u0131n konferans\u0131nda <\/span><span style=\"color: #000000;\">&#8220;Ben her ikisini de su\u00e7luyorum&#8221; diyerek<\/span><span style=\"color: #000000;\"> cinayetten \u00f6t\u00fcr\u00fc hem Putin&#8217;i hem de Kadirov&#8217;u su\u00e7lad\u0131.<\/span><\/p>\n<p style=\"text-align: justify;\"><span style=\"color: #000000;\">Moskova&#8217;n\u0131n Sesi radyosunun bir haberine g\u00f6re ise, Natalya Estemirova cinayetinden \u00f6t\u00fcr\u00fc Putin&#8217;i ve di\u011fer yetkilileri sorumlu tutan bir rapor haz\u0131rlayan \u0130\u015fkence Kar\u015f\u0131t\u0131 Grubun lideri Igor Kalyapin, Nizhny Novgorod kenti yak\u0131nlar\u0131nda 16 Temmuz 2009 Per\u015fmebe g\u00fcn\u00fc tutukland\u0131.<br \/>\n<\/span><\/p>\n","protected":false},"excerpt":{"rendered":"<p>Memorial isimli insan haklar\u0131 \u00f6rg\u00fct\u00fcn\u00fcn ba\u015fkan\u0131 Oleg Orlov ba\u015fta olmak \u00fczere insan haklar\u0131 aktivistleri 15 Temmuz 2009 \u00c7ar\u015famba g\u00fcn\u00fc Grozny \u015fubelerinin temsilcisi \u00c7e\u00e7en Natalya Estemirova&#8217;n\u0131n ka\u00e7\u0131r\u0131larak \u00f6ld\u00fcr\u00fclmesinin ard\u0131nda Putin&#8217;in ki\u015fisel kiral\u0131k katili Ramzan Kadirov oldu\u011funu &#8230;<\/p>\n","protected":false},"author":3,"featured_media":0,"comment_status":"open","ping_status":"open","sticky":false,"template":"","format":"standard","meta":{"ngg_post_thumbnail":0,"footnotes":""},"categories":[1],"tags":[1035,1038,1033,1034,1031,608,1040,1041,1022,1039,1037,1032,1036],"views":3957,"_links":{"self":[{"href":"https:\/\/www.waynakh.com\/tr\/wp-json\/wp\/v2\/posts\/4734"}],"collection":[{"href":"https:\/\/www.waynakh.com\/tr\/wp-json\/wp\/v2\/posts"}],"about":[{"href":"https:\/\/www.waynakh.com\/tr\/wp-json\/wp\/v2\/types\/post"}],"author":[{"embeddable":true,"href":"https:\/\/www.waynakh.com\/tr\/wp-json\/wp\/v2\/users\/3"}],"replies":[{"embeddable":true,"href":"https:\/\/www.waynakh.com\/tr\/wp-json\/wp\/v2\/comments?post=4734"}],"version-history":[{"count":4,"href":"https:\/\/www.waynakh.com\/tr\/wp-json\/wp\/v2\/posts\/4734\/revisions"}],"predecessor-version":[{"id":4800,"href":"https:\/\/www.waynakh.com\/tr\/wp-json\/wp\/v2\/posts\/4734\/revisions\/4800"}],"wp:attachment":[{"href":"https:\/\/www.waynakh.com\/tr\/wp-json\/wp\/v2\/media?parent=4734"}],"wp:term":[{"taxonomy":"category","embeddable":true,"href":"https:\/\/www.waynakh.com\/tr\/wp-json\/wp\/v2\/categories?post=4734"},{"taxonomy":"post_tag","embeddable":true,"href":"https:\/\/www.waynakh.com\/tr\/wp-json\/wp\/v2\/tags?post=4734"}],"curies":[{"name":"wp","href":"https:\/\/api.w.org\/{rel}","templated":true}]}}