{"id":502,"date":"2008-05-06T15:41:54","date_gmt":"2008-05-06T13:41:54","guid":{"rendered":"http:\/\/www.zelimhan.com\/?p=464"},"modified":"2008-05-06T15:41:54","modified_gmt":"2008-05-06T13:41:54","slug":"vah-baglarbasi-dernegim-vah-ne-hale-dusmussun-sen","status":"publish","type":"post","link":"https:\/\/www.waynakh.com\/tr\/2008\/05\/vah-baglarbasi-dernegim-vah-ne-hale-dusmussun-sen\/","title":{"rendered":"Vah Ba\u011flarba\u015f\u0131 Derne\u011fim Vah!.. Ne Hale D\u00fc\u015fm\u00fcss\u00fcn Sen!.."},"content":{"rendered":"<p>\u0130stanbul Alan K\u00fclt\u00fcr ve Yard\u0131m Vakf\u0131&#8217; n\u0131n \u00e7a\u011fr\u0131s\u0131 \u00fczerine \u0130stanbul ilinde faaliyet g\u00f6steren Kafkas dernek ve vak\u0131flar\u0131 ge\u00e7ti\u011fimiz ay ger\u00e7ekle\u015ftirdi\u011fi ilk bulu\u015fman\u0131n ard\u0131ndan 4 May\u0131s 2008 Pazar g\u00fcn\u00fc \u0130stanbul Kafkas K\u00fclt\u00fcr Derne\u011fi&#8217; nde ikinci kez biraraya gelirken, ev sahibi konumundaki dernek y\u00f6neticileri a\u011f\u0131r bir ele\u015ftiri ald\u0131.<!--more--><\/p>\n<p align=\"justify\"><strong>\u0130stanbul Alan K\u00fclt\u00fcr ve Yard\u0131m Vakf\u0131 Genel Sekreteri Burhan Canpolat&#8217; \u0131n e-posta yoluyla iletti\u011fi ele\u015ftiri metnini yorumsuz olarak de\u011fi\u015ftirmeden sizlerle payla\u015f\u0131yoruz:<\/strong><\/p>\n<p align=\"center\"><strong>VAH BA\u011eLARBA\u015eI DERNE\u011e\u0130M VAH !..NE HALE D\u00dc\u015eM\u00dc\u015eS\u00dcN SEN !\u2026<\/strong><\/p>\n<p align=\"justify\">1970\u2019 li y\u0131llarda bir okuldu, bir Kafkas Akademisiydi (Ba\u011flarba\u015f\u0131) \u0130stanbul Kafkas K\u00fclt\u00fcr Derne\u011fi. Bizler de bizim gibi bir\u00e7ok gen\u00e7 insanda o y\u0131llarda bu okulda bilin\u00e7lendik, bu okulda kendimizi bulduk. O y\u0131llardaki \u0130stanbul Kafkas K\u00fclt\u00fcr Derne\u011fi&#8217; ni ar\u0131yor ve \u00f6zl\u00fcyoruz. Bug\u00fcn \u0130stanbul&#8217; da\u00a0 say\u0131s\u0131 20&#8242; yi bulan Kafkas dernek, vak\u0131f ve komitelerinin bir \u00e7o\u011funun\u00a0 y\u00f6neticileri bu akademi mezunudur desem\u00a0 yeridir. Bu derne\u011fimizin ge\u00e7mi\u015fteki y\u00f6neticilerini (bug\u00fcn hayatta olmayan) rahmet ve minnetle an\u0131yorum. Bu kadar de\u011fi\u015fik Kafkas boylar\u0131ndan olu\u015fan insanlar\u0131 Kafkasyal\u0131l\u0131k paydas\u0131nda birle\u015ftirip b\u00fct\u00fcnle\u015ftirmeyi\u00a0 ba\u015farm\u0131\u015flar. Bu \u00e7ok de\u011ferli b\u00fcy\u00fcklerimiz bug\u00fcn Ba\u011flarba\u015f\u0131 Derne\u011fi\u2019 nin i\u00e7ler ac\u0131s\u0131 durumunu g\u00f6rseler her halde kahrolurlard\u0131. \u0130nsan b\u00f6yle durumlarda\u00a0 \u00f6l\u00fcm\u00fcn bile g\u00fczel taraflar\u0131n\u0131 g\u00f6rebiliyor.<\/p>\n<p align=\"justify\">Ata vatan\u0131m\u0131z Kafkasya\u2019 da k\u00fc\u00e7\u00fck k\u00fc\u00e7\u00fck cumhuriyetlerimizde huzursuzluklar, sorunlar eksik de\u011fil. Hi\u00e7 bir cumhuriyetimiz huzur i\u00e7inde de\u011fil. K\u00fclt\u00fcr yozla\u015fmas\u0131 amans\u0131z bir hastal\u0131k gibi b\u00fcnyemizi h\u0131zla sar\u0131yor, g\u00fcnden g\u00fcne ilerliyor. Var olma m\u00fccadelesindeki duyarl\u0131 insanlar\u0131m\u0131z da bu gidi\u015fattan endi\u015fe duyuyor ve \u00e7aba sarfediyorlar k\u00fclt\u00fcr\u00fcm\u00fcz\u00fc korumak ve ya\u015fatmak i\u00e7in.<\/p>\n<p align=\"justify\">T\u00fcrkiye\u2019deki durum daha endi\u015fe verici. K\u00fclt\u00fcr yozla\u015fmas\u0131 daha h\u0131zl\u0131 ilerliyor. Herkes kendi\u00a0 derne\u011finde m\u00fccadele veriyor k\u00fclt\u00fcr\u00fcn\u00fc korumak ve ya\u015fatmak i\u00e7in. Bu farkl\u0131 ve k\u00fc\u00e7\u00fck \u00f6l\u00e7ekli \u00e7al\u0131\u015fmalar ile k\u00fclt\u00fcr yozla\u015fmas\u0131n\u0131n \u00f6n\u00fcne ge\u00e7mek \u00e7ok zor.<\/p>\n<p align=\"justify\">Alan K\u00fclt\u00fcr ve Yard\u0131m Vakf\u0131 olarak bu ger\u00e7e\u011fi \u0130stanbul\u2019 daki dernek ve vak\u0131flara\u00a0 duyurduk.\u00a0Birlik, beraberlik ve dayan\u0131\u015fma i\u00e7inde olmazsak ama\u00e7lad\u0131\u011f\u0131m\u0131z hedeflere k\u00fc\u00e7\u00fck \u00f6l\u00e7ekli kurumlar halinde ula\u015famayaca\u011f\u0131m\u0131z\u0131 d\u00fczenledi\u011fimiz kahvalt\u0131l\u0131 toplant\u0131da dernek ve vak\u0131f y\u00f6neticilerine a\u00e7\u0131klad\u0131k. Davetimize kat\u0131lan b\u00fct\u00fcn temsilciler \u00f6nerimizi desteklediler. \u00d6nerinin\u00a0 g\u00f6r\u00fc\u015f\u00fclmesine devam edilmesi, olgunla\u015ft\u0131r\u0131l\u0131p\u00a0 sonu\u00e7land\u0131r\u0131lmas\u0131 i\u00e7in her ay bir derne\u011fin ev sahipli\u011finde toplan\u0131lmas\u0131na karar verildi. \u0130kinci toplant\u0131n\u0131n Poyrazl\u0131 Derne\u011fi&#8217; nde yap\u0131lmas\u0131 uygun g\u00f6r\u00fclm\u00fc\u015fken daha sonra Ba\u011flarba\u015f\u0131 Derne\u011fi\u2019 nin iste\u011fi \u00fczerine 4 May\u0131s Pazar g\u00fcn\u00fc Kahvalt\u0131 Toplant\u0131s\u0131 Ba\u011flarba\u015f\u0131\u2019 nda ger\u00e7ekle\u015ftirildi. Yaz\u0131m\u0131n ba\u015flang\u0131c\u0131nda s\u00f6z\u00fcn\u00fc etti\u011fim ve \u00f6zlemini\u00a0 duydu\u011fum\u00a0 Ba\u011flarba\u015f\u0131 Derne\u011fi\u2019 nde bulu\u015ftuk saat11.00 sular\u0131nda. \u0130nsanlar dernek salonuna girdiklerinde a\u00e7\u0131k b\u00fcfe kahvalt\u0131l\u0131klar\u0131n\u0131n yer ald\u0131\u011f\u0131 bir masa kar\u015f\u0131lad\u0131 onlar\u0131. Ne bir y\u00f6netici vard\u0131, ne de kar\u015f\u0131layan birisi. Do\u011frusu \u00e7ok \u015fa\u015f\u0131rd\u0131k. Bir a\u015f evi bir ramazan \u00e7ad\u0131r\u0131, bizler de oralara muhta\u00e7 insanlar sanki. Toplant\u0131ya kat\u0131lan temsilciler olgun davran\u0131p kimse olumsuz bir hava olu\u015fmas\u0131n d\u00fc\u015f\u00fcncesiyle olsa gerek\u00a0 bu sayg\u0131s\u0131zl\u0131\u011f\u0131 sineye \u00e7ektiler. \u00d6yle ya kutsal bir gaye i\u00e7in gelmi\u015flerdi. Bu amac\u0131 g\u00f6lgelememek i\u00e7in\u00a0 sineye \u00e7ekmek gerekiyordu. Toplant\u0131da\u00a0 amaca y\u00f6nelik\u00a0 konu\u015fmalar yap\u0131ld\u0131. Ben bunlar\u0131n \u00fczerinde fazla durmayaca\u011f\u0131m. Bu konular daha sonra da konu\u015fulmaya devam edilecek. Ben Ba\u011flarba\u015f\u0131 Derne\u011fi\u2019 nin vah&#8230;vah\u2026 dedirten halinden bahsetmeye devam edece\u011fim. Toplant\u0131n\u0131n ilerleyen bir b\u00f6l\u00fcm\u00fcnde Ba\u011flarba\u015f\u0131 Derne\u011fi Ba\u015fkan\u0131 Say\u0131n Ya\u015far Nogay u\u00e7a\u011fa yeti\u015fmek durumunda oldu\u011funu s\u00f6yleyerek toplant\u0131daki ev sahipli\u011fi g\u00f6revini ba\u015fkas\u0131na devrederek toplant\u0131dan ayr\u0131ld\u0131. Bu davran\u0131\u015f\u0131 mazur g\u00f6rmek\u00a0 saf\u00e7a bir d\u00fc\u015f\u00fcnce olur san\u0131r\u0131m. Poyrazl\u0131 Derne\u011fi\u2019 nin d\u00fczenleyece\u011fi organizasyonu\u00a0 kendi iste\u011finizle \u00fcstleniyorsunuz sonra da sebep her ne olursa olsun toplant\u0131y\u0131 yar\u0131da b\u0131rak\u0131p gidiyorsunuz. Ciddiyetle ba\u011fda\u015ft\u0131r\u0131lacak bir husus de\u011fil bu. Ben \u015fahsen Ba\u011flarba\u015f\u0131 Derne\u011fi\u2019 nin birlik beraberlik ve dayan\u0131\u015fmadan yana de\u011fil aksine ba\u011fl\u0131 oldu\u011fu Federasyonun talimatlar\u0131 do\u011frultusunda\u00a0 hareket etti\u011fini d\u00fc\u015f\u00fcn\u00fcyorum.<\/p>\n<p align=\"justify\">Ba\u011flarba\u015f\u0131 Derne\u011fi y\u00f6neticilerinin\u00a0 falsolar\u0131 bu kadar olsayd\u0131 ke\u015fke. En vahimi de sonuncusu oldu. Toplant\u0131n\u0131n sonlar\u0131na gelinmi\u015fti. Gen\u00e7\u00a0 k\u0131zlar salonda toplanmaya ba\u015flad\u0131lar. Salonun duvar\u0131ndaki sahne perdesi a\u00e7\u0131ld\u0131. Ayna ile kaplanm\u0131\u015f bir duvar \u00e7\u0131kt\u0131 ortaya ve ard\u0131ndan m\u00fczik anla\u015f\u0131ld\u0131 ki salonda gen\u00e7ler folklor \u00e7al\u0131\u015fmas\u0131 yapacaklar ve toplant\u0131n\u0131n bir an sonland\u0131rlmas\u0131n\u0131 ihtar ediyorlar \u0130stanbul\u2019 un yirmiye yak\u0131n dernek ve vakf\u0131n\u0131n temsilcilerine. Son c\u00fcmleler s\u00f6ylenecekti toplant\u0131da\u00a0 Bah\u00e7elievler Dernek Ba\u015fkan\u0131 Say\u0131n Erdo\u011fan Ya\u015far Beydi san\u0131r\u0131m oradan ge\u00e7en (folklor \u00e7al\u0131\u015fmalar\u0131n\u0131n y\u00f6neticisi oldu\u011funu san\u0131yorum) bir gence seslenerek konu\u015fmalar\u0131n anla\u015f\u0131lmad\u0131\u011f\u0131n\u0131 bunun i\u00e7in m\u00fczi\u011fin biraz k\u0131s\u0131lmas\u0131n\u0131 rica etti. Bu s\u00f6zde \u00c7erkes genci\u00a0 (Kafkas K\u00fclt\u00fcr\u00fcn\u00fc ya\u015fatmak i\u00e7in u\u011fra\u015f\u0131 verdi\u011fini zanneden) bu rica sahibi b\u00fcy\u00fc\u011f\u00fcne ne cevap verdi\u00a0 tahmin edemezsiniz. B\u00f6yle bir cevap\u00a0 \u00c7erkes terbiyesi ile yeti\u015fen bir gence ait olamaz. B\u0131rak\u0131n \u00c7erkes gencini normal bir aile ortam\u0131nda yeti\u015fen herhangi bir topluma mensup bir gencin de cevab\u0131 olamaz. Olsa olsa terbiyesizli\u011fin dik alas\u0131d\u0131r, k\u00fcstahl\u0131\u011f\u0131n, normal bir aile evlad\u0131 olmaman\u0131n yans\u0131mas\u0131d\u0131r. \u2019\u2019M\u00fczi\u011fi k\u0131smay\u0131 b\u0131rak\u0131n da siz art\u0131k salonu bo\u015falt\u0131n\u2019\u2019anlam\u0131nda bir cevap verdi\u00a0 Ba\u011flarba\u015f\u0131 Derne\u011fi\u2019 nin yeti\u015ftirdi\u011fi ve \u00c7erkes K\u00fclt\u00fcr\u00fcn\u00fc ya\u015fatmak i\u00e7in e\u011fitti\u011fi bu gen\u00e7. Kesinlikle cevab\u0131 bu anlamdayd\u0131. Bunun \u00fczerine Alan Vakf\u0131 Ba\u015fkan\u0131 Say\u0131n Remzi Y\u0131ld\u0131r\u0131m \u2018\u2019Daha fazla hakarete maruz kalmayal\u0131m\u2019\u2019 diyerek toplant\u0131y\u0131 sonland\u0131rd\u0131. Say\u0131n Remzi Bey\u2019in bu s\u00f6zleri \u00fczerine Ba\u011flarba\u015f\u0131 Derne\u011fi\u00a0 Ba\u015fkan\u0131 Say\u0131n Ya\u015far Nogay\u2019 \u0131n yerine vekil b\u0131rakt\u0131\u011f\u0131 Nihat Bey\u2019 in\u00a0 \u00f6z\u00fcr dileme yerine pi\u015fkinli\u011fe verip\u00a0 g\u00fcl\u00fcmsemesi\u00a0 \u00e7ok daha ac\u0131t\u0131c\u0131 oldu.<\/p>\n<p align=\"justify\">Bravo size Ba\u011flarba\u015f\u0131 Derne\u011fi y\u00f6neticileri Federasyonunuzun direktifi do\u011frultusunda \u00e7ok g\u00fczel sabote ettiniz iyi niyetli yakla\u015f\u0131mlar\u0131m\u0131z\u0131.<\/p>\n<p align=\"justify\">Ya\u015fanan bu olaylar beni\u00a0 \u00e7ok \u00fczd\u00fc ve yaralad\u0131. Yaz\u0131m\u0131n ba\u015fl\u0131\u011f\u0131n\u0131 bunun i\u00e7in\u00a0 VAH BA\u011eLARBA\u015eI DERNE\u011e\u0130M VAH\u2026NE HALE D\u00dc\u015eM\u00dc\u015eS\u00dcN\u2026diye koydum ve ekliyorum: &#8220;K\u0130MLER\u0130N EL\u0130NE D\u00dc\u015eM\u00dc\u015eS\u00dcN SEN\u2026..&#8221;<\/p>\n<p align=\"justify\">Sayg\u0131lar\u0131mla<br \/>\n<strong>Burhan CANPOLAT<\/strong><\/p>\n","protected":false},"excerpt":{"rendered":"<p>\u0130stanbul Alan K\u00fclt\u00fcr ve Yard\u0131m Vakf\u0131&#8217; n\u0131n \u00e7a\u011fr\u0131s\u0131 \u00fczerine \u0130stanbul ilinde faaliyet g\u00f6steren Kafkas dernek ve vak\u0131flar\u0131 ge\u00e7ti\u011fimiz ay ger\u00e7ekle\u015ftirdi\u011fi ilk bulu\u015fman\u0131n ard\u0131ndan 4 May\u0131s 2008 Pazar g\u00fcn\u00fc \u0130stanbul Kafkas K\u00fclt\u00fcr Derne\u011fi&#8217; nde ikinci kez &#8230;<\/p>\n","protected":false},"author":1,"featured_media":0,"comment_status":"open","ping_status":"open","sticky":false,"template":"","format":"standard","meta":{"ngg_post_thumbnail":0,"footnotes":""},"categories":[1],"tags":[],"views":5260,"_links":{"self":[{"href":"https:\/\/www.waynakh.com\/tr\/wp-json\/wp\/v2\/posts\/502"}],"collection":[{"href":"https:\/\/www.waynakh.com\/tr\/wp-json\/wp\/v2\/posts"}],"about":[{"href":"https:\/\/www.waynakh.com\/tr\/wp-json\/wp\/v2\/types\/post"}],"author":[{"embeddable":true,"href":"https:\/\/www.waynakh.com\/tr\/wp-json\/wp\/v2\/users\/1"}],"replies":[{"embeddable":true,"href":"https:\/\/www.waynakh.com\/tr\/wp-json\/wp\/v2\/comments?post=502"}],"version-history":[{"count":0,"href":"https:\/\/www.waynakh.com\/tr\/wp-json\/wp\/v2\/posts\/502\/revisions"}],"wp:attachment":[{"href":"https:\/\/www.waynakh.com\/tr\/wp-json\/wp\/v2\/media?parent=502"}],"wp:term":[{"taxonomy":"category","embeddable":true,"href":"https:\/\/www.waynakh.com\/tr\/wp-json\/wp\/v2\/categories?post=502"},{"taxonomy":"post_tag","embeddable":true,"href":"https:\/\/www.waynakh.com\/tr\/wp-json\/wp\/v2\/tags?post=502"}],"curies":[{"name":"wp","href":"https:\/\/api.w.org\/{rel}","templated":true}]}}