{"id":5326,"date":"2009-08-18T11:22:35","date_gmt":"2009-08-18T08:22:35","guid":{"rendered":"http:\/\/www.waynakh.com\/tr\/?p=5326"},"modified":"2009-08-18T11:22:58","modified_gmt":"2009-08-18T08:22:58","slug":"yeni-bir-cecen-gazetesi-yayin-hayatina-basladi","status":"publish","type":"post","link":"https:\/\/www.waynakh.com\/tr\/2009\/08\/yeni-bir-cecen-gazetesi-yayin-hayatina-basladi\/","title":{"rendered":"Yeni Bir \u00c7e\u00e7en Gazetesi Yay\u0131n Hayat\u0131na Ba\u015flad\u0131"},"content":{"rendered":"<p style=\"text-align: justify;\">Leh-\u00c7e\u00e7en Dostluk \u0130nsiyatifi \u201cBart\u201d, \u201cKhaamash\u201d isimli \u00c7e\u00e7en gazetesinin ilk say\u0131s\u0131n\u0131 yay\u0131nlad\u0131.<!--more--><\/p>\n<p style=\"text-align: justify;\">Gazetede Avrupa\u2019n\u0131n d\u00f6rt bir yan\u0131ndaki \u00c7e\u00e7en s\u0131\u011f\u0131nmac\u0131lar ve m\u00fcltecilerle ilgili bilgiler; \u00c7e\u00e7en halk\u0131n\u0131n tarihi, adetleri ve k\u00fclt\u00fcr\u00fc hakk\u0131nda bilgiler yer alacak. Ayr\u0131ca gazete okuyucular\u0131n\u0131 Rus-\u00c7e\u00e7en sava\u015f\u0131n\u0131n g\u00fcncel durumu hakk\u0131nda da haberdar etmeyi planl\u0131yor. Gazetenin edit\u00f6rleri s\u0131\u011f\u0131nmac\u0131lar ve m\u00fcltecilerin Polonya\u2019daki haklar\u0131 ile Polonya\u2019daki ya\u015fam hakk\u0131ndaki sorular\u0131 da gazetede yay\u0131nlamay\u0131 d\u00fc\u015f\u00fcn\u00fcyor.<\/p>\n<p style=\"text-align: justify;\">\u201cKhaamash\u201d isimli gazetenin ilk say\u0131s\u0131 bir b\u00fclten gibi \u00e7\u0131kt\u0131ysa da, \u201cBart\u201d isimli grup yay\u0131nlar\u0131n\u0131n ilerleyen d\u00f6nemlerde ger\u00e7ek bir gazete kimli\u011fine b\u00fcr\u00fcnece\u011fini bildirdi.<\/p>\n<p style=\"text-align: justify;\">Bu ama\u00e7lar\u0131 do\u011frultusunda, Leh-\u00c7e\u00e7en Dostluk \u0130nsiyatifi \u201cBart\u201d, t\u00fcm d\u00fcnyadaki \u00c7e\u00e7enleri ve \u00c7e\u00e7en dostlar\u0131n\u0131, gazetecileri ve yazarlar\u0131 gazeteye makale ve \u00e7al\u0131\u015fmalar\u0131n\u0131 g\u00f6ndermesi \u00e7a\u011fr\u0131s\u0131nda bulundu.<\/p>\n<p style=\"text-align: justify;\">Leh-\u00c7e\u00e7en Dostluk \u0130nsiyatifi \u201cBart\u201d, Polonya\u2019da ya\u015fayan \u00c7e\u00e7enler ve Polonyal\u0131lar taraf\u0131ndan kurulmu\u015f bir gruptur.<\/p>\n","protected":false},"excerpt":{"rendered":"<p>Leh-\u00c7e\u00e7en Dostluk \u0130nsiyatifi \u201cBart\u201d, \u201cKhaamash\u201d isimli \u00c7e\u00e7en gazetesinin ilk say\u0131s\u0131n\u0131 yay\u0131nlad\u0131.<\/p>\n","protected":false},"author":3,"featured_media":0,"comment_status":"open","ping_status":"open","sticky":false,"template":"","format":"standard","meta":{"ngg_post_thumbnail":0,"footnotes":""},"categories":[1],"tags":[1187,1188],"views":4988,"_links":{"self":[{"href":"https:\/\/www.waynakh.com\/tr\/wp-json\/wp\/v2\/posts\/5326"}],"collection":[{"href":"https:\/\/www.waynakh.com\/tr\/wp-json\/wp\/v2\/posts"}],"about":[{"href":"https:\/\/www.waynakh.com\/tr\/wp-json\/wp\/v2\/types\/post"}],"author":[{"embeddable":true,"href":"https:\/\/www.waynakh.com\/tr\/wp-json\/wp\/v2\/users\/3"}],"replies":[{"embeddable":true,"href":"https:\/\/www.waynakh.com\/tr\/wp-json\/wp\/v2\/comments?post=5326"}],"version-history":[{"count":2,"href":"https:\/\/www.waynakh.com\/tr\/wp-json\/wp\/v2\/posts\/5326\/revisions"}],"predecessor-version":[{"id":5329,"href":"https:\/\/www.waynakh.com\/tr\/wp-json\/wp\/v2\/posts\/5326\/revisions\/5329"}],"wp:attachment":[{"href":"https:\/\/www.waynakh.com\/tr\/wp-json\/wp\/v2\/media?parent=5326"}],"wp:term":[{"taxonomy":"category","embeddable":true,"href":"https:\/\/www.waynakh.com\/tr\/wp-json\/wp\/v2\/categories?post=5326"},{"taxonomy":"post_tag","embeddable":true,"href":"https:\/\/www.waynakh.com\/tr\/wp-json\/wp\/v2\/tags?post=5326"}],"curies":[{"name":"wp","href":"https:\/\/api.w.org\/{rel}","templated":true}]}}