{"id":563,"date":"2008-11-05T00:56:46","date_gmt":"2008-11-04T22:56:46","guid":{"rendered":"http:\/\/www.zelimhan.com\/?p=49"},"modified":"2008-11-05T00:56:46","modified_gmt":"2008-11-04T22:56:46","slug":"ozurlu-cecen-halen-fransa-da-tutuklu","status":"publish","type":"post","link":"https:\/\/www.waynakh.com\/tr\/2008\/11\/ozurlu-cecen-halen-fransa-da-tutuklu\/","title":{"rendered":"\u00d6z\u00fcrl\u00fc \u00c7e\u00e7en Halen Fransa&#8217; da Tutuklu"},"content":{"rendered":"<p>21 Ekim 2008 Sal\u0131 g\u00fcn\u00fc Fransa&#8217; n\u0131n Strasbourg kentinde tutuklanan \u00c7e\u00e7enlerden ikisi daha serbest b\u0131rak\u0131l\u0131rken, g\u00f6rme \u00f6z\u00fcrl\u00fc Bislan Davletbaev&#8217; in tutukluluk hali devam ediyor.<\/p>\n<p align=\"justify\">\u0130ki haftay\u0131 a\u015fk\u0131n s\u00fcredir \u00c7e\u00e7en m\u00fcltecileri Polonya&#8217; dan Fransa&#8217; ya yasad\u0131\u015f\u0131 yollardan getiren bir \u00f6rg\u00fct\u00fcn \u00fcyesi oldu\u011fu iddias\u0131yla Strasbourg&#8217; da tutuklu bulunan \u00fc\u00e7 \u00f6z\u00fcrl\u00fc \u00c7e\u00e7en m\u00fclteciden ikisinin serbest b\u0131rak\u0131ld\u0131\u011f\u0131 ancak g\u00f6rme \u00f6z\u00fcrl\u00fc Bislan Davletbaev&#8217; in durumunda herhangi bir de\u011fi\u015fiklik olmad\u0131\u011f\u0131 \u00f6\u011frenildi.<\/p>\n<p align=\"justify\">Fransa&#8217; daki \u00c7e\u00e7en diasporas\u0131 liderlerinden olan Musa Taipov, Bislan&#8217; \u0131n ailesinin ve yak\u0131nlar\u0131n\u0131n i\u015f g\u00fcnleri Strasbourg \u015fehir mahkemesi \u00f6n\u00fcnde 12.00 ile 14.00 saatleri aras\u0131nda protesto g\u00f6sterileri yapt\u0131\u011f\u0131n\u0131 ve g\u00f6sterilerin su\u00e7suz Bislan&#8217; \u0131n serbest b\u0131rak\u0131lmas\u0131na kadar devam edece\u011fini bildirdi.<\/p>\n","protected":false},"excerpt":{"rendered":"<p>21 Ekim 2008 Sal\u0131 g\u00fcn\u00fc Fransa&#8217; n\u0131n Strasbourg kentinde tutuklanan \u00c7e\u00e7enlerden ikisi daha serbest b\u0131rak\u0131l\u0131rken, g\u00f6rme \u00f6z\u00fcrl\u00fc Bislan Davletbaev&#8217; in tutukluluk hali devam ediyor.<br \/>\n\u0130ki haftay\u0131 a\u015fk\u0131n s\u00fcredir \u00c7e\u00e7en m\u00fcltecileri Polonya&#8217; dan Fransa&#8217; ya yasad\u0131\u015f\u0131 yollardan &#8230;<\/p>\n","protected":false},"author":1,"featured_media":0,"comment_status":"open","ping_status":"open","sticky":false,"template":"","format":"standard","meta":{"ngg_post_thumbnail":0,"footnotes":""},"categories":[1],"tags":[],"views":3758,"_links":{"self":[{"href":"https:\/\/www.waynakh.com\/tr\/wp-json\/wp\/v2\/posts\/563"}],"collection":[{"href":"https:\/\/www.waynakh.com\/tr\/wp-json\/wp\/v2\/posts"}],"about":[{"href":"https:\/\/www.waynakh.com\/tr\/wp-json\/wp\/v2\/types\/post"}],"author":[{"embeddable":true,"href":"https:\/\/www.waynakh.com\/tr\/wp-json\/wp\/v2\/users\/1"}],"replies":[{"embeddable":true,"href":"https:\/\/www.waynakh.com\/tr\/wp-json\/wp\/v2\/comments?post=563"}],"version-history":[{"count":4,"href":"https:\/\/www.waynakh.com\/tr\/wp-json\/wp\/v2\/posts\/563\/revisions"}],"predecessor-version":[{"id":598,"href":"https:\/\/www.waynakh.com\/tr\/wp-json\/wp\/v2\/posts\/563\/revisions\/598"}],"wp:attachment":[{"href":"https:\/\/www.waynakh.com\/tr\/wp-json\/wp\/v2\/media?parent=563"}],"wp:term":[{"taxonomy":"category","embeddable":true,"href":"https:\/\/www.waynakh.com\/tr\/wp-json\/wp\/v2\/categories?post=563"},{"taxonomy":"post_tag","embeddable":true,"href":"https:\/\/www.waynakh.com\/tr\/wp-json\/wp\/v2\/tags?post=563"}],"curies":[{"name":"wp","href":"https:\/\/api.w.org\/{rel}","templated":true}]}}