{"id":6,"date":"2007-07-01T14:32:59","date_gmt":"2007-07-01T12:32:59","guid":{"rendered":"http:\/\/www.zelimhan.com\/?p=1142"},"modified":"2009-03-11T11:41:48","modified_gmt":"2009-03-11T09:41:48","slug":"hollanda-da-balonla-protesto","status":"publish","type":"post","link":"https:\/\/www.waynakh.com\/tr\/2007\/07\/hollanda-da-balonla-protesto\/","title":{"rendered":"Hollanda&#8217; da Balonla Protesto"},"content":{"rendered":"<p>16-23 Haziran tarihleri aras\u0131nda Marexa Hollanda \u0130nsan Haklar\u0131 Hareketi bayan liderleri Larisa Volodimerova&#8217; n\u0131n Amsterdam&#8217; da Putin&#8217; in \u00c7e\u00e7enya&#8217; daki sava\u015f\u0131 durdurmas\u0131 ve Anna Politkovskya ile Alexander Litvinenko&#8217; nun katillerinin bulunmas\u0131 i\u00e7in tek ba\u015f\u0131na yapt\u0131\u011f\u0131 a\u00e7l\u0131k grevi ile g\u00fcndeme gelmi\u015fti. Marexa Hollanda \u0130nsan Haklar\u0131 Hareketi bu kez g\u00f6ky\u00fcz\u00fcnden d\u00fcnyaya \u00e7a\u011fr\u0131da bulundu: &#8220;Putin, \u0130\u015fkenceye ve Sava\u015fa Son Ver!&#8221;<\/p>\n<div>30 Haziran&#8217; da haz\u0131rlad\u0131klar\u0131 balon ile Hollanda&#8217; da iki saatte 40 km kateden ekip Utrekht, Barnfeld, Naykerk ve Pyutten \u015fehirlerini balonla ge\u00e7erken sloganlar\u0131n\u0131 g\u00f6ky\u00fcz\u00fcnden d\u00fcnyaya ilan etti. Sloganlar ise, &#8220;Putin, \u0130\u015fkenceye ve Sava\u015fa Son Ver!&#8221;, &#8220;Siyasi Mahkumlara \u00d6zg\u00fcrl\u00fck!&#8221; idi.<\/div>\n<p align=\"justify\">Marexa Hollanda \u0130nsan Haklar\u0131 Derne\u011fi \u00fcyeleri d\u00fcnya sessiz kalmaya devam ettik\u00e7e eylemlerini s\u00fcrd\u00fcreceklerini ifade ettiler.<\/p>\n<p align=\"justify\"><strong>G\u00f6steriden foto\u011fraflar:<\/strong><\/p>\n<p align=\"justify\"><a href=\"http:\/\/www.waynakh.com\/tr\/wp-content\/uploads\/2008\/11\/hollanda-da-balona-protesto_2-30-06-07.jpg\"><img loading=\"lazy\" decoding=\"async\" class=\"alignnone size-medium wp-image-1136\" title=\"hollanda-da-balona-protesto_2-30-06-07\" src=\"http:\/\/www.waynakh.com\/tr\/wp-content\/uploads\/2008\/11\/hollanda-da-balona-protesto_2-30-06-07-300x223.jpg\" alt=\"\" width=\"300\" height=\"223\" \/><\/a><\/p>\n<p align=\"justify\"><a href=\"http:\/\/www.waynakh.com\/tr\/wp-content\/uploads\/2008\/11\/hollanda-da-balona-protesto_3-30-06-07.jpg\"><img loading=\"lazy\" decoding=\"async\" class=\"alignnone size-medium wp-image-1137\" title=\"hollanda-da-balona-protesto_3-30-06-07\" src=\"http:\/\/www.waynakh.com\/tr\/wp-content\/uploads\/2008\/11\/hollanda-da-balona-protesto_3-30-06-07-300x213.jpg\" alt=\"\" width=\"300\" height=\"213\" \/><\/a><\/p>\n<p align=\"justify\"><a href=\"http:\/\/www.waynakh.com\/tr\/wp-content\/uploads\/2008\/11\/hollanda-da-balona-protesto_4-30-06-07.jpg\"><img loading=\"lazy\" decoding=\"async\" class=\"alignnone size-full wp-image-1138\" title=\"hollanda-da-balona-protesto_4-30-06-07\" src=\"http:\/\/www.waynakh.com\/tr\/wp-content\/uploads\/2008\/11\/hollanda-da-balona-protesto_4-30-06-07.jpg\" alt=\"\" width=\"340\" height=\"410\" \/><\/a><\/p>\n<p align=\"justify\"><a href=\"http:\/\/www.waynakh.com\/tr\/wp-content\/uploads\/2008\/11\/hollanda-da-balona-protesto_5-30-06-07.jpg\"><img loading=\"lazy\" decoding=\"async\" class=\"alignnone size-medium wp-image-1139\" title=\"hollanda-da-balona-protesto_5-30-06-07\" src=\"http:\/\/www.waynakh.com\/tr\/wp-content\/uploads\/2008\/11\/hollanda-da-balona-protesto_5-30-06-07-229x300.jpg\" alt=\"\" width=\"229\" height=\"300\" \/><\/a><\/p>\n<p align=\"justify\"><a href=\"http:\/\/www.waynakh.com\/tr\/wp-content\/uploads\/2008\/11\/hollanda-da-balona-protesto_6-30-06-07.jpg\"><img loading=\"lazy\" decoding=\"async\" class=\"alignnone size-medium wp-image-1140\" title=\"hollanda-da-balona-protesto_6-30-06-07\" src=\"http:\/\/www.waynakh.com\/tr\/wp-content\/uploads\/2008\/11\/hollanda-da-balona-protesto_6-30-06-07-242x300.jpg\" alt=\"\" width=\"242\" height=\"300\" \/><\/a><\/p>\n","protected":false},"excerpt":{"rendered":"<p>16-23 Haziran tarihleri aras\u0131nda Marexa Hollanda \u0130nsan Haklar\u0131 Hareketi bayan liderleri Larisa Volodimerova&#8217; n\u0131n Amsterdam&#8217; da Putin&#8217; in \u00c7e\u00e7enya&#8217; daki sava\u015f\u0131 durdurmas\u0131 ve Anna Politkovskya ile Alexander Litvinenko&#8217; nun katillerinin bulunmas\u0131 i\u00e7in tek ba\u015f\u0131na yapt\u0131\u011f\u0131 &#8230;<\/p>\n","protected":false},"author":1,"featured_media":0,"comment_status":"open","ping_status":"open","sticky":false,"template":"","format":"standard","meta":{"ngg_post_thumbnail":0,"footnotes":""},"categories":[1],"tags":[],"views":4539,"_links":{"self":[{"href":"https:\/\/www.waynakh.com\/tr\/wp-json\/wp\/v2\/posts\/6"}],"collection":[{"href":"https:\/\/www.waynakh.com\/tr\/wp-json\/wp\/v2\/posts"}],"about":[{"href":"https:\/\/www.waynakh.com\/tr\/wp-json\/wp\/v2\/types\/post"}],"author":[{"embeddable":true,"href":"https:\/\/www.waynakh.com\/tr\/wp-json\/wp\/v2\/users\/1"}],"replies":[{"embeddable":true,"href":"https:\/\/www.waynakh.com\/tr\/wp-json\/wp\/v2\/comments?post=6"}],"version-history":[{"count":1,"href":"https:\/\/www.waynakh.com\/tr\/wp-json\/wp\/v2\/posts\/6\/revisions"}],"predecessor-version":[{"id":2466,"href":"https:\/\/www.waynakh.com\/tr\/wp-json\/wp\/v2\/posts\/6\/revisions\/2466"}],"wp:attachment":[{"href":"https:\/\/www.waynakh.com\/tr\/wp-json\/wp\/v2\/media?parent=6"}],"wp:term":[{"taxonomy":"category","embeddable":true,"href":"https:\/\/www.waynakh.com\/tr\/wp-json\/wp\/v2\/categories?post=6"},{"taxonomy":"post_tag","embeddable":true,"href":"https:\/\/www.waynakh.com\/tr\/wp-json\/wp\/v2\/tags?post=6"}],"curies":[{"name":"wp","href":"https:\/\/api.w.org\/{rel}","templated":true}]}}