{"id":6246,"date":"2009-11-04T14:59:06","date_gmt":"2009-11-04T12:59:06","guid":{"rendered":"http:\/\/www.waynakh.com\/tr\/?p=6246"},"modified":"2009-11-04T15:00:20","modified_gmt":"2009-11-04T13:00:20","slug":"usam-baysayev-cecenya%e2%80%99da-sadistik-metodlar-uygulaniyor","status":"publish","type":"post","link":"https:\/\/www.waynakh.com\/tr\/2009\/11\/usam-baysayev-cecenya%e2%80%99da-sadistik-metodlar-uygulaniyor\/","title":{"rendered":"Usam Baysayev: &#8220;\u00c7e\u00e7enya\u2019da Sadistik Metodlar Uygulan\u0131yor!&#8221;"},"content":{"rendered":"<p style=\"text-align: justify;\">El Peri\u00f3dico isimli bir Katalan gazetesi, bu y\u0131l Avrupa Parlamentosu taraf\u0131ndan Sakharov \u00d6d\u00fcl\u00fc\u2019ne lay\u0131k g\u00f6r\u00fclen \u0130nsan Haklar\u0131 Merkezi \u201cMemorial\u201din \u00e7al\u0131\u015fanlar\u0131ndan Usam Baysayev ile bir r\u00f6portaj yapt\u0131. Usam Baysayev\u2019in, Rus i\u015fgalcilerin ve i\u015fbirlik\u00e7ilerinin \u00c7e\u00e7enya\u2019da uygulad\u0131\u011f\u0131 sadistik metotlar\u0131n alt\u0131n\u0131 \u00e7izdi\u011fi r\u00f6portaj\u0131 sizlerle payla\u015f\u0131yoruz.<!--more--><strong><br \/>\n<\/strong><\/p>\n<p style=\"text-align: justify;\"><strong>El Peri\u00f3dico: \u00c7e\u00e7enya\u2019daki \u00e7al\u0131\u015fmalar\u0131n\u0131z ne durumda?<\/strong><\/p>\n<p style=\"text-align: justify;\"><strong>Usam Baysayev:<\/strong> Bu yaz meslekta\u015f\u0131m\u0131z Natalya Estemirova \u00c7e\u00e7enya\u2019da \u00f6ld\u00fcr\u00fcld\u00fc. Bu olay\u0131n ard\u0131ndan \u00c7e\u00e7enya\u2019daki ofisimizi ge\u00e7ici olarak kapatma karar\u0131 ald\u0131k. Elbette, \u00e7al\u0131\u015fmalar\u0131m\u0131z eskisi gibi de\u011fil.<\/p>\n<p style=\"text-align: justify;\"><strong>El Peri\u00f3dico: Natalya katledilmeden once hangi dosya \u00fczerinde \u00e7al\u0131\u015f\u0131yordu?<\/strong><\/p>\n<p style=\"text-align: justify;\"><strong>Usam Baysayev:<\/strong> \u00c7e\u00e7enya\u2019da s\u0131kl\u0131kla g\u00f6r\u00fclen s\u0131radan bir olay \u00fczerinde \u00e7al\u0131\u015f\u0131yordu. \u00dczerinde \u00e7al\u0131\u015ft\u0131\u011f\u0131 son olay bir baba ve o\u011flunun (Albekovlar) ka\u00e7\u0131r\u0131lmas\u0131 hakk\u0131ndayd\u0131; daha sonra ka\u00e7\u0131r\u0131lan baba herkesin \u00f6n\u00fcnde \u00f6ld\u00fcr\u00fcld\u00fc.<\/p>\n<p style=\"text-align: justify;\"><strong>El Peri\u00f3dico: \u0130nsan haklar\u0131 ihlalleriyle \u00c7e\u00e7enya\u2019da herg\u00fcn kar\u015f\u0131la\u015f\u0131l\u0131yor mu?<\/strong><\/p>\n<p style=\"text-align: justify;\"><strong>Usam Baysayev:<\/strong> Herg\u00fcn yeni bir olayla kar\u015f\u0131la\u015f\u0131yoruz. 2006 y\u0131l\u0131ndan bu yana \u00c7e\u00e7enya\u2019da insanlar\u0131n kaybolmas\u0131 ve yarg\u0131s\u0131z infaz olaylar\u0131nda bir azalma g\u00f6r\u00fcl\u00fcyordu, ancak sadece bu y\u0131l\u0131n ilk 6 ay\u0131nda, ge\u00e7en y\u0131l\u0131n tamam\u0131nda kaydedilen olaylardan daha fazla adam ka\u00e7\u0131rma ve yarg\u0131s\u0131z infaz olay\u0131 ger\u00e7ekle\u015fti. Ya\u015fananlar anti-ter\u00f6rizm operasyonlar\u0131nda bir system de\u011fi\u015fikli\u011fine gidildi\u011fini ortaya koyuyor. \u015eimdi federal Rus g\u00fc\u00e7leri daha k\u00fc\u00e7\u00fck bir role sahip oldu\u011funu fark ettik. Moskova destekli \u00c7e\u00e7en g\u00fc\u00e7leri operasyonlar\u0131nda daha ba\u015far\u0131l\u0131 sonu\u00e7lar elde etmek istiyor.<\/p>\n<p style=\"text-align: justify;\"><strong>El Peri\u00f3dico: Bunu bir sivil sava\u015f olarak adland\u0131rabilir miyiz?<\/strong><\/p>\n<p style=\"text-align: justify;\"><strong>Usam Baysayev:<\/strong> Hay\u0131r, bunu bu \u015fekilde de\u011ferlendiremeyiz. Sava\u015fan her iki tarafta \u00c7e\u00e7enler gibi g\u00f6r\u00fcn\u00fcyor, ancak Kremlin\u2019in arkas\u0131nda oldu\u011fu \u00c7e\u00e7en g\u00fc\u00e7lerinin \u00c7e\u00e7en halk\u0131 i\u00e7erisinde herhangi bir deste\u011fi yok, bu g\u00fc\u00e7lerin tek destekleyicisi Rusya. Bu yap\u0131 Ruslar taraf\u0131ndan kuruldu ve finance ediliyor, emirleri Rusya\u2019dan al\u0131yorlar. Bu nedenle \u00c7e\u00e7enya\u2019y\u0131, Rusya ve Rusya\u2019n\u0131n destekledi\u011fi yerel bir grubun i\u015fgali alt\u0131ndaki bir \u00fclke olarak adland\u0131rabiliriz.<\/p>\n<p style=\"text-align: justify;\"><strong>El Peri\u00f3dico: Amerika Birle\u015fik Devletleri Ba\u015fkan\u0131 Barack Obama\u2019n\u0131n Rusya ve \u00c7e\u00e7enya konusundaki politikas\u0131 hakk\u0131nda ne d\u00fc\u015f\u00fcn\u00fcyorsunuz?<\/strong><\/p>\n<p style=\"text-align: justify;\"><strong><img loading=\"lazy\" decoding=\"async\" class=\"alignright size-full wp-image-6247\" title=\"Usam Baysayev\" src=\"http:\/\/www.waynakh.com\/tr\/wp-content\/uploads\/2009\/11\/usam-baysayev.jpg\" alt=\"Usam Baysayev\" width=\"275\" height=\"280\" \/>Usam Baysayev:<\/strong> Amerika Birle\u015fik Devleri dahil olmak \u00fczere Bat\u0131l\u0131 devletler her zaman t\u00fcm d\u00fcnyada demokratik bir d\u00fczenin hakim olmas\u0131 gerekti\u011fini s\u00f6yl\u00fcyorlar. Ancak ne zaman konu Rusya olsa, o an g\u00f6zleri yumuyor, sadece petrol ve do\u011fal gaz ile ilgileniyorlar. Kimsenin Rusya ile ABD aras\u0131nda bir dostluk kurulmas\u0131na kar\u015f\u0131 olaca\u011f\u0131n\u0131 sanm\u0131yorum. N\u00fckleer bombalar olmayacaksa, bu ger\u00e7ekten m\u00fckemmel bir \u015fey. Ancak nas\u0131l olurda, kendi evlerini havaya u\u00e7uran (Moskova\u2019da 1999 y\u0131l\u0131ndaki patlamalar) ve son on y\u0131lda \u00c7e\u00e7enya\u2019da uygulad\u0131\u011f\u0131 terror politikalar\u0131 sayesinde Rusya\u2019da g\u00fcc\u00fc eline ge\u00e7iren birisiyle i\u015fbirli\u011fi yap\u0131labilir bunu anlayam\u0131yorum. Bu adam \u00f6yle birisi ki Rusya i\u00e7in Bat\u0131l\u0131 devletlerin her zaman d\u00fc\u015fman oldu\u011funu d\u00fc\u015f\u00fcnd\u00fc\u011f\u00fcn\u00fc bile gizlemiyor.<\/p>\n<p style=\"text-align: justify;\"><strong>El Peri\u00f3dico: \u00c7e\u00e7enya\u2019daki isyanc\u0131lar\u0131n bu sava\u015fta galip gelece\u011fini d\u00fc\u015f\u00fcn\u00fcyor musunuz?<\/strong><\/p>\n<p style=\"text-align: justify;\"><strong>Usam Baysayev:<\/strong> Hay\u0131r, bunu yapamazlar. Say\u0131lar\u0131 az ve silahlar\u0131 Rusya\u2019y\u0131 yenmek i\u00e7in yetersiz. Ayr\u0131ca a\u00e7\u0131k olan \u015fu ki, Rusya da onlar kar\u015f\u0131s\u0131nda asla muvaffak olamayacakt\u0131r; \u00e7\u00fcnk\u00fc partizan bir g\u00fcc\u00fc (gerillalar\u0131) yok etmek i\u00e7in yerel halk\u0131n deste\u011fine ihtiyac\u0131n\u0131z var, bu da Rusya\u2019da olmayan \u015fey. \u00d6te yandan, \u00e7at\u0131\u015fma t\u00fcm Kafkasya\u2019y\u0131 etkisi alt\u0131na alan bir fitili ate\u015fledi. Sava\u015f \u00c7e\u00e7enya\u2019da ba\u015flad\u0131, ancak \u015fimdi \u0130ngu\u015fetya\u2019ya ve Da\u011f\u0131stan\u2019a da yay\u0131lm\u0131\u015f durumda. Art\u0131k beklenen sonu\u00e7 Rusya\u2019n\u0131n Kuzey Kafkasya\u2019y\u0131 terk etmesi.<\/p>\n<p style=\"text-align: justify;\"><strong>El Peri\u00f3dico: Moskova destekli \u00c7e\u00e7en g\u00fc\u00e7lerin sadistik metotlar\u0131ndan bahsedebilir misiniz?<\/strong><\/p>\n<p style=\"text-align: justify;\"><strong>Usam Baysayev:<\/strong> Moskova destekli \u00c7e\u00e7en g\u00fc\u00e7leri asl\u0131nda Rus g\u00fc\u00e7lerinin bir par\u00e7as\u0131n\u0131 olu\u015fturuyor. Daha \u00f6nce Rus g\u00fc\u00e7leri taraf\u0131ndan kullan\u0131lan t\u00fcm bu metotlar, \u015fimdi Moskova destekli \u00c7e\u00e7en g\u00fc\u00e7lerince uygulan\u0131yor. Rus gizli servisinden baz\u0131 yetkililer Moskova destekli \u00c7e\u00e7en g\u00fc\u00e7lerinin eylemlerini kontrol ediyor. \u00d6rne\u011fin, youtube isimli video payla\u015f\u0131m sitesinde, ele ge\u00e7irdikleri isyanc\u0131lardan birisinin elbisesinin i\u00e7ine akrep koyarlarken ki videolar\u0131n\u0131 g\u00f6rd\u00fck. \u015eu anda kulland\u0131klar\u0131 y\u00f6ntemler, 1950\u2019li y\u0131llarda Sovyet gizli servisinin Balt\u0131k \u00fclkelerindeki ailelere bask\u0131 yaparken uygulad\u0131\u011f\u0131 metotlar\u0131n ayn\u0131s\u0131. En s\u0131k rastlanan uygulama, yerel \u00c7e\u00e7en ailelerin fertlerinden birisinin ya da birka\u00e7\u0131n\u0131n tutuklannas\u0131 ve rehine olarak al\u0131nmas\u0131. Her hafta yerel \u00c7e\u00e7en televizyon kanal\u0131nda g\u00f6sterilen g\u00f6r\u00fcnt\u00fclerde, isyanc\u0131lar\u0131n ailelerinin evlerine gidip onlar\u0131 nas\u0131l korkuttuklar\u0131n\u0131 g\u00f6rebilirsiniz. E\u011fer isyanc\u0131lardan birisini \u00f6ld\u00fcr\u00fcrlerse, o zaman kameralar\u0131 da yanlar\u0131na al\u0131p cesedi ailenin evine g\u00f6t\u00fcr\u00fcrler; cesedi ebeveynlerinin ayaklar\u0131n\u0131n \u00f6n\u00fcne f\u0131rlat\u0131r ve ailesinden \u00e7ocuklar\u0131 i\u00e7in \u201cNe al\u00e7ak bir evlat\u201d oldu\u011funu s\u00f6ylemesini isterler!<\/p>\n<p style=\"text-align: justify;\"><strong>Marc Marginedes \u2013 23.10.2009<\/strong><br \/>\n<strong>Kaynak: <a href=\"http:\/\/www.elperiodico.com\/default.asp?idpublicacio_PK=46&amp;idioma=CAS&amp;idnoticia_PK=655385&amp;idseccio_PK=1007&amp;h=\" target=\"_blank\">El Peri\u00f3dico<\/a><\/strong><\/p>\n","protected":false},"excerpt":{"rendered":"<p>El Peri\u00f3dico isimli bir Katalan gazetesi, bu y\u0131l Avrupa Parlamentosu taraf\u0131ndan Sakharov \u00d6d\u00fcl\u00fc\u2019ne lay\u0131k g\u00f6r\u00fclen \u0130nsan Haklar\u0131 Merkezi \u201cMemorial\u201din \u00e7al\u0131\u015fanlar\u0131ndan Usam Baysayev ile bir r\u00f6portaj yapt\u0131. Usam Baysayev\u2019in, Rus i\u015fgalcilerin ve i\u015fbirlik\u00e7ilerinin \u00c7e\u00e7enya\u2019da uygulad\u0131\u011f\u0131 sadistik &#8230;<\/p>\n","protected":false},"author":3,"featured_media":0,"comment_status":"open","ping_status":"open","sticky":false,"template":"","format":"standard","meta":{"ngg_post_thumbnail":0,"footnotes":""},"categories":[131],"tags":[1439,608,1026,1438],"views":6470,"_links":{"self":[{"href":"https:\/\/www.waynakh.com\/tr\/wp-json\/wp\/v2\/posts\/6246"}],"collection":[{"href":"https:\/\/www.waynakh.com\/tr\/wp-json\/wp\/v2\/posts"}],"about":[{"href":"https:\/\/www.waynakh.com\/tr\/wp-json\/wp\/v2\/types\/post"}],"author":[{"embeddable":true,"href":"https:\/\/www.waynakh.com\/tr\/wp-json\/wp\/v2\/users\/3"}],"replies":[{"embeddable":true,"href":"https:\/\/www.waynakh.com\/tr\/wp-json\/wp\/v2\/comments?post=6246"}],"version-history":[{"count":3,"href":"https:\/\/www.waynakh.com\/tr\/wp-json\/wp\/v2\/posts\/6246\/revisions"}],"predecessor-version":[{"id":6251,"href":"https:\/\/www.waynakh.com\/tr\/wp-json\/wp\/v2\/posts\/6246\/revisions\/6251"}],"wp:attachment":[{"href":"https:\/\/www.waynakh.com\/tr\/wp-json\/wp\/v2\/media?parent=6246"}],"wp:term":[{"taxonomy":"category","embeddable":true,"href":"https:\/\/www.waynakh.com\/tr\/wp-json\/wp\/v2\/categories?post=6246"},{"taxonomy":"post_tag","embeddable":true,"href":"https:\/\/www.waynakh.com\/tr\/wp-json\/wp\/v2\/tags?post=6246"}],"curies":[{"name":"wp","href":"https:\/\/api.w.org\/{rel}","templated":true}]}}