{"id":6301,"date":"2009-11-11T23:04:07","date_gmt":"2009-11-11T21:04:07","guid":{"rendered":"http:\/\/www.waynakh.com\/tr\/?p=6301"},"modified":"2009-11-11T23:04:07","modified_gmt":"2009-11-11T21:04:07","slug":"kristovskis-dudaev-halkinin-bagimsizligi-icin-savasti","status":"publish","type":"post","link":"https:\/\/www.waynakh.com\/tr\/2009\/11\/kristovskis-dudaev-halkinin-bagimsizligi-icin-savasti\/","title":{"rendered":"Kristovskis: &#8220;Dudaev Halk\u0131n\u0131n Ba\u011f\u0131ms\u0131zl\u0131\u011f\u0131 \u0130\u00e7in Sava\u015ft\u0131&#8230;&#8221;"},"content":{"rendered":"<p style=\"text-align: justify;\">Letonya&#8217;n\u0131n Yurtta\u015f Birli\u011fi Partisi Riga \u015fehir konseyindeki temsilcilerinin lideri Valdis Kristovskis, Cohar Dudaev Bulvar\u0131 (D\u017eohara Dudajeva gatve)\u2019nin isminin de\u011fi\u015ftirilmemesi gerekti\u011fine inand\u0131\u011f\u0131n\u0131 a\u00e7\u0131klad\u0131.<!--more--><\/p>\n<p style=\"text-align: justify;\">\n<p style=\"text-align: justify;\"><a href=\"http:\/\/www.radiobaltkom.lv\/\" target=\"_blank\">Radio Baltkom<\/a> ile yapt\u0131\u011f\u0131 bir r\u00f6portajda Kristovskis: &#8220;Cohar Dudaev halk\u0131n\u0131n ba\u011f\u0131ms\u0131zl\u0131\u011f\u0131 i\u00e7in sava\u015ft\u0131. \u00c7e\u00e7en halk\u0131 Sovyetler Birli\u011fi d\u00f6neminde \u00e7ok ciddi ac\u0131lar \u00e7ekti. Balt\u0131k \u00fclkelerinin Sovyetler Birli\u011fi&#8217;nden kopmas\u0131ndan sonra, Rusya, \u00c7e\u00e7enya&#8217;y\u0131 da elinden kaybetmek istemedi\u011fi i\u00e7in \u00c7e\u00e7en halk\u0131n\u0131n ba\u011f\u0131ms\u0131zl\u0131k sevdas\u0131na ge\u00e7it vermedi, bu nedenle \u00c7e\u00e7en halk\u0131na kar\u015f\u0131 y\u00fcr\u00fctt\u00fc\u011f\u00fc m\u00fccadele kanl\u0131 ve gaddarca bir hal ald\u0131. Riga&#8217;da bir caddenin ad\u0131n\u0131n Dudaev an\u0131s\u0131na de\u011fi\u015ftirilmi\u015f olmas\u0131 Rusya&#8217;ya kar\u015f\u0131 bir ad\u0131m atmaktan ziyade ba\u011f\u0131ms\u0131zl\u0131\u011f\u0131 u\u011frunda m\u00fccadele eden k\u00fc\u00e7\u00fck bir halk\u0131n an\u0131s\u0131na bir nebze de olsa borcumuzu \u00f6demekti. D\u0131\u015fi\u015fleri Bakanl\u0131\u011f\u0131m\u0131z\u0131n bu konuda bir a\u00e7\u0131klama yay\u0131nlayarak, tart\u0131\u015fmalara son vermesi gerekiyor&#8230;&#8221; dedi.<\/p>\n<p style=\"text-align: justify;\"><img loading=\"lazy\" decoding=\"async\" class=\"alignright size-medium wp-image-6302\" title=\"Riga'daki Cohar Dudaev Bulvar\u0131\" src=\"http:\/\/www.waynakh.com\/tr\/wp-content\/uploads\/2009\/11\/dudaevagatve_riga-300x218.jpg\" alt=\"Riga'daki Cohar Dudaev Bulvar\u0131\" width=\"300\" height=\"218\" srcset=\"https:\/\/www.waynakh.com\/tr\/wp-content\/uploads\/2009\/11\/dudaevagatve_riga-300x218.jpg 300w, https:\/\/www.waynakh.com\/tr\/wp-content\/uploads\/2009\/11\/dudaevagatve_riga.jpg 392w\" sizes=\"(max-width: 300px) 100vw, 300px\" \/>\u00d6te yandan, Yurtta\u015flar Partisi (<a href=\"http:\/\/pilsoniska-savieniba.lv\/\" target=\"_blank\">Pilsonisk\u0101 savien\u012bba<\/a>, PS)&#8217;nin Riga \u015fehir konseyindeki temsilcileri, Her\u015fey Letonya \u0130\u00e7in! (<a href=\"http:\/\/www.visulatvijai.lv\/\" target=\"_blank\">Visu Latvijai!<\/a>, VL) partisinin deste\u011fi ile bug\u00fcn &#8220;Cohar Dudaev Bulvar\u0131&#8221;n\u0131n isminin de\u011fi\u015ftirilmemesi i\u00e7in imza toplamaya ba\u015flad\u0131. Parti temsilcilerine g\u00f6re imza kampanyas\u0131 11 Kas\u0131m ile 30 Kas\u0131m tarihleri aras\u0131nda devam edecek.<\/p>\n<p style=\"text-align: justify;\">Hat\u0131rlatal\u0131m, Riga Belediye Ba\u015fkan\u0131 Nils Ushakov ve partisi \u201cUyum Merkezi (<a href=\"http:\/\/www.saskanascentrs.lv\/\" target=\"_blank\">Saska\u0146as centrs<\/a>, SC)\u201d, Cohar Dudaev Bulvar\u0131&#8217;n\u0131n <a href=\"http:\/\/www.waynakh.com\/tr\/2009\/09\/rus-somurgeciler-riga%E2%80%99daki-dudaev-bulvari%E2%80%99na-goz-dikti\/\" target=\"_blank\">isminin de\u011fi\u015ftirilmesi i\u00e7in<\/a> 1000&#8217;in \u00fczerinde imza toplad\u0131. Bu giri\u015fime kar\u015f\u0131l\u0131k olarak ise sa\u011fc\u0131 Letonya partileri bulvar\u0131n isminin de\u011fi\u015ftirilmesine izin vermeyeceklerini <a href=\"http:\/\/www.waynakh.com\/tr\/2009\/10\/letonyalilar-dudaev-bulvari%E2%80%99nin-durmasini-istiyor\/\" target=\"_blank\">a\u00e7\u0131klam\u0131\u015ft\u0131<\/a>.<\/p>\n","protected":false},"excerpt":{"rendered":"<p>Letonya&#8217;n\u0131n Yurtta\u015f Birli\u011fi Partisi Riga \u015fehir konseyindeki temsilcilerinin lideri Valdis Kristovskis, Cohar Dudaev Bulvar\u0131 (D\u017eohara Dudajeva gatve)\u2019nin isminin de\u011fi\u015ftirilmemesi gerekti\u011fine inand\u0131\u011f\u0131n\u0131 a\u00e7\u0131klad\u0131.<\/p>\n","protected":false},"author":3,"featured_media":0,"comment_status":"open","ping_status":"open","sticky":false,"template":"","format":"standard","meta":{"ngg_post_thumbnail":0,"footnotes":""},"categories":[1],"tags":[344,1395,1465],"views":3906,"_links":{"self":[{"href":"https:\/\/www.waynakh.com\/tr\/wp-json\/wp\/v2\/posts\/6301"}],"collection":[{"href":"https:\/\/www.waynakh.com\/tr\/wp-json\/wp\/v2\/posts"}],"about":[{"href":"https:\/\/www.waynakh.com\/tr\/wp-json\/wp\/v2\/types\/post"}],"author":[{"embeddable":true,"href":"https:\/\/www.waynakh.com\/tr\/wp-json\/wp\/v2\/users\/3"}],"replies":[{"embeddable":true,"href":"https:\/\/www.waynakh.com\/tr\/wp-json\/wp\/v2\/comments?post=6301"}],"version-history":[{"count":2,"href":"https:\/\/www.waynakh.com\/tr\/wp-json\/wp\/v2\/posts\/6301\/revisions"}],"predecessor-version":[{"id":6305,"href":"https:\/\/www.waynakh.com\/tr\/wp-json\/wp\/v2\/posts\/6301\/revisions\/6305"}],"wp:attachment":[{"href":"https:\/\/www.waynakh.com\/tr\/wp-json\/wp\/v2\/media?parent=6301"}],"wp:term":[{"taxonomy":"category","embeddable":true,"href":"https:\/\/www.waynakh.com\/tr\/wp-json\/wp\/v2\/categories?post=6301"},{"taxonomy":"post_tag","embeddable":true,"href":"https:\/\/www.waynakh.com\/tr\/wp-json\/wp\/v2\/tags?post=6301"}],"curies":[{"name":"wp","href":"https:\/\/api.w.org\/{rel}","templated":true}]}}