{"id":6616,"date":"2009-12-13T15:16:17","date_gmt":"2009-12-13T13:16:17","guid":{"rendered":"http:\/\/www.waynakh.com\/tr\/?p=6616"},"modified":"2009-12-13T15:16:58","modified_gmt":"2009-12-13T13:16:58","slug":"kacirilan-cecen-gen-militan-ilan-edildi","status":"publish","type":"post","link":"https:\/\/www.waynakh.com\/tr\/2009\/12\/kacirilan-cecen-gen-militan-ilan-edildi\/","title":{"rendered":"Ka\u00e7\u0131r\u0131lan \u00c7e\u00e7en Gen\u00e7 Militan \u0130lan Edildi"},"content":{"rendered":"<p style=\"text-align: justify;\">\u00c7e\u00e7enya&#8217;daki kukla rejimin haydutlar\u0131, Argun kenti sakinlerinden 21 ya\u015f\u0131ndaki bir gencin cans\u0131z bedenini ailesine teslim ederken, gencin \u00c7e\u00e7en m\u00fccahitlerden birisi oldu\u011funu ve girdikleri \u00e7at\u0131\u015fmada \u00f6ld\u00fcr\u00fcld\u00fc\u011f\u00fcn\u00fc iddia ettiler. Oysa bu gen\u00e7 yakla\u015f\u0131k d\u00f6rt ay kadar \u00f6nce silahl\u0131 ki\u015filerce ka\u00e7\u0131r\u0131lm\u0131\u015ft\u0131. \u00d6te yandan insan haklar\u0131 savunucular\u0131 ve gencin akrabalar\u0131 ortada bir yarg\u0131s\u0131z infaz oldu\u011fu konusunda hemfikir.<!--more--><\/p>\n<p style=\"text-align: justify;\">\n<p style=\"text-align: justify;\">\u00c7e\u00e7enya&#8217;n\u0131n Argun kenti sakinlerinden olan 21 ya\u015f\u0131ndaki Alikhan Markuev&#8217;in hikayesi insan haklar\u0131 savucunular\u0131 ve &#8220;Novaya Gazeta&#8221;n\u0131n gazetecileri sayesinde kamuoyunca \u00f6\u011frenildi. A\u011fustos 2009&#8217;un sonlar\u0131nda Novaya Gazeta&#8217;da yay\u0131nlanan bir makalede eski bir m\u00fccahit olan Alikhan Markuev&#8217;in ak\u0131beti aktar\u0131ld\u0131.<\/p>\n<p style=\"text-align: justify;\">S\u00f6zde aftan yararlanan bu gen\u00e7 adam 2008 y\u0131l\u0131nda affedildiyse de, geride b\u0131rakt\u0131\u011f\u0131m\u0131z yaz yeniden kukla Kadirov&#8217;un gangsterlerinin dikkatini \u00e7ekti. Defalarca kez sorguya \u00e7ekildi, i\u015fkence g\u00f6rd\u00fc ve dayak yedi. Ulusal hainlerin Argun&#8217;daki askeri karargah\u0131ndan sal\u0131verildikten sonra, 2 A\u011fustos 2009 gecesi Alikhan maskeli ve silahl\u0131 bir grup taraf\u0131ndan ka\u00e7\u0131r\u0131ld\u0131. Bir hafta \u00f6nce de Moskova destekli \u00c7e\u00e7en y\u00f6neticilerin \u00e7ete \u00fcyeleri, Alikhan Markuev&#8217;in Shali b\u00f6lgesindeki silahl\u0131 bir \u00e7at\u0131\u015fmada \u00f6l\u00fc ele ge\u00e7irildi\u011fini akrabalar\u0131na bildirdi.<\/p>\n<p style=\"text-align: justify;\"><img loading=\"lazy\" decoding=\"async\" class=\"alignright size-medium wp-image-6617\" src=\"http:\/\/www.waynakh.com\/tr\/wp-content\/uploads\/2009\/12\/killed-young-300x267.jpg\" alt=\"\" width=\"300\" height=\"267\" srcset=\"https:\/\/www.waynakh.com\/tr\/wp-content\/uploads\/2009\/12\/killed-young-300x267.jpg 300w, https:\/\/www.waynakh.com\/tr\/wp-content\/uploads\/2009\/12\/killed-young.jpg 442w\" sizes=\"(max-width: 300px) 100vw, 300px\" \/>Konu hakk\u0131nda bilgisi olan \u00c7e\u00e7en insan haklar\u0131 savunucular\u0131ndan birisi &#8220;Kavkaz-Uzel&#8221; muhabirine, &#8220;Alikhan Markuev, 2007 y\u0131l\u0131nda birka\u00e7 arkada\u015f\u0131yla birlikte ormanlara giderek \u00c7e\u00e7en m\u00fccahitlere kat\u0131ld\u0131. Ailesi bask\u0131 g\u00f6rmeye ba\u015flad\u0131. Argun kentindeki Moskova destekli kukla \u00c7e\u00e7en y\u00f6neticiler uygulad\u0131klar\u0131 \u015fiddetle aileyi Argun kentinden uzakla\u015ft\u0131rmaya \u00e7al\u0131\u015ft\u0131. Kukla Kadirov&#8217;un gangsterleri ailenin evine bask\u0131nlar d\u00fczenlendi, onlar\u0131 \u00f6ld\u00fcrmekle tehdit etti ve o\u011fullar\u0131n\u0131n da\u011fdan geri d\u00f6nmesini sa\u011flamalar\u0131n\u0131 istedi. Ve ge\u00e7ti\u011fimiz y\u0131l Alikhan ve bir grup arkada\u015f\u0131 geri d\u00f6nd\u00fc. \u00c7e\u00e7enya&#8217;daki televizyon kanallar\u0131ndan birisi bu olay\u0131 \u00f6zel bir haber olarak sundu. Haberde konu\u015fan Argun&#8217;daki kukla y\u00f6netici Ibragim Temirbaev, ciddi bir \u015fekilde Alikhan Markuev&#8217;in affedildi\u011fini belirtip can g\u00fcvenli\u011fini garanti etti. Bildi\u011fim kadar\u0131yla, Alikhan&#8217;da ormandan d\u00f6nd\u00fc\u011f\u00fcnden beri normal bir hayat s\u00fcr\u00fcyor, \u00e7e\u015fitli in\u015faat i\u015flerinde \u00e7al\u0131\u015f\u0131yordu. Moskova yanl\u0131s\u0131 y\u00f6netimin de ona kar\u015f\u0131 herhangi bir su\u00e7lamas\u0131 yok gibi g\u00f6r\u00fcn\u00fcyordu&#8221; dedi.<\/p>\n<p style=\"text-align: justify;\">\u0130nsan haklar\u0131 savunucusunun aktard\u0131\u011f\u0131 bilgilere g\u00f6re, bu yaz Grozny&#8217;de ve \u00c7e\u00e7enya&#8217;n\u0131n birka\u00e7 \u015fehrinde daha intihar bombac\u0131lar\u0131n\u0131n bir dizi sald\u0131r\u0131lar\u0131n\u0131n ard\u0131ndan ulusal hainlerin haydutlar\u0131 Alikhan&#8217;a eziyet etmeye ba\u015flad\u0131. Zira intihar bombac\u0131lar\u0131ndan birisi Argun kenti sakinlerinden Ruslan Mukhadiev&#8217;di ve Alikhan ile Ruslan 2007 y\u0131l\u0131nda \u00c7e\u00e7en m\u00fccahitlere beraber kat\u0131lm\u0131\u015ft\u0131. Alikhan&#8217;\u0131n tek su\u00e7u da\u011fdan inenlerin affedildi\u011fi yalanlar\u0131na inanmak oldu.<\/p>\n","protected":false},"excerpt":{"rendered":"<p>\u00c7e\u00e7enya&#8217;daki kukla rejimin haydutlar\u0131, Argun kenti sakinlerinden 21 ya\u015f\u0131ndaki bir gencin cans\u0131z bedenini ailesine teslim ederken, gencin \u00c7e\u00e7en m\u00fccahitlerden birisi oldu\u011funu ve girdikleri \u00e7at\u0131\u015fmada \u00f6ld\u00fcr\u00fcld\u00fc\u011f\u00fcn\u00fc iddia ettiler. Oysa bu gen\u00e7 yakla\u015f\u0131k d\u00f6rt ay kadar \u00f6nce &#8230;<\/p>\n","protected":false},"author":3,"featured_media":0,"comment_status":"open","ping_status":"open","sticky":false,"template":"","format":"standard","meta":{"ngg_post_thumbnail":0,"footnotes":""},"categories":[1],"tags":[1545,1544],"views":5157,"_links":{"self":[{"href":"https:\/\/www.waynakh.com\/tr\/wp-json\/wp\/v2\/posts\/6616"}],"collection":[{"href":"https:\/\/www.waynakh.com\/tr\/wp-json\/wp\/v2\/posts"}],"about":[{"href":"https:\/\/www.waynakh.com\/tr\/wp-json\/wp\/v2\/types\/post"}],"author":[{"embeddable":true,"href":"https:\/\/www.waynakh.com\/tr\/wp-json\/wp\/v2\/users\/3"}],"replies":[{"embeddable":true,"href":"https:\/\/www.waynakh.com\/tr\/wp-json\/wp\/v2\/comments?post=6616"}],"version-history":[{"count":2,"href":"https:\/\/www.waynakh.com\/tr\/wp-json\/wp\/v2\/posts\/6616\/revisions"}],"predecessor-version":[{"id":6620,"href":"https:\/\/www.waynakh.com\/tr\/wp-json\/wp\/v2\/posts\/6616\/revisions\/6620"}],"wp:attachment":[{"href":"https:\/\/www.waynakh.com\/tr\/wp-json\/wp\/v2\/media?parent=6616"}],"wp:term":[{"taxonomy":"category","embeddable":true,"href":"https:\/\/www.waynakh.com\/tr\/wp-json\/wp\/v2\/categories?post=6616"},{"taxonomy":"post_tag","embeddable":true,"href":"https:\/\/www.waynakh.com\/tr\/wp-json\/wp\/v2\/tags?post=6616"}],"curies":[{"name":"wp","href":"https:\/\/api.w.org\/{rel}","templated":true}]}}