{"id":6651,"date":"2009-12-15T22:59:17","date_gmt":"2009-12-15T20:59:17","guid":{"rendered":"http:\/\/www.waynakh.com\/tr\/?p=6651"},"modified":"2009-12-16T09:07:22","modified_gmt":"2009-12-16T07:07:22","slug":"protestocu-cecen-siginmacilar-polonya-almanya-sinirinda-durduruldu","status":"publish","type":"post","link":"https:\/\/www.waynakh.com\/tr\/2009\/12\/protestocu-cecen-siginmacilar-polonya-almanya-sinirinda-durduruldu\/","title":{"rendered":"Protestocu \u00c7e\u00e7en S\u0131\u011f\u0131nmac\u0131lar Polonya-Almanya S\u0131n\u0131r\u0131nda Durduruldu"},"content":{"rendered":"<p style=\"text-align: justify;\">15 Kas\u0131m g\u00fcn\u00fc \u00f6\u011fleden sonra, Fransa&#8217;n\u0131n do\u011fusundaki Strasbourg kentine giderek Polonya&#8217;daki s\u0131\u011f\u0131nmac\u0131lar\u0131n kar\u015f\u0131la\u015ft\u0131\u011f\u0131 \u015fiddet ve tehditler ile insanl\u0131k d\u0131\u015f\u0131 ko\u015fullar\u0131 protesto etmek isteyen 230 Kafkasyal\u0131 s\u0131\u011f\u0131nmac\u0131 Polonya-Almanya s\u0131n\u0131r\u0131nda Polonya polisince zorla trenden indirildi.<!--more--><\/p>\n<p style=\"text-align: justify;\">B\u00fcy\u00fck k\u0131sm\u0131 \u00c7e\u00e7en ve \u0130ngu\u015f s\u0131\u011f\u0131nmac\u0131lardan olu\u015fan grubun i\u00e7erisinde G\u00fcrcistan ve Rus vatanda\u015flar\u0131 da bulunuyordu. S\u0131n\u0131r\u0131 ge\u00e7melerine izin verilmeyen eylemci grup, Almanya&#8217;n\u0131n do\u011fusundaki Dresden kentine do\u011fru yol alacak trenden inmeyi reddettiler. Bu nedenle tren Polonya&#8217;n\u0131n Zgorzelec kentiyle, nehrin kar\u015f\u0131s\u0131ndaki Alman kenti Goerlitz aras\u0131nda beklemek zorunda kald\u0131. S\u0131n\u0131r muhaf\u0131zlar\u0131 ve s\u0131\u011f\u0131nmac\u0131lar aras\u0131nda var\u0131lan uzla\u015fman\u0131n ard\u0131ndan eylemciler polis e\u015fli\u011finde trenden indirildi.<\/p>\n<p style=\"text-align: justify;\">Rus-\u00c7e\u00e7en Dostluk Derne\u011fi&#8217;nin y\u00f6neticisi Stanislav Dmitrievsky, grubun eylemini i\u00e7inde bulunduklar\u0131 umutsuzlu\u011fun d\u0131\u015fa vurumu olarak de\u011ferlendirdi. Ancak eylemci s\u0131\u011f\u0131nmac\u0131lar \u015fimdi s\u0131n\u0131rd\u0131\u015f\u0131 i\u015flemine tabi tutulabilir.<\/p>\n<p style=\"text-align: justify;\">Trendeki \u00c7e\u00e7enlerin baz\u0131lar\u0131 ile ileti\u015fim kurabilen \u00c7e\u00e7en insan haklar\u0131 savunucusu ve Rus-\u00c7e\u00e7en Dostluk Derne\u011fi&#8217;nin Ba\u015fkan\u0131 Imran Ezhiev, &#8220;\u00c7e\u00e7en m\u00fcltecilerin Polonya&#8217;da kalmalar\u0131na izin verilmesini ve ya\u015fam ko\u015fullar\u0131n\u0131n iyile\u015ftirilmesini talep ediyoruz&#8221; dedi. Ezhiev ayr\u0131ca trendeki eylemci s\u0131\u011f\u0131nmac\u0131lardan baz\u0131lar\u0131n\u0131n ge\u00e7ti\u011fimiz aylarda artan \u015fiddet sarmal\u0131 nedeniyle \u0130ngu\u015fetya&#8217;dan ka\u00e7arak Polonya&#8217;ya gelen \u0130ngu\u015f s\u0131\u011f\u0131nmac\u0131lar oldu\u011funu belirtti.<\/p>\n<p style=\"text-align: justify;\">Polonya S\u0131n\u0131r Servisi Muhaf\u0131z\u0131 Anna Galon, &#8220;S\u0131\u011f\u0131nmac\u0131lar s\u0131n\u0131r\u0131 ge\u00e7emezlerdi, \u00e7\u00fcnk\u00fc ellerinde gerekli d\u00f6k\u00fcmanlar\u0131 yoktu&#8221; dedi.<\/p>\n<p style=\"text-align: justify;\">\n<p style=\"text-align: justify;\"><img loading=\"lazy\" decoding=\"async\" class=\"alignright size-medium wp-image-6652\" src=\"http:\/\/www.waynakh.com\/tr\/wp-content\/uploads\/2009\/12\/poland-ref-300x182.jpg\" alt=\"\" width=\"300\" height=\"182\" srcset=\"https:\/\/www.waynakh.com\/tr\/wp-content\/uploads\/2009\/12\/poland-ref-300x182.jpg 300w, https:\/\/www.waynakh.com\/tr\/wp-content\/uploads\/2009\/12\/poland-ref.jpg 414w\" sizes=\"(max-width: 300px) 100vw, 300px\" \/>Anna Galon,\u00a0 s\u0131\u011f\u0131nma prosed\u00fcr\u00fcne g\u00f6re aralar\u0131nda kad\u0131nlar ve \u00e7ocuklar\u0131n da bulundu\u011fu bu s\u0131\u011f\u0131nmac\u0131lar\u0131n Polonya topraklar\u0131nda kalmas\u0131 gerekti\u011fini ifade etti.<\/p>\n<p style=\"text-align: justify;\">Polonya D\u0131\u015fi\u015fleri Bakan\u0131 Yard\u0131mc\u0131s\u0131 Andrzej Kremer ise Polonya&#8217;n\u0131n m\u00fcltecilere y\u00f6nelik uygulamalar\u0131n\u0131 savundu. Kremer&#8217;e g\u00f6re, Polonya olduk\u00e7a b\u00fcy\u00fck say\u0131da \u00c7e\u00e7en s\u0131\u011f\u0131nmac\u0131y\u0131 topraklar\u0131na kabul etti ve m\u00fcltecilik kurallar\u0131 da di\u011fer Avrupa \u00fclkelerinden bir farkl\u0131l\u0131k ta\u015f\u0131m\u0131yor. Ancak, 2008 y\u0131l\u0131na kadar Polonya&#8217;da kendilerine \u00f6zg\u00fc &#8220;Tolerans sistemi&#8221; oldu\u011fu, bu sistemin yerini alan yeni kurallar\u0131n da s\u0131\u011f\u0131nmac\u0131lara sadece \u00e7al\u0131\u015fma hakk\u0131 tan\u0131d\u0131\u011f\u0131 biliniyor. Polonya genellikle m\u00fcltecilik stat\u00fcs\u00fc vermezken, tan\u0131d\u0131\u011f\u0131 etkisi kuvvetlendirilmi\u015f hak ile s\u0131\u011f\u0131nmac\u0131lar\u0131 koruyor. Ancak bu hak tan\u0131nan s\u0131\u011f\u0131nmac\u0131lar Polonya topraklar\u0131ndan ayr\u0131lam\u0131yor.<\/p>\n<p style=\"text-align: justify;\">Protestocu s\u0131\u011f\u0131nmac\u0131lar\u0131n eylemleri nedeniyle Polonya yasalar\u0131na g\u00f6re s\u0131n\u0131r d\u0131\u015f\u0131 ya da 3 y\u0131la kadar hapis cezas\u0131 ile kar\u015f\u0131 kar\u015f\u0131ya kalmalar\u0131n\u0131n muhtemel oldu\u011funu belirtelim. Bu nedenle \u00c7e\u00e7en insan haklar\u0131 savunucusu ve gazeteci Mayrbek Taramov, Polonya&#8217;daki Kafkas s\u0131\u011f\u0131nmac\u0131lar i\u00e7in uluslararas\u0131 insan haklar\u0131 \u00f6rg\u00fctlerine devreye girmeleri \u00e7a\u011fr\u0131s\u0131nda bulundu. Avrupa Birli\u011fi \u00fclkeleri, Schengen Anla\u015fmas\u0131&#8217;n\u0131n Dublin Konvansiyonu&#8217;nu g\u00f6zden ge\u00e7irmeli ve Rusya&#8217;n\u0131n gaz\u0131 i\u00e7in kan siyasetinden vazge\u00e7meleri gerekiyor.<\/p>\n<p style=\"text-align: justify;\">Protestocular\u0131n yakla\u015f\u0131k 30 kadar\u0131 G\u00fcrc\u00fc&#8217;yd\u00fc. G\u00fcrcistan&#8217;dan Polonya&#8217;ya m\u00fclteci ak\u0131m\u0131 2009 y\u0131l\u0131nda art\u0131\u015f g\u00f6sterdi. May\u0131s-A\u011fustos 2009 tarihleri aras\u0131nda 3.000&#8217;den fazla G\u00fcrcistan vatanda\u015f\u0131 Polonya&#8217;da s\u0131\u011f\u0131nma talebinde bulundu. Oysa 2001 le 2008 y\u0131llar\u0131 aras\u0131nda sadece 400-500 G\u00fcrc\u00fc&#8217;n\u00fcn s\u0131\u011f\u0131nma talebi olmu\u015ftu. S\u0131\u011f\u0131nmac\u0131lar\u0131n pek \u00e7o\u011fu Polonya&#8217;ya Polonya&#8217;n\u0131n Belarus ile s\u0131n\u0131r\u0131 olan Teraspol tren istasyonu \u00fczerinden giri\u015f yap\u0131yor. 2003 y\u0131l\u0131ndan bu yana Polonya&#8217;ya her y\u0131l ortalama 3.000-4.000 \u00c7e\u00e7en s\u0131\u011f\u0131nmac\u0131 giri\u015f yap\u0131yor. \u00c7e\u00e7enya&#8217;da durum k\u00f6t\u00fcle\u015ftik\u00e7e, \u00c7e\u00e7enya&#8217;dan Polonya&#8217;ya gelen s\u0131\u011f\u0131nmac\u0131 say\u0131s\u0131 art\u0131\u015f g\u00f6stermekte.<\/p>\n<p style=\"text-align: justify;\"><span style=\"text-decoration: underline;\"><strong>Olay an\u0131ndan foto\u011fraflar:<\/strong><\/span><\/p>\n<p style=\"text-align: justify;\"><img loading=\"lazy\" decoding=\"async\" class=\"alignnone size-medium wp-image-6657\" src=\"http:\/\/www.waynakh.com\/tr\/wp-content\/uploads\/2009\/12\/z7366555xw-oknach-pociagu-uchodzcy-wywiesili-transparenty-300x225.jpg\" alt=\"\" width=\"300\" height=\"225\" srcset=\"https:\/\/www.waynakh.com\/tr\/wp-content\/uploads\/2009\/12\/z7366555xw-oknach-pociagu-uchodzcy-wywiesili-transparenty-300x225.jpg 300w, https:\/\/www.waynakh.com\/tr\/wp-content\/uploads\/2009\/12\/z7366555xw-oknach-pociagu-uchodzcy-wywiesili-transparenty.jpg 640w\" sizes=\"(max-width: 300px) 100vw, 300px\" \/><\/p>\n<p style=\"text-align: justify;\"><img loading=\"lazy\" decoding=\"async\" class=\"alignnone size-medium wp-image-6658\" src=\"http:\/\/www.waynakh.com\/tr\/wp-content\/uploads\/2009\/12\/z7366954xpociag-ze-zbuntowanymi-uchodzcami-stoi-na-bocznicy-300x199.jpg\" alt=\"\" width=\"300\" height=\"199\" srcset=\"https:\/\/www.waynakh.com\/tr\/wp-content\/uploads\/2009\/12\/z7366954xpociag-ze-zbuntowanymi-uchodzcami-stoi-na-bocznicy-300x199.jpg 300w, https:\/\/www.waynakh.com\/tr\/wp-content\/uploads\/2009\/12\/z7366954xpociag-ze-zbuntowanymi-uchodzcami-stoi-na-bocznicy.jpg 640w\" sizes=\"(max-width: 300px) 100vw, 300px\" \/><\/p>\n<p style=\"text-align: justify;\"><img loading=\"lazy\" decoding=\"async\" class=\"alignnone size-medium wp-image-6659\" src=\"http:\/\/www.waynakh.com\/tr\/wp-content\/uploads\/2009\/12\/z7366955xpociag-ze-zbuntowanymi-uchodzcami-stoi-na-bocznicy-300x199.jpg\" alt=\"\" width=\"300\" height=\"199\" srcset=\"https:\/\/www.waynakh.com\/tr\/wp-content\/uploads\/2009\/12\/z7366955xpociag-ze-zbuntowanymi-uchodzcami-stoi-na-bocznicy-300x199.jpg 300w, https:\/\/www.waynakh.com\/tr\/wp-content\/uploads\/2009\/12\/z7366955xpociag-ze-zbuntowanymi-uchodzcami-stoi-na-bocznicy.jpg 640w\" sizes=\"(max-width: 300px) 100vw, 300px\" \/><\/p>\n<p style=\"text-align: justify;\"><img loading=\"lazy\" decoding=\"async\" class=\"alignnone size-medium wp-image-6660\" src=\"http:\/\/www.waynakh.com\/tr\/wp-content\/uploads\/2009\/12\/z7366956xpociag-ze-zbuntowanymi-uchodzcami-stoi-na-bocznicy-300x199.jpg\" alt=\"\" width=\"300\" height=\"199\" srcset=\"https:\/\/www.waynakh.com\/tr\/wp-content\/uploads\/2009\/12\/z7366956xpociag-ze-zbuntowanymi-uchodzcami-stoi-na-bocznicy-300x199.jpg 300w, https:\/\/www.waynakh.com\/tr\/wp-content\/uploads\/2009\/12\/z7366956xpociag-ze-zbuntowanymi-uchodzcami-stoi-na-bocznicy.jpg 640w\" sizes=\"(max-width: 300px) 100vw, 300px\" \/><\/p>\n<p style=\"text-align: justify;\"><img loading=\"lazy\" decoding=\"async\" class=\"alignnone size-medium wp-image-6661\" src=\"http:\/\/www.waynakh.com\/tr\/wp-content\/uploads\/2009\/12\/z7366959xpociag-ze-zbuntowanymi-uchodzcami-stoi-na-bocznicy-300x199.jpg\" alt=\"\" width=\"300\" height=\"199\" srcset=\"https:\/\/www.waynakh.com\/tr\/wp-content\/uploads\/2009\/12\/z7366959xpociag-ze-zbuntowanymi-uchodzcami-stoi-na-bocznicy-300x199.jpg 300w, https:\/\/www.waynakh.com\/tr\/wp-content\/uploads\/2009\/12\/z7366959xpociag-ze-zbuntowanymi-uchodzcami-stoi-na-bocznicy.jpg 640w\" sizes=\"(max-width: 300px) 100vw, 300px\" \/><\/p>\n<p style=\"text-align: justify;\"><img loading=\"lazy\" decoding=\"async\" class=\"alignnone size-medium wp-image-6662\" src=\"http:\/\/www.waynakh.com\/tr\/wp-content\/uploads\/2009\/12\/z7366961xpociag-ze-zbuntowanymi-uchodzcami-stoi-na-bocznicy-300x199.jpg\" alt=\"\" width=\"300\" height=\"199\" srcset=\"https:\/\/www.waynakh.com\/tr\/wp-content\/uploads\/2009\/12\/z7366961xpociag-ze-zbuntowanymi-uchodzcami-stoi-na-bocznicy-300x199.jpg 300w, https:\/\/www.waynakh.com\/tr\/wp-content\/uploads\/2009\/12\/z7366961xpociag-ze-zbuntowanymi-uchodzcami-stoi-na-bocznicy.jpg 640w\" sizes=\"(max-width: 300px) 100vw, 300px\" \/><\/p>\n<p style=\"text-align: justify;\"><img loading=\"lazy\" decoding=\"async\" class=\"alignnone size-medium wp-image-6663\" src=\"http:\/\/www.waynakh.com\/tr\/wp-content\/uploads\/2009\/12\/z7367884xnegocjacje-ze-zbuntowanymi-uchodzcami-na-bocznicy-300x185.jpg\" alt=\"\" width=\"300\" height=\"185\" srcset=\"https:\/\/www.waynakh.com\/tr\/wp-content\/uploads\/2009\/12\/z7367884xnegocjacje-ze-zbuntowanymi-uchodzcami-na-bocznicy-300x185.jpg 300w, https:\/\/www.waynakh.com\/tr\/wp-content\/uploads\/2009\/12\/z7367884xnegocjacje-ze-zbuntowanymi-uchodzcami-na-bocznicy.jpg 640w\" sizes=\"(max-width: 300px) 100vw, 300px\" \/><\/p>\n<p style=\"text-align: justify;\"><img loading=\"lazy\" decoding=\"async\" class=\"alignnone size-medium wp-image-6664\" src=\"http:\/\/www.waynakh.com\/tr\/wp-content\/uploads\/2009\/12\/z7367885xnegocjacje-ze-zbuntowanymi-uchodzcami-na-bocznicy-186x300.jpg\" alt=\"\" width=\"186\" height=\"300\" srcset=\"https:\/\/www.waynakh.com\/tr\/wp-content\/uploads\/2009\/12\/z7367885xnegocjacje-ze-zbuntowanymi-uchodzcami-na-bocznicy-186x300.jpg 186w, https:\/\/www.waynakh.com\/tr\/wp-content\/uploads\/2009\/12\/z7367885xnegocjacje-ze-zbuntowanymi-uchodzcami-na-bocznicy.jpg 397w\" sizes=\"(max-width: 186px) 100vw, 186px\" \/><\/p>\n<p style=\"text-align: justify;\"><span style=\"text-decoration: underline;\"><strong>Olay yerinden video g\u00f6r\u00fcnt\u00fcleri:<\/strong><\/span><br \/>\n<object width=\"480\" height=\"405\" data=\"http:\/\/blip.tv\/play\/g59Ygbb8ZQA\" type=\"application\/x-shockwave-flash\"><param name=\"src\" value=\"http:\/\/blip.tv\/play\/g59Ygbb8ZQA\" \/><param name=\"allowfullscreen\" value=\"true\" \/><\/object><\/p>\n","protected":false},"excerpt":{"rendered":"<p>15 Kas\u0131m g\u00fcn\u00fc \u00f6\u011fleden sonra, Fransa&#8217;n\u0131n do\u011fusundaki Strasbourg kentine giderek Polonya&#8217;daki s\u0131\u011f\u0131nmac\u0131lar\u0131n kar\u015f\u0131la\u015ft\u0131\u011f\u0131 \u015fiddet ve tehditler ile insanl\u0131k d\u0131\u015f\u0131 ko\u015fullar\u0131 protesto etmek isteyen 230 Kafkasyal\u0131 s\u0131\u011f\u0131nmac\u0131 Polonya-Almanya s\u0131n\u0131r\u0131nda Polonya polisince zorla trenden indirildi.<\/p>\n","protected":false},"author":3,"featured_media":0,"comment_status":"open","ping_status":"open","sticky":false,"template":"","format":"standard","meta":{"ngg_post_thumbnail":0,"footnotes":""},"categories":[1],"tags":[1550,796],"views":4201,"_links":{"self":[{"href":"https:\/\/www.waynakh.com\/tr\/wp-json\/wp\/v2\/posts\/6651"}],"collection":[{"href":"https:\/\/www.waynakh.com\/tr\/wp-json\/wp\/v2\/posts"}],"about":[{"href":"https:\/\/www.waynakh.com\/tr\/wp-json\/wp\/v2\/types\/post"}],"author":[{"embeddable":true,"href":"https:\/\/www.waynakh.com\/tr\/wp-json\/wp\/v2\/users\/3"}],"replies":[{"embeddable":true,"href":"https:\/\/www.waynakh.com\/tr\/wp-json\/wp\/v2\/comments?post=6651"}],"version-history":[{"count":4,"href":"https:\/\/www.waynakh.com\/tr\/wp-json\/wp\/v2\/posts\/6651\/revisions"}],"predecessor-version":[{"id":6655,"href":"https:\/\/www.waynakh.com\/tr\/wp-json\/wp\/v2\/posts\/6651\/revisions\/6655"}],"wp:attachment":[{"href":"https:\/\/www.waynakh.com\/tr\/wp-json\/wp\/v2\/media?parent=6651"}],"wp:term":[{"taxonomy":"category","embeddable":true,"href":"https:\/\/www.waynakh.com\/tr\/wp-json\/wp\/v2\/categories?post=6651"},{"taxonomy":"post_tag","embeddable":true,"href":"https:\/\/www.waynakh.com\/tr\/wp-json\/wp\/v2\/tags?post=6651"}],"curies":[{"name":"wp","href":"https:\/\/api.w.org\/{rel}","templated":true}]}}