{"id":7275,"date":"2010-03-03T19:31:40","date_gmt":"2010-03-03T17:31:40","guid":{"rendered":"http:\/\/www.waynakh.com\/tr\/?p=7275"},"modified":"2010-03-03T19:33:16","modified_gmt":"2010-03-03T17:33:16","slug":"cecen-multecinin-iadesi-konusu-yuksek-mahkemede-bozuldu","status":"publish","type":"post","link":"https:\/\/www.waynakh.com\/tr\/2010\/03\/cecen-multecinin-iadesi-konusu-yuksek-mahkemede-bozuldu\/","title":{"rendered":"\u00c7e\u00e7en M\u00fcltecinin \u0130adesi Konusu Y\u00fcksek Mahkeme&#8217;de Bozuldu"},"content":{"rendered":"<p style=\"text-align: justify;\"><a href=\"http:\/\/lublin.gazeta.pl\/lublin\/1,48724,7571384,Sad_Najwyzszy__Nie_bedzie_ekstradycji_Adama_Mamilowa.html\" target=\"_blank\">Polonya Haber Ajans\u0131 (PAP)&#8217;n\u0131n bildirdi\u011fine g\u00f6re<\/a>, Polonya Y\u00fcksek Mahkemesi, 1994-1996 y\u0131llar\u0131 aras\u0131nda \u00c7e\u00e7en Cumhuriyeti \u0130\u00e7kerya Silahl\u0131 Kuvvetleri&#8217;nde yer alarak Rus i\u015fgaline kar\u015f\u0131 m\u00fccadele eden \u00c7e\u00e7en s\u0131\u011f\u0131nmac\u0131 Adam Mamilov&#8217;un iadesine ili\u015fkin karar\u0131 bozdu. Dosya, Polonya&#8217;n\u0131n Lublin kenti Temyiz Mahkemesi taraf\u0131ndan yeniden incelenecek.<!--more--><\/p>\n<p style=\"text-align: justify;\">\n<p style=\"text-align: justify;\">Adam Mamilov, Grozny&#8217;de bir t\u00fcmende y\u00fczba\u015f\u0131yd\u0131. G\u00fcney Osetya Savc\u0131l\u0131\u011f\u0131 Adam&#8217;\u0131 1996 y\u0131l\u0131nda bir \u00c7e\u00e7en k\u00f6y\u00fcndeki sivillerin ka\u00e7\u0131r\u0131lmas\u0131na i\u015ftirak etmekle su\u00e7lad\u0131. \u0130\u015fkence g\u00f6rmekten korktu\u011fu i\u00e7in 2007 y\u0131l\u0131nda Polonya&#8217;ya gelen Adam, &#8220;\u0130\u015flemedi\u011fim bir su\u00e7tan yarg\u0131lanmak ve cezaland\u0131r\u0131lmak istemedim&#8221; dedi.<\/p>\n<p style=\"text-align: justify;\">Ayr\u0131ca m\u00fclteci stat\u00fcs\u00fc i\u00e7in de ba\u015fvuruda bulundu. Ba\u015flang\u0131\u00e7ta Polonya Yabanc\u0131lar Ofisi bu ba\u015fvuruyu reddetti. Karar M\u00fclteci Konseyi taraf\u0131ndan da kabul edildi. Ocak 2007&#8217;de Radom B\u00f6lge Mahkemesi ve daha sonra Lublin Yarg\u0131tay\u0131, Adam Mamilov&#8217;un s\u0131n\u0131rd\u0131\u015f\u0131 edilmesine y\u00f6nelik karar\u0131 do\u011fru buldu.<\/p>\n<p style=\"text-align: justify;\"><img loading=\"lazy\" decoding=\"async\" class=\"alignright size-medium wp-image-7276\" src=\"http:\/\/www.waynakh.com\/tr\/wp-content\/uploads\/2010\/03\/Evstafiev-chechnya-palace-gunman-300x195.jpg\" alt=\"\" width=\"240\" height=\"156\" srcset=\"https:\/\/www.waynakh.com\/tr\/wp-content\/uploads\/2010\/03\/Evstafiev-chechnya-palace-gunman-300x195.jpg 300w, https:\/\/www.waynakh.com\/tr\/wp-content\/uploads\/2010\/03\/Evstafiev-chechnya-palace-gunman.jpg 400w\" sizes=\"(max-width: 240px) 100vw, 240px\" \/>Mamilov ise kendisine m\u00fcltecilik stat\u00fcs\u00fc verilmedi\u011fi i\u00e7in (Voivodship) \u0130dare Mahkemesi&#8217;nde bir dava a\u00e7arak mahkemenin s\u0131n\u0131rd\u0131\u015f\u0131na ili\u015fkin verdi\u011fi karar\u0131n m\u00fcltecilik stat\u00fcs\u00fc elde etmesine mani te\u015fkil etmedi\u011fini vurgulad\u0131 ve\u00a0 M\u00fclteci Konseyi&#8217;nin karar\u0131n\u0131n iptal edilmesini talep etti. Dosya birka\u00e7 kez incelendi. Sonunda Adam Mamilov kendisine ikamet izni veren &#8220;tolerans hakk\u0131&#8221;n\u0131 elde etti. Mamilov 2007 y\u0131l\u0131nda Avrupa \u0130nsan Haklar\u0131 Mahkemesi (A\u0130HM)&#8217;ye ba\u015fvuruda bulundu. A\u0130HM&#8217;de \u015fikayet incelenene kadar s\u0131n\u0131rd\u0131\u015f\u0131 i\u015flemlerinin durdurulmas\u0131 \u015feklinde talimat verdi.<\/p>\n<p style=\"text-align: justify;\">Adam Mamilov dosyas\u0131n\u0131 s\u0131n\u0131rd\u0131\u015f\u0131 karar\u0131n\u0131n bozulmas\u0131 i\u00e7in konuyu Y\u00fcksek Mahkeme&#8217;ye ta\u015f\u0131yan Polonya Ombudsman\u0131&#8217;na sundu. Ombudsman her iki mahkeme karar\u0131n\u0131n da bozulmas\u0131 i\u00e7in ba\u015fvuruda bulunmu\u015ftu. Temyiz talebinin incelenmesinde Y\u00fcksek Mahkeme sadece Yarg\u0131tay taraf\u0131ndan verilen h\u00fckm\u00fc bozdu ve muhakemede ispat usul hukukunun gereklerinin yerine getirilmedi\u011fine dikkat \u00e7ekti.<\/p>\n<p style=\"text-align: justify;\">Kararla ilgili konu\u015fan Adam Mamilov, &#8220;Davan\u0131n yeniden incelenecek olmas\u0131ndan \u00f6t\u00fcr\u00fc \u00e7ok mutluyum, umar\u0131n s\u0131n\u0131rd\u0131\u015f\u0131 edilmem&#8221; dedi.<\/p>\n","protected":false},"excerpt":{"rendered":"<p>Polonya Haber Ajans\u0131 (PAP)&#8217;n\u0131n bildirdi\u011fine g\u00f6re, Polonya Y\u00fcksek Mahkemesi, 1994-1996 y\u0131llar\u0131 aras\u0131nda \u00c7e\u00e7en Cumhuriyeti \u0130\u00e7kerya Silahl\u0131 Kuvvetleri&#8217;nde yer alarak Rus i\u015fgaline kar\u015f\u0131 m\u00fccadele eden \u00c7e\u00e7en s\u0131\u011f\u0131nmac\u0131 Adam Mamilov&#8217;un iadesine ili\u015fkin karar\u0131 bozdu. Dosya, Polonya&#8217;n\u0131n Lublin &#8230;<\/p>\n","protected":false},"author":3,"featured_media":0,"comment_status":"open","ping_status":"open","sticky":false,"template":"","format":"standard","meta":{"ngg_post_thumbnail":0,"footnotes":""},"categories":[1],"tags":[1695],"views":3717,"_links":{"self":[{"href":"https:\/\/www.waynakh.com\/tr\/wp-json\/wp\/v2\/posts\/7275"}],"collection":[{"href":"https:\/\/www.waynakh.com\/tr\/wp-json\/wp\/v2\/posts"}],"about":[{"href":"https:\/\/www.waynakh.com\/tr\/wp-json\/wp\/v2\/types\/post"}],"author":[{"embeddable":true,"href":"https:\/\/www.waynakh.com\/tr\/wp-json\/wp\/v2\/users\/3"}],"replies":[{"embeddable":true,"href":"https:\/\/www.waynakh.com\/tr\/wp-json\/wp\/v2\/comments?post=7275"}],"version-history":[{"count":3,"href":"https:\/\/www.waynakh.com\/tr\/wp-json\/wp\/v2\/posts\/7275\/revisions"}],"predecessor-version":[{"id":7280,"href":"https:\/\/www.waynakh.com\/tr\/wp-json\/wp\/v2\/posts\/7275\/revisions\/7280"}],"wp:attachment":[{"href":"https:\/\/www.waynakh.com\/tr\/wp-json\/wp\/v2\/media?parent=7275"}],"wp:term":[{"taxonomy":"category","embeddable":true,"href":"https:\/\/www.waynakh.com\/tr\/wp-json\/wp\/v2\/categories?post=7275"},{"taxonomy":"post_tag","embeddable":true,"href":"https:\/\/www.waynakh.com\/tr\/wp-json\/wp\/v2\/tags?post=7275"}],"curies":[{"name":"wp","href":"https:\/\/api.w.org\/{rel}","templated":true}]}}