{"id":7604,"date":"2010-04-09T20:06:06","date_gmt":"2010-04-09T18:06:06","guid":{"rendered":"http:\/\/www.waynakh.com\/tr\/?p=7604"},"modified":"2010-04-09T20:06:06","modified_gmt":"2010-04-09T18:06:06","slug":"cek-mahkemesi-cecen-siginmaci-hakkindaki-karari-bozdu","status":"publish","type":"post","link":"https:\/\/www.waynakh.com\/tr\/2010\/04\/cek-mahkemesi-cecen-siginmaci-hakkindaki-karari-bozdu\/","title":{"rendered":"\u00c7ek Mahkemesi \u00c7e\u00e7en S\u0131\u011f\u0131nmac\u0131 Hakk\u0131ndaki Karar\u0131 Bozdu"},"content":{"rendered":"<p style=\"text-align: justify;\"><a href=\"http:\/\/www.tyden.cz\/rubriky\/domaci\/politika\/gruzinec-od-senatora-stetiny-muze-znovu-zadat-o-azyl_164772.html\" target=\"_blank\">Tyden.cz adl\u0131 internet sitesine g\u00f6re<\/a>, Brno B\u00f6lge Mahkemesi, \u00c7ek Cumhuriyeti \u0130\u00e7i\u015fleri Bakanl\u0131\u011f\u0131&#8217;n\u0131n G\u00fcrcistan vatanda\u015f\u0131 \u00c7e\u00e7en Timur Borchashvili hakk\u0131ndaki s\u0131\u011f\u0131nma talebinin reddine ili\u015fkin karar\u0131 bozdu.<!--more--><\/p>\n<p style=\"text-align: justify;\">\n<p style=\"text-align: justify;\">Ge\u00e7ti\u011fimiz y\u0131l, \u00c7ek Cumhuriyeti \u0130\u00e7i\u015fleri Bakanl\u0131\u011f\u0131 Borchashvili&#8217;nin s\u0131\u011f\u0131nma ba\u015fvurusunu ve Haziran 2009&#8217;da da uluslararas\u0131 koruma talebini ardarda reddetti.<\/p>\n<p style=\"text-align: justify;\">Timur Borchashvili G\u00fcrcistan&#8217;a d\u00f6nmek zorunda kal\u0131rsa Rus istihbarat\u0131n\u0131n eline  d\u00fc\u015febilece\u011fini belirterek karara itiraz etti. Borchashvili, G\u00fcrcistan&#8217;dan ayr\u0131lmadan \u00f6nce de hayat\u0131n\u0131n risk alt\u0131nda oldu\u011funu ifade etti.<\/p>\n<p style=\"text-align: justify;\">Timur&#8217;u saklamakla su\u00e7lanan \u00c7ek senat\u00f6r Jaromir Stetina, Borchashvili&#8217;nin 2005 y\u0131l\u0131nda katledilen \u00c7e\u00e7en Devlet Ba\u015fkan\u0131 Aslan Maskhadov ile ba\u011flant\u0131s\u0131 oldu\u011fu i\u00e7in \u015fu an tehlikede oldu\u011funu belirtti. Senat\u00f6r Stetina, Timur&#8217;un nerede oldu\u011funu halen bilmedi\u011fini s\u00f6zlerine  ekledi.<\/p>\n<p style=\"text-align: justify;\"><img loading=\"lazy\" decoding=\"async\" class=\"alignright size-medium wp-image-7605\" src=\"http:\/\/www.waynakh.com\/tr\/wp-content\/uploads\/2010\/04\/czech-senator-stetina-300x200.jpg\" alt=\"\" width=\"300\" height=\"200\" srcset=\"https:\/\/www.waynakh.com\/tr\/wp-content\/uploads\/2010\/04\/czech-senator-stetina-300x200.jpg 300w, https:\/\/www.waynakh.com\/tr\/wp-content\/uploads\/2010\/04\/czech-senator-stetina.jpg 460w\" sizes=\"(max-width: 300px) 100vw, 300px\" \/>Timur, mahkemede \u00fccretsiz avukat edinme hakk\u0131n\u0131n ihlal edildi\u011fini, uluslararas\u0131 koruma talebi i\u00e7in ba\u015fvurusunu kendisine yard\u0131m etmek isteyen vas\u0131fs\u0131z ki\u015filerin yazd\u0131\u011f\u0131n\u0131 vurgulad\u0131. \u00c7ek Cumhuriyeti \u0130\u00e7i\u015fleri Bakanl\u0131\u011f\u0131&#8217;n\u0131n kendisini tehlike i\u00e7inde olmayan bir yabanc\u0131 oldu\u011fu iddias\u0131n\u0131 da reddetti.<\/p>\n<p style=\"text-align: justify;\">\u00c7ek Cumhuriyeti \u0130ltica ve G\u00f6\u00e7 Bakanl\u0131\u011f\u0131 Daire Ba\u015fkan\u0131 Tomas Haisman, &#8220;Timur Borchashvili&#8217;nin ifadesi g\u00fcvenilir olmad\u0131\u011f\u0131 i\u00e7in ba\u015fvurusu kabul edilmedi&#8221; dedi.<\/p>\n<p style=\"text-align: justify;\">Brno B\u00f6lge Mahkemesi, M\u00fcltecilerin Hukuksal Stat\u00fcs\u00fcne Dair Konvansiyonu&#8217;na g\u00f6re taraf devletlerin, bir m\u00fclteciyi, \u0131rk\u0131, dini, t\u00e2biiyeti, belli bir sosyal gruba mensubiyeti veya siyasi fikirleri dolay\u0131s\u0131yla hayat\u0131 ya da \u00f6zg\u00fcrl\u00fc\u011f\u00fc tehdit alt\u0131nda olacak \u00fclkelerin s\u0131n\u0131rlar\u0131na, her ne \u015fekilde olursa olsun geri g\u00f6ndermeyecek veya iade edemeyece\u011fini vurgulayarak \u00c7ek Cumhuriyeti \u0130\u00e7i\u015fleri Bakanl\u0131\u011f\u0131&#8217;n\u0131n Timur&#8217;un hakl\u0131 korkusunu dikkate almad\u0131\u011f\u0131n\u0131 belirtti.<\/p>\n<p style=\"text-align: justify;\">\u00c7ek Cumhuriyeti \u0130\u00e7i\u015fleri Bakanl\u0131\u011f\u0131 \u015fimdi Timur&#8217;un ba\u015fvurusunu 1951 tarihli Cenevre S\u00f6zle\u015fmesi&#8217;ne g\u00f6re yeniden incelemek zorunda.<\/p>\n","protected":false},"excerpt":{"rendered":"<p>Tyden.cz adl\u0131 internet sitesine g\u00f6re, Brno B\u00f6lge Mahkemesi, \u00c7ek Cumhuriyeti \u0130\u00e7i\u015fleri Bakanl\u0131\u011f\u0131&#8217;n\u0131n G\u00fcrcistan vatanda\u015f\u0131 \u00c7e\u00e7en Timur Borchashvili hakk\u0131ndaki s\u0131\u011f\u0131nma talebinin reddine ili\u015fkin karar\u0131 bozdu.<\/p>\n","protected":false},"author":3,"featured_media":0,"comment_status":"open","ping_status":"open","sticky":false,"template":"","format":"standard","meta":{"ngg_post_thumbnail":0,"footnotes":""},"categories":[1],"tags":[1664,1663],"views":3905,"_links":{"self":[{"href":"https:\/\/www.waynakh.com\/tr\/wp-json\/wp\/v2\/posts\/7604"}],"collection":[{"href":"https:\/\/www.waynakh.com\/tr\/wp-json\/wp\/v2\/posts"}],"about":[{"href":"https:\/\/www.waynakh.com\/tr\/wp-json\/wp\/v2\/types\/post"}],"author":[{"embeddable":true,"href":"https:\/\/www.waynakh.com\/tr\/wp-json\/wp\/v2\/users\/3"}],"replies":[{"embeddable":true,"href":"https:\/\/www.waynakh.com\/tr\/wp-json\/wp\/v2\/comments?post=7604"}],"version-history":[{"count":1,"href":"https:\/\/www.waynakh.com\/tr\/wp-json\/wp\/v2\/posts\/7604\/revisions"}],"predecessor-version":[{"id":7607,"href":"https:\/\/www.waynakh.com\/tr\/wp-json\/wp\/v2\/posts\/7604\/revisions\/7607"}],"wp:attachment":[{"href":"https:\/\/www.waynakh.com\/tr\/wp-json\/wp\/v2\/media?parent=7604"}],"wp:term":[{"taxonomy":"category","embeddable":true,"href":"https:\/\/www.waynakh.com\/tr\/wp-json\/wp\/v2\/categories?post=7604"},{"taxonomy":"post_tag","embeddable":true,"href":"https:\/\/www.waynakh.com\/tr\/wp-json\/wp\/v2\/tags?post=7604"}],"curies":[{"name":"wp","href":"https:\/\/api.w.org\/{rel}","templated":true}]}}