{"id":7802,"date":"2010-05-01T16:31:48","date_gmt":"2010-05-01T13:31:48","guid":{"rendered":"http:\/\/www.waynakh.com\/tr\/?p=7802"},"modified":"2010-05-01T16:31:48","modified_gmt":"2010-05-01T13:31:48","slug":"cecen-sporculardan-yeni-zaferler","status":"publish","type":"post","link":"https:\/\/www.waynakh.com\/tr\/2010\/05\/cecen-sporculardan-yeni-zaferler\/","title":{"rendered":"\u00c7e\u00e7en Sporculardan Yeni Zaferler"},"content":{"rendered":"<p style=\"text-align: justify;\">Geride b\u0131rakt\u0131\u011f\u0131m\u0131z iki hafta i\u00e7erisinde \u00c7e\u00e7en sporcular judo ve g\u00fcre\u015f dallar\u0131nda kat\u0131ld\u0131klar\u0131 m\u00fcsabakalarda ba\u015far\u0131l\u0131 sonu\u00e7lar elde etti.<!--more--><\/p>\n<p style=\"text-align: justify;\"><img loading=\"lazy\" decoding=\"async\" class=\"alignright\" title=\"Vadud Balatkhanov\" src=\"http:\/\/www.waynakh.com\/tr\/wp-content\/themes\/arthemia-premium\/scripts\/timthumb.php?src=http:\/\/www.waynakh.com\/tr\/wp-content\/uploads\/2009\/05\/vadud-balatkhanov-18-nisan-2009-estonya-ua-turnuva-60-kg-judo-sampiyonu.jpg&amp;w=150&amp;h=150&amp;zc=1&amp;q=100\" alt=\"\" width=\"150\" height=\"150\" \/>19 ya\u015f\u0131ndaki Vadud Balatkhanov, 17-18 Nisan tarihlerinde Estonya\u2019n\u0131n ba\u015fkenti Tartu\u2019da d\u00fczenlenen Avrupa Gen\u00e7ler Judo \u015eampiyonas\u0131\u2019nda m\u00fccadele etti\u011fi 60kg alt\u0131 kategorisinde alt\u0131n madalyan\u0131n sahibi oldu. Tan\u0131nm\u0131\u015f \u00c7e\u00e7en ressam Vaharsolt Balatkhanov\u2019un o\u011flu olan Vadud m\u00fcsabakalarda Finlandiya milli tak\u0131m\u0131nda yar\u0131\u015ft\u0131. Vadud bu zaferinin ard\u0131ndan Avrupa Judo Birli\u011fi S\u0131ralamas\u0131\u2019nda 76 puan ile be\u015finci s\u0131raya y\u00fckseldi.<\/p>\n<p style=\"text-align: justify;\"><img loading=\"lazy\" decoding=\"async\" class=\"alignleft size-medium wp-image-7804\" title=\"Muslim Kantayev\" src=\"http:\/\/www.waynakh.com\/tr\/wp-content\/uploads\/2010\/05\/muslim-kantayev-300x211.jpg\" alt=\"\" width=\"210\" height=\"148\" srcset=\"https:\/\/www.waynakh.com\/tr\/wp-content\/uploads\/2010\/05\/muslim-kantayev-300x211.jpg 300w, https:\/\/www.waynakh.com\/tr\/wp-content\/uploads\/2010\/05\/muslim-kantayev.jpg 487w\" sizes=\"(max-width: 210px) 100vw, 210px\" \/>18 Nisan g\u00fcn\u00fc Almanya\u2019n\u0131n ba\u015fkenti Berlin\u2019de gen\u00e7lik g\u00fcre\u015f \u015fampiyonas\u0131 d\u00fczenlendi. Muslim Kantayev, 9-17 ya\u015f aras\u0131ndaki 200\u2019den fazla atletin yer ald\u0131\u011f\u0131 m\u00fcsabakalara kat\u0131ld\u0131. Muslim be\u015f kez podyuma \u00e7\u0131kt\u0131 ve rakiplerine \u015fans tan\u0131mayarak alt\u0131n madalyan\u0131n sahibi oldu. Muslim Kantayev, 24 Nisan tarihinde de Rimbach kentinde d\u00fczenlenen Almanya okul tak\u0131mlar\u0131 \u015fampiyonas\u0131nda m\u00fccadele etti. Muslim\u2019in Leipzig\u2019in Taucha kasabas\u0131ndan gelen okul tak\u0131m\u0131 turnuvada \u00fc\u00e7\u00fcnc\u00fc oldu ve bronz madalya kazand\u0131.<\/p>\n<p style=\"text-align: justify;\"><img loading=\"lazy\" decoding=\"async\" class=\"alignright size-medium wp-image-7806\" src=\"http:\/\/www.waynakh.com\/tr\/wp-content\/uploads\/2010\/05\/raeren-2006-belgium-300x254.jpg\" alt=\"\" width=\"210\" height=\"178\" srcset=\"https:\/\/www.waynakh.com\/tr\/wp-content\/uploads\/2010\/05\/raeren-2006-belgium-300x254.jpg 300w, https:\/\/www.waynakh.com\/tr\/wp-content\/uploads\/2010\/05\/raeren-2006-belgium.jpg 779w\" sizes=\"(max-width: 210px) 100vw, 210px\" \/>25 Nisan tarihinde Almanya\u2019n\u0131n Nackenheim kenti 15.Uluslararas\u0131 Karl Von Steiger G\u00fcre\u015f Turnuvas\u0131\u2019na ev sahipli\u011fi yapt\u0131. Bu y\u0131l 29 spor kul\u00fcb\u00fcnden 6-20 ya\u015f aras\u0131 184 erkek ve k\u0131z g\u00fcre\u015f\u00e7i turnuvaya kat\u0131ld\u0131. Dokuz vatanda\u015f\u0131m\u0131z da Bel\u00e7ika spor kul\u00fcb\u00fc \u201cRaeren 2006\u201d ad\u0131na m\u00fccadele etti. \u00c7e\u00e7en sporcular\u0131n elde etti\u011fi sonu\u00e7lar:<\/p>\n<p style=\"text-align: justify;\">Mansur Vagabov, Ya\u015f Grubu: 6-8, 19 Kg, Alt\u0131n Madalya<br \/>\nRadzhab Magomedov, Ya\u015f Grubu: 6-8, 21 Kg, Alt\u0131n Madalya<br \/>\nSalman Aliyev, Ya\u015f Grubu: 9-14, 31 Kg, 4.l\u00fck<br \/>\nDzhokhar Gambulatov, Ya\u015f Grubu: 9-14, 38 Kg, G\u00fcm\u00fc\u015f Madalya<br \/>\nRakhman Magomedov, Ya\u015f Grubu: 9-14, 38 Kg, 5.lik<br \/>\nImam Vagabov, Ya\u015f Grubu: 9-14, 38 Kg, 9.luk<br \/>\nIslam Saydulayev, Ya\u015f Grubu: 9-14, 46 Kg, Bronz Madalya<br \/>\nRakhim Magomedov, Ya\u015f Grubu: 9-14, 46 Kg, 4.l\u00fck<br \/>\nShamil Dzhantemirov, Ya\u015f Grubu: 9-14, 63 Kg, G\u00fcm\u00fc\u015f Madalya<\/p>\n","protected":false},"excerpt":{"rendered":"<p>Geride b\u0131rakt\u0131\u011f\u0131m\u0131z iki hafta i\u00e7erisinde \u00c7e\u00e7en sporcular judo ve g\u00fcre\u015f dallar\u0131nda kat\u0131ld\u0131klar\u0131 m\u00fcsabakalarda ba\u015far\u0131l\u0131 sonu\u00e7lar elde etti.<\/p>\n","protected":false},"author":3,"featured_media":0,"comment_status":"open","ping_status":"open","sticky":false,"template":"","format":"standard","meta":{"ngg_post_thumbnail":0,"footnotes":""},"categories":[1],"tags":[455],"views":4088,"_links":{"self":[{"href":"https:\/\/www.waynakh.com\/tr\/wp-json\/wp\/v2\/posts\/7802"}],"collection":[{"href":"https:\/\/www.waynakh.com\/tr\/wp-json\/wp\/v2\/posts"}],"about":[{"href":"https:\/\/www.waynakh.com\/tr\/wp-json\/wp\/v2\/types\/post"}],"author":[{"embeddable":true,"href":"https:\/\/www.waynakh.com\/tr\/wp-json\/wp\/v2\/users\/3"}],"replies":[{"embeddable":true,"href":"https:\/\/www.waynakh.com\/tr\/wp-json\/wp\/v2\/comments?post=7802"}],"version-history":[{"count":6,"href":"https:\/\/www.waynakh.com\/tr\/wp-json\/wp\/v2\/posts\/7802\/revisions"}],"predecessor-version":[{"id":7810,"href":"https:\/\/www.waynakh.com\/tr\/wp-json\/wp\/v2\/posts\/7802\/revisions\/7810"}],"wp:attachment":[{"href":"https:\/\/www.waynakh.com\/tr\/wp-json\/wp\/v2\/media?parent=7802"}],"wp:term":[{"taxonomy":"category","embeddable":true,"href":"https:\/\/www.waynakh.com\/tr\/wp-json\/wp\/v2\/categories?post=7802"},{"taxonomy":"post_tag","embeddable":true,"href":"https:\/\/www.waynakh.com\/tr\/wp-json\/wp\/v2\/tags?post=7802"}],"curies":[{"name":"wp","href":"https:\/\/api.w.org\/{rel}","templated":true}]}}