{"id":8193,"date":"2010-06-08T21:06:29","date_gmt":"2010-06-08T18:06:29","guid":{"rendered":"http:\/\/www.waynakh.com\/tr\/?p=8193"},"modified":"2010-06-08T21:06:29","modified_gmt":"2010-06-08T18:06:29","slug":"skandal-avusturyali-makamlar-cecen-anneden-kizini-zorla-aldi","status":"publish","type":"post","link":"https:\/\/www.waynakh.com\/tr\/2010\/06\/skandal-avusturyali-makamlar-cecen-anneden-kizini-zorla-aldi\/","title":{"rendered":"Skandal: Avusturyal\u0131 Makamlar \u00c7e\u00e7en Anneden K\u0131z\u0131n\u0131 Zorla Ald\u0131"},"content":{"rendered":"<p style=\"text-align: justify;\"><a href=\"http:\/\/ichkeria.info\/content\/view\/7377\/48\/\" target=\"_blank\">Ichkeria.info<\/a> adl\u0131 internet sitesi, Avusturya makamlar\u0131n\u0131n bir \u00c7e\u00e7en annenin 7 ya\u015f\u0131ndaki k\u0131z\u0131n\u0131 zorla elinden ald\u0131\u011f\u0131n\u0131, olay\u0131n nedeninin halen \u00f6\u011frenilemedi\u011fini ve k\u00fc\u00e7\u00fck k\u0131z\u0131n zihinsel \u00f6z\u00fcrl\u00fcler hastanesine yat\u0131r\u0131ld\u0131\u011f\u0131n\u0131 duyurdu.<!--more--><\/p>\n<p style=\"text-align: justify;\">\n<p style=\"text-align: justify;\">\u00c7e\u00e7enya&#8217;daki kural tan\u0131maz kukla rejimin canilikleri nedeniyle 1968 do\u011fumlu Layla Batalova, 2002 do\u011fumlu k\u0131z\u0131 Mariam ile birlikte Grozny&#8217;den ka\u00e7arak Eyl\u00fcl 2009&#8217;da Avusturya&#8217;ya gitti. M\u00fcltecilik stat\u00fcs\u00fc i\u00e7in yap\u0131lan ilk resmi g\u00f6r\u00fc\u015fmelerin ard\u0131ndan Avusturyal\u0131 yetkililer Layla ve k\u0131z\u0131na ge\u00e7ici oturma izni vererek aileyi Traiskirchen kentindeki bir m\u00fclteci merkezine g\u00f6nderdi. Anne ve k\u0131z bir s\u00fcre sonra Graz kentindeki ba\u015fka bir m\u00fclteci merkezine g\u00f6nderilirken, Mariam annesinden zorla al\u0131nd\u0131. \u00c7e\u00e7en anne sosyal hizmetlilerden ve polislerden k\u0131z\u0131n\u0131 elinden almalar\u0131na m\u00fcsaade eden bir mahkeme karar\u0131 g\u00f6rmek istediyse de herhangi bir cevap alamad\u0131. Dahas\u0131 hi\u00e7 bir yetkili Layla&#8217;y\u0131 dinlemedi, Almanca bilmedi\u011fi halde bir terc\u00fcman sa\u011flanmad\u0131 ve k\u0131z\u0131n\u0131n al\u0131nmas\u0131yla ilgili neden Layla&#8217;ya a\u00e7\u0131klanmad\u0131. Layla k\u0131z\u0131n\u0131n sa\u011fl\u0131\u011f\u0131ndan ve g\u00fcvenli\u011finden endi\u015fe ediyor.<\/p>\n<p style=\"text-align: justify;\"><img loading=\"lazy\" decoding=\"async\" class=\"alignright size-full wp-image-8195\" src=\"http:\/\/www.waynakh.com\/tr\/wp-content\/uploads\/2010\/06\/5.jpg\" alt=\"\" width=\"147\" height=\"220\" \/>Layla&#8217;n\u0131n verdi\u011fi bilgilere g\u00f6re, ge\u00e7irdikleri trajik bir kazada kocas\u0131 hayat\u0131n\u0131 kaybederken k\u0131z\u0131 Mariam ve Layla hayatta kalmay\u0131 ba\u015fard\u0131. Ancak bu kazan\u0131n bir sonucu olarak Mariam 2 ya\u015f\u0131ndan bu yana konu\u015fma g\u00fc\u00e7l\u00fc\u011f\u00fc \u00e7ekiyor ve v\u00fccudunun \u00e7e\u015fitli yerlerinde baz\u0131 yaralar bulunuyor. Avusturyal\u0131 psikologlar muhtemelen Mariam&#8217;\u0131n k\u00f6t\u00fc muameleye maruz kald\u0131\u011f\u0131n\u0131 d\u00fc\u015f\u00fcnerek k\u0131z\u0131n annesinden al\u0131nmas\u0131na ve tedavi edilmesine karar verdi.<\/p>\n<p style=\"text-align: justify;\">Rus Filtrasyon Kamplar\u0131n\u0131n \u00c7e\u00e7en Cumhuriyeti \u0130\u00e7kerya\u2019dan Eski  Tutuklular\u0131 Organizasyonu Ba\u015fkan\u0131 Vakha Banzhaev konuyla ilgili olarak Avusturya mahkemesine ba\u015fvuruda bulunabilmek i\u00e7in gerekli belgeleri haz\u0131rl\u0131yor. Avusturya nezdinden bir cevap al\u0131namamas\u0131 halinde, Layla konuyu Avrupa \u0130nsan Haklar\u0131 Mahkemesi&#8217;ne ta\u015f\u0131yacak.<\/p>\n<p style=\"text-align: justify;\">\u00d6te yandan, \u0130nsan Haklar\u0131 i\u00e7in St Petersburg Sivil Komitesi&#8217;de konuyla ilgili <a href=\"http:\/\/ichkeria.info\/content\/view\/7379\/48\/\" target=\"_blank\">bir bas\u0131n b\u00fclteni yay\u0131nlayarak<\/a> Avusturyal\u0131 yetkililerden k\u00fc\u00e7\u00fck Mariam&#8217;\u0131n annesine teslim edilmesini talep etti.<\/p>\n<p style=\"text-align: justify;\">Ma\u011fdur \u00c7e\u00e7en anne Layla ve k\u0131z\u0131 Mariam&#8217;a yard\u0131m etmek isteyen insan haklar\u0131 kurulu\u015flar\u0131 ve konuya duyarl\u0131 ki\u015filer Vakha Banzhaev&#8217;e +43 748 99 52 numaral\u0131 telefondan ya da <a href=\"mailto:v_banjaev@mail.ru\" target=\"_blank\"><span style=\"color: #000273;\">v_banjaev@mail.ru<\/span><\/a> \u015feklindeki e-posta adresinden ula\u015fabilirler.<\/p>\n","protected":false},"excerpt":{"rendered":"<p>Ichkeria.info adl\u0131 internet sitesi, Avusturya makamlar\u0131n\u0131n bir \u00c7e\u00e7en annenin 7 ya\u015f\u0131ndaki k\u0131z\u0131n\u0131 zorla elinden ald\u0131\u011f\u0131n\u0131, olay\u0131n nedeninin halen \u00f6\u011frenilemedi\u011fini ve k\u00fc\u00e7\u00fck k\u0131z\u0131n zihinsel \u00f6z\u00fcrl\u00fcler hastanesine yat\u0131r\u0131ld\u0131\u011f\u0131n\u0131 duyurdu.<\/p>\n","protected":false},"author":3,"featured_media":0,"comment_status":"open","ping_status":"open","sticky":false,"template":"","format":"standard","meta":{"ngg_post_thumbnail":0,"footnotes":""},"categories":[1],"tags":[1900,1212],"views":4769,"_links":{"self":[{"href":"https:\/\/www.waynakh.com\/tr\/wp-json\/wp\/v2\/posts\/8193"}],"collection":[{"href":"https:\/\/www.waynakh.com\/tr\/wp-json\/wp\/v2\/posts"}],"about":[{"href":"https:\/\/www.waynakh.com\/tr\/wp-json\/wp\/v2\/types\/post"}],"author":[{"embeddable":true,"href":"https:\/\/www.waynakh.com\/tr\/wp-json\/wp\/v2\/users\/3"}],"replies":[{"embeddable":true,"href":"https:\/\/www.waynakh.com\/tr\/wp-json\/wp\/v2\/comments?post=8193"}],"version-history":[{"count":1,"href":"https:\/\/www.waynakh.com\/tr\/wp-json\/wp\/v2\/posts\/8193\/revisions"}],"predecessor-version":[{"id":8196,"href":"https:\/\/www.waynakh.com\/tr\/wp-json\/wp\/v2\/posts\/8193\/revisions\/8196"}],"wp:attachment":[{"href":"https:\/\/www.waynakh.com\/tr\/wp-json\/wp\/v2\/media?parent=8193"}],"wp:term":[{"taxonomy":"category","embeddable":true,"href":"https:\/\/www.waynakh.com\/tr\/wp-json\/wp\/v2\/categories?post=8193"},{"taxonomy":"post_tag","embeddable":true,"href":"https:\/\/www.waynakh.com\/tr\/wp-json\/wp\/v2\/tags?post=8193"}],"curies":[{"name":"wp","href":"https:\/\/api.w.org\/{rel}","templated":true}]}}