{"id":8230,"date":"2010-06-11T14:18:23","date_gmt":"2010-06-11T11:18:23","guid":{"rendered":"http:\/\/www.waynakh.com\/tr\/?p=8230"},"modified":"2010-06-11T18:51:53","modified_gmt":"2010-06-11T15:51:53","slug":"m-kocab-siginma-talebi-reddedilen-cecenleri-geri-donmeye-zorlayamayiz","status":"publish","type":"post","link":"https:\/\/www.waynakh.com\/tr\/2010\/06\/m-kocab-siginma-talebi-reddedilen-cecenleri-geri-donmeye-zorlayamayiz\/","title":{"rendered":"M.Kocab: &#8220;S\u0131\u011f\u0131nma Talebi Reddedilen \u00c7e\u00e7enleri Geri D\u00f6nmeye Zorlayamay\u0131z!&#8221;"},"content":{"rendered":"<p style=\"text-align: justify;\"><a href=\"http:\/\/domaci.eurozpravy.cz\/politika\/10225-kocab-nesmime-nutit-k-navratu-odmitnute-cecenske-zadatele-o-azyl\/\" target=\"_blank\">Eurozpravy<\/a> adl\u0131 internet sitesinin haberine g\u00f6re, 10 Haziran\u00a0Per\u015fembe g\u00fcn\u00fc bir a\u00e7\u0131klama yapan \u00c7ek Cumhuriyeti H\u00fck\u00fcmeti \u0130nsan Haklar\u0131 Komiseri Michael Koc\u00e1b, &#8220;\u00c7e\u00e7enya&#8217;dan gelen s\u0131\u011f\u0131nmac\u0131lardan uluslararas\u0131 koruma talebi reddedilenlerin kendi \u00fclkelerine geri d\u00f6n\u00fc\u015f\u00fc ancak g\u00f6n\u00fcll\u00fcl\u00fck esas\u0131na dayal\u0131 olmal\u0131d\u0131r&#8221; dedi.<!--more--><\/p>\n<p style=\"text-align: justify;\">Michael Koc\u00e1b bas\u0131na verdi\u011fi deme\u00e7te, &#8220;H\u00fck\u00fcmet \u0130nsan Haklar\u0131 Konseyi, bug\u00fcn \u00c7e\u00e7enya k\u00f6kenli s\u0131\u011f\u0131nmac\u0131lar\u0131n geri d\u00f6n\u00fc\u015fleri ve uluslararas\u0131 koruma politikas\u0131 olarak Yabanc\u0131lar\u0131n Haklar\u0131 Komitesi&#8217;nin giri\u015fimini benimsedi&#8221; diyerek uluslararas\u0131 koruma talebi reddedilen \u00c7e\u00e7enlerin geri d\u00f6n\u00fc\u015flerinde g\u00f6n\u00fcll\u00fc geri d\u00f6n\u00fc\u015f iradesinin\u00a0temel al\u0131nmas\u0131n\u0131n kabul edildi\u011fini a\u00e7\u0131klad\u0131.<\/p>\n<p style=\"text-align: justify;\">Habere g\u00f6re konu k\u0131sa bir s\u00fcre i\u00e7erisinde \u00c7ek h\u00fck\u00fcmetinin de g\u00fcndeminde olacak.<\/p>\n<p style=\"text-align: justify;\"><img loading=\"lazy\" decoding=\"async\" class=\"alignright size-medium wp-image-8232\" src=\"http:\/\/www.waynakh.com\/tr\/wp-content\/uploads\/2010\/06\/chechen-refugee-woman-300x278.jpg\" alt=\"\" width=\"300\" height=\"278\" srcset=\"https:\/\/www.waynakh.com\/tr\/wp-content\/uploads\/2010\/06\/chechen-refugee-woman-300x278.jpg 300w, https:\/\/www.waynakh.com\/tr\/wp-content\/uploads\/2010\/06\/chechen-refugee-woman.jpg 316w\" sizes=\"(max-width: 300px) 100vw, 300px\" \/>Koc\u00e1b, bu konudaki \u00f6nerilerini \u0130\u00e7i\u015fleri ve Adalet Bakanl\u0131klar\u0131na ilettiklerini belirtti. Michael Koc\u00e1b komitenin neden b\u00f6yle bir karar alma ihttiyac\u0131 hissetti\u011fini &#8220;Geri d\u00f6n\u00fc\u015f\u00fcn tehlikeli veya \u00f6l\u00fcme neden olabilece\u011fini g\u00f6zden ka\u00e7\u0131rmam\u0131z gerekiyor&#8221; diyerek belirtti.<\/p>\n<p style=\"text-align: justify;\">Koc\u00e1b giri\u015fimin \u015fu anda m\u00fclahaza i\u00e7in bekledi\u011fini daha sonra ise h\u00fck\u00fcmete gidece\u011fini ifade etti. &#8220;Ba\u015fvuru \u0130\u015fkenceye Kar\u015f\u0131 Komite ile birlikte haz\u0131rland\u0131&#8221; diyen Michael Koc\u00e1b, bu komitenin \u0130\u00e7i\u015fleri Bakanl\u0131\u011f\u0131&#8217;n\u0131n G\u00f6\u00e7 ve S\u0131\u011f\u0131nma Politikas\u0131 Departman\u0131&#8217;n\u0131n eylemlerini izleyece\u011fini s\u00f6zlerine ekledi.<\/p>\n<p style=\"text-align: justify;\">\u00c7e\u00e7en m\u00fclteci sorunu \u00c7ek Cumhuriyeti i\u00e7in \u00f6zellikle ge\u00e7ti\u011fimiz aylarda g\u00fcndemdeydi. Muhtemelen en me\u015fhur hikayede \u00c7e\u00e7en k\u00f6kenli G\u00fcrcistan vatanda\u015f\u0131 Timur Borchashvili&#8217;nin durumu oldu. \u00c7ek Cumhuriyeti \u0130\u00e7i\u015fleri Bakanl\u0131\u011f\u0131 a\u00e7\u0131k tehlikeye ra\u011fmen Borchashvili&#8217;nin s\u0131n\u0131rd\u0131\u015f\u0131 edilmesine karar vermi\u015fti. Senat\u00f6r Jaromir Stetina&#8217;da konuya dahil olarak Timur&#8217;u korumu\u015ftu. \u00c7ek Cumhuriyeti&#8217;nden gayriresmi bilgilere g\u00f6re Timur halen orada ve durumu da k\u0131sa bir s\u00fcre i\u00e7erisinde neticelenecek.<\/p>\n","protected":false},"excerpt":{"rendered":"<p>Eurozpravy adl\u0131 internet sitesinin haberine g\u00f6re, 10 Haziran\u00a0Per\u015fembe g\u00fcn\u00fc bir a\u00e7\u0131klama yapan \u00c7ek Cumhuriyeti H\u00fck\u00fcmeti \u0130nsan Haklar\u0131 Komiseri Michael Koc\u00e1b, &#8220;\u00c7e\u00e7enya&#8217;dan gelen s\u0131\u011f\u0131nmac\u0131lardan uluslararas\u0131 koruma talebi reddedilenlerin kendi \u00fclkelerine geri d\u00f6n\u00fc\u015f\u00fc ancak g\u00f6n\u00fcll\u00fcl\u00fck esas\u0131na dayal\u0131 &#8230;<\/p>\n","protected":false},"author":3,"featured_media":0,"comment_status":"open","ping_status":"open","sticky":false,"template":"","format":"standard","meta":{"ngg_post_thumbnail":0,"footnotes":""},"categories":[1],"tags":[1664,1905,1663],"views":3807,"_links":{"self":[{"href":"https:\/\/www.waynakh.com\/tr\/wp-json\/wp\/v2\/posts\/8230"}],"collection":[{"href":"https:\/\/www.waynakh.com\/tr\/wp-json\/wp\/v2\/posts"}],"about":[{"href":"https:\/\/www.waynakh.com\/tr\/wp-json\/wp\/v2\/types\/post"}],"author":[{"embeddable":true,"href":"https:\/\/www.waynakh.com\/tr\/wp-json\/wp\/v2\/users\/3"}],"replies":[{"embeddable":true,"href":"https:\/\/www.waynakh.com\/tr\/wp-json\/wp\/v2\/comments?post=8230"}],"version-history":[{"count":4,"href":"https:\/\/www.waynakh.com\/tr\/wp-json\/wp\/v2\/posts\/8230\/revisions"}],"predecessor-version":[{"id":8235,"href":"https:\/\/www.waynakh.com\/tr\/wp-json\/wp\/v2\/posts\/8230\/revisions\/8235"}],"wp:attachment":[{"href":"https:\/\/www.waynakh.com\/tr\/wp-json\/wp\/v2\/media?parent=8230"}],"wp:term":[{"taxonomy":"category","embeddable":true,"href":"https:\/\/www.waynakh.com\/tr\/wp-json\/wp\/v2\/categories?post=8230"},{"taxonomy":"post_tag","embeddable":true,"href":"https:\/\/www.waynakh.com\/tr\/wp-json\/wp\/v2\/tags?post=8230"}],"curies":[{"name":"wp","href":"https:\/\/api.w.org\/{rel}","templated":true}]}}