{"id":9043,"date":"2010-09-28T11:38:01","date_gmt":"2010-09-28T08:38:01","guid":{"rendered":"http:\/\/www.waynakh.com\/tr\/?p=9043"},"modified":"2010-09-28T11:38:01","modified_gmt":"2010-09-28T08:38:01","slug":"polonyadaki-cecen-multecilerin-yasami-tehlikede","status":"publish","type":"post","link":"https:\/\/www.waynakh.com\/tr\/2010\/09\/polonyadaki-cecen-multecilerin-yasami-tehlikede\/","title":{"rendered":"Polonya&#8217;daki \u00c7e\u00e7en M\u00fcltecilerin Ya\u015fam\u0131 Tehlikede"},"content":{"rendered":"<p style=\"text-align: justify;\">\u0130nsan haklar\u0131 savunucusu Eugene Novozhilov, <a href=\"http:\/\/kavkazcenter.com\/russ\/content\/2010\/09\/17\/75305.shtml\" target=\"_blank\">Kavkazcenter adl\u0131 internet sitesine g\u00f6nderdi\u011fi bir e-mektup<\/a> ile Polonya\u2019daki \u00c7e\u00e7en s\u0131\u011f\u0131nmac\u0131lar\u0131n k\u00f6t\u00fc durumuna dikkat \u00e7ekti.<!--more--><\/p>\n<p style=\"text-align: justify;\">\n<p style=\"text-align: justify;\"><span style=\"text-decoration: underline;\"><strong>\u0130nsan haklar\u0131 savunucusunun mektubu:<\/strong><\/span><\/p>\n<p style=\"text-align: justify;\">Avrupa Parlamentosu taraf\u0131ndan olu\u015fturulan bir komisyon 13-15 Eyl\u00fcl tarihlerinde buradaki m\u00fcltecilerin durumunu incelemek \u00fczere Polonya\u2019y\u0131 ziyaret etti. \u0130mran Ezhiev\u2019de bu komisyonun \u00e7al\u0131\u015fmas\u0131na e\u015flik etti. A\u015fa\u011f\u0131da okuyaca\u011f\u0131n\u0131z olaylar, Polonya\u2019daki m\u00fclteci kamplar\u0131n\u0131 ziyareti esnas\u0131nda not edilmi\u015ftir:<\/p>\n<p style=\"text-align: justify;\">\u00c7e\u00e7en-Aul K\u00f6y\u00fc sakini Umar, Rusya destekli \u00c7e\u00e7enler taraf\u0131ndan yasad\u0131\u015f\u0131 bi\u00e7imde g\u00f6zalt\u0131na al\u0131narak i\u015fkence g\u00f6rd\u00fckten sonra 2009 y\u0131l\u0131n\u0131n sonlar\u0131nda ailesi ile birlikte Polonya\u2019ya gelerek s\u0131\u011f\u0131nma talebinde bulundu. G\u00f6r\u00fc\u015fmesinde, \u00c7e\u00e7enya\u2019da ba\u015f\u0131na gelen t\u00fcm olaylar\u0131 detaylar\u0131yla Polonya makamlar\u0131na anlatt\u0131. Bir s\u00fcre sonra &#8220;Rusya\u2019dan baz\u0131 insanlar&#8221; onu tehdit etti. Umar\u2019\u0131n bir akrabas\u0131na g\u00f6re &#8220;Rusya\u2019dan bu baz\u0131 insanlar&#8221; Umar\u2019\u0131n Polonya Yabanc\u0131lar Ofisi\u2019nde s\u0131\u011f\u0131nma ba\u015fvurusu neticesinde anlatt\u0131klar\u0131n\u0131n i\u00e7eri\u011finden haberdar oldu. Tehdit edilmeye ba\u015fland\u0131ktan sonra, Umar ailesini Polonya\u2019dan \u00e7\u0131karman\u0131n yollar\u0131n\u0131 aramaya ba\u015flad\u0131. Sonunda ailesini Fransa\u2019ya g\u00f6ndermeyi ba\u015fard\u0131. Eyl\u00fcl ay\u0131n\u0131n ba\u015f\u0131ndan bu yana kendisi de Polonya\u2019dan kurtulmaya \u00e7abal\u0131yordu. Kald\u0131\u011f\u0131 m\u00fclteci kamp\u0131n\u0131n y\u00f6netimine yaz\u0131l\u0131 bir dilek\u00e7e ile ba\u015fvurarak Polonya\u2019dan ayr\u0131lmak istedi\u011fini bildirdi ve onlara durumu s\u00f6zl\u00fc olarak ta izah etti. Akrabalar\u0131na g\u00f6re, bu konu\u015fman\u0131n \u00fczerinden birka\u00e7 g\u00fcn ge\u00e7tikten sonra Umar \u00f6ld\u00fcr\u00fcld\u00fc. \u00c7ok say\u0131da b\u0131\u00e7ak yaras\u0131 olan cans\u0131z bedeni \u015fu anda Var\u015fova\u2019da bir morgta.<\/p>\n<p style=\"text-align: justify;\">Zelimkhan Turloyev isimki bir di\u011fer m\u00fclteci ge\u00e7ti\u011fimiz Var\u015fova\u2019da polis taraf\u0131ndan haks\u0131z yere tutukland\u0131\u011f\u0131n\u0131 ve bir binan\u0131n d\u00f6rd\u00fcnc\u00fc kat\u0131na \u00e7\u0131kar\u0131ld\u0131\u011f\u0131n\u0131 s\u00f6yledi. Polisler Zelimkhan\u2019a tan\u0131mad\u0131\u011f\u0131 ki\u015filere ait d\u00f6rt foto\u011fraf g\u00f6sterdi ve kendilerine bu insanlar\u0131n Polonya\u2019da iddia ettikleri su\u00e7lar\u0131 i\u015fledikleri bilgisini sa\u011flamas\u0131n\u0131 istedi. Polisler ayr\u0131ca ondan i\u00e7eri\u011fini bilmedi\u011fi baz\u0131 ka\u011f\u0131tlar\u0131 da imzalamas\u0131n\u0131 talep etti. Polislerin bu isteklerini reddetmesi \u00fczerine Zelimkhan\u2019\u0131 coplarla d\u00f6vmeye ve ayaklar\u0131yla tekmelemeye ba\u015flad\u0131lar, ard\u0131ndan ise elektrik \u015fokuyla i\u015fkence ettiler. Zelimkhan\u2019\u0131n anlatt\u0131\u011f\u0131na g\u00f6re bu zorbal\u0131k bir saatten daha uzun s\u00fcrd\u00fc. Daha sonra onu unutmayacaklar\u0131 \u015feklinde tehditlerle serbest b\u0131rak\u0131ld\u0131. \u015eimdi ise Zelimkhan, Umar\u2019\u0131n ba\u015f\u0131na gelenlere benzer bir olayla kar\u015f\u0131la\u015fmaktan korkuyor.<\/p>\n<p style=\"text-align: justify;\">14 Eyl\u00fcl g\u00fcn\u00fc sabah saat 8.00\u2019de, (ikisi sade, di\u011fer ikisi ise \u00fcniformal\u0131 k\u0131yafetler i\u00e7erisinde) d\u00f6rt yetkili herhangi bir kimlik belgesi g\u00f6stermeden 1975 do\u011fumlu \u0130mran Aliyev\u2019in odas\u0131na dald\u0131. Aliyev\u2019in kar\u0131s\u0131 ve iki \u00e7ocu\u011funun \u00f6n\u00fcnde k\u00fcf\u00fcrler savurdular. Odada foto\u011fraflar \u00e7ektiler ve \u0130mran\u2019\u0131 pencerenin \u00f6n\u00fcne koyarak onun da foto\u011fraf\u0131n\u0131 \u00e7ektiler. Baz\u0131 ka\u011f\u0131tlara bir \u015feyler yazd\u0131lar ve bir s\u00fcre sonra oradan ayr\u0131ld\u0131lar. Ya\u015fan\u0131lanlar \u00fczerine \u0130mran\u2019\u0131n kar\u0131s\u0131 psikolojik \u015fok ya\u015fad\u0131. Bayan Aliyeva, sade k\u0131yafetler i\u00e7erisindeki iki ki\u015finin Rus gizli servisi \u00e7al\u0131\u015fan\u0131 oldu\u011funu iddia etti. Bu iki \u015fah\u0131s olay s\u0131ras\u0131nda a\u011f\u0131zlar\u0131n\u0131 bile a\u00e7madan sadece g\u00fcl\u00fcmsedi.<\/p>\n<p style=\"text-align: justify;\">\u00c7e\u00e7en saha komutan\u0131 Gakayev\u2019in kuzeni Sayeed Hassan Gakayev \u015fu anda kar\u0131s\u0131 ve k\u00fc\u00e7\u00fck \u00e7ocuklar\u0131yla birlikte Polonya\u2019da \u00f6zel bir hapishanede tutuluyor. Sayeed Hassan Gakayev, Kadirov\u2019un arananlar listesinde 1304 numarada yer al\u0131yor ve fiziksel olarak ortadan kald\u0131r\u0131lacaklar aras\u0131nda g\u00f6r\u00fcn\u00fcyor. Gakayev, Polonya g\u00f6\u00e7 makam\u0131 yetkililerinden tam \u00fc\u00e7 kez ret cevab\u0131 ald\u0131. Sayeed bizlerden ve insan haklar\u0131 savunucular\u0131ndan kendisinin ve ailesinin zorla Rusya\u2019ya iade edilmesinin \u00f6n\u00fcne ge\u00e7memizi talep ediyor.<\/p>\n<p style=\"text-align: justify;\">\u0130brahim Gaziyev isimli bir \u00c7e\u00e7en, Polonya\u2019da m\u00fcltecilik stat\u00fcs\u00fc almas\u0131 i\u00e7in bizden Kas\u0131m 2009\u2019da yard\u0131m talep etmi\u015fti. Bu ba\u011flamda Polonya Yabanc\u0131lar Ofisi\u2019nde yapt\u0131\u011f\u0131m\u0131z giri\u015fimlerden hi\u00e7bir sonu\u00e7 \u00e7\u0131kmad\u0131. Ocak 2010\u2019da zorla Polonya\u2019dan Rusya\u2019ya s\u0131n\u0131rd\u0131\u015f\u0131 edildi ve o da \u015eubat 2010\u2019da anavatan\u0131 \u00c7e\u00e7enya\u2019ya d\u00f6nd\u00fc. D\u00f6ner d\u00f6nmez de yarg\u0131s\u0131z infazla vurularak \u00f6ld\u00fcr\u00fcld\u00fc.<\/p>\n<p style=\"text-align: justify;\">Rustam Umarov ve ailesi (birisi bebek olmak \u00fczere 4 k\u00fc\u00e7\u00fck \u00e7ocukla) de yard\u0131m talep etti. Polonya g\u00f6\u00e7 departman\u0131 uzmanlar\u0131ndan Bayan Malgorzata avukatlara bu ailenin s\u0131\u011f\u0131nma talebin kabul edilece\u011fi y\u00f6n\u00fcnde garanti verdi. \u015eubat 2010\u2019da polis Rustam\u2019\u0131 bir m\u00fclteci kamp\u0131nda kar\u0131s\u0131n\u0131n ve di\u011fer \u00e7ocuklar\u0131n\u0131n \u00f6n\u00fcnde kelep\u00e7eleyerek g\u00f6t\u00fcrd\u00fc. Nerede oldu\u011fu halen bilinmiyor.<\/p>\n<p style=\"text-align: justify;\">16.09.2010<br \/>\n<strong>Eugene Novozhilov<\/strong>, insan haklar\u0131 savunucusu, Var\u015fova<\/p>\n","protected":false},"excerpt":{"rendered":"<p>\u0130nsan haklar\u0131 savunucusu Eugene Novozhilov, Kavkazcenter adl\u0131 internet sitesine g\u00f6nderdi\u011fi bir e-mektup ile Polonya\u2019daki \u00c7e\u00e7en s\u0131\u011f\u0131nmac\u0131lar\u0131n k\u00f6t\u00fc durumuna dikkat \u00e7ekti.<\/p>\n","protected":false},"author":3,"featured_media":0,"comment_status":"open","ping_status":"open","sticky":false,"template":"","format":"standard","meta":{"ngg_post_thumbnail":0,"footnotes":""},"categories":[1],"tags":[2020,1151],"views":3765,"_links":{"self":[{"href":"https:\/\/www.waynakh.com\/tr\/wp-json\/wp\/v2\/posts\/9043"}],"collection":[{"href":"https:\/\/www.waynakh.com\/tr\/wp-json\/wp\/v2\/posts"}],"about":[{"href":"https:\/\/www.waynakh.com\/tr\/wp-json\/wp\/v2\/types\/post"}],"author":[{"embeddable":true,"href":"https:\/\/www.waynakh.com\/tr\/wp-json\/wp\/v2\/users\/3"}],"replies":[{"embeddable":true,"href":"https:\/\/www.waynakh.com\/tr\/wp-json\/wp\/v2\/comments?post=9043"}],"version-history":[{"count":1,"href":"https:\/\/www.waynakh.com\/tr\/wp-json\/wp\/v2\/posts\/9043\/revisions"}],"predecessor-version":[{"id":9045,"href":"https:\/\/www.waynakh.com\/tr\/wp-json\/wp\/v2\/posts\/9043\/revisions\/9045"}],"wp:attachment":[{"href":"https:\/\/www.waynakh.com\/tr\/wp-json\/wp\/v2\/media?parent=9043"}],"wp:term":[{"taxonomy":"category","embeddable":true,"href":"https:\/\/www.waynakh.com\/tr\/wp-json\/wp\/v2\/categories?post=9043"},{"taxonomy":"post_tag","embeddable":true,"href":"https:\/\/www.waynakh.com\/tr\/wp-json\/wp\/v2\/tags?post=9043"}],"curies":[{"name":"wp","href":"https:\/\/api.w.org\/{rel}","templated":true}]}}