{"id":9571,"date":"2010-11-12T20:07:47","date_gmt":"2010-11-12T17:07:47","guid":{"rendered":"http:\/\/www.waynakh.com\/tr\/?p=9571"},"modified":"2010-11-12T20:07:47","modified_gmt":"2010-11-12T17:07:47","slug":"cecen-multeciler-tuberkulozla-savasiyor","status":"publish","type":"post","link":"https:\/\/www.waynakh.com\/tr\/2010\/11\/cecen-multeciler-tuberkulozla-savasiyor\/","title":{"rendered":"\u00c7e\u00e7en M\u00fclteciler T\u00fcberk\u00fclozla Sava\u015f\u0131yor"},"content":{"rendered":"<p style=\"text-align: justify;\">G\u00fcnl\u00fck yay\u0131nlanan <a href=\"http:\/\/www.sabah.com.tr\/Yasam\/2010\/11\/12\/cecen_multeciler_tuberkulozla_savasiyor\" target=\"_blank\">Sabah gazetesinde yer alan bir haberde<\/a>, \u0130stanbul&#8217;da ikamet ettikleri \u00fc\u00e7 gayriresmi kamptaki sa\u011fl\u0131ks\u0131z ko\u015fullar nedeniyle yakla\u015f\u0131k 1.500 \u00c7e\u00e7en s\u0131\u011f\u0131nmac\u0131n\u0131n t\u00fcberk\u00fcloz tehdidi alt\u0131nda oldu\u011fu ve hatta bu y\u00fczden 2 ki\u015finin hayat\u0131n\u0131 kaybetti\u011fi bildirildi.<!--more--><\/p>\n<p style=\"text-align: justify;\">\n<p style=\"text-align: justify;\">Bu \u015fok edici ger\u00e7ek, BDP Partisi milletvekili Ufuk Uras&#8217;\u0131n ge\u00e7ti\u011fimiz hafta Avrupa Parlamentosu&#8217;nun Frans\u0131z milletvekili Helene Flautre ve Alman milletvekili Franziska Maria Keller ile birlikte \u00c7e\u00e7en s\u0131\u011f\u0131nmac\u0131lar\u0131n \u0130stanbul \u00dcmraniye&#8217;de ikamet etti\u011fi bir kampa ger\u00e7ekle\u015ftirdi\u011fi ziyaretin akabinde kamuoyuna yans\u0131d\u0131.<\/p>\n<p style=\"text-align: justify;\">Heyetin sessiz sedas\u0131z ziyareti s\u0131\u011f\u0131nmac\u0131lar\u0131n g\u00fc\u00e7 ya\u015fam ko\u015fullar\u0131n\u0131 ortaya \u00e7\u0131kard\u0131.<\/p>\n<p style=\"text-align: justify;\">Ufuk Uras, &#8220;Burnumuzun dibinde b\u00f6yle bir yer oldu\u011funu bilmiyordum. Sa\u011fl\u0131ks\u0131z ko\u015fullar y\u00fcz\u00fcnden bebek ve \u00e7ocuklar t\u00fcberk\u00fcloz olma riski ile kar\u015f\u0131 kar\u015f\u0131ya&#8221; dedi.<\/p>\n<p style=\"text-align: justify;\">T\u00fcrkiye&#8217;deki \u00c7e\u00e7en s\u0131\u011f\u0131nmac\u0131lar\u0131n en b\u00fcy\u00fck problemi resmi bir stat\u00fclerinin olmamas\u0131. Ufuk Uras&#8217;ta bu duruma dikkat \u00e7ekerek h\u00fck\u00fcmetten bir soruna bir \u00e7\u00f6z\u00fcm bulmas\u0131n\u0131 talep etti. Bay Uras, &#8220;Bu durum, T\u00fcrkiye&#8217;nin siyasi ili\u015fkilerini etkileyen bir konu de\u011fil. Stat\u00fcleri yok. Misafir dersek; 10 y\u0131ll\u0131k misafirlik mi olur?&#8221; dedi.<\/p>\n<p style=\"text-align: justify;\">Bir grup \u00c7e\u00e7en s\u0131\u011f\u0131nmac\u0131n\u0131n ya\u015fad\u0131\u011f\u0131 \u00dcmraniye&#8217;deki kampta yap\u0131lan \u00e7arp\u0131c\u0131 tespitlerden baz\u0131lar\u0131 \u015f\u00f6yle:<\/p>\n<p style=\"text-align: justify;\">-\u00c7e\u00e7en s\u0131\u011f\u0131nmac\u0131lar \u00dcmraniye&#8217;de bir caminin alt\u0131nda ikamet ediyorlar.<br \/>\n-Caminin alt kat\u0131 olduk\u00e7a rutubetli.<br \/>\n-Kalabal\u0131k aileler burada tek bir oda i\u00e7erisinde bir arada kalmak zorunda.<br \/>\n-\u0130\u015fsizlik, yoksulluk hat safhada.<br \/>\n-Hastaneye gidemiyorlar.<br \/>\n-\u00c7al\u0131\u015fma izinleri yok ve ya\u015famlar\u0131n\u0131 hay\u0131rseverlerin yapt\u0131\u011f\u0131 ba\u011f\u0131\u015flarla s\u00fcrd\u00fcrmeye \u00e7al\u0131\u015f\u0131yorlar.<\/p>\n","protected":false},"excerpt":{"rendered":"<p>G\u00fcnl\u00fck yay\u0131nlanan Sabah gazetesinde yer alan bir haberde, \u0130stanbul&#8217;da ikamet ettikleri \u00fc\u00e7 gayriresmi kamptaki sa\u011fl\u0131ks\u0131z ko\u015fullar nedeniyle yakla\u015f\u0131k 1.500 \u00c7e\u00e7en s\u0131\u011f\u0131nmac\u0131n\u0131n t\u00fcberk\u00fcloz tehdidi alt\u0131nda oldu\u011fu ve hatta bu y\u00fczden 2 ki\u015finin hayat\u0131n\u0131 kaybetti\u011fi bildirildi.<\/p>\n","protected":false},"author":3,"featured_media":0,"comment_status":"open","ping_status":"open","sticky":false,"template":"","format":"standard","meta":{"ngg_post_thumbnail":0,"footnotes":""},"categories":[1],"tags":[35,2099,2098,2100,2101],"views":4143,"_links":{"self":[{"href":"https:\/\/www.waynakh.com\/tr\/wp-json\/wp\/v2\/posts\/9571"}],"collection":[{"href":"https:\/\/www.waynakh.com\/tr\/wp-json\/wp\/v2\/posts"}],"about":[{"href":"https:\/\/www.waynakh.com\/tr\/wp-json\/wp\/v2\/types\/post"}],"author":[{"embeddable":true,"href":"https:\/\/www.waynakh.com\/tr\/wp-json\/wp\/v2\/users\/3"}],"replies":[{"embeddable":true,"href":"https:\/\/www.waynakh.com\/tr\/wp-json\/wp\/v2\/comments?post=9571"}],"version-history":[{"count":2,"href":"https:\/\/www.waynakh.com\/tr\/wp-json\/wp\/v2\/posts\/9571\/revisions"}],"predecessor-version":[{"id":9574,"href":"https:\/\/www.waynakh.com\/tr\/wp-json\/wp\/v2\/posts\/9571\/revisions\/9574"}],"wp:attachment":[{"href":"https:\/\/www.waynakh.com\/tr\/wp-json\/wp\/v2\/media?parent=9571"}],"wp:term":[{"taxonomy":"category","embeddable":true,"href":"https:\/\/www.waynakh.com\/tr\/wp-json\/wp\/v2\/categories?post=9571"},{"taxonomy":"post_tag","embeddable":true,"href":"https:\/\/www.waynakh.com\/tr\/wp-json\/wp\/v2\/tags?post=9571"}],"curies":[{"name":"wp","href":"https:\/\/api.w.org\/{rel}","templated":true}]}}