{"id":9667,"date":"2010-11-27T12:16:47","date_gmt":"2010-11-27T09:16:47","guid":{"rendered":"http:\/\/www.waynakh.com\/tr\/?p=9667"},"modified":"2010-12-01T20:36:49","modified_gmt":"2010-12-01T17:36:49","slug":"viyana%e2%80%99da-uzman-taniklar-anlatmaya-devam-ediyor","status":"publish","type":"post","link":"https:\/\/www.waynakh.com\/tr\/2010\/11\/viyana%e2%80%99da-uzman-taniklar-anlatmaya-devam-ediyor\/","title":{"rendered":"Viyana\u2019da Uzman Tan\u0131klar Anlatmaya Devam Ediyor"},"content":{"rendered":"<p style=\"text-align: justify;\">2009 y\u0131l\u0131nda \u00f6ld\u00fcr\u00fclen \u00c7e\u00e7en m\u00fclteci Umar \u0130srailov cinayetiyle ilgili olarak Viyana Devlet Ceza Mahkemesi\u2019nde g\u00f6r\u00fclen davaya 25 Kas\u0131m g\u00fcn\u00fc yeni uzman tan\u0131klar\u0131n ifadelerinin al\u0131nmas\u0131yla devam edildi.<!--more--><\/p>\n<p style=\"text-align: justify;\">\n<p style=\"text-align: justify;\">Uzun y\u0131llar boyunca Avrupa Konseyi\u2019nin \u00c7e\u00e7enya \u00f6zel raport\u00f6rl\u00fc\u011f\u00fcn\u00fc yapan ve \u0130ngiliz Lordlar Kamaras\u0131\u2019n\u0131n bir \u00fcyesi olan Lord Frank Judd, son olarak \u015eubat 2010\u2019da Rusya ve \u00c7e\u00e7enya\u2019ya yapt\u0131\u011f\u0131 ziyaretlerde elde etti\u011fi g\u00f6zlem ve bilgiler \u0131\u015f\u0131\u011f\u0131nda Umar \u0130srailov cinayeti hakk\u0131nda konu\u015ftu.<\/p>\n<p style=\"text-align: justify;\">Lord Judd, \u00c7e\u00e7enya\u2019y\u0131 korku ve cezadan muafiyet atmosferinin ya\u015fand\u0131\u011f\u0131 bir co\u011frafya olarak tasvir etti. \u0130\u015fgalci Rusya taraf\u0131ndan kurulan kukla h\u00fck\u00fcmetin eylemlerinden \u00f6t\u00fcr\u00fc ba\u011f\u0131ms\u0131z yarg\u0131ya kar\u015f\u0131 sorumlu olmad\u0131\u011f\u0131n\u0131 belirtti. G\u00f6rg\u00fc tan\u0131klar\u0131n\u0131n can g\u00fcvenli\u011fi yok diyen Lord Judd, tam tersine \u201cpolis\u201d olarak adland\u0131r\u0131lan Kadirov\u2019un gangsterlerinin cezadan muaf tutuldu\u011funu, bunlar\u0131n her t\u00fcrl\u00fc su\u00e7u i\u015fledi\u011fini ve bu su\u00e7lar\u0131 i\u015flerken cezaland\u0131r\u0131lmayacaklar\u0131ndan emin \u015fekilde hareket ettiklerini dile getirdi. Uzman tan\u0131k, hatta \u00fclkede ya\u015fanan i\u015fkence, insanlar\u0131n zorla ortadan kaybolmas\u0131 ve yarg\u0131s\u0131z infazlarla ilgili olarak kimi zanl\u0131lar\u0131n isimlerinin Avrupa \u0130nsan Haklar\u0131 Mahkemesi\u2019nce yay\u0131nlanan kararlarda zikredilmi\u015f olmas\u0131na ra\u011fmen cezaland\u0131r\u0131lmad\u0131klar\u0131 gibi terfi edilerek \u00f6d\u00fcllendirildiklerinin alt\u0131n\u0131 \u00e7izdi.<\/p>\n<p style=\"text-align: justify;\">Lord Judd ifadesinde Kadirov\u2019un \u00e7ok a\u00e7\u0131k bir \u015fekilde adamlar\u0131na her t\u00fcrl\u00fc yetkiyi sundu\u011funu ve su\u00e7 i\u015fleseler dahi cezaland\u0131r\u0131lmayacaklar\u0131n\u0131n garantisini her \u015fekilde sundu\u011funu belirtti. Lord Judd buna \u00f6rnek olarak, Kadirov\u2019un televizyonda kimsenin kendisinin adaletinden ka\u00e7\u0131p kurtulamayaca\u011f\u0131n\u0131 s\u00f6yledi\u011fini dile getirdi. Ayr\u0131ca Kadirov\u2019un a\u00e7\u0131klamalar\u0131na g\u00f6re Kadirov her \u015feyden haberdar oluyor, her \u015feyi biliyor ve \u015feytanlar\u0131 ortadan kald\u0131rmak i\u00e7in her yerde onlar\u0131 arad\u0131\u011f\u0131n\u0131 s\u00f6yledi\u011fini de anlatt\u0131.<\/p>\n<p style=\"text-align: justify;\">Yarg\u0131lamada ayn\u0131 g\u00fcn dinlenen bir di\u011fer uzman tan\u0131k Br\u00fcksel\u2019deki \u00d6zg\u00fcrl\u00fck \u00dcniversitesi\u2019nin (Universit\u00e9 Libre de Bruxelles \u2013 ULB) akademisyenlerinden olan Dr Aude Merlin\u2019di. Bayan Merlin, \u00c7e\u00e7enya\u2019da problemli durumun arka plan\u0131n\u0131 anlatt\u0131. Ramzan Kadirov\u2019un birka\u00e7 ad\u0131mda ger\u00e7ekle\u015ftirilen &#8220;\u00c7e\u00e7enizasyon (\u00c7e\u00e7enle\u015ftirme)&#8221; \u00e7at\u0131\u015fmas\u0131n\u0131n bir \u00fcr\u00fcn\u00fc oldu\u011funu dile getirdi. \u00d6te yandan Kadirov\u2019un sadece Moskova\u2019n\u0131n emirlerini takip ederek \u00c7e\u00e7enya\u2019n\u0131n yeniden in\u015fas\u0131nda ve d\u00fc\u015fmanlar\u0131n yok edilmesinde g\u00f6rev ald\u0131\u011f\u0131n\u0131 belirtti. Bayan Merlin, Kadirov\u2019un da t\u0131pk\u0131 selefleri gibi kendi siyasi-ekonomik ve maddi g\u00fcc\u00fc, \u00f6zerklik ve daha fazlas\u0131n\u0131n pe\u015finde oldu\u011funu; bu ba\u011flamda Kadirov\u2019un g\u00fcc\u00fcn\u00fcn \u00e7ok artarak Rusya\u2019n\u0131n etkisinin ortadan kald\u0131rmaya ba\u015flad\u0131\u011f\u0131n\u0131 belirtti. Kadirov\u2019un iktidar\u0131n\u0131n belli ad\u0131mlar\u0131 takip etti\u011fini belirten uzman tan\u0131k, Kadirov\u2019un \u00f6ncelikle ba\u011f\u0131ms\u0131zl\u0131k yanl\u0131s\u0131 eski sava\u015f\u00e7\u0131lar\u0131 ve kendisine muhalif gruplara mensup sava\u015f\u00e7\u0131lar\u0131 tehdit ve i\u015fkence ile kendi saflar\u0131na katt\u0131\u011f\u0131n\u0131; b\u00f6ylelikle \u015fahsi ordusunun gittik\u00e7e daha da b\u00fcy\u00fcd\u00fc\u011f\u00fcn\u00fc anlatt\u0131. Bayan Merlin, Kadirov\u2019un Avrupa\u2019daki m\u00fcltecilerin geri d\u00f6n\u00fc\u015f\u00fcn\u00fc \u00fclkedeki istikrar iddialar\u0131n\u0131 kan\u0131tlamak i\u00e7in zaruri g\u00f6rd\u00fc\u011f\u00fcn\u00fc, bu a\u00e7\u0131dan t\u00fcm muhaliflerini etkisiz hale getirmeye \u00e7al\u0131\u015ft\u0131\u011f\u0131n\u0131 s\u00f6yledi. Uzman tan\u0131k, Kadirov\u2019un kendisini ele\u015ftiren herkesi haydut, ter\u00f6rist ya da su\u00e7lu olarak tan\u0131mlad\u0131\u011f\u0131n\u0131 vurgulad\u0131.<\/p>\n<p style=\"text-align: justify;\">Duru\u015fman\u0131n son tan\u0131\u011f\u0131 ise Avusturya\u2019ya 2010 y\u0131l\u0131nda yak\u0131n bir zaman \u00f6nce gelmi\u015f olan bir \u00c7e\u00e7en s\u0131\u011f\u0131nmac\u0131yd\u0131. \u00c7e\u00e7en tan\u0131k, Umar \u0130srailov cinayetinde teti\u011fi \u00e7eken isim olarak su\u00e7lanan ve 2009 y\u0131l\u0131ndan bu yana hakk\u0131nda tutuklama karar\u0131 bulunan Lecha Bogatirov\u2019un Kadirov taraf\u0131ndan b\u00f6lge polis kumandan\u0131 olarak \u00f6d\u00fcllendirildi\u011fi bilgisini vererek daha \u00f6nce mahkemede dile getirilen hususu do\u011frulad\u0131.<\/p>\n","protected":false},"excerpt":{"rendered":"<p>2009 y\u0131l\u0131nda \u00f6ld\u00fcr\u00fclen \u00c7e\u00e7en m\u00fclteci Umar \u0130srailov cinayetiyle ilgili olarak Viyana Devlet Ceza Mahkemesi\u2019nde g\u00f6r\u00fclen davaya 25 Kas\u0131m g\u00fcn\u00fc yeni uzman tan\u0131klar\u0131n ifadelerinin al\u0131nmas\u0131yla devam edildi.<\/p>\n","protected":false},"author":3,"featured_media":0,"comment_status":"open","ping_status":"open","sticky":false,"template":"","format":"standard","meta":{"ngg_post_thumbnail":0,"footnotes":""},"categories":[1],"tags":[2134,1700],"views":4851,"_links":{"self":[{"href":"https:\/\/www.waynakh.com\/tr\/wp-json\/wp\/v2\/posts\/9667"}],"collection":[{"href":"https:\/\/www.waynakh.com\/tr\/wp-json\/wp\/v2\/posts"}],"about":[{"href":"https:\/\/www.waynakh.com\/tr\/wp-json\/wp\/v2\/types\/post"}],"author":[{"embeddable":true,"href":"https:\/\/www.waynakh.com\/tr\/wp-json\/wp\/v2\/users\/3"}],"replies":[{"embeddable":true,"href":"https:\/\/www.waynakh.com\/tr\/wp-json\/wp\/v2\/comments?post=9667"}],"version-history":[{"count":3,"href":"https:\/\/www.waynakh.com\/tr\/wp-json\/wp\/v2\/posts\/9667\/revisions"}],"predecessor-version":[{"id":9670,"href":"https:\/\/www.waynakh.com\/tr\/wp-json\/wp\/v2\/posts\/9667\/revisions\/9670"}],"wp:attachment":[{"href":"https:\/\/www.waynakh.com\/tr\/wp-json\/wp\/v2\/media?parent=9667"}],"wp:term":[{"taxonomy":"category","embeddable":true,"href":"https:\/\/www.waynakh.com\/tr\/wp-json\/wp\/v2\/categories?post=9667"},{"taxonomy":"post_tag","embeddable":true,"href":"https:\/\/www.waynakh.com\/tr\/wp-json\/wp\/v2\/tags?post=9667"}],"curies":[{"name":"wp","href":"https:\/\/api.w.org\/{rel}","templated":true}]}}